{"id":3455,"date":"2013-11-02T18:39:05","date_gmt":"2013-11-02T17:39:05","guid":{"rendered":"http:\/\/www.altercampagne.net\/?p=3455"},"modified":"2016-04-05T18:40:54","modified_gmt":"2016-04-05T16:40:54","slug":"10-ans-des-faucheurs-volontaires","status":"publish","type":"post","link":"https:\/\/www.altercampagne.net\/?p=3455","title":{"rendered":"10 ans des Faucheurs Volontaires"},"content":{"rendered":"<p class=\"Style271 Style138 Style152\" align=\"justify\">Les 19, 20 et 21 juillet 2013 les Faucheurs Volontaires f\u00eataient leur 10 ans d&rsquo;existence en organisant les <a href=\"http:\/\/10ansdesfv.over-blog.com\/\" target=\"_blank\">Rencontres Internationales des Mouvements Contre les OGM<\/a>.<\/p>\n<p class=\"Style271 Style138 Style152\" align=\"justify\">Tout au long du week end des intervenants de nombreux pays se sont succ\u00e9d\u00e9s \u00e0 la tribune afin de t\u00e9moigner de leurs luttes respectives, des enjeux et des strat\u00e9gies des multinationales de l&rsquo;agro-toxique \u00e0 travers le monde.<\/p>\n<p class=\"Style271 Style138 Style152\" align=\"justify\">Les artistes \u00e9taient au rendez-vous et ont propos\u00e9 aux participants de fabuleux concerts et un spectacle de th\u00e9\u00e2tre du rue survitamin\u00e9.<\/p>\n<p class=\"Style271 Style138 Style152\" align=\"justify\">Ce bel \u00e9v\u00e8nement constituait la 2\u00e8me \u00e9tape de l&rsquo;AlterTour et les Altercyclistes pr\u00e9sents n&rsquo;ont pas regrett\u00e9 le d\u00e9placement.<\/p>\n<p><iframe loading=\"lazy\" src=\"\/\/www.dailymotion.com\/embed\/video\/x16ouw5\" width=\"480\" height=\"270\" frameborder=\"0\" allowfullscreen=\"allowfullscreen\"><\/iframe><br \/>\n<a href=\"http:\/\/www.dailymotion.com\/video\/x16ouw5_diapo-30102013-14-04_webcam\" target=\"_blank\">diapo 30102013-14-04<\/a> <i>par <a href=\"http:\/\/www.dailymotion.com\/dm_52737547ee930\" target=\"_blank\">dm_52737547ee930<\/a><\/i><\/p>\n","protected":false},"excerpt":{"rendered":"<p>Les 19, 20 et 21 juillet 2013 les Faucheurs Volontaires f\u00eataient leur 10 ans d&rsquo;existence en organisant les Rencontres Internationales des Mouvements Contre les OGM. Tout au long du week end des intervenants de nombreux pays se sont succ\u00e9d\u00e9s \u00e0 la tribune afin de t\u00e9moigner de leurs luttes respectives, des &#8230; <\/p>\n<div><a href=\"https:\/\/www.altercampagne.net\/?p=3455\" class=\"more-link\">Read More<\/a><\/div>\n","protected":false},"author":214,"featured_media":0,"comment_status":"closed","ping_status":"closed","sticky":false,"template":"","format":"standard","meta":{"footnotes":""},"categories":[1],"tags":[694,879,880],"class_list":["post-3455","post","type-post","status-publish","format-standard","hentry","category-non-classe","tag-altertour-2013","tag-faucheurs-volontaires","tag-rencontres-internationales-des-mouvements-contre-les-ogm","no-post-thumbnail"],"yoast_head":"<!-- This site is optimized with the Yoast SEO plugin v27.3 - https:\/\/yoast.com\/product\/yoast-seo-wordpress\/ -->\n<title>10 ans des Faucheurs Volontaires - AlterTour<\/title>\n<meta name=\"robots\" content=\"index, follow, max-snippet:-1, max-image-preview:large, max-video-preview:-1\" \/>\n<link rel=\"canonical\" href=\"https:\/\/www.altercampagne.net\/?p=3455\" \/>\n<meta property=\"og:locale\" content=\"fr_FR\" \/>\n<meta property=\"og:type\" content=\"article\" \/>\n<meta property=\"og:title\" content=\"10 ans des Faucheurs Volontaires - AlterTour\" \/>\n<meta property=\"og:description\" content=\"Les 19, 20 et 21 juillet 2013 les Faucheurs Volontaires f\u00eataient leur 10 ans d&rsquo;existence en organisant les Rencontres Internationales des Mouvements Contre les OGM. Tout au long du week end des intervenants de nombreux pays se sont succ\u00e9d\u00e9s \u00e0 la tribune afin de t\u00e9moigner de leurs luttes respectives, des ... Read More\" \/>\n<meta property=\"og:url\" content=\"https:\/\/www.altercampagne.net\/?p=3455\" \/>\n<meta property=\"og:site_name\" content=\"AlterTour\" \/>\n<meta property=\"article:published_time\" content=\"2013-11-02T17:39:05+00:00\" \/>\n<meta property=\"article:modified_time\" content=\"2016-04-05T16:40:54+00:00\" \/>\n<meta name=\"author\" content=\"Mathieu\" \/>\n<meta name=\"twitter:card\" content=\"summary_large_image\" \/>\n<meta name=\"twitter:label1\" content=\"\u00c9crit par\" \/>\n\t<meta name=\"twitter:data1\" content=\"Mathieu\" \/>\n\t<meta name=\"twitter:label2\" content=\"Dur\u00e9e de lecture estim\u00e9e\" \/>\n\t<meta name=\"twitter:data2\" content=\"1 minute\" \/>\n<script type=\"application\/ld+json\" class=\"yoast-schema-graph\">{\"@context\":\"https:\\\/\\\/schema.org\",\"@graph\":[{\"@type\":\"Article\",\"@id\":\"https:\\\/\\\/www.altercampagne.net\\\/?p=3455#article\",\"isPartOf\":{\"@id\":\"https:\\\/\\\/www.altercampagne.net\\\/?p=3455\"},\"author\":{\"name\":\"Mathieu\",\"@id\":\"https:\\\/\\\/www.altercampagne.net\\\/#\\\/schema\\\/person\\\/0f261460c09e430caa0f9bcffa319109\"},\"headline\":\"10 ans des Faucheurs Volontaires\",\"datePublished\":\"2013-11-02T17:39:05+00:00\",\"dateModified\":\"2016-04-05T16:40:54+00:00\",\"mainEntityOfPage\":{\"@id\":\"https:\\\/\\\/www.altercampagne.net\\\/?p=3455\"},\"wordCount\":117,\"keywords\":[\"AlterTour 2013\",\"Faucheurs Volontaires\",\"Rencontres Internationales des Mouvements Contre les OGM\"],\"inLanguage\":\"fr-FR\"},{\"@type\":\"WebPage\",\"@id\":\"https:\\\/\\\/www.altercampagne.net\\\/?p=3455\",\"url\":\"https:\\\/\\\/www.altercampagne.net\\\/?p=3455\",\"name\":\"10 ans des Faucheurs Volontaires - AlterTour\",\"isPartOf\":{\"@id\":\"https:\\\/\\\/www.altercampagne.net\\\/#website\"},\"datePublished\":\"2013-11-02T17:39:05+00:00\",\"dateModified\":\"2016-04-05T16:40:54+00:00\",\"author\":{\"@id\":\"https:\\\/\\\/www.altercampagne.net\\\/#\\\/schema\\\/person\\\/0f261460c09e430caa0f9bcffa319109\"},\"breadcrumb\":{\"@id\":\"https:\\\/\\\/www.altercampagne.net\\\/?p=3455#breadcrumb\"},\"inLanguage\":\"fr-FR\",\"potentialAction\":[{\"@type\":\"ReadAction\",\"target\":[\"https:\\\/\\\/www.altercampagne.net\\\/?p=3455\"]}]},{\"@type\":\"BreadcrumbList\",\"@id\":\"https:\\\/\\\/www.altercampagne.net\\\/?p=3455#breadcrumb\",\"itemListElement\":[{\"@type\":\"ListItem\",\"position\":1,\"name\":\"Accueil\",\"item\":\"https:\\\/\\\/www.altercampagne.net\\\/\"},{\"@type\":\"ListItem\",\"position\":2,\"name\":\"10 ans des Faucheurs Volontaires\"}]},{\"@type\":\"WebSite\",\"@id\":\"https:\\\/\\\/www.altercampagne.net\\\/#website\",\"url\":\"https:\\\/\\\/www.altercampagne.net\\\/\",\"name\":\"AlterTour\",\"description\":\"Reliez les Alternatives \u00e0 v\u00e9lo\",\"potentialAction\":[{\"@type\":\"SearchAction\",\"target\":{\"@type\":\"EntryPoint\",\"urlTemplate\":\"https:\\\/\\\/www.altercampagne.net\\\/?s={search_term_string}\"},\"query-input\":{\"@type\":\"PropertyValueSpecification\",\"valueRequired\":true,\"valueName\":\"search_term_string\"}}],\"inLanguage\":\"fr-FR\"},{\"@type\":\"Person\",\"@id\":\"https:\\\/\\\/www.altercampagne.net\\\/#\\\/schema\\\/person\\\/0f261460c09e430caa0f9bcffa319109\",\"name\":\"Mathieu\",\"image\":{\"@type\":\"ImageObject\",\"inLanguage\":\"fr-FR\",\"@id\":\"https:\\\/\\\/secure.gravatar.com\\\/avatar\\\/aa9d3d24c83f2141e5e2709d0f63d09a99f6be6bb7a50abc4915838d9f54501a?s=96&d=mm&r=g\",\"url\":\"https:\\\/\\\/secure.gravatar.com\\\/avatar\\\/aa9d3d24c83f2141e5e2709d0f63d09a99f6be6bb7a50abc4915838d9f54501a?s=96&d=mm&r=g\",\"contentUrl\":\"https:\\\/\\\/secure.gravatar.com\\\/avatar\\\/aa9d3d24c83f2141e5e2709d0f63d09a99f6be6bb7a50abc4915838d9f54501a?s=96&d=mm&r=g\",\"caption\":\"Mathieu\"},\"url\":\"https:\\\/\\\/www.altercampagne.net\\\/?author=214\"}]}<\/script>\n<!-- \/ Yoast SEO plugin. -->","yoast_head_json":{"title":"10 ans des Faucheurs Volontaires - AlterTour","robots":{"index":"index","follow":"follow","max-snippet":"max-snippet:-1","max-image-preview":"max-image-preview:large","max-video-preview":"max-video-preview:-1"},"canonical":"https:\/\/www.altercampagne.net\/?p=3455","og_locale":"fr_FR","og_type":"article","og_title":"10 ans des Faucheurs Volontaires - AlterTour","og_description":"Les 19, 20 et 21 juillet 2013 les Faucheurs Volontaires f\u00eataient leur 10 ans d&rsquo;existence en organisant les Rencontres Internationales des Mouvements Contre les OGM. Tout au long du week end des intervenants de nombreux pays se sont succ\u00e9d\u00e9s \u00e0 la tribune afin de t\u00e9moigner de leurs luttes respectives, des ... Read More","og_url":"https:\/\/www.altercampagne.net\/?p=3455","og_site_name":"AlterTour","article_published_time":"2013-11-02T17:39:05+00:00","article_modified_time":"2016-04-05T16:40:54+00:00","author":"Mathieu","twitter_card":"summary_large_image","twitter_misc":{"\u00c9crit par":"Mathieu","Dur\u00e9e de lecture estim\u00e9e":"1 minute"},"schema":{"@context":"https:\/\/schema.org","@graph":[{"@type":"Article","@id":"https:\/\/www.altercampagne.net\/?p=3455#article","isPartOf":{"@id":"https:\/\/www.altercampagne.net\/?p=3455"},"author":{"name":"Mathieu","@id":"https:\/\/www.altercampagne.net\/#\/schema\/person\/0f261460c09e430caa0f9bcffa319109"},"headline":"10 ans des Faucheurs Volontaires","datePublished":"2013-11-02T17:39:05+00:00","dateModified":"2016-04-05T16:40:54+00:00","mainEntityOfPage":{"@id":"https:\/\/www.altercampagne.net\/?p=3455"},"wordCount":117,"keywords":["AlterTour 2013","Faucheurs Volontaires","Rencontres Internationales des Mouvements Contre les OGM"],"inLanguage":"fr-FR"},{"@type":"WebPage","@id":"https:\/\/www.altercampagne.net\/?p=3455","url":"https:\/\/www.altercampagne.net\/?p=3455","name":"10 ans des Faucheurs Volontaires - AlterTour","isPartOf":{"@id":"https:\/\/www.altercampagne.net\/#website"},"datePublished":"2013-11-02T17:39:05+00:00","dateModified":"2016-04-05T16:40:54+00:00","author":{"@id":"https:\/\/www.altercampagne.net\/#\/schema\/person\/0f261460c09e430caa0f9bcffa319109"},"breadcrumb":{"@id":"https:\/\/www.altercampagne.net\/?p=3455#breadcrumb"},"inLanguage":"fr-FR","potentialAction":[{"@type":"ReadAction","target":["https:\/\/www.altercampagne.net\/?p=3455"]}]},{"@type":"BreadcrumbList","@id":"https:\/\/www.altercampagne.net\/?p=3455#breadcrumb","itemListElement":[{"@type":"ListItem","position":1,"name":"Accueil","item":"https:\/\/www.altercampagne.net\/"},{"@type":"ListItem","position":2,"name":"10 ans des Faucheurs Volontaires"}]},{"@type":"WebSite","@id":"https:\/\/www.altercampagne.net\/#website","url":"https:\/\/www.altercampagne.net\/","name":"AlterTour","description":"Reliez les Alternatives \u00e0 v\u00e9lo","potentialAction":[{"@type":"SearchAction","target":{"@type":"EntryPoint","urlTemplate":"https:\/\/www.altercampagne.net\/?s={search_term_string}"},"query-input":{"@type":"PropertyValueSpecification","valueRequired":true,"valueName":"search_term_string"}}],"inLanguage":"fr-FR"},{"@type":"Person","@id":"https:\/\/www.altercampagne.net\/#\/schema\/person\/0f261460c09e430caa0f9bcffa319109","name":"Mathieu","image":{"@type":"ImageObject","inLanguage":"fr-FR","@id":"https:\/\/secure.gravatar.com\/avatar\/aa9d3d24c83f2141e5e2709d0f63d09a99f6be6bb7a50abc4915838d9f54501a?s=96&d=mm&r=g","url":"https:\/\/secure.gravatar.com\/avatar\/aa9d3d24c83f2141e5e2709d0f63d09a99f6be6bb7a50abc4915838d9f54501a?s=96&d=mm&r=g","contentUrl":"https:\/\/secure.gravatar.com\/avatar\/aa9d3d24c83f2141e5e2709d0f63d09a99f6be6bb7a50abc4915838d9f54501a?s=96&d=mm&r=g","caption":"Mathieu"},"url":"https:\/\/www.altercampagne.net\/?author=214"}]}},"_links":{"self":[{"href":"https:\/\/www.altercampagne.net\/index.php?rest_route=\/wp\/v2\/posts\/3455","targetHints":{"allow":["GET"]}}],"collection":[{"href":"https:\/\/www.altercampagne.net\/index.php?rest_route=\/wp\/v2\/posts"}],"about":[{"href":"https:\/\/www.altercampagne.net\/index.php?rest_route=\/wp\/v2\/types\/post"}],"author":[{"embeddable":true,"href":"https:\/\/www.altercampagne.net\/index.php?rest_route=\/wp\/v2\/users\/214"}],"replies":[{"embeddable":true,"href":"https:\/\/www.altercampagne.net\/index.php?rest_route=%2Fwp%2Fv2%2Fcomments&post=3455"}],"version-history":[{"count":0,"href":"https:\/\/www.altercampagne.net\/index.php?rest_route=\/wp\/v2\/posts\/3455\/revisions"}],"wp:attachment":[{"href":"https:\/\/www.altercampagne.net\/index.php?rest_route=%2Fwp%2Fv2%2Fmedia&parent=3455"}],"wp:term":[{"taxonomy":"category","embeddable":true,"href":"https:\/\/www.altercampagne.net\/index.php?rest_route=%2Fwp%2Fv2%2Fcategories&post=3455"},{"taxonomy":"post_tag","embeddable":true,"href":"https:\/\/www.altercampagne.net\/index.php?rest_route=%2Fwp%2Fv2%2Ftags&post=3455"}],"curies":[{"name":"wp","href":"https:\/\/api.w.org\/{rel}","templated":true}]}}