{"id":3465,"date":"2013-10-19T18:59:11","date_gmt":"2013-10-19T16:59:11","guid":{"rendered":"http:\/\/www.altercampagne.net\/?p=3465"},"modified":"2016-04-05T19:01:46","modified_gmt":"2016-04-05T17:01:46","slug":"semences-dhier-et-daujourdhui","status":"publish","type":"post","link":"https:\/\/www.altercampagne.net\/?p=3465","title":{"rendered":"Semences d&rsquo;hier et d&rsquo;aujourd&rsquo;hui"},"content":{"rendered":"<p class=\"Style271 Style138 Style152\" align=\"justify\"><img loading=\"lazy\" decoding=\"async\" class=\" alignright\" src=\"http:\/\/altercampagne.free.fr\/pages\/2008\/AlterTour\/pic\/2013-Semences-dhier-et-daujourdhui.jpg\" alt=\"\" width=\"284\" height=\"400\" \/>Pour \u00e9clairer le vaste sujet des semences, tant sur les aspects historiques, r\u00e8glementaires que techniques, le Collectif \u00ab\u00a0<a href=\"http:\/\/reseau-mpp.org\/Collectif-Vigilance-OGM-Charente\" target=\"_blank\">Vigilance OGM et Pesticides Poitou-Charentes<\/a>\u00a0\u00bb organise le 19 octobre au lyc\u00e9e agricole de Melle une \u00abjourn\u00e9e Semence\u00bb avec conf\u00e9rences, t\u00e9moignages et d\u00e9bats<\/p>\n<p class=\"Style271 Style138 Style152\" align=\"justify\">Journ\u00e9e organis\u00e9e par la coordination des Collectifs Vigilance OGM et Pesticides avec la participation des Associations \u00ab\u00a0Cultivons la Biodiversit\u00e9, l\u2019<a href=\"http:\/\/blogs.paysmellois.org\/lassosbecheamelle\/\" target=\"_blank\">Assos\u2019 B\u00eache \u00e0 Melle<\/a> et la <a href=\"http:\/\/poitoucharentes.confederationpaysanne.fr\/\" target=\"_blank\">Conf\u00e9d\u00e9ration Paysanne<\/a>.\u00a0\u00bb<\/p>\n<p class=\"Style271 Style138 Style152\" align=\"justify\">Aujourd\u2019hui, l\u2019agriculture est \u00e0 la crois\u00e9e des chemins tout comme les semences qui sont sa premi\u00e8re richesse.<\/p>\n<p class=\"Style271 Style138 Style152\" align=\"justify\">En quelques g\u00e9n\u00e9rations les technologies de productions semenci\u00e8res ont impos\u00e9 : les semences s\u00e9lectionn\u00e9es, les semences hybrides, les OGM de tous genres. Mais que sont devenues les semences traditionnelles ?<\/p>\n<p class=\"Style271 Style138 Style152\" align=\"justify\">Par la production de semences de ferme et des semences populations, une partie des paysans, des jardiniers, maintiennent, p\u00e9rennisent et d\u00e9veloppent la production de leurs propres semences sur leurs exploitations ou pour leurs propres besoins.<\/p>\n<p class=\"Style271 Style138 Style152\" align=\"justify\">Matin : connaissance des diff\u00e9rences entre les types de semences, la r\u00e8glementation, et aux semences anciennes dites \u00ab\u00a0de population\u00a0\u00bb dans les champs, les potagers et nos assiettes.<\/p>\n<p class=\"Style271 Style138 Style152\" align=\"justify\">Apr\u00e8s-midi : Ateliers sur les questions pratiques pour produire ses propres graines. Les vari\u00e9t\u00e9s rendues tol\u00e9rantes aux herbicides (VRTH). Intervention de Jean- Pierre BERLAN, ancien Directeur de Recherches \u00e0 l\u2019INRA<\/p>\n","protected":false},"excerpt":{"rendered":"<p>Pour \u00e9clairer le vaste sujet des semences, tant sur les aspects historiques, r\u00e8glementaires que techniques, le Collectif \u00ab\u00a0Vigilance OGM et Pesticides Poitou-Charentes\u00a0\u00bb organise le 19 octobre au lyc\u00e9e agricole de Melle une \u00abjourn\u00e9e Semence\u00bb avec conf\u00e9rences, t\u00e9moignages et d\u00e9bats Journ\u00e9e organis\u00e9e par la coordination des Collectifs Vigilance OGM et Pesticides &#8230; <\/p>\n<div><a href=\"https:\/\/www.altercampagne.net\/?p=3465\" class=\"more-link\">Read More<\/a><\/div>\n","protected":false},"author":214,"featured_media":0,"comment_status":"closed","ping_status":"closed","sticky":false,"template":"","format":"standard","meta":{"footnotes":""},"categories":[1],"tags":[143,449,887,888,889],"class_list":["post-3465","post","type-post","status-publish","format-standard","hentry","category-non-classe","tag-ogm","tag-confederation-paysanne","tag-vigilance-ogm-et-pesticides-poitou-charentes","tag-assos-beche-a-melle","tag-jean-pierre-berlan","no-post-thumbnail"],"yoast_head":"<!-- This site is optimized with the Yoast SEO plugin v27.3 - https:\/\/yoast.com\/product\/yoast-seo-wordpress\/ -->\n<title>Semences d&#039;hier et d&#039;aujourd&#039;hui - AlterTour<\/title>\n<meta name=\"robots\" content=\"index, follow, max-snippet:-1, max-image-preview:large, max-video-preview:-1\" \/>\n<link rel=\"canonical\" href=\"https:\/\/www.altercampagne.net\/?p=3465\" \/>\n<meta property=\"og:locale\" content=\"fr_FR\" \/>\n<meta property=\"og:type\" content=\"article\" \/>\n<meta property=\"og:title\" content=\"Semences d&#039;hier et d&#039;aujourd&#039;hui - AlterTour\" \/>\n<meta property=\"og:description\" content=\"Pour \u00e9clairer le vaste sujet des semences, tant sur les aspects historiques, r\u00e8glementaires que techniques, le Collectif \u00ab\u00a0Vigilance OGM et Pesticides Poitou-Charentes\u00a0\u00bb organise le 19 octobre au lyc\u00e9e agricole de Melle une \u00abjourn\u00e9e Semence\u00bb avec conf\u00e9rences, t\u00e9moignages et d\u00e9bats Journ\u00e9e organis\u00e9e par la coordination des Collectifs Vigilance OGM et Pesticides ... Read More\" \/>\n<meta property=\"og:url\" content=\"https:\/\/www.altercampagne.net\/?p=3465\" \/>\n<meta property=\"og:site_name\" content=\"AlterTour\" \/>\n<meta property=\"article:published_time\" content=\"2013-10-19T16:59:11+00:00\" \/>\n<meta property=\"article:modified_time\" content=\"2016-04-05T17:01:46+00:00\" \/>\n<meta property=\"og:image\" content=\"http:\/\/altercampagne.free.fr\/pages\/2008\/AlterTour\/pic\/2013-Semences-dhier-et-daujourdhui.jpg\" \/>\n<meta name=\"author\" content=\"Mathieu\" \/>\n<meta name=\"twitter:card\" content=\"summary_large_image\" \/>\n<meta name=\"twitter:label1\" content=\"\u00c9crit par\" \/>\n\t<meta name=\"twitter:data1\" content=\"Mathieu\" \/>\n\t<meta name=\"twitter:label2\" content=\"Dur\u00e9e de lecture estim\u00e9e\" \/>\n\t<meta name=\"twitter:data2\" content=\"1 minute\" \/>\n<script type=\"application\/ld+json\" class=\"yoast-schema-graph\">{\"@context\":\"https:\\\/\\\/schema.org\",\"@graph\":[{\"@type\":\"Article\",\"@id\":\"https:\\\/\\\/www.altercampagne.net\\\/?p=3465#article\",\"isPartOf\":{\"@id\":\"https:\\\/\\\/www.altercampagne.net\\\/?p=3465\"},\"author\":{\"name\":\"Mathieu\",\"@id\":\"https:\\\/\\\/www.altercampagne.net\\\/#\\\/schema\\\/person\\\/0f261460c09e430caa0f9bcffa319109\"},\"headline\":\"Semences d&rsquo;hier et d&rsquo;aujourd&rsquo;hui\",\"datePublished\":\"2013-10-19T16:59:11+00:00\",\"dateModified\":\"2016-04-05T17:01:46+00:00\",\"mainEntityOfPage\":{\"@id\":\"https:\\\/\\\/www.altercampagne.net\\\/?p=3465\"},\"wordCount\":234,\"image\":{\"@id\":\"https:\\\/\\\/www.altercampagne.net\\\/?p=3465#primaryimage\"},\"thumbnailUrl\":\"http:\\\/\\\/altercampagne.free.fr\\\/pages\\\/2008\\\/AlterTour\\\/pic\\\/2013-Semences-dhier-et-daujourdhui.jpg\",\"keywords\":[\"ogm\",\"conf\u00e9d\u00e9ration paysanne\",\"Vigilance OGM et Pesticides Poitou-Charentes\",\"Assos\u2019 B\u00eache \u00e0 Melle\",\"Jean- Pierre BERLAN\"],\"inLanguage\":\"fr-FR\"},{\"@type\":\"WebPage\",\"@id\":\"https:\\\/\\\/www.altercampagne.net\\\/?p=3465\",\"url\":\"https:\\\/\\\/www.altercampagne.net\\\/?p=3465\",\"name\":\"Semences d'hier et d'aujourd'hui - AlterTour\",\"isPartOf\":{\"@id\":\"https:\\\/\\\/www.altercampagne.net\\\/#website\"},\"primaryImageOfPage\":{\"@id\":\"https:\\\/\\\/www.altercampagne.net\\\/?p=3465#primaryimage\"},\"image\":{\"@id\":\"https:\\\/\\\/www.altercampagne.net\\\/?p=3465#primaryimage\"},\"thumbnailUrl\":\"http:\\\/\\\/altercampagne.free.fr\\\/pages\\\/2008\\\/AlterTour\\\/pic\\\/2013-Semences-dhier-et-daujourdhui.jpg\",\"datePublished\":\"2013-10-19T16:59:11+00:00\",\"dateModified\":\"2016-04-05T17:01:46+00:00\",\"author\":{\"@id\":\"https:\\\/\\\/www.altercampagne.net\\\/#\\\/schema\\\/person\\\/0f261460c09e430caa0f9bcffa319109\"},\"breadcrumb\":{\"@id\":\"https:\\\/\\\/www.altercampagne.net\\\/?p=3465#breadcrumb\"},\"inLanguage\":\"fr-FR\",\"potentialAction\":[{\"@type\":\"ReadAction\",\"target\":[\"https:\\\/\\\/www.altercampagne.net\\\/?p=3465\"]}]},{\"@type\":\"ImageObject\",\"inLanguage\":\"fr-FR\",\"@id\":\"https:\\\/\\\/www.altercampagne.net\\\/?p=3465#primaryimage\",\"url\":\"http:\\\/\\\/altercampagne.free.fr\\\/pages\\\/2008\\\/AlterTour\\\/pic\\\/2013-Semences-dhier-et-daujourdhui.jpg\",\"contentUrl\":\"http:\\\/\\\/altercampagne.free.fr\\\/pages\\\/2008\\\/AlterTour\\\/pic\\\/2013-Semences-dhier-et-daujourdhui.jpg\"},{\"@type\":\"BreadcrumbList\",\"@id\":\"https:\\\/\\\/www.altercampagne.net\\\/?p=3465#breadcrumb\",\"itemListElement\":[{\"@type\":\"ListItem\",\"position\":1,\"name\":\"Accueil\",\"item\":\"https:\\\/\\\/www.altercampagne.net\\\/\"},{\"@type\":\"ListItem\",\"position\":2,\"name\":\"Semences d&rsquo;hier et d&rsquo;aujourd&rsquo;hui\"}]},{\"@type\":\"WebSite\",\"@id\":\"https:\\\/\\\/www.altercampagne.net\\\/#website\",\"url\":\"https:\\\/\\\/www.altercampagne.net\\\/\",\"name\":\"AlterTour\",\"description\":\"Reliez les Alternatives \u00e0 v\u00e9lo\",\"potentialAction\":[{\"@type\":\"SearchAction\",\"target\":{\"@type\":\"EntryPoint\",\"urlTemplate\":\"https:\\\/\\\/www.altercampagne.net\\\/?s={search_term_string}\"},\"query-input\":{\"@type\":\"PropertyValueSpecification\",\"valueRequired\":true,\"valueName\":\"search_term_string\"}}],\"inLanguage\":\"fr-FR\"},{\"@type\":\"Person\",\"@id\":\"https:\\\/\\\/www.altercampagne.net\\\/#\\\/schema\\\/person\\\/0f261460c09e430caa0f9bcffa319109\",\"name\":\"Mathieu\",\"image\":{\"@type\":\"ImageObject\",\"inLanguage\":\"fr-FR\",\"@id\":\"https:\\\/\\\/secure.gravatar.com\\\/avatar\\\/aa9d3d24c83f2141e5e2709d0f63d09a99f6be6bb7a50abc4915838d9f54501a?s=96&d=mm&r=g\",\"url\":\"https:\\\/\\\/secure.gravatar.com\\\/avatar\\\/aa9d3d24c83f2141e5e2709d0f63d09a99f6be6bb7a50abc4915838d9f54501a?s=96&d=mm&r=g\",\"contentUrl\":\"https:\\\/\\\/secure.gravatar.com\\\/avatar\\\/aa9d3d24c83f2141e5e2709d0f63d09a99f6be6bb7a50abc4915838d9f54501a?s=96&d=mm&r=g\",\"caption\":\"Mathieu\"},\"url\":\"https:\\\/\\\/www.altercampagne.net\\\/?author=214\"}]}<\/script>\n<!-- \/ Yoast SEO plugin. -->","yoast_head_json":{"title":"Semences d'hier et d'aujourd'hui - AlterTour","robots":{"index":"index","follow":"follow","max-snippet":"max-snippet:-1","max-image-preview":"max-image-preview:large","max-video-preview":"max-video-preview:-1"},"canonical":"https:\/\/www.altercampagne.net\/?p=3465","og_locale":"fr_FR","og_type":"article","og_title":"Semences d'hier et d'aujourd'hui - AlterTour","og_description":"Pour \u00e9clairer le vaste sujet des semences, tant sur les aspects historiques, r\u00e8glementaires que techniques, le Collectif \u00ab\u00a0Vigilance OGM et Pesticides Poitou-Charentes\u00a0\u00bb organise le 19 octobre au lyc\u00e9e agricole de Melle une \u00abjourn\u00e9e Semence\u00bb avec conf\u00e9rences, t\u00e9moignages et d\u00e9bats Journ\u00e9e organis\u00e9e par la coordination des Collectifs Vigilance OGM et Pesticides ... Read More","og_url":"https:\/\/www.altercampagne.net\/?p=3465","og_site_name":"AlterTour","article_published_time":"2013-10-19T16:59:11+00:00","article_modified_time":"2016-04-05T17:01:46+00:00","og_image":[{"url":"http:\/\/altercampagne.free.fr\/pages\/2008\/AlterTour\/pic\/2013-Semences-dhier-et-daujourdhui.jpg","type":"","width":"","height":""}],"author":"Mathieu","twitter_card":"summary_large_image","twitter_misc":{"\u00c9crit par":"Mathieu","Dur\u00e9e de lecture estim\u00e9e":"1 minute"},"schema":{"@context":"https:\/\/schema.org","@graph":[{"@type":"Article","@id":"https:\/\/www.altercampagne.net\/?p=3465#article","isPartOf":{"@id":"https:\/\/www.altercampagne.net\/?p=3465"},"author":{"name":"Mathieu","@id":"https:\/\/www.altercampagne.net\/#\/schema\/person\/0f261460c09e430caa0f9bcffa319109"},"headline":"Semences d&rsquo;hier et d&rsquo;aujourd&rsquo;hui","datePublished":"2013-10-19T16:59:11+00:00","dateModified":"2016-04-05T17:01:46+00:00","mainEntityOfPage":{"@id":"https:\/\/www.altercampagne.net\/?p=3465"},"wordCount":234,"image":{"@id":"https:\/\/www.altercampagne.net\/?p=3465#primaryimage"},"thumbnailUrl":"http:\/\/altercampagne.free.fr\/pages\/2008\/AlterTour\/pic\/2013-Semences-dhier-et-daujourdhui.jpg","keywords":["ogm","conf\u00e9d\u00e9ration paysanne","Vigilance OGM et Pesticides Poitou-Charentes","Assos\u2019 B\u00eache \u00e0 Melle","Jean- Pierre BERLAN"],"inLanguage":"fr-FR"},{"@type":"WebPage","@id":"https:\/\/www.altercampagne.net\/?p=3465","url":"https:\/\/www.altercampagne.net\/?p=3465","name":"Semences d'hier et d'aujourd'hui - AlterTour","isPartOf":{"@id":"https:\/\/www.altercampagne.net\/#website"},"primaryImageOfPage":{"@id":"https:\/\/www.altercampagne.net\/?p=3465#primaryimage"},"image":{"@id":"https:\/\/www.altercampagne.net\/?p=3465#primaryimage"},"thumbnailUrl":"http:\/\/altercampagne.free.fr\/pages\/2008\/AlterTour\/pic\/2013-Semences-dhier-et-daujourdhui.jpg","datePublished":"2013-10-19T16:59:11+00:00","dateModified":"2016-04-05T17:01:46+00:00","author":{"@id":"https:\/\/www.altercampagne.net\/#\/schema\/person\/0f261460c09e430caa0f9bcffa319109"},"breadcrumb":{"@id":"https:\/\/www.altercampagne.net\/?p=3465#breadcrumb"},"inLanguage":"fr-FR","potentialAction":[{"@type":"ReadAction","target":["https:\/\/www.altercampagne.net\/?p=3465"]}]},{"@type":"ImageObject","inLanguage":"fr-FR","@id":"https:\/\/www.altercampagne.net\/?p=3465#primaryimage","url":"http:\/\/altercampagne.free.fr\/pages\/2008\/AlterTour\/pic\/2013-Semences-dhier-et-daujourdhui.jpg","contentUrl":"http:\/\/altercampagne.free.fr\/pages\/2008\/AlterTour\/pic\/2013-Semences-dhier-et-daujourdhui.jpg"},{"@type":"BreadcrumbList","@id":"https:\/\/www.altercampagne.net\/?p=3465#breadcrumb","itemListElement":[{"@type":"ListItem","position":1,"name":"Accueil","item":"https:\/\/www.altercampagne.net\/"},{"@type":"ListItem","position":2,"name":"Semences d&rsquo;hier et d&rsquo;aujourd&rsquo;hui"}]},{"@type":"WebSite","@id":"https:\/\/www.altercampagne.net\/#website","url":"https:\/\/www.altercampagne.net\/","name":"AlterTour","description":"Reliez les Alternatives \u00e0 v\u00e9lo","potentialAction":[{"@type":"SearchAction","target":{"@type":"EntryPoint","urlTemplate":"https:\/\/www.altercampagne.net\/?s={search_term_string}"},"query-input":{"@type":"PropertyValueSpecification","valueRequired":true,"valueName":"search_term_string"}}],"inLanguage":"fr-FR"},{"@type":"Person","@id":"https:\/\/www.altercampagne.net\/#\/schema\/person\/0f261460c09e430caa0f9bcffa319109","name":"Mathieu","image":{"@type":"ImageObject","inLanguage":"fr-FR","@id":"https:\/\/secure.gravatar.com\/avatar\/aa9d3d24c83f2141e5e2709d0f63d09a99f6be6bb7a50abc4915838d9f54501a?s=96&d=mm&r=g","url":"https:\/\/secure.gravatar.com\/avatar\/aa9d3d24c83f2141e5e2709d0f63d09a99f6be6bb7a50abc4915838d9f54501a?s=96&d=mm&r=g","contentUrl":"https:\/\/secure.gravatar.com\/avatar\/aa9d3d24c83f2141e5e2709d0f63d09a99f6be6bb7a50abc4915838d9f54501a?s=96&d=mm&r=g","caption":"Mathieu"},"url":"https:\/\/www.altercampagne.net\/?author=214"}]}},"_links":{"self":[{"href":"https:\/\/www.altercampagne.net\/index.php?rest_route=\/wp\/v2\/posts\/3465","targetHints":{"allow":["GET"]}}],"collection":[{"href":"https:\/\/www.altercampagne.net\/index.php?rest_route=\/wp\/v2\/posts"}],"about":[{"href":"https:\/\/www.altercampagne.net\/index.php?rest_route=\/wp\/v2\/types\/post"}],"author":[{"embeddable":true,"href":"https:\/\/www.altercampagne.net\/index.php?rest_route=\/wp\/v2\/users\/214"}],"replies":[{"embeddable":true,"href":"https:\/\/www.altercampagne.net\/index.php?rest_route=%2Fwp%2Fv2%2Fcomments&post=3465"}],"version-history":[{"count":0,"href":"https:\/\/www.altercampagne.net\/index.php?rest_route=\/wp\/v2\/posts\/3465\/revisions"}],"wp:attachment":[{"href":"https:\/\/www.altercampagne.net\/index.php?rest_route=%2Fwp%2Fv2%2Fmedia&parent=3465"}],"wp:term":[{"taxonomy":"category","embeddable":true,"href":"https:\/\/www.altercampagne.net\/index.php?rest_route=%2Fwp%2Fv2%2Fcategories&post=3465"},{"taxonomy":"post_tag","embeddable":true,"href":"https:\/\/www.altercampagne.net\/index.php?rest_route=%2Fwp%2Fv2%2Ftags&post=3465"}],"curies":[{"name":"wp","href":"https:\/\/api.w.org\/{rel}","templated":true}]}}