{"id":3467,"date":"2013-10-16T19:02:10","date_gmt":"2013-10-16T17:02:10","guid":{"rendered":"http:\/\/www.altercampagne.net\/?p=3467"},"modified":"2020-02-24T16:50:59","modified_gmt":"2020-02-24T15:50:59","slug":"1ere-reunion-de-preparation-de-laltertour-2014-les-prospections-commencent","status":"publish","type":"post","link":"https:\/\/www.altercampagne.net\/?p=3467","title":{"rendered":"1\u00e8re r\u00e9union de pr\u00e9paration de l&rsquo;AlterTour 2014, les prospections commencent !"},"content":{"rendered":"<p class=\"Style271 Style138 Style152\"><img loading=\"lazy\" decoding=\"async\" class=\" alignright\" src=\"http:\/\/altercampagne.free.fr\/pages\/2008\/AlterTour\/pic\/AT2014-cartes-departements-selectionnes.jpg\" alt=\"\" width=\"400\" height=\"400\">Les 12 et 13 octobre dernier, une 20aine d&rsquo;Altercyclistes \u00e9taient r\u00e9unis au local de Genepi dans le 13\u00e8me arrondissement \u00e0 Paris.<\/p>\n<p class=\"Style271 Style138 Style152\">Nous avons exp\u00e9riment\u00e9 le travail en petit groupe sur diff\u00e9rentes th\u00e9matiques. Ces \u00e9changes riches, constructifs et joyeux nous ont permis de r\u00e9fl\u00e9chir sur l&rsquo;autogestion au sein de l&rsquo;organisation de l&rsquo;AlterTour, de red\u00e9finir nos modes d&rsquo;organisation et de d\u00e9terminer une zone de prospection pour les Alternatives \u00e0 visiter en 2014.<\/p>\n<p class=\"Style271 Style138 Style152\">5 commissions ont vu le jour \u00e0 l&rsquo;issue du week end :<br \/>\n&#8211; la commission parcours<br \/>\n&#8211; la commission communication<br \/>\n&#8211; la commission animation<br \/>\n&#8211; la commission administration et finances<br \/>\n&#8211; la commission logistique<\/p>\n<p class=\"Style271 Style138 Style152\">Les feuilles de routes des diff\u00e9rentes commissions sont en cours d&rsquo;\u00e9criture.<\/p>\n<p class=\"Style271 Style138 Style152\">Vous pouvez participer aux diff\u00e9rentes commissions en tant que participant ou aidant en vous inscrivant sur la liste de diffusion orga (envoyez un mail \u00e0 altertour@gmail.com) et\/ou via l&rsquo;espace membre.<\/p>\n<p class=\"Style271 Style138 Style152\">La Zone g\u00e9ographique du d\u00e9frichage est fix\u00e9e \u00e0 l\u2019Auvergne, le Limousin, le Poitou-Charente, le nord de l\u2019Aquitaine, le sud de la r\u00e9gion Centre et de la r\u00e9gion Pays de Loire.<\/p>\n<p class=\"Style271 Style138 Style152\">Le travail de recensement des Alternatives et des \u00e9v\u00e8nements militants de l&rsquo;\u00e9t\u00e9 2014 nous permettra d&rsquo;effectuer une premi\u00e8re projection du parcours \u00e0 l&rsquo;occasion de la 2\u00e8me r\u00e9union de pr\u00e9paration de l&rsquo;AlterTour les 16 et 17 novembre \u00e0 Paris.<\/p>\n<p class=\"Style271 Style138 Style152\">Vous pouvez \u00e0 tout moment rejoindre l&rsquo;organisation et nous aider \u00e0 trouver des Alternatives dans les r\u00e9gions s\u00e9lectionn\u00e9es pour l&rsquo;AlterTour 2014<\/p>\n","protected":false},"excerpt":{"rendered":"<p>Les 12 et 13 octobre dernier, une 20aine d&rsquo;Altercyclistes \u00e9taient r\u00e9unis au local de Genepi dans le 13\u00e8me arrondissement \u00e0 Paris. Nous avons exp\u00e9riment\u00e9 le travail en petit groupe sur diff\u00e9rentes th\u00e9matiques. Ces \u00e9changes riches, constructifs et joyeux nous ont permis de r\u00e9fl\u00e9chir sur l&rsquo;autogestion au sein de l&rsquo;organisation de &#8230; <\/p>\n<div><a href=\"https:\/\/www.altercampagne.net\/?p=3467\" class=\"more-link\">Read More<\/a><\/div>\n","protected":false},"author":214,"featured_media":0,"comment_status":"closed","ping_status":"closed","sticky":false,"template":"","format":"standard","meta":{"footnotes":""},"categories":[3539],"tags":[319,579,580,890,891,892,893,894],"class_list":["post-3467","post","type-post","status-publish","format-standard","hentry","category-we-de-preparation","tag-altertour-2014","tag-auvergne","tag-limousin","tag-genepi","tag-poitou-charente","tag-aquitaine","tag-region-centre","tag-pays-de-la-loire","no-post-thumbnail"],"yoast_head":"<!-- This site is optimized with the Yoast SEO plugin v27.3 - https:\/\/yoast.com\/product\/yoast-seo-wordpress\/ -->\n<title>1\u00e8re r\u00e9union de pr\u00e9paration de l&#039;AlterTour 2014, les prospections commencent ! - AlterTour<\/title>\n<meta name=\"robots\" content=\"index, follow, max-snippet:-1, max-image-preview:large, max-video-preview:-1\" \/>\n<link rel=\"canonical\" href=\"https:\/\/www.altercampagne.net\/?p=3467\" \/>\n<meta property=\"og:locale\" content=\"fr_FR\" \/>\n<meta property=\"og:type\" content=\"article\" \/>\n<meta property=\"og:title\" content=\"1\u00e8re r\u00e9union de pr\u00e9paration de l&#039;AlterTour 2014, les prospections commencent ! - AlterTour\" \/>\n<meta property=\"og:description\" content=\"Les 12 et 13 octobre dernier, une 20aine d&rsquo;Altercyclistes \u00e9taient r\u00e9unis au local de Genepi dans le 13\u00e8me arrondissement \u00e0 Paris. Nous avons exp\u00e9riment\u00e9 le travail en petit groupe sur diff\u00e9rentes th\u00e9matiques. Ces \u00e9changes riches, constructifs et joyeux nous ont permis de r\u00e9fl\u00e9chir sur l&rsquo;autogestion au sein de l&rsquo;organisation de ... Read More\" \/>\n<meta property=\"og:url\" content=\"https:\/\/www.altercampagne.net\/?p=3467\" \/>\n<meta property=\"og:site_name\" content=\"AlterTour\" \/>\n<meta property=\"article:published_time\" content=\"2013-10-16T17:02:10+00:00\" \/>\n<meta property=\"article:modified_time\" content=\"2020-02-24T15:50:59+00:00\" \/>\n<meta property=\"og:image\" content=\"http:\/\/altercampagne.free.fr\/pages\/2008\/AlterTour\/pic\/AT2014-cartes-departements-selectionnes.jpg\" \/>\n<meta name=\"author\" content=\"Mathieu\" \/>\n<meta name=\"twitter:card\" content=\"summary_large_image\" \/>\n<meta name=\"twitter:label1\" content=\"\u00c9crit par\" \/>\n\t<meta name=\"twitter:data1\" content=\"Mathieu\" \/>\n\t<meta name=\"twitter:label2\" content=\"Dur\u00e9e de lecture estim\u00e9e\" \/>\n\t<meta name=\"twitter:data2\" content=\"1 minute\" \/>\n<script type=\"application\/ld+json\" class=\"yoast-schema-graph\">{\"@context\":\"https:\\\/\\\/schema.org\",\"@graph\":[{\"@type\":\"Article\",\"@id\":\"https:\\\/\\\/www.altercampagne.net\\\/?p=3467#article\",\"isPartOf\":{\"@id\":\"https:\\\/\\\/www.altercampagne.net\\\/?p=3467\"},\"author\":{\"name\":\"Mathieu\",\"@id\":\"https:\\\/\\\/www.altercampagne.net\\\/#\\\/schema\\\/person\\\/0f261460c09e430caa0f9bcffa319109\"},\"headline\":\"1\u00e8re r\u00e9union de pr\u00e9paration de l&rsquo;AlterTour 2014, les prospections commencent !\",\"datePublished\":\"2013-10-16T17:02:10+00:00\",\"dateModified\":\"2020-02-24T15:50:59+00:00\",\"mainEntityOfPage\":{\"@id\":\"https:\\\/\\\/www.altercampagne.net\\\/?p=3467\"},\"wordCount\":269,\"image\":{\"@id\":\"https:\\\/\\\/www.altercampagne.net\\\/?p=3467#primaryimage\"},\"thumbnailUrl\":\"http:\\\/\\\/altercampagne.free.fr\\\/pages\\\/2008\\\/AlterTour\\\/pic\\\/AT2014-cartes-departements-selectionnes.jpg\",\"keywords\":[\"altertour 2014\",\"Auvergne\",\"Limousin\",\"Genepi\",\"Poitou-Charente\",\"Aquitaine\",\"r\u00e9gion Centre\",\"Pays de la Loire\"],\"articleSection\":[\"WE de pr\u00e9paration\"],\"inLanguage\":\"fr-FR\"},{\"@type\":\"WebPage\",\"@id\":\"https:\\\/\\\/www.altercampagne.net\\\/?p=3467\",\"url\":\"https:\\\/\\\/www.altercampagne.net\\\/?p=3467\",\"name\":\"1\u00e8re r\u00e9union de pr\u00e9paration de l'AlterTour 2014, les prospections commencent ! - AlterTour\",\"isPartOf\":{\"@id\":\"https:\\\/\\\/www.altercampagne.net\\\/#website\"},\"primaryImageOfPage\":{\"@id\":\"https:\\\/\\\/www.altercampagne.net\\\/?p=3467#primaryimage\"},\"image\":{\"@id\":\"https:\\\/\\\/www.altercampagne.net\\\/?p=3467#primaryimage\"},\"thumbnailUrl\":\"http:\\\/\\\/altercampagne.free.fr\\\/pages\\\/2008\\\/AlterTour\\\/pic\\\/AT2014-cartes-departements-selectionnes.jpg\",\"datePublished\":\"2013-10-16T17:02:10+00:00\",\"dateModified\":\"2020-02-24T15:50:59+00:00\",\"author\":{\"@id\":\"https:\\\/\\\/www.altercampagne.net\\\/#\\\/schema\\\/person\\\/0f261460c09e430caa0f9bcffa319109\"},\"breadcrumb\":{\"@id\":\"https:\\\/\\\/www.altercampagne.net\\\/?p=3467#breadcrumb\"},\"inLanguage\":\"fr-FR\",\"potentialAction\":[{\"@type\":\"ReadAction\",\"target\":[\"https:\\\/\\\/www.altercampagne.net\\\/?p=3467\"]}]},{\"@type\":\"ImageObject\",\"inLanguage\":\"fr-FR\",\"@id\":\"https:\\\/\\\/www.altercampagne.net\\\/?p=3467#primaryimage\",\"url\":\"http:\\\/\\\/altercampagne.free.fr\\\/pages\\\/2008\\\/AlterTour\\\/pic\\\/AT2014-cartes-departements-selectionnes.jpg\",\"contentUrl\":\"http:\\\/\\\/altercampagne.free.fr\\\/pages\\\/2008\\\/AlterTour\\\/pic\\\/AT2014-cartes-departements-selectionnes.jpg\"},{\"@type\":\"BreadcrumbList\",\"@id\":\"https:\\\/\\\/www.altercampagne.net\\\/?p=3467#breadcrumb\",\"itemListElement\":[{\"@type\":\"ListItem\",\"position\":1,\"name\":\"Accueil\",\"item\":\"https:\\\/\\\/www.altercampagne.net\\\/\"},{\"@type\":\"ListItem\",\"position\":2,\"name\":\"1\u00e8re r\u00e9union de pr\u00e9paration de l&rsquo;AlterTour 2014, les prospections commencent !\"}]},{\"@type\":\"WebSite\",\"@id\":\"https:\\\/\\\/www.altercampagne.net\\\/#website\",\"url\":\"https:\\\/\\\/www.altercampagne.net\\\/\",\"name\":\"AlterTour\",\"description\":\"Reliez les Alternatives \u00e0 v\u00e9lo\",\"potentialAction\":[{\"@type\":\"SearchAction\",\"target\":{\"@type\":\"EntryPoint\",\"urlTemplate\":\"https:\\\/\\\/www.altercampagne.net\\\/?s={search_term_string}\"},\"query-input\":{\"@type\":\"PropertyValueSpecification\",\"valueRequired\":true,\"valueName\":\"search_term_string\"}}],\"inLanguage\":\"fr-FR\"},{\"@type\":\"Person\",\"@id\":\"https:\\\/\\\/www.altercampagne.net\\\/#\\\/schema\\\/person\\\/0f261460c09e430caa0f9bcffa319109\",\"name\":\"Mathieu\",\"image\":{\"@type\":\"ImageObject\",\"inLanguage\":\"fr-FR\",\"@id\":\"https:\\\/\\\/secure.gravatar.com\\\/avatar\\\/aa9d3d24c83f2141e5e2709d0f63d09a99f6be6bb7a50abc4915838d9f54501a?s=96&d=mm&r=g\",\"url\":\"https:\\\/\\\/secure.gravatar.com\\\/avatar\\\/aa9d3d24c83f2141e5e2709d0f63d09a99f6be6bb7a50abc4915838d9f54501a?s=96&d=mm&r=g\",\"contentUrl\":\"https:\\\/\\\/secure.gravatar.com\\\/avatar\\\/aa9d3d24c83f2141e5e2709d0f63d09a99f6be6bb7a50abc4915838d9f54501a?s=96&d=mm&r=g\",\"caption\":\"Mathieu\"},\"url\":\"https:\\\/\\\/www.altercampagne.net\\\/?author=214\"}]}<\/script>\n<!-- \/ Yoast SEO plugin. -->","yoast_head_json":{"title":"1\u00e8re r\u00e9union de pr\u00e9paration de l'AlterTour 2014, les prospections commencent ! - AlterTour","robots":{"index":"index","follow":"follow","max-snippet":"max-snippet:-1","max-image-preview":"max-image-preview:large","max-video-preview":"max-video-preview:-1"},"canonical":"https:\/\/www.altercampagne.net\/?p=3467","og_locale":"fr_FR","og_type":"article","og_title":"1\u00e8re r\u00e9union de pr\u00e9paration de l'AlterTour 2014, les prospections commencent ! - AlterTour","og_description":"Les 12 et 13 octobre dernier, une 20aine d&rsquo;Altercyclistes \u00e9taient r\u00e9unis au local de Genepi dans le 13\u00e8me arrondissement \u00e0 Paris. Nous avons exp\u00e9riment\u00e9 le travail en petit groupe sur diff\u00e9rentes th\u00e9matiques. Ces \u00e9changes riches, constructifs et joyeux nous ont permis de r\u00e9fl\u00e9chir sur l&rsquo;autogestion au sein de l&rsquo;organisation de ... Read More","og_url":"https:\/\/www.altercampagne.net\/?p=3467","og_site_name":"AlterTour","article_published_time":"2013-10-16T17:02:10+00:00","article_modified_time":"2020-02-24T15:50:59+00:00","og_image":[{"url":"http:\/\/altercampagne.free.fr\/pages\/2008\/AlterTour\/pic\/AT2014-cartes-departements-selectionnes.jpg","type":"","width":"","height":""}],"author":"Mathieu","twitter_card":"summary_large_image","twitter_misc":{"\u00c9crit par":"Mathieu","Dur\u00e9e de lecture estim\u00e9e":"1 minute"},"schema":{"@context":"https:\/\/schema.org","@graph":[{"@type":"Article","@id":"https:\/\/www.altercampagne.net\/?p=3467#article","isPartOf":{"@id":"https:\/\/www.altercampagne.net\/?p=3467"},"author":{"name":"Mathieu","@id":"https:\/\/www.altercampagne.net\/#\/schema\/person\/0f261460c09e430caa0f9bcffa319109"},"headline":"1\u00e8re r\u00e9union de pr\u00e9paration de l&rsquo;AlterTour 2014, les prospections commencent !","datePublished":"2013-10-16T17:02:10+00:00","dateModified":"2020-02-24T15:50:59+00:00","mainEntityOfPage":{"@id":"https:\/\/www.altercampagne.net\/?p=3467"},"wordCount":269,"image":{"@id":"https:\/\/www.altercampagne.net\/?p=3467#primaryimage"},"thumbnailUrl":"http:\/\/altercampagne.free.fr\/pages\/2008\/AlterTour\/pic\/AT2014-cartes-departements-selectionnes.jpg","keywords":["altertour 2014","Auvergne","Limousin","Genepi","Poitou-Charente","Aquitaine","r\u00e9gion Centre","Pays de la Loire"],"articleSection":["WE de pr\u00e9paration"],"inLanguage":"fr-FR"},{"@type":"WebPage","@id":"https:\/\/www.altercampagne.net\/?p=3467","url":"https:\/\/www.altercampagne.net\/?p=3467","name":"1\u00e8re r\u00e9union de pr\u00e9paration de l'AlterTour 2014, les prospections commencent ! - AlterTour","isPartOf":{"@id":"https:\/\/www.altercampagne.net\/#website"},"primaryImageOfPage":{"@id":"https:\/\/www.altercampagne.net\/?p=3467#primaryimage"},"image":{"@id":"https:\/\/www.altercampagne.net\/?p=3467#primaryimage"},"thumbnailUrl":"http:\/\/altercampagne.free.fr\/pages\/2008\/AlterTour\/pic\/AT2014-cartes-departements-selectionnes.jpg","datePublished":"2013-10-16T17:02:10+00:00","dateModified":"2020-02-24T15:50:59+00:00","author":{"@id":"https:\/\/www.altercampagne.net\/#\/schema\/person\/0f261460c09e430caa0f9bcffa319109"},"breadcrumb":{"@id":"https:\/\/www.altercampagne.net\/?p=3467#breadcrumb"},"inLanguage":"fr-FR","potentialAction":[{"@type":"ReadAction","target":["https:\/\/www.altercampagne.net\/?p=3467"]}]},{"@type":"ImageObject","inLanguage":"fr-FR","@id":"https:\/\/www.altercampagne.net\/?p=3467#primaryimage","url":"http:\/\/altercampagne.free.fr\/pages\/2008\/AlterTour\/pic\/AT2014-cartes-departements-selectionnes.jpg","contentUrl":"http:\/\/altercampagne.free.fr\/pages\/2008\/AlterTour\/pic\/AT2014-cartes-departements-selectionnes.jpg"},{"@type":"BreadcrumbList","@id":"https:\/\/www.altercampagne.net\/?p=3467#breadcrumb","itemListElement":[{"@type":"ListItem","position":1,"name":"Accueil","item":"https:\/\/www.altercampagne.net\/"},{"@type":"ListItem","position":2,"name":"1\u00e8re r\u00e9union de pr\u00e9paration de l&rsquo;AlterTour 2014, les prospections commencent !"}]},{"@type":"WebSite","@id":"https:\/\/www.altercampagne.net\/#website","url":"https:\/\/www.altercampagne.net\/","name":"AlterTour","description":"Reliez les Alternatives \u00e0 v\u00e9lo","potentialAction":[{"@type":"SearchAction","target":{"@type":"EntryPoint","urlTemplate":"https:\/\/www.altercampagne.net\/?s={search_term_string}"},"query-input":{"@type":"PropertyValueSpecification","valueRequired":true,"valueName":"search_term_string"}}],"inLanguage":"fr-FR"},{"@type":"Person","@id":"https:\/\/www.altercampagne.net\/#\/schema\/person\/0f261460c09e430caa0f9bcffa319109","name":"Mathieu","image":{"@type":"ImageObject","inLanguage":"fr-FR","@id":"https:\/\/secure.gravatar.com\/avatar\/aa9d3d24c83f2141e5e2709d0f63d09a99f6be6bb7a50abc4915838d9f54501a?s=96&d=mm&r=g","url":"https:\/\/secure.gravatar.com\/avatar\/aa9d3d24c83f2141e5e2709d0f63d09a99f6be6bb7a50abc4915838d9f54501a?s=96&d=mm&r=g","contentUrl":"https:\/\/secure.gravatar.com\/avatar\/aa9d3d24c83f2141e5e2709d0f63d09a99f6be6bb7a50abc4915838d9f54501a?s=96&d=mm&r=g","caption":"Mathieu"},"url":"https:\/\/www.altercampagne.net\/?author=214"}]}},"_links":{"self":[{"href":"https:\/\/www.altercampagne.net\/index.php?rest_route=\/wp\/v2\/posts\/3467","targetHints":{"allow":["GET"]}}],"collection":[{"href":"https:\/\/www.altercampagne.net\/index.php?rest_route=\/wp\/v2\/posts"}],"about":[{"href":"https:\/\/www.altercampagne.net\/index.php?rest_route=\/wp\/v2\/types\/post"}],"author":[{"embeddable":true,"href":"https:\/\/www.altercampagne.net\/index.php?rest_route=\/wp\/v2\/users\/214"}],"replies":[{"embeddable":true,"href":"https:\/\/www.altercampagne.net\/index.php?rest_route=%2Fwp%2Fv2%2Fcomments&post=3467"}],"version-history":[{"count":1,"href":"https:\/\/www.altercampagne.net\/index.php?rest_route=\/wp\/v2\/posts\/3467\/revisions"}],"predecessor-version":[{"id":17396,"href":"https:\/\/www.altercampagne.net\/index.php?rest_route=\/wp\/v2\/posts\/3467\/revisions\/17396"}],"wp:attachment":[{"href":"https:\/\/www.altercampagne.net\/index.php?rest_route=%2Fwp%2Fv2%2Fmedia&parent=3467"}],"wp:term":[{"taxonomy":"category","embeddable":true,"href":"https:\/\/www.altercampagne.net\/index.php?rest_route=%2Fwp%2Fv2%2Fcategories&post=3467"},{"taxonomy":"post_tag","embeddable":true,"href":"https:\/\/www.altercampagne.net\/index.php?rest_route=%2Fwp%2Fv2%2Ftags&post=3467"}],"curies":[{"name":"wp","href":"https:\/\/api.w.org\/{rel}","templated":true}]}}