{"id":3476,"date":"2013-08-20T19:15:18","date_gmt":"2013-08-20T17:15:18","guid":{"rendered":"http:\/\/www.altercampagne.net\/?p=3476"},"modified":"2019-09-16T13:58:16","modified_gmt":"2019-09-16T11:58:16","slug":"ou-il-est-question-d-alter","status":"publish","type":"post","link":"https:\/\/www.altercampagne.net\/?p=3476","title":{"rendered":"O\u00f9 il est question d\u2019\u00ab Alter \u00bb \u2026"},"content":{"rendered":"<p><span class=\"Style271 Style138 Style152\">\u00ab Alter\u2026 \u00bb ? Le Larousse en ligne donne une d\u00e9finition unique pour l\u2019adjectif et le nom commun : altermondialiste.<br \/>\nPour \u00ab alternative \u00bb, le Petit Robert propose en 3e sens : solution de remplacement.<br \/>\nAinsi les individus qui r\u00eavent et agissent vers un autre monde se sont ils appropri\u00e9s le terme \u00ab Alter \u00bb.<br \/>\nAujourd\u2019hui galvaud\u00e9s dans un n\u00e9o-vocabulaire, comme alter-entrepreneuriat, alter-d\u00e9veloppement, les noms ne font pas tout, les actes sont bien plus forts.<br \/>\nA la fin de l\u2019\u00e9t\u00e9 2013, des \u00ab Alterindividus \u00bb se sont donn\u00e9s rendez-vous dans un paysage vert et vallonn\u00e9, tout pr\u00e8s de la commune la plus froide de France, dans le Jura.<br \/>\nL\u2019AlterTour a finit son voyage 2013, \u00e0 l\u2019Altervillage d\u2019Attac.<\/span><\/p>\n<p><span class=\"Style271 Style138 Style152\">L\u2019AlterVillage d\u2019Attac rassemble une fois par an une centaine de personnes (adh\u00e9rentes ou non au mouvement d\u2019ATTAC \u2013 rappel : Association pour la taxation des transactions financi\u00e8res et pour l\u2019action citoyenne) pendant une semaine dans un lieu non conventionnel, cette ann\u00e9e \u00e0 la ferme (autog\u00e9r\u00e9e depuis 30 ans) la Batailleuse. Les participants campent, participent \u00e0 des ateliers, des d\u00e9bats, et partagent les t\u00e2ches de vie collective : vaisselle, cuisine, tenue du bar, etc. <\/span><\/p>\n<div align=\"justify\">\n<p class=\"Style271 Style138 Style152\">L\u2019AlterTour est un voyage itin\u00e9rant \u00e0 v\u00e9lo, qui, pendant un mois, va \u00e0 la rencontre des \u00ab alternatives \u00bb c\u2019est-\u00e0-dire des projets qui cherchent \u00e0 faire tourner le monde dans un autre sens.<\/p>\n<p class=\"Style271 Style138 Style152\">Ici aussi, les participants campent, refont le monde entre eux ou avec ceux qui les accueillent en chemin, et se r\u00e9partissent les t\u00e2ches : pr\u00e9paration des repas, vaisselle, r\u00e9paration des v\u00e9los, conduite des mini bus, etc.<\/p>\n<p class=\"Style271 Style138 Style152\">Chaque \u00e9v\u00e9nement cherche \u00e0 mettre en lumi\u00e8re une autre fa\u00e7on de vivre et \u00e0 permettre de l\u2019exp\u00e9rimenter pour de vrai. L\u2019AlterVillage comme l\u2019AlterTour sont des occasions de rendre visible le monde que ces \u00ab Alterindividus \u00bb souhaitent, et de mettre en coh\u00e9rence ce qu\u2019ils disent et ce qu\u2019ils font.<\/p>\n<p class=\"Style271 Style138 Style152\">Des douches solaires \u00e0 la cuisine collective, en passant par les toilettes s\u00e8ches, le d\u00e9placement \u00e0 v\u00e9lo, le choix de se nourrir avec des produits locaux et souvent issus de l\u2019agriculture biologique, c\u2019est bien qu\u2019un autre monde est possible.<\/p>\n<p class=\"Style271 Style138 Style152\">Au-del\u00e0 de ces d\u00e9monstrations pratiques \u00e9ph\u00e9m\u00e8res, l\u2019AlterTour a aussi crois\u00e9 le chemin de projets qui inscrivent ces pratiques dans la dur\u00e9e.<\/p>\n<p class=\"Style271 Style138 Style152\">Par exemple : l\u2019association Fruimalin \u00e0 Dijon (1 an d\u2019existence), l\u2019association Graines de No\u00e9 (3ans), le restaurant municipal de Lons-le-Saulnier (2 ans), la ferme de la Batailleuse (30 ans) ; certains projets sont jeunes mais ont de belles perspectives.<\/p>\n<p class=\"Style271 Style138 Style152\"><img loading=\"lazy\" decoding=\"async\" class=\" alignleft\" src=\"https:\/\/lh4.googleusercontent.com\/-RFuOx4I3DFY\/UhsMbLQ8TgI\/AAAAAAAATi4\/pbB87Fk43J8\/s720\/2013-08-20_17.55.51_2449.jpg\" alt=\"\" width=\"720\" height=\"483\" \/>Dans cet autre monde, on tente aussi de r\u00e9inventer des sujets plus ardus que la vie quotidienne :<\/p>\n<p class=\"Style271 Style138 Style152\">\u2022 les relations sociales : pas de fonctionnement hi\u00e9rarchique, les d\u00e9cisions sont discut\u00e9es et adopt\u00e9es le plus possible par consensus.<\/p>\n<p class=\"Style271 Style138 Style152\">\u2022 le r\u00f4le de l\u2019argent. Le montant de la participation \u00e0 l\u2019AlterTour d\u00e9pend des revenus afin de permettre au plus grand nombre de participer, l\u2019AlterVillage lui fonctionne sur le principe du prix libre : un prix de revient est indiqu\u00e9 pour la nourriture et l\u2019accueil, mais la participation de chacun est libre et non contr\u00f4l\u00e9e.<\/p>\n<p class=\"Style271 Style138 Style152\">Cet autre monde est possible, la preuve !<\/p>\n<p class=\"Style271 Style138 Style152\" align=\"justify\">Des exemples de la diversit\u00e9 de \u00ab l\u2018Altermonde \u00bb que nous voulons, tir\u00e9s de l\u2019organisation de la pr\u00e9paration des repas. A l\u2019AlterVillage, le livret de r\u00e9f\u00e9rence mentionne jour par jour, repas par repas, les successions de t\u00e2ches \u00e0 accomplir avec quantit\u00e9s, aides pour anticiper sur le lendemain, etc.<br \/>\nA l\u2019AlterTour, lors du briefing du soir, une \u00e9quipe cuisine est cr\u00e9\u00e9e avec des volontaires pour chaque repas du lendemain. Chaque \u00e9quipe va choisir son menu en fonction des stocks de produits frais et secs dans le camion. Il y a certes un livret avec des suggestions de recettes et de quantit\u00e9s mais la libert\u00e9 et les risques sont totaux \u2026J\u2019avoue n\u2019avoir jamais \u00e9t\u00e9 d\u00e9\u00e7ue !<\/p>\n<p class=\"Style271 Style138 Style152\" align=\"justify\">Ce voyage \u00e0 v\u00e9lo comme ce village d\u00e9montrent qu\u2019un autre monde est possible nous obligeant \u00e0 r\u00e9inventer des r\u00e8gles, des conventions pour que le monde tourne dans un sens diff\u00e9rent o\u00f9 beaucoup d\u2019individus alter ou pas seraient plus \u00e0 leur aise<\/p>\n<p class=\"Style271 Style138 Style152\" align=\"justify\">Merci \u00e0 Rapha\u00ebl pour les \u00e9changes qui ont inspir\u00e9 ce texte.<\/p>\n<p class=\"Style271 Style138 Style152\" align=\"right\">AD \/ Septembre 2013<\/p>\n<\/div>\n","protected":false},"excerpt":{"rendered":"<p>\u00ab Alter\u2026 \u00bb ? Le Larousse en ligne donne une d\u00e9finition unique pour l\u2019adjectif et le nom commun : altermondialiste. Pour \u00ab alternative \u00bb, le Petit Robert propose en 3e sens : solution de remplacement. Ainsi les individus qui r\u00eavent et agissent vers un autre monde se sont ils appropri\u00e9s &#8230; <\/p>\n<div><a href=\"https:\/\/www.altercampagne.net\/?p=3476\" class=\"more-link\">Read More<\/a><\/div>\n","protected":false},"author":214,"featured_media":15708,"comment_status":"closed","ping_status":"closed","sticky":false,"template":"","format":"standard","meta":{"footnotes":""},"categories":[3495,3542,3462],"tags":[694,864,901,902,903,904],"class_list":["post-3476","post","type-post","status-publish","format-standard","has-post-thumbnail","hentry","category-bourgogne-franche-comte","category-lutte","category-edition-2013","tag-altertour-2013","tag-graines-de-noe","tag-altervillage-dattac","tag-fruimalin","tag-ferme-de-la-batailleuse","tag-rochejean"],"yoast_head":"<!-- This site is optimized with the Yoast SEO plugin v27.3 - https:\/\/yoast.com\/product\/yoast-seo-wordpress\/ -->\n<title>O\u00f9 il est question d\u2019\u00ab Alter \u00bb \u2026 - AlterTour<\/title>\n<meta name=\"robots\" content=\"index, follow, max-snippet:-1, max-image-preview:large, max-video-preview:-1\" \/>\n<link rel=\"canonical\" href=\"https:\/\/www.altercampagne.net\/?p=3476\" \/>\n<meta property=\"og:locale\" content=\"fr_FR\" \/>\n<meta property=\"og:type\" content=\"article\" \/>\n<meta property=\"og:title\" content=\"O\u00f9 il est question d\u2019\u00ab Alter \u00bb \u2026 - AlterTour\" \/>\n<meta property=\"og:description\" content=\"\u00ab Alter\u2026 \u00bb ? Le Larousse en ligne donne une d\u00e9finition unique pour l\u2019adjectif et le nom commun : altermondialiste. Pour \u00ab alternative \u00bb, le Petit Robert propose en 3e sens : solution de remplacement. Ainsi les individus qui r\u00eavent et agissent vers un autre monde se sont ils appropri\u00e9s ... Read More\" \/>\n<meta property=\"og:url\" content=\"https:\/\/www.altercampagne.net\/?p=3476\" \/>\n<meta property=\"og:site_name\" content=\"AlterTour\" \/>\n<meta property=\"article:published_time\" content=\"2013-08-20T17:15:18+00:00\" \/>\n<meta property=\"article:modified_time\" content=\"2019-09-16T11:58:16+00:00\" \/>\n<meta property=\"og:image\" content=\"https:\/\/www.altercampagne.net\/wp-content\/uploads\/2013\/09\/2013-08-20_17.54.jpg\" \/>\n\t<meta property=\"og:image:width\" content=\"907\" \/>\n\t<meta property=\"og:image:height\" content=\"474\" \/>\n\t<meta property=\"og:image:type\" content=\"image\/jpeg\" \/>\n<meta name=\"author\" content=\"Mathieu\" \/>\n<meta name=\"twitter:card\" content=\"summary_large_image\" \/>\n<meta name=\"twitter:label1\" content=\"\u00c9crit par\" \/>\n\t<meta name=\"twitter:data1\" content=\"Mathieu\" \/>\n\t<meta name=\"twitter:label2\" content=\"Dur\u00e9e de lecture estim\u00e9e\" \/>\n\t<meta name=\"twitter:data2\" content=\"4 minutes\" \/>\n<script type=\"application\/ld+json\" class=\"yoast-schema-graph\">{\"@context\":\"https:\\\/\\\/schema.org\",\"@graph\":[{\"@type\":\"Article\",\"@id\":\"https:\\\/\\\/www.altercampagne.net\\\/?p=3476#article\",\"isPartOf\":{\"@id\":\"https:\\\/\\\/www.altercampagne.net\\\/?p=3476\"},\"author\":{\"name\":\"Mathieu\",\"@id\":\"https:\\\/\\\/www.altercampagne.net\\\/#\\\/schema\\\/person\\\/0f261460c09e430caa0f9bcffa319109\"},\"headline\":\"O\u00f9 il est question d\u2019\u00ab Alter \u00bb \u2026\",\"datePublished\":\"2013-08-20T17:15:18+00:00\",\"dateModified\":\"2019-09-16T11:58:16+00:00\",\"mainEntityOfPage\":{\"@id\":\"https:\\\/\\\/www.altercampagne.net\\\/?p=3476\"},\"wordCount\":724,\"image\":{\"@id\":\"https:\\\/\\\/www.altercampagne.net\\\/?p=3476#primaryimage\"},\"thumbnailUrl\":\"https:\\\/\\\/www.altercampagne.net\\\/wp-content\\\/uploads\\\/2013\\\/09\\\/2013-08-20_17.54.jpg\",\"keywords\":[\"AlterTour 2013\",\"Graines de No\u00e9\",\"Altervillage d\u2019Attac\",\"Fruimalin\",\"ferme de la Batailleuse\",\"rochejean\"],\"articleSection\":[\"Bourgogne-Franche-Comt\u00e9\",\"Lutte\",\"\u00c9dition 2013\"],\"inLanguage\":\"fr-FR\"},{\"@type\":\"WebPage\",\"@id\":\"https:\\\/\\\/www.altercampagne.net\\\/?p=3476\",\"url\":\"https:\\\/\\\/www.altercampagne.net\\\/?p=3476\",\"name\":\"O\u00f9 il est question d\u2019\u00ab Alter \u00bb \u2026 - AlterTour\",\"isPartOf\":{\"@id\":\"https:\\\/\\\/www.altercampagne.net\\\/#website\"},\"primaryImageOfPage\":{\"@id\":\"https:\\\/\\\/www.altercampagne.net\\\/?p=3476#primaryimage\"},\"image\":{\"@id\":\"https:\\\/\\\/www.altercampagne.net\\\/?p=3476#primaryimage\"},\"thumbnailUrl\":\"https:\\\/\\\/www.altercampagne.net\\\/wp-content\\\/uploads\\\/2013\\\/09\\\/2013-08-20_17.54.jpg\",\"datePublished\":\"2013-08-20T17:15:18+00:00\",\"dateModified\":\"2019-09-16T11:58:16+00:00\",\"author\":{\"@id\":\"https:\\\/\\\/www.altercampagne.net\\\/#\\\/schema\\\/person\\\/0f261460c09e430caa0f9bcffa319109\"},\"breadcrumb\":{\"@id\":\"https:\\\/\\\/www.altercampagne.net\\\/?p=3476#breadcrumb\"},\"inLanguage\":\"fr-FR\",\"potentialAction\":[{\"@type\":\"ReadAction\",\"target\":[\"https:\\\/\\\/www.altercampagne.net\\\/?p=3476\"]}]},{\"@type\":\"ImageObject\",\"inLanguage\":\"fr-FR\",\"@id\":\"https:\\\/\\\/www.altercampagne.net\\\/?p=3476#primaryimage\",\"url\":\"https:\\\/\\\/www.altercampagne.net\\\/wp-content\\\/uploads\\\/2013\\\/09\\\/2013-08-20_17.54.jpg\",\"contentUrl\":\"https:\\\/\\\/www.altercampagne.net\\\/wp-content\\\/uploads\\\/2013\\\/09\\\/2013-08-20_17.54.jpg\",\"width\":907,\"height\":474},{\"@type\":\"BreadcrumbList\",\"@id\":\"https:\\\/\\\/www.altercampagne.net\\\/?p=3476#breadcrumb\",\"itemListElement\":[{\"@type\":\"ListItem\",\"position\":1,\"name\":\"Accueil\",\"item\":\"https:\\\/\\\/www.altercampagne.net\\\/\"},{\"@type\":\"ListItem\",\"position\":2,\"name\":\"O\u00f9 il est question d\u2019\u00ab Alter \u00bb \u2026\"}]},{\"@type\":\"WebSite\",\"@id\":\"https:\\\/\\\/www.altercampagne.net\\\/#website\",\"url\":\"https:\\\/\\\/www.altercampagne.net\\\/\",\"name\":\"AlterTour\",\"description\":\"Reliez les Alternatives \u00e0 v\u00e9lo\",\"potentialAction\":[{\"@type\":\"SearchAction\",\"target\":{\"@type\":\"EntryPoint\",\"urlTemplate\":\"https:\\\/\\\/www.altercampagne.net\\\/?s={search_term_string}\"},\"query-input\":{\"@type\":\"PropertyValueSpecification\",\"valueRequired\":true,\"valueName\":\"search_term_string\"}}],\"inLanguage\":\"fr-FR\"},{\"@type\":\"Person\",\"@id\":\"https:\\\/\\\/www.altercampagne.net\\\/#\\\/schema\\\/person\\\/0f261460c09e430caa0f9bcffa319109\",\"name\":\"Mathieu\",\"image\":{\"@type\":\"ImageObject\",\"inLanguage\":\"fr-FR\",\"@id\":\"https:\\\/\\\/secure.gravatar.com\\\/avatar\\\/aa9d3d24c83f2141e5e2709d0f63d09a99f6be6bb7a50abc4915838d9f54501a?s=96&d=mm&r=g\",\"url\":\"https:\\\/\\\/secure.gravatar.com\\\/avatar\\\/aa9d3d24c83f2141e5e2709d0f63d09a99f6be6bb7a50abc4915838d9f54501a?s=96&d=mm&r=g\",\"contentUrl\":\"https:\\\/\\\/secure.gravatar.com\\\/avatar\\\/aa9d3d24c83f2141e5e2709d0f63d09a99f6be6bb7a50abc4915838d9f54501a?s=96&d=mm&r=g\",\"caption\":\"Mathieu\"},\"url\":\"https:\\\/\\\/www.altercampagne.net\\\/?author=214\"}]}<\/script>\n<!-- \/ Yoast SEO plugin. -->","yoast_head_json":{"title":"O\u00f9 il est question d\u2019\u00ab Alter \u00bb \u2026 - AlterTour","robots":{"index":"index","follow":"follow","max-snippet":"max-snippet:-1","max-image-preview":"max-image-preview:large","max-video-preview":"max-video-preview:-1"},"canonical":"https:\/\/www.altercampagne.net\/?p=3476","og_locale":"fr_FR","og_type":"article","og_title":"O\u00f9 il est question d\u2019\u00ab Alter \u00bb \u2026 - AlterTour","og_description":"\u00ab Alter\u2026 \u00bb ? Le Larousse en ligne donne une d\u00e9finition unique pour l\u2019adjectif et le nom commun : altermondialiste. Pour \u00ab alternative \u00bb, le Petit Robert propose en 3e sens : solution de remplacement. Ainsi les individus qui r\u00eavent et agissent vers un autre monde se sont ils appropri\u00e9s ... Read More","og_url":"https:\/\/www.altercampagne.net\/?p=3476","og_site_name":"AlterTour","article_published_time":"2013-08-20T17:15:18+00:00","article_modified_time":"2019-09-16T11:58:16+00:00","og_image":[{"width":907,"height":474,"url":"https:\/\/www.altercampagne.net\/wp-content\/uploads\/2013\/09\/2013-08-20_17.54.jpg","type":"image\/jpeg"}],"author":"Mathieu","twitter_card":"summary_large_image","twitter_misc":{"\u00c9crit par":"Mathieu","Dur\u00e9e de lecture estim\u00e9e":"4 minutes"},"schema":{"@context":"https:\/\/schema.org","@graph":[{"@type":"Article","@id":"https:\/\/www.altercampagne.net\/?p=3476#article","isPartOf":{"@id":"https:\/\/www.altercampagne.net\/?p=3476"},"author":{"name":"Mathieu","@id":"https:\/\/www.altercampagne.net\/#\/schema\/person\/0f261460c09e430caa0f9bcffa319109"},"headline":"O\u00f9 il est question d\u2019\u00ab Alter \u00bb \u2026","datePublished":"2013-08-20T17:15:18+00:00","dateModified":"2019-09-16T11:58:16+00:00","mainEntityOfPage":{"@id":"https:\/\/www.altercampagne.net\/?p=3476"},"wordCount":724,"image":{"@id":"https:\/\/www.altercampagne.net\/?p=3476#primaryimage"},"thumbnailUrl":"https:\/\/www.altercampagne.net\/wp-content\/uploads\/2013\/09\/2013-08-20_17.54.jpg","keywords":["AlterTour 2013","Graines de No\u00e9","Altervillage d\u2019Attac","Fruimalin","ferme de la Batailleuse","rochejean"],"articleSection":["Bourgogne-Franche-Comt\u00e9","Lutte","\u00c9dition 2013"],"inLanguage":"fr-FR"},{"@type":"WebPage","@id":"https:\/\/www.altercampagne.net\/?p=3476","url":"https:\/\/www.altercampagne.net\/?p=3476","name":"O\u00f9 il est question d\u2019\u00ab Alter \u00bb \u2026 - AlterTour","isPartOf":{"@id":"https:\/\/www.altercampagne.net\/#website"},"primaryImageOfPage":{"@id":"https:\/\/www.altercampagne.net\/?p=3476#primaryimage"},"image":{"@id":"https:\/\/www.altercampagne.net\/?p=3476#primaryimage"},"thumbnailUrl":"https:\/\/www.altercampagne.net\/wp-content\/uploads\/2013\/09\/2013-08-20_17.54.jpg","datePublished":"2013-08-20T17:15:18+00:00","dateModified":"2019-09-16T11:58:16+00:00","author":{"@id":"https:\/\/www.altercampagne.net\/#\/schema\/person\/0f261460c09e430caa0f9bcffa319109"},"breadcrumb":{"@id":"https:\/\/www.altercampagne.net\/?p=3476#breadcrumb"},"inLanguage":"fr-FR","potentialAction":[{"@type":"ReadAction","target":["https:\/\/www.altercampagne.net\/?p=3476"]}]},{"@type":"ImageObject","inLanguage":"fr-FR","@id":"https:\/\/www.altercampagne.net\/?p=3476#primaryimage","url":"https:\/\/www.altercampagne.net\/wp-content\/uploads\/2013\/09\/2013-08-20_17.54.jpg","contentUrl":"https:\/\/www.altercampagne.net\/wp-content\/uploads\/2013\/09\/2013-08-20_17.54.jpg","width":907,"height":474},{"@type":"BreadcrumbList","@id":"https:\/\/www.altercampagne.net\/?p=3476#breadcrumb","itemListElement":[{"@type":"ListItem","position":1,"name":"Accueil","item":"https:\/\/www.altercampagne.net\/"},{"@type":"ListItem","position":2,"name":"O\u00f9 il est question d\u2019\u00ab Alter \u00bb \u2026"}]},{"@type":"WebSite","@id":"https:\/\/www.altercampagne.net\/#website","url":"https:\/\/www.altercampagne.net\/","name":"AlterTour","description":"Reliez les Alternatives \u00e0 v\u00e9lo","potentialAction":[{"@type":"SearchAction","target":{"@type":"EntryPoint","urlTemplate":"https:\/\/www.altercampagne.net\/?s={search_term_string}"},"query-input":{"@type":"PropertyValueSpecification","valueRequired":true,"valueName":"search_term_string"}}],"inLanguage":"fr-FR"},{"@type":"Person","@id":"https:\/\/www.altercampagne.net\/#\/schema\/person\/0f261460c09e430caa0f9bcffa319109","name":"Mathieu","image":{"@type":"ImageObject","inLanguage":"fr-FR","@id":"https:\/\/secure.gravatar.com\/avatar\/aa9d3d24c83f2141e5e2709d0f63d09a99f6be6bb7a50abc4915838d9f54501a?s=96&d=mm&r=g","url":"https:\/\/secure.gravatar.com\/avatar\/aa9d3d24c83f2141e5e2709d0f63d09a99f6be6bb7a50abc4915838d9f54501a?s=96&d=mm&r=g","contentUrl":"https:\/\/secure.gravatar.com\/avatar\/aa9d3d24c83f2141e5e2709d0f63d09a99f6be6bb7a50abc4915838d9f54501a?s=96&d=mm&r=g","caption":"Mathieu"},"url":"https:\/\/www.altercampagne.net\/?author=214"}]}},"_links":{"self":[{"href":"https:\/\/www.altercampagne.net\/index.php?rest_route=\/wp\/v2\/posts\/3476","targetHints":{"allow":["GET"]}}],"collection":[{"href":"https:\/\/www.altercampagne.net\/index.php?rest_route=\/wp\/v2\/posts"}],"about":[{"href":"https:\/\/www.altercampagne.net\/index.php?rest_route=\/wp\/v2\/types\/post"}],"author":[{"embeddable":true,"href":"https:\/\/www.altercampagne.net\/index.php?rest_route=\/wp\/v2\/users\/214"}],"replies":[{"embeddable":true,"href":"https:\/\/www.altercampagne.net\/index.php?rest_route=%2Fwp%2Fv2%2Fcomments&post=3476"}],"version-history":[{"count":0,"href":"https:\/\/www.altercampagne.net\/index.php?rest_route=\/wp\/v2\/posts\/3476\/revisions"}],"wp:featuredmedia":[{"embeddable":true,"href":"https:\/\/www.altercampagne.net\/index.php?rest_route=\/wp\/v2\/media\/15708"}],"wp:attachment":[{"href":"https:\/\/www.altercampagne.net\/index.php?rest_route=%2Fwp%2Fv2%2Fmedia&parent=3476"}],"wp:term":[{"taxonomy":"category","embeddable":true,"href":"https:\/\/www.altercampagne.net\/index.php?rest_route=%2Fwp%2Fv2%2Fcategories&post=3476"},{"taxonomy":"post_tag","embeddable":true,"href":"https:\/\/www.altercampagne.net\/index.php?rest_route=%2Fwp%2Fv2%2Ftags&post=3476"}],"curies":[{"name":"wp","href":"https:\/\/api.w.org\/{rel}","templated":true}]}}