{"id":3482,"date":"2013-08-27T19:22:18","date_gmt":"2013-08-27T17:22:18","guid":{"rendered":"http:\/\/www.altercampagne.net\/?p=3482"},"modified":"2016-04-05T19:24:29","modified_gmt":"2016-04-05T17:24:29","slug":"chantier-terre-paille-a-leco-hameau-dandral-dans-le-lot","status":"publish","type":"post","link":"https:\/\/www.altercampagne.net\/?p=3482","title":{"rendered":"Chantier terre-paille \u00e0 l&rsquo;\u00e9co-hameau d&rsquo;Andral, dans le Lot"},"content":{"rendered":"<p class=\"Style271 Style138 Style152\" align=\"justify\"><img loading=\"lazy\" decoding=\"async\" class=\" alignleft\" src=\"http:\/\/altercampagne.free.fr\/pages\/2008\/AlterTour\/pic\/AT2013-chantier-andral.JPG\" alt=\"\" width=\"300\" height=\"225\" \/>V\u00e9ronique habitante du <a href=\"http:\/\/ecohameaudandral.over-blog.org\/\" target=\"_blank\">Eco-hameau d&rsquo;Andral<\/a>, situ\u00e9 au Vigan, dans le Lot, cherche des volontaires pour l&rsquo;aider \u00e0 terminer les murs de sa maison.<\/p>\n<p class=\"Style271 Style138 Style152\" align=\"justify\">Il s&rsquo;agit de murs en terre paille sur une ossature bois.<\/p>\n<p class=\"Style271 Style138 Style152\" align=\"justify\">Si vous souhaitez en savoir plus sur cette mise en \u0153uvre, d\u00e9couvrir le projet d&rsquo;\u00e9co-hameau, \u00e9changer avec d&rsquo;autres auto-constructeurs, elle vous accueille avec plaisir, vous h\u00e9berge et vous nourris en \u00e9change de votre \u00e9nergie et votre bonne humeur.<\/p>\n<div align=\"left\">\n<p class=\"Style271 Style138 Style152\" align=\"justify\">Les sessions \u00e0 venir :<\/p>\n<p class=\"Style271 Style138 Style152\" align=\"justify\">Du 9 au 13 Septembre<br \/>\nDu 16 au 20 Septembre<br \/>\nDu 23 au 27 Septembre<\/p>\n<p class=\"Style271 Style138 Style152\" align=\"justify\">N&rsquo;h\u00e9sitez pas \u00e0 la contacter pour tout renseignement compl\u00e9mentaire.<\/p>\n<p class=\"Style271 Style138 Style152\" align=\"justify\">Contact : V\u00e9ronique &#8211; 06 19 17 41 58 &#8211; <a href=\"mailto:gerard.veronique@hotmail.fr\">gerard.veronique@hotmail.fr<\/a><\/p>\n<p class=\"Style271 Style138 Style152\" align=\"justify\"><a href=\"http:\/\/ecohameaudandral.over-blog.org\/\" target=\"_blank\">Eco-hameau d&rsquo;Andral<\/a><\/p>\n<\/div>\n<p class=\"Style271 Style138 Style152\" align=\"justify\">\n","protected":false},"excerpt":{"rendered":"<p>V\u00e9ronique habitante du Eco-hameau d&rsquo;Andral, situ\u00e9 au Vigan, dans le Lot, cherche des volontaires pour l&rsquo;aider \u00e0 terminer les murs de sa maison. Il s&rsquo;agit de murs en terre paille sur une ossature bois. Si vous souhaitez en savoir plus sur cette mise en \u0153uvre, d\u00e9couvrir le projet d&rsquo;\u00e9co-hameau, \u00e9changer &#8230; <\/p>\n<div><a href=\"https:\/\/www.altercampagne.net\/?p=3482\" class=\"more-link\">Read More<\/a><\/div>\n","protected":false},"author":214,"featured_media":0,"comment_status":"closed","ping_status":"closed","sticky":false,"template":"","format":"standard","meta":{"footnotes":""},"categories":[1],"tags":[907,908,909],"class_list":["post-3482","post","type-post","status-publish","format-standard","hentry","category-non-classe","tag-eco-hameau-dandral","tag-le-vigan","tag-chantier-terre-paille","no-post-thumbnail"],"yoast_head":"<!-- This site is optimized with the Yoast SEO plugin v27.3 - https:\/\/yoast.com\/product\/yoast-seo-wordpress\/ -->\n<title>Chantier terre-paille \u00e0 l&#039;\u00e9co-hameau d&#039;Andral, dans le Lot - AlterTour<\/title>\n<meta name=\"robots\" content=\"index, follow, max-snippet:-1, max-image-preview:large, max-video-preview:-1\" \/>\n<link rel=\"canonical\" href=\"https:\/\/www.altercampagne.net\/?p=3482\" \/>\n<meta property=\"og:locale\" content=\"fr_FR\" \/>\n<meta property=\"og:type\" content=\"article\" \/>\n<meta property=\"og:title\" content=\"Chantier terre-paille \u00e0 l&#039;\u00e9co-hameau d&#039;Andral, dans le Lot - AlterTour\" \/>\n<meta property=\"og:description\" content=\"V\u00e9ronique habitante du Eco-hameau d&rsquo;Andral, situ\u00e9 au Vigan, dans le Lot, cherche des volontaires pour l&rsquo;aider \u00e0 terminer les murs de sa maison. Il s&rsquo;agit de murs en terre paille sur une ossature bois. Si vous souhaitez en savoir plus sur cette mise en \u0153uvre, d\u00e9couvrir le projet d&rsquo;\u00e9co-hameau, \u00e9changer ... Read More\" \/>\n<meta property=\"og:url\" content=\"https:\/\/www.altercampagne.net\/?p=3482\" \/>\n<meta property=\"og:site_name\" content=\"AlterTour\" \/>\n<meta property=\"article:published_time\" content=\"2013-08-27T17:22:18+00:00\" \/>\n<meta property=\"article:modified_time\" content=\"2016-04-05T17:24:29+00:00\" \/>\n<meta property=\"og:image\" content=\"http:\/\/altercampagne.free.fr\/pages\/2008\/AlterTour\/pic\/AT2013-chantier-andral.JPG\" \/>\n<meta name=\"author\" content=\"Mathieu\" \/>\n<meta name=\"twitter:card\" content=\"summary_large_image\" \/>\n<meta name=\"twitter:label1\" content=\"\u00c9crit par\" \/>\n\t<meta name=\"twitter:data1\" content=\"Mathieu\" \/>\n\t<meta name=\"twitter:label2\" content=\"Dur\u00e9e de lecture estim\u00e9e\" \/>\n\t<meta name=\"twitter:data2\" content=\"1 minute\" \/>\n<script type=\"application\/ld+json\" class=\"yoast-schema-graph\">{\"@context\":\"https:\\\/\\\/schema.org\",\"@graph\":[{\"@type\":\"Article\",\"@id\":\"https:\\\/\\\/www.altercampagne.net\\\/?p=3482#article\",\"isPartOf\":{\"@id\":\"https:\\\/\\\/www.altercampagne.net\\\/?p=3482\"},\"author\":{\"name\":\"Mathieu\",\"@id\":\"https:\\\/\\\/www.altercampagne.net\\\/#\\\/schema\\\/person\\\/0f261460c09e430caa0f9bcffa319109\"},\"headline\":\"Chantier terre-paille \u00e0 l&rsquo;\u00e9co-hameau d&rsquo;Andral, dans le Lot\",\"datePublished\":\"2013-08-27T17:22:18+00:00\",\"dateModified\":\"2016-04-05T17:24:29+00:00\",\"mainEntityOfPage\":{\"@id\":\"https:\\\/\\\/www.altercampagne.net\\\/?p=3482\"},\"wordCount\":123,\"image\":{\"@id\":\"https:\\\/\\\/www.altercampagne.net\\\/?p=3482#primaryimage\"},\"thumbnailUrl\":\"http:\\\/\\\/altercampagne.free.fr\\\/pages\\\/2008\\\/AlterTour\\\/pic\\\/AT2013-chantier-andral.JPG\",\"keywords\":[\"Eco-hameau d'Andral\",\"le Vigan\",\"Chantier terre-paille\"],\"inLanguage\":\"fr-FR\"},{\"@type\":\"WebPage\",\"@id\":\"https:\\\/\\\/www.altercampagne.net\\\/?p=3482\",\"url\":\"https:\\\/\\\/www.altercampagne.net\\\/?p=3482\",\"name\":\"Chantier terre-paille \u00e0 l'\u00e9co-hameau d'Andral, dans le Lot - AlterTour\",\"isPartOf\":{\"@id\":\"https:\\\/\\\/www.altercampagne.net\\\/#website\"},\"primaryImageOfPage\":{\"@id\":\"https:\\\/\\\/www.altercampagne.net\\\/?p=3482#primaryimage\"},\"image\":{\"@id\":\"https:\\\/\\\/www.altercampagne.net\\\/?p=3482#primaryimage\"},\"thumbnailUrl\":\"http:\\\/\\\/altercampagne.free.fr\\\/pages\\\/2008\\\/AlterTour\\\/pic\\\/AT2013-chantier-andral.JPG\",\"datePublished\":\"2013-08-27T17:22:18+00:00\",\"dateModified\":\"2016-04-05T17:24:29+00:00\",\"author\":{\"@id\":\"https:\\\/\\\/www.altercampagne.net\\\/#\\\/schema\\\/person\\\/0f261460c09e430caa0f9bcffa319109\"},\"breadcrumb\":{\"@id\":\"https:\\\/\\\/www.altercampagne.net\\\/?p=3482#breadcrumb\"},\"inLanguage\":\"fr-FR\",\"potentialAction\":[{\"@type\":\"ReadAction\",\"target\":[\"https:\\\/\\\/www.altercampagne.net\\\/?p=3482\"]}]},{\"@type\":\"ImageObject\",\"inLanguage\":\"fr-FR\",\"@id\":\"https:\\\/\\\/www.altercampagne.net\\\/?p=3482#primaryimage\",\"url\":\"http:\\\/\\\/altercampagne.free.fr\\\/pages\\\/2008\\\/AlterTour\\\/pic\\\/AT2013-chantier-andral.JPG\",\"contentUrl\":\"http:\\\/\\\/altercampagne.free.fr\\\/pages\\\/2008\\\/AlterTour\\\/pic\\\/AT2013-chantier-andral.JPG\"},{\"@type\":\"BreadcrumbList\",\"@id\":\"https:\\\/\\\/www.altercampagne.net\\\/?p=3482#breadcrumb\",\"itemListElement\":[{\"@type\":\"ListItem\",\"position\":1,\"name\":\"Accueil\",\"item\":\"https:\\\/\\\/www.altercampagne.net\\\/\"},{\"@type\":\"ListItem\",\"position\":2,\"name\":\"Chantier terre-paille \u00e0 l&rsquo;\u00e9co-hameau d&rsquo;Andral, dans le Lot\"}]},{\"@type\":\"WebSite\",\"@id\":\"https:\\\/\\\/www.altercampagne.net\\\/#website\",\"url\":\"https:\\\/\\\/www.altercampagne.net\\\/\",\"name\":\"AlterTour\",\"description\":\"Reliez les Alternatives \u00e0 v\u00e9lo\",\"potentialAction\":[{\"@type\":\"SearchAction\",\"target\":{\"@type\":\"EntryPoint\",\"urlTemplate\":\"https:\\\/\\\/www.altercampagne.net\\\/?s={search_term_string}\"},\"query-input\":{\"@type\":\"PropertyValueSpecification\",\"valueRequired\":true,\"valueName\":\"search_term_string\"}}],\"inLanguage\":\"fr-FR\"},{\"@type\":\"Person\",\"@id\":\"https:\\\/\\\/www.altercampagne.net\\\/#\\\/schema\\\/person\\\/0f261460c09e430caa0f9bcffa319109\",\"name\":\"Mathieu\",\"image\":{\"@type\":\"ImageObject\",\"inLanguage\":\"fr-FR\",\"@id\":\"https:\\\/\\\/secure.gravatar.com\\\/avatar\\\/aa9d3d24c83f2141e5e2709d0f63d09a99f6be6bb7a50abc4915838d9f54501a?s=96&d=mm&r=g\",\"url\":\"https:\\\/\\\/secure.gravatar.com\\\/avatar\\\/aa9d3d24c83f2141e5e2709d0f63d09a99f6be6bb7a50abc4915838d9f54501a?s=96&d=mm&r=g\",\"contentUrl\":\"https:\\\/\\\/secure.gravatar.com\\\/avatar\\\/aa9d3d24c83f2141e5e2709d0f63d09a99f6be6bb7a50abc4915838d9f54501a?s=96&d=mm&r=g\",\"caption\":\"Mathieu\"},\"url\":\"https:\\\/\\\/www.altercampagne.net\\\/?author=214\"}]}<\/script>\n<!-- \/ Yoast SEO plugin. -->","yoast_head_json":{"title":"Chantier terre-paille \u00e0 l'\u00e9co-hameau d'Andral, dans le Lot - AlterTour","robots":{"index":"index","follow":"follow","max-snippet":"max-snippet:-1","max-image-preview":"max-image-preview:large","max-video-preview":"max-video-preview:-1"},"canonical":"https:\/\/www.altercampagne.net\/?p=3482","og_locale":"fr_FR","og_type":"article","og_title":"Chantier terre-paille \u00e0 l'\u00e9co-hameau d'Andral, dans le Lot - AlterTour","og_description":"V\u00e9ronique habitante du Eco-hameau d&rsquo;Andral, situ\u00e9 au Vigan, dans le Lot, cherche des volontaires pour l&rsquo;aider \u00e0 terminer les murs de sa maison. Il s&rsquo;agit de murs en terre paille sur une ossature bois. Si vous souhaitez en savoir plus sur cette mise en \u0153uvre, d\u00e9couvrir le projet d&rsquo;\u00e9co-hameau, \u00e9changer ... Read More","og_url":"https:\/\/www.altercampagne.net\/?p=3482","og_site_name":"AlterTour","article_published_time":"2013-08-27T17:22:18+00:00","article_modified_time":"2016-04-05T17:24:29+00:00","og_image":[{"url":"http:\/\/altercampagne.free.fr\/pages\/2008\/AlterTour\/pic\/AT2013-chantier-andral.JPG","type":"","width":"","height":""}],"author":"Mathieu","twitter_card":"summary_large_image","twitter_misc":{"\u00c9crit par":"Mathieu","Dur\u00e9e de lecture estim\u00e9e":"1 minute"},"schema":{"@context":"https:\/\/schema.org","@graph":[{"@type":"Article","@id":"https:\/\/www.altercampagne.net\/?p=3482#article","isPartOf":{"@id":"https:\/\/www.altercampagne.net\/?p=3482"},"author":{"name":"Mathieu","@id":"https:\/\/www.altercampagne.net\/#\/schema\/person\/0f261460c09e430caa0f9bcffa319109"},"headline":"Chantier terre-paille \u00e0 l&rsquo;\u00e9co-hameau d&rsquo;Andral, dans le Lot","datePublished":"2013-08-27T17:22:18+00:00","dateModified":"2016-04-05T17:24:29+00:00","mainEntityOfPage":{"@id":"https:\/\/www.altercampagne.net\/?p=3482"},"wordCount":123,"image":{"@id":"https:\/\/www.altercampagne.net\/?p=3482#primaryimage"},"thumbnailUrl":"http:\/\/altercampagne.free.fr\/pages\/2008\/AlterTour\/pic\/AT2013-chantier-andral.JPG","keywords":["Eco-hameau d'Andral","le Vigan","Chantier terre-paille"],"inLanguage":"fr-FR"},{"@type":"WebPage","@id":"https:\/\/www.altercampagne.net\/?p=3482","url":"https:\/\/www.altercampagne.net\/?p=3482","name":"Chantier terre-paille \u00e0 l'\u00e9co-hameau d'Andral, dans le Lot - AlterTour","isPartOf":{"@id":"https:\/\/www.altercampagne.net\/#website"},"primaryImageOfPage":{"@id":"https:\/\/www.altercampagne.net\/?p=3482#primaryimage"},"image":{"@id":"https:\/\/www.altercampagne.net\/?p=3482#primaryimage"},"thumbnailUrl":"http:\/\/altercampagne.free.fr\/pages\/2008\/AlterTour\/pic\/AT2013-chantier-andral.JPG","datePublished":"2013-08-27T17:22:18+00:00","dateModified":"2016-04-05T17:24:29+00:00","author":{"@id":"https:\/\/www.altercampagne.net\/#\/schema\/person\/0f261460c09e430caa0f9bcffa319109"},"breadcrumb":{"@id":"https:\/\/www.altercampagne.net\/?p=3482#breadcrumb"},"inLanguage":"fr-FR","potentialAction":[{"@type":"ReadAction","target":["https:\/\/www.altercampagne.net\/?p=3482"]}]},{"@type":"ImageObject","inLanguage":"fr-FR","@id":"https:\/\/www.altercampagne.net\/?p=3482#primaryimage","url":"http:\/\/altercampagne.free.fr\/pages\/2008\/AlterTour\/pic\/AT2013-chantier-andral.JPG","contentUrl":"http:\/\/altercampagne.free.fr\/pages\/2008\/AlterTour\/pic\/AT2013-chantier-andral.JPG"},{"@type":"BreadcrumbList","@id":"https:\/\/www.altercampagne.net\/?p=3482#breadcrumb","itemListElement":[{"@type":"ListItem","position":1,"name":"Accueil","item":"https:\/\/www.altercampagne.net\/"},{"@type":"ListItem","position":2,"name":"Chantier terre-paille \u00e0 l&rsquo;\u00e9co-hameau d&rsquo;Andral, dans le Lot"}]},{"@type":"WebSite","@id":"https:\/\/www.altercampagne.net\/#website","url":"https:\/\/www.altercampagne.net\/","name":"AlterTour","description":"Reliez les Alternatives \u00e0 v\u00e9lo","potentialAction":[{"@type":"SearchAction","target":{"@type":"EntryPoint","urlTemplate":"https:\/\/www.altercampagne.net\/?s={search_term_string}"},"query-input":{"@type":"PropertyValueSpecification","valueRequired":true,"valueName":"search_term_string"}}],"inLanguage":"fr-FR"},{"@type":"Person","@id":"https:\/\/www.altercampagne.net\/#\/schema\/person\/0f261460c09e430caa0f9bcffa319109","name":"Mathieu","image":{"@type":"ImageObject","inLanguage":"fr-FR","@id":"https:\/\/secure.gravatar.com\/avatar\/aa9d3d24c83f2141e5e2709d0f63d09a99f6be6bb7a50abc4915838d9f54501a?s=96&d=mm&r=g","url":"https:\/\/secure.gravatar.com\/avatar\/aa9d3d24c83f2141e5e2709d0f63d09a99f6be6bb7a50abc4915838d9f54501a?s=96&d=mm&r=g","contentUrl":"https:\/\/secure.gravatar.com\/avatar\/aa9d3d24c83f2141e5e2709d0f63d09a99f6be6bb7a50abc4915838d9f54501a?s=96&d=mm&r=g","caption":"Mathieu"},"url":"https:\/\/www.altercampagne.net\/?author=214"}]}},"_links":{"self":[{"href":"https:\/\/www.altercampagne.net\/index.php?rest_route=\/wp\/v2\/posts\/3482","targetHints":{"allow":["GET"]}}],"collection":[{"href":"https:\/\/www.altercampagne.net\/index.php?rest_route=\/wp\/v2\/posts"}],"about":[{"href":"https:\/\/www.altercampagne.net\/index.php?rest_route=\/wp\/v2\/types\/post"}],"author":[{"embeddable":true,"href":"https:\/\/www.altercampagne.net\/index.php?rest_route=\/wp\/v2\/users\/214"}],"replies":[{"embeddable":true,"href":"https:\/\/www.altercampagne.net\/index.php?rest_route=%2Fwp%2Fv2%2Fcomments&post=3482"}],"version-history":[{"count":0,"href":"https:\/\/www.altercampagne.net\/index.php?rest_route=\/wp\/v2\/posts\/3482\/revisions"}],"wp:attachment":[{"href":"https:\/\/www.altercampagne.net\/index.php?rest_route=%2Fwp%2Fv2%2Fmedia&parent=3482"}],"wp:term":[{"taxonomy":"category","embeddable":true,"href":"https:\/\/www.altercampagne.net\/index.php?rest_route=%2Fwp%2Fv2%2Fcategories&post=3482"},{"taxonomy":"post_tag","embeddable":true,"href":"https:\/\/www.altercampagne.net\/index.php?rest_route=%2Fwp%2Fv2%2Ftags&post=3482"}],"curies":[{"name":"wp","href":"https:\/\/api.w.org\/{rel}","templated":true}]}}