{"id":3486,"date":"2013-08-14T19:27:53","date_gmt":"2013-08-14T17:27:53","guid":{"rendered":"http:\/\/www.altercampagne.net\/?p=3486"},"modified":"2019-09-16T14:10:23","modified_gmt":"2019-09-16T12:10:23","slug":"trajet-de-biolopin-saint-maur-a-reithouse-par-vincent-krakowski","status":"publish","type":"post","link":"https:\/\/www.altercampagne.net\/?p=3486","title":{"rendered":"Auto et Eco-contructions dans le Jura"},"content":{"rendered":"<p class=\"Style271 Style138 Style152\" align=\"justify\">D\u00e9part de Biolopin<\/p>\n<p class=\"Style271 Style138 Style152\" align=\"justify\">Notre petite troupe a \u00e9t\u00e9 r\u00e9veill\u00e9e par Sylvie et Julie, qui se sentant inspir\u00e9es par la qui\u00e9tude de l\u2019\u00e9colieu de Biolopin, nous ont offert un chant m\u00ealant aussi bien cri simiesque que bitbox psych\u00e9d\u00e9lique.<\/p>\n<p class=\"Style271 Style138 Style152\" align=\"justify\">Avant de reprendre la route, Julien et Rose, notre bienfaiteuse locale, on inaugur\u00e9 une des places de ce lieu enchanteur qui sera d\u00e9sormais appel\u00e9 \u00ab place des cyclistes \u00bb. D\u00e9part plein d\u2019\u00e9motions, charg\u00e9 de la chaleur de cette femme au grand c\u0153ur.<\/p>\n<p class=\"Style271 Style138 Style152\" align=\"justify\">Arriv\u00e9e \u00e0 Reithouse<\/p>\n<p class=\"Style271 Style138 Style152\" align=\"justify\"><img loading=\"lazy\" decoding=\"async\" class=\" aligncenter\" src=\"https:\/\/lh3.googleusercontent.com\/-RR2vkYFA5UY\/Ug_iykqJ38I\/AAAAAAAASjM\/dHvbnGxOoXE\/s800\/2013-08-14_11.03.09_2785.jpg\" alt=\"\" width=\"800\" height=\"537\" \/><\/p>\n<p class=\"Style271 Style138 Style152\" align=\"justify\">La route fut si courte (7 km, majoritairement de la descente) qu\u2019\u00e0 peine arriv\u00e9s \u00e0 Reithouse, notre joyeuse bande d\u2019altercyclistes entame une s\u00e9rie de tours de la place du village essayant tant bien que mal de dessiner des courbes harmonieuses sur cet espace r\u00e9duit. A 60 sur une petite place, la chor\u00e9graphie devient une v\u00e9ritable prouesse.<\/p>\n<p class=\"Style271 Style138 Style152\" align=\"justify\">Atelier d\u2019authenticit\u00e9<\/p>\n<p class=\"Style271 Style138 Style152\" align=\"justify\">Nous sommes d\u00e9j\u00e0 en retard pour l\u2019atelier de Vincent. Il nous propose un atelier d\u2019authenticit\u00e9. Le principe est simple : apr\u00e8s une courte pause relaxante, nous marchons lentement, empruntant des chemins plus ou moins al\u00e9atoires, d\u2019abord en nous recentrant sur nous m\u00eame puis en levant la t\u00eate pour prendre conscience de ceux qui nous entourent et dont les pas croisent les n\u00f4tres. Apr\u00e8s une minute de ce mouvement cahin-caha, nous nous arr\u00eatons et nous mettons par deux avec une personne alors proche de nous.<\/p>\n<p class=\"Style271 Style138 Style152\" align=\"justify\">Vincent nous demande de reprendre la phrase suivante en la compl\u00e9tant : \u00ab Quand je te vois, je me dis que\u2026 \u00bb. Cette phrase sera r\u00e9p\u00e9t\u00e9e et compl\u00e9t\u00e9e pendant une minute par une des deux personnes, puis la deuxi\u00e8me fait de m\u00eame pendant une autre minute. Nous reprenons ensuite notre p\u00e9r\u00e9grination chaotique avant de choisir un nouveau partenaire. Nous avons ainsi fait 3 autres tours d\u2019\u00e9changes avec diverses phrases \u00e0 compl\u00e9ter : \u00ab Dans la vie j\u2019aime bien que\u2026 \u00bb, \u00ab Si tu me connaissais tu saurais que\u2026 \u00bb, \u00ab Si je te disais quelque chose que je ne suis pas cens\u00e9 te dire, ce serait\u2026 \u00bb. D\u2019autres phases d\u2019\u00e9change nous sont \u00e9galement propos\u00e9es. Dans l\u2019une d\u2019entre elles notamment, la moiti\u00e9 du groupe s\u2019assoit en cercle, yeux ferm\u00e9s pendant que l\u2019autre moiti\u00e9 des participants choisissent une personne avec qui ils souhaitent faire plus ample connaissance. Celui qui a choisi la personne assise, lui pose toutes les questions qu\u2019il souhaite.<\/p>\n<p class=\"Style271 Style138 Style152\" align=\"justify\">A la fin de cette s\u00e9quence la personne qui r\u00e9pond lui r\u00e9v\u00e8le celles qu\u2019il a ou non appr\u00e9ci\u00e9es. Enfin, celui qui a pos\u00e9 la question donne ses impressions sur cet \u00e9change. Cet exercice en apparence anodin nous force \u00e0 r\u00e9fl\u00e9chir \u00e0 qui nous sommes, \u00e0 observer celui avec qui l\u2019on \u00e9change, \u00e0 nous demander ce que nous sommes pr\u00eat \u00e0 partager ou non, ou encore \u00e0 faire preuve de cr\u00e9ativit\u00e9 quand nous ne souhaitons pas rentrer dans la confidence.<\/p>\n<p class=\"Style271 Style138 Style152\" align=\"justify\">Visite des maisons \u00e9co et auto-construites<\/p>\n<p><img loading=\"lazy\" decoding=\"async\" class=\" aligncenter\" src=\"https:\/\/lh5.googleusercontent.com\/-pTsDNRepTWI\/Ug_i6--qAbI\/AAAAAAAASks\/dV9zhQRmZ0c\/s800\/2013-08-14_15.23.49_2901.jpg\" alt=\"\" width=\"800\" height=\"537\" \/><\/p>\n<p class=\"Style271 Style138 Style152\" align=\"justify\">A Reithouse nous avons eu la chance de visiter deux maisons bien diff\u00e9rentes : la maison auto-construite de Toune, la m\u00e8re de Mathieu, fabriqu\u00e9e il y a environ 30 ans avec des mat\u00e9riaux locaux pour un prix d\u00e9fiant toute concurrence ; et celle de ses voisins, une maison \u00e9co-construite, ultra-performante en terme de consommation d\u2019\u00e9nergie.<br \/>\nLa maison \u00e9co-construite est en bois (du ch\u00eane \u2013olivier), assembl\u00e9 par le proc\u00e9d\u00e9 \u00ab Thoma Holz \u00bb qui vient du Luxembourg, et isol\u00e9e par de la laine de bois. En plus de l\u2019isolation g\u00e9n\u00e9rale de la maison, une VMC double flux aliment\u00e9e par un puits canadien \u00e0 2 m de profondeur, permet de limiter fortement les variations de temp\u00e9rature dans la maison. Par exemple, en hiver, alors que la temp\u00e9rature ext\u00e9rieure peut descendre sous les -20\u00b0C, l\u2019air amen\u00e9 par la VMC est toujours \u00e0 15\u00b0C\u2026 Les quelques degr\u00e9s n\u00e9cessaires pour arriver \u00e0 une temp\u00e9rature souhaitable de confort \u00e9tant apport\u00e9es par du solaire thermique compl\u00e9t\u00e9 par une cuisini\u00e8re au bois de 6kW. Cette ann\u00e9e, seulement 3 st\u00e8res de bois on ainsi dus \u00eatre utilis\u00e9s pour le chauffage, contre environ 30 pour une maison plus \u00ab classique \u00bb \u00e9quivalente. Un syst\u00e8me de r\u00e9cup\u00e9ration des eaux de pluie, coupl\u00e9 \u00e0 une cuve en b\u00e9ton de 6m3, est utilis\u00e9 pour la douche et les toilettes.<br \/>\nSeul b\u00e9mol, le prix : notre guide nous annonce un 2 850\u20ac\/m\u00b2 soit environ 500 000 \u20ac la baraque, mieux vaut \u00eatre riche pour \u00eatre \u00e9colo\u2026<\/p>\n<p class=\"Style271 Style138 Style152\" align=\"justify\">La maison de Toune est dans un tout autre style : en bois cord\u00e9, poutres apparentes \u00e0 l\u2019int\u00e9rieur, ils ont tout fait eux-m\u00eames avec des mat\u00e9riaux du Jura pour une somme pr\u00e8s de dix fois moins importante. Le r\u00e9sultat est certes moins bon en terme de consommation, mais a le m\u00e9rite de n\u2019utiliser que de la main d\u2019\u0153uvre et des mat\u00e9riaux locaux. La maison est \u00e9galement plus authentique et s\u2019int\u00e8gre parfaitement au d\u00e9cor. Je reste impressionn\u00e9 par le travail accompli en seulement trois \u00e9t\u00e9s (un premier pour la taille, l\u2019\u00e9cor\u00e7age et le s\u00e9chage du bois puis les deux autres pour la construction elle-m\u00eame) : Toune a beau m\u2019assur\u00e9 que la construction en bois cord\u00e9 est simple et ne n\u00e9cessite pas de porter de lourdes charges, je reste perplexe en levant les yeux sur les poutres massives au dessus de ma t\u00eate\u2026 Toune en profite pour nous montrer quelques photos de Mathieu, alors enfant jouant entre les \u00e9chafauds et les copeaux de bois, faisant de ce chantier son terrain de jeux.<\/p>\n<p class=\"Style271 Style138 Style152\" align=\"justify\"><img loading=\"lazy\" decoding=\"async\" class=\" aligncenter\" src=\"https:\/\/lh6.googleusercontent.com\/-8qmhZYgvSu8\/Ug_jGfCdrMI\/AAAAAAAASm0\/j7dquOYX-QI\/s800\/2013-08-15_10.45.36_3024.jpg\" alt=\"\" width=\"800\" height=\"537\" \/><\/p>\n<p class=\"Style271 Style138 Style152\" align=\"justify\">Promenade en for\u00eat de nuit et bal improvis\u00e9<\/p>\n<p class=\"Style271 Style138 Style152\" align=\"justify\">Le soir, juste apr\u00e8s le repas, Laure, la voisine de Toune, nous propose une promenade en for\u00eat de nuit \u00e9clair\u00e9e seulement par le clair de lune et les \u00e9toiles. Nous nous retrouvons plonger dans un univers inconnu, dans le noir, les sens aiguis\u00e9s et en alerte. Nous faisons m\u00eame l\u2019exp\u00e9rience de nous asseoir quelques minutes, seul(e), dans un coin des bois, essayant de distinguer chacun des bruits qui nous entourent. Dans le ciel, la voie lact\u00e9e appara\u00eet nettement et les constellations sont comme dessin\u00e9es, nous profitons de l\u2019obscurit\u00e9 pour mieux appr\u00e9cier la lumi\u00e8re.<\/p>\n<p class=\"Style271 Style138 Style152\" align=\"justify\">Paroles d\u2019enfants<\/p>\n<p class=\"Style271 Style138 Style152\" align=\"justify\">J\u2019ai profit\u00e9 de la pr\u00e9sence de 4 enfants sur l\u2019AlterTour \u00e0 cette p\u00e9riode pour recueillir leurs impressions, une confidence, une \u00e9motion.<\/p>\n<p class=\"Style271 Style138 Style152\" align=\"justify\">Antonin (4 ans) : \u00ab A l\u2019AlterTour il y a Gilles que j\u2019aime bien, et tous les gens qui sont barbus et m\u00eame Crapouille \u00bb.<\/p>\n<p class=\"Style271 Style138 Style152\" align=\"justify\">Ambroise (5 ans), portant un casque de v\u00e9lo de pirate, me confie : \u00ab j\u2019ai de la force parce que y\u2019a la nuit et puis apr\u00e8s je suis tr\u00e8s fort. Et apr\u00e8s des fois je bois de l\u2019eau.\u00bb<\/p>\n<p class=\"Style271 Style138 Style152\" align=\"justify\">Timoth\u00e9e (7 ans) a un peu peur de rater le spectacle (NB : sous la direction artistique de Louis, Antonin, Ambroise, Timoth\u00e9e et Louis, nous ont propos\u00e9 un spectacle de leur composition, un spectacle o\u00f9 la magie c\u00f4toie la for\u00eat, o\u00f9 l\u2019ours est l\u2019ami du sorcier, o\u00f9 les coucous rappellent la course du temps et o\u00f9 les gar\u00e7ons doivent \u00eatre prudents lorsqu\u2019ils sortent de chez eux\u2026). \u00ab Parfois, c\u2019est un peu la gal\u00e8re parce qu\u2019on a peut \u00eatre tout m\u00e9lang\u00e9 dans la m\u00e9moire et apr\u00e8s on peut se tromper\u2026\u00bb<\/p>\n<p class=\"Style271 Style138 Style152\" align=\"justify\">Dans la salle o\u00f9 les enfants font donner leur repr\u00e9sentation, Ambroise me donne une astuce : \u00ab c\u2019est derri\u00e8re la meilleure place pour le spectacle \u00bb.<\/p>\n<p class=\"Style271 Style138 Style152\" align=\"justify\">Louis (8 ans), lui aime bien l\u2019AlterTour parce qu\u2019on y fait du v\u00e9lo. Parfois il s\u2019ennuie un peu pendant les pauses parce qu\u2019il n\u2019y a pas beaucoup de \u00ab petits \u00bb. La soir\u00e9e qu\u2019il a le plus aim\u00e9 \u00e9tait la premi\u00e8re \u00e0 Reithouse parce que les enfants ont fait un spectacle et qu\u2019il a dans\u00e9.<\/p>\n<p class=\"Style271 Style138 Style152\" align=\"justify\">Interview des d\u2019Jeunes<\/p>\n<p class=\"Style271 Style138 Style152\" align=\"justify\">Outre les enfants, un certain nombre d\u2019ados ou jeunes de moins de 20 ans participaient \u00e0 l\u2019AlterTour \u00e0 ce moment l\u00e0, j\u2019ai donc pris mon stylo et mon carnet pour essayer de r\u00e9colter certaines de leurs impressions.<\/p>\n<p class=\"Style271 Style138 Style152\" align=\"justify\">Fanny (12 ans)<\/p>\n<p class=\"Style271 Style138 Style152\" align=\"justify\">Pourquoi es-tu venue \u00e0 l\u2019AlterTour ?<br \/>\nF. : J\u2019\u00e9tais d\u00e9j\u00e0 venue l\u2019ann\u00e9e derni\u00e8re et j\u2019avais envie de revenir.<\/p>\n<p class=\"Style271 Style138 Style152\" align=\"justify\">Est-ce que tu pourrais me dire quelque chose que tu as ador\u00e9 pendant cet AlterTour ?<br \/>\nF. : Le fait d\u2019\u00eatre avec tout le monde, qu\u2019on soit toujours tous ensemble.<\/p>\n<p class=\"Style271 Style138 Style152\" align=\"justify\">Et quelque chose qui ne t\u2019a pas plu ?<br \/>\nF. : Me laver les cheveux \u00e0 la douche solaire, c\u2019est pas pratique quand on a les cheveux longs.<\/p>\n<p class=\"Style271 Style138 Style152\" align=\"justify\">Maia (13 ans)<br \/>\nPourquoi es-tu venue \u00e0 l\u2019AlterTour ?<br \/>\nM. : Parce que j\u2019aime bien, j\u2019y apprends plein de choses et que je rencontre plein de gens int\u00e9ressants.<\/p>\n<p class=\"Style271 Style138 Style152\" align=\"justify\">Est-ce que tu peux me raconter une exp\u00e9rience qui t\u2019a marqu\u00e9e lors de cet AlterTour ?<br \/>\nM. : Le buf de Luc le mardi 6 ao\u00fbt, avec son rap improvis\u00e9 et la participation de tout le monde. Tous voulaient se rendre utiles, soit en jouant de la musique soit en frappant dans les mains, c\u2019\u00e9tait magnifique.<\/p>\n<p class=\"Style271 Style138 Style152\" align=\"justify\">Si tu \u00e9tais un ninja quelle serait ta journ\u00e9e type \u00e0 l\u2019AlterTour ? Je gesticulerais, j\u2019appara\u00eetrais et dispara\u00eetrais, je ferais des choses bonnes aux gens sans m\u00eame qu\u2019ils ne s\u2019en rendent compte. Je serais l\u2019ange gardien de tout le monde.<\/p>\n<p class=\"Style271 Style138 Style152\" align=\"justify\">Luc (14 ans)<br \/>\nQu\u2019est-ce que tu aimes \u00e0 l\u2019AlterTour ?<br \/>\nY\u2019a plein de monde.<br \/>\nJ\u2019aime bien chanter (le soir de l\u2019interview, il nous a refait un super buf-rap-fluttes et autres instruments).<\/p>\n<p class=\"Style271 Style138 Style152\" align=\"justify\">Pierre (15 ans)<br \/>\nPourquoi es-tu venue \u00e0 l\u2019AlterTour ?<br \/>\nP. : J\u2019y suis venu chercher des rencontres, surtout au sein du groupe, tirer profit de l\u2019exp\u00e9rience des autres, \u00e9galement un autre rythme de vie loin du quotidien, de la d\u00e9couverte, de l\u2019activit\u00e9 physique, des bons moments (d\u2019ailleurs c\u2019est peut \u00eatre mon meilleur AlterTour\u2026)<\/p>\n<p class=\"Style271 Style138 Style152\" align=\"justify\">Si tu avais 10 ans de plus, comment aurais-tu v\u00e9cu l\u2019AlterTour ?<br \/>\nP. : Si j\u2019avais 10 ans de plus, j\u2019aurais bien continu\u00e9 les soir\u00e9es toute la nuit. En allant me coucher t\u00f4t j\u2019ai parfois l\u2019impression de ne vivre que la moiti\u00e9 de ce qui se passe \u00e0 l\u2019AlterTour. Je serais \u00e9galement plus all\u00e9 vers les gens et j\u2019aurais fait plus de visites.<\/p>\n<p class=\"Style271 Style138 Style152\" align=\"justify\">Marine (16 ans)<br \/>\nPourquoi es-tu venue \u00e0 l\u2019AlterTour ?<br \/>\nM. : Pour l\u2019ambiance et parce que \u00e7a correspondait \u00e0 mes valeurs.<\/p>\n<p class=\"Style271 Style138 Style152\" align=\"justify\">Quelles valeurs par exemple ? M. : Le partage des t\u00e2ches, l\u2019autogestion ou encore l\u2019\u00e9cologie.<\/p>\n<p class=\"Style271 Style138 Style152\" align=\"justify\">Est-ce que cette exp\u00e9rience pourrait t\u2019inspirer dans ta vie quotidienne ?<br \/>\nM. : Oui car \u00e7a m\u2019a permis de changer ma vision sur la vie et les autres, par exemple j\u2019ai pris conscience \u00e0 l\u2019AlterTour qu\u2019il y avait beaucoup de gens qui ont les m\u00eame valeurs que moi. J\u2019en connaissais d\u00e9j\u00e0 dans mon entourage mais ne me rendais pas forc\u00e9ment compte qu\u2019il y en avait autant.<\/p>\n<p class=\"Style271 Style138 Style152\" align=\"justify\">Qu\u2019est-ce que tu dirais \u00e0 un(e) ado qui devait venir \u00e0 l\u2019AlerTour ?<br \/>\nM. : Que c\u2019est une exp\u00e9rience unique qu\u2019on n\u2019a pas l\u2019occasion de vivre tous les jours.<\/p>\n<p class=\"Style271 Style138 Style152\" align=\"justify\">Louis (17 ans)<br \/>\nPourquoi es-tu venue \u00e0 l\u2019AlterTour ?<br \/>\nL. : Pour l\u2019autogestion synonyme de libert\u00e9.<\/p>\n<p class=\"Style271 Style138 Style152\" align=\"justify\">Est-ce que l\u2019AlterTour t\u2019a donn\u00e9 envie de t\u2019investir dans un projet ?<br \/>\nL. : Les rencontres que j\u2019ai pu faire m\u2019ont montr\u00e9 qu\u2019il y a d\u2019autres chemins dans la vie que la seule voie des \u00e9tudes. D\u2019autres pistes \u00e0 explorer. Sinon j\u2019aimerais bien lancer une association du type \u00ab fruits malins \u00bb dans ma ville (\u00e0 Maurecourt pr\u00e8s de Conflans, dans le 95). Je trouve le concept simple mais efficace. Je commencerais bien d\u00e8s la rentr\u00e9e prochaine, mais mon but est de lancer le concept et qu\u2019il puisse s\u2019auto-entretenir sans forc\u00e9ment avoir besoin de le g\u00e9rer.<\/p>\n<p class=\"Style271 Style138 Style152\" align=\"justify\">Lucille (20 ans)<br \/>\nPourquoi es-tu venue \u00e0 l\u2019AlterTour ?<br \/>\nL. : J\u2019avais envie de vivre une exp\u00e9rience forte et ma m\u00e8re, ma s\u0153ur et mon fr\u00e8re en avaient beaucoup parl\u00e9 \u00e0 la maison. J\u2019avais \u00e9galement envie de faire un peu de sport.<\/p>\n<p class=\"Style271 Style138 Style152\" align=\"justify\">Est-ce que quelque chose t\u2019a inspir\u00e9 \u00e0 l\u2019AlterTour ?<br \/>\nOui, j\u2019ai notamment trouv\u00e9 qu\u2019il y avait des couples originaux et \u00e9panouis. Je crois que j\u2019ai aim\u00e9 leur fonctionnement avec beaucoup d\u2019ind\u00e9pendance.<\/p>\n<p class=\"Style271 Style138 Style152\" align=\"justify\">Vincent (29 ans)<br \/>\nSi tu \u00e9tais un cornichon comment t\u2019habillerais-tu ?<br \/>\nV. : Justement je me posais cette question pas plus tard qu\u2019hier. C\u2019est assez d\u00e9licat, on ne peut y r\u00e9pondre simplement. Tout d\u00e9pend du type de cornichon, est-ce un cornichon des villes ou de la campagne ? Quel est son m\u00e9tier ? Est-ce qu\u2019il se rend \u00e0 un mariage ?<br \/>\nBon, si j\u2019\u00e9tais un Molasol dans un bocal, alors plut\u00f4t en salopettes et je voterais Coluche.<\/p>\n<p style=\"text-align: right;\" align=\"justify\"><strong>Vincent<\/strong><\/p>\n","protected":false},"excerpt":{"rendered":"<p>D\u00e9part de Biolopin Notre petite troupe a \u00e9t\u00e9 r\u00e9veill\u00e9e par Sylvie et Julie, qui se sentant inspir\u00e9es par la qui\u00e9tude de l\u2019\u00e9colieu de Biolopin, nous ont offert un chant m\u00ealant aussi bien cri simiesque que bitbox psych\u00e9d\u00e9lique. Avant de reprendre la route, Julien et Rose, notre bienfaiteuse locale, on inaugur\u00e9 &#8230; <\/p>\n<div><a href=\"https:\/\/www.altercampagne.net\/?p=3486\" class=\"more-link\">Read More<\/a><\/div>\n","protected":false},"author":214,"featured_media":15713,"comment_status":"closed","ping_status":"closed","sticky":false,"template":"","format":"standard","meta":{"footnotes":""},"categories":[3495,3485,3462],"tags":[251,694,883,912,913,914],"class_list":["post-3486","post","type-post","status-publish","format-standard","has-post-thumbnail","hentry","category-bourgogne-franche-comte","category-habitat","category-edition-2013","tag-eco-construction","tag-altertour-2013","tag-reithouse","tag-biolopin","tag-auto-construction","tag-bois-corde"],"yoast_head":"<!-- This site is optimized with the Yoast SEO plugin v27.3 - https:\/\/yoast.com\/product\/yoast-seo-wordpress\/ -->\n<title>Auto et Eco-contructions dans le Jura - AlterTour<\/title>\n<meta name=\"robots\" content=\"index, follow, max-snippet:-1, max-image-preview:large, max-video-preview:-1\" \/>\n<link rel=\"canonical\" href=\"https:\/\/www.altercampagne.net\/?p=3486\" \/>\n<meta property=\"og:locale\" content=\"fr_FR\" \/>\n<meta property=\"og:type\" content=\"article\" \/>\n<meta property=\"og:title\" content=\"Auto et Eco-contructions dans le Jura - AlterTour\" \/>\n<meta property=\"og:description\" content=\"D\u00e9part de Biolopin Notre petite troupe a \u00e9t\u00e9 r\u00e9veill\u00e9e par Sylvie et Julie, qui se sentant inspir\u00e9es par la qui\u00e9tude de l\u2019\u00e9colieu de Biolopin, nous ont offert un chant m\u00ealant aussi bien cri simiesque que bitbox psych\u00e9d\u00e9lique. Avant de reprendre la route, Julien et Rose, notre bienfaiteuse locale, on inaugur\u00e9 ... Read More\" \/>\n<meta property=\"og:url\" content=\"https:\/\/www.altercampagne.net\/?p=3486\" \/>\n<meta property=\"og:site_name\" content=\"AlterTour\" \/>\n<meta property=\"article:published_time\" content=\"2013-08-14T17:27:53+00:00\" \/>\n<meta property=\"article:modified_time\" content=\"2019-09-16T12:10:23+00:00\" \/>\n<meta property=\"og:image\" content=\"https:\/\/www.altercampagne.net\/wp-content\/uploads\/2013\/08\/2013-08-15_10.49.jpg\" \/>\n\t<meta property=\"og:image:width\" content=\"907\" \/>\n\t<meta property=\"og:image:height\" content=\"474\" \/>\n\t<meta property=\"og:image:type\" content=\"image\/jpeg\" \/>\n<meta name=\"author\" content=\"Mathieu\" \/>\n<meta name=\"twitter:card\" content=\"summary_large_image\" \/>\n<meta name=\"twitter:label1\" content=\"\u00c9crit par\" \/>\n\t<meta name=\"twitter:data1\" content=\"Mathieu\" \/>\n\t<meta name=\"twitter:label2\" content=\"Dur\u00e9e de lecture estim\u00e9e\" \/>\n\t<meta name=\"twitter:data2\" content=\"11 minutes\" \/>\n<script type=\"application\/ld+json\" class=\"yoast-schema-graph\">{\"@context\":\"https:\\\/\\\/schema.org\",\"@graph\":[{\"@type\":\"Article\",\"@id\":\"https:\\\/\\\/www.altercampagne.net\\\/?p=3486#article\",\"isPartOf\":{\"@id\":\"https:\\\/\\\/www.altercampagne.net\\\/?p=3486\"},\"author\":{\"name\":\"Mathieu\",\"@id\":\"https:\\\/\\\/www.altercampagne.net\\\/#\\\/schema\\\/person\\\/0f261460c09e430caa0f9bcffa319109\"},\"headline\":\"Auto et Eco-contructions dans le Jura\",\"datePublished\":\"2013-08-14T17:27:53+00:00\",\"dateModified\":\"2019-09-16T12:10:23+00:00\",\"mainEntityOfPage\":{\"@id\":\"https:\\\/\\\/www.altercampagne.net\\\/?p=3486\"},\"wordCount\":2188,\"image\":{\"@id\":\"https:\\\/\\\/www.altercampagne.net\\\/?p=3486#primaryimage\"},\"thumbnailUrl\":\"https:\\\/\\\/www.altercampagne.net\\\/wp-content\\\/uploads\\\/2013\\\/08\\\/2013-08-15_10.49.jpg\",\"keywords\":[\"\u00e9co-construction\",\"AlterTour 2013\",\"Reithouse\",\"Biolopin\",\"auto-construction\",\"bois cord\u00e9\"],\"articleSection\":[\"Bourgogne-Franche-Comt\u00e9\",\"Habitat\",\"\u00c9dition 2013\"],\"inLanguage\":\"fr-FR\"},{\"@type\":\"WebPage\",\"@id\":\"https:\\\/\\\/www.altercampagne.net\\\/?p=3486\",\"url\":\"https:\\\/\\\/www.altercampagne.net\\\/?p=3486\",\"name\":\"Auto et Eco-contructions dans le Jura - AlterTour\",\"isPartOf\":{\"@id\":\"https:\\\/\\\/www.altercampagne.net\\\/#website\"},\"primaryImageOfPage\":{\"@id\":\"https:\\\/\\\/www.altercampagne.net\\\/?p=3486#primaryimage\"},\"image\":{\"@id\":\"https:\\\/\\\/www.altercampagne.net\\\/?p=3486#primaryimage\"},\"thumbnailUrl\":\"https:\\\/\\\/www.altercampagne.net\\\/wp-content\\\/uploads\\\/2013\\\/08\\\/2013-08-15_10.49.jpg\",\"datePublished\":\"2013-08-14T17:27:53+00:00\",\"dateModified\":\"2019-09-16T12:10:23+00:00\",\"author\":{\"@id\":\"https:\\\/\\\/www.altercampagne.net\\\/#\\\/schema\\\/person\\\/0f261460c09e430caa0f9bcffa319109\"},\"breadcrumb\":{\"@id\":\"https:\\\/\\\/www.altercampagne.net\\\/?p=3486#breadcrumb\"},\"inLanguage\":\"fr-FR\",\"potentialAction\":[{\"@type\":\"ReadAction\",\"target\":[\"https:\\\/\\\/www.altercampagne.net\\\/?p=3486\"]}]},{\"@type\":\"ImageObject\",\"inLanguage\":\"fr-FR\",\"@id\":\"https:\\\/\\\/www.altercampagne.net\\\/?p=3486#primaryimage\",\"url\":\"https:\\\/\\\/www.altercampagne.net\\\/wp-content\\\/uploads\\\/2013\\\/08\\\/2013-08-15_10.49.jpg\",\"contentUrl\":\"https:\\\/\\\/www.altercampagne.net\\\/wp-content\\\/uploads\\\/2013\\\/08\\\/2013-08-15_10.49.jpg\",\"width\":907,\"height\":474},{\"@type\":\"BreadcrumbList\",\"@id\":\"https:\\\/\\\/www.altercampagne.net\\\/?p=3486#breadcrumb\",\"itemListElement\":[{\"@type\":\"ListItem\",\"position\":1,\"name\":\"Accueil\",\"item\":\"https:\\\/\\\/www.altercampagne.net\\\/\"},{\"@type\":\"ListItem\",\"position\":2,\"name\":\"Auto et Eco-contructions dans le Jura\"}]},{\"@type\":\"WebSite\",\"@id\":\"https:\\\/\\\/www.altercampagne.net\\\/#website\",\"url\":\"https:\\\/\\\/www.altercampagne.net\\\/\",\"name\":\"AlterTour\",\"description\":\"Reliez les Alternatives \u00e0 v\u00e9lo\",\"potentialAction\":[{\"@type\":\"SearchAction\",\"target\":{\"@type\":\"EntryPoint\",\"urlTemplate\":\"https:\\\/\\\/www.altercampagne.net\\\/?s={search_term_string}\"},\"query-input\":{\"@type\":\"PropertyValueSpecification\",\"valueRequired\":true,\"valueName\":\"search_term_string\"}}],\"inLanguage\":\"fr-FR\"},{\"@type\":\"Person\",\"@id\":\"https:\\\/\\\/www.altercampagne.net\\\/#\\\/schema\\\/person\\\/0f261460c09e430caa0f9bcffa319109\",\"name\":\"Mathieu\",\"image\":{\"@type\":\"ImageObject\",\"inLanguage\":\"fr-FR\",\"@id\":\"https:\\\/\\\/secure.gravatar.com\\\/avatar\\\/aa9d3d24c83f2141e5e2709d0f63d09a99f6be6bb7a50abc4915838d9f54501a?s=96&d=mm&r=g\",\"url\":\"https:\\\/\\\/secure.gravatar.com\\\/avatar\\\/aa9d3d24c83f2141e5e2709d0f63d09a99f6be6bb7a50abc4915838d9f54501a?s=96&d=mm&r=g\",\"contentUrl\":\"https:\\\/\\\/secure.gravatar.com\\\/avatar\\\/aa9d3d24c83f2141e5e2709d0f63d09a99f6be6bb7a50abc4915838d9f54501a?s=96&d=mm&r=g\",\"caption\":\"Mathieu\"},\"url\":\"https:\\\/\\\/www.altercampagne.net\\\/?author=214\"}]}<\/script>\n<!-- \/ Yoast SEO plugin. -->","yoast_head_json":{"title":"Auto et Eco-contructions dans le Jura - AlterTour","robots":{"index":"index","follow":"follow","max-snippet":"max-snippet:-1","max-image-preview":"max-image-preview:large","max-video-preview":"max-video-preview:-1"},"canonical":"https:\/\/www.altercampagne.net\/?p=3486","og_locale":"fr_FR","og_type":"article","og_title":"Auto et Eco-contructions dans le Jura - AlterTour","og_description":"D\u00e9part de Biolopin Notre petite troupe a \u00e9t\u00e9 r\u00e9veill\u00e9e par Sylvie et Julie, qui se sentant inspir\u00e9es par la qui\u00e9tude de l\u2019\u00e9colieu de Biolopin, nous ont offert un chant m\u00ealant aussi bien cri simiesque que bitbox psych\u00e9d\u00e9lique. Avant de reprendre la route, Julien et Rose, notre bienfaiteuse locale, on inaugur\u00e9 ... Read More","og_url":"https:\/\/www.altercampagne.net\/?p=3486","og_site_name":"AlterTour","article_published_time":"2013-08-14T17:27:53+00:00","article_modified_time":"2019-09-16T12:10:23+00:00","og_image":[{"width":907,"height":474,"url":"https:\/\/www.altercampagne.net\/wp-content\/uploads\/2013\/08\/2013-08-15_10.49.jpg","type":"image\/jpeg"}],"author":"Mathieu","twitter_card":"summary_large_image","twitter_misc":{"\u00c9crit par":"Mathieu","Dur\u00e9e de lecture estim\u00e9e":"11 minutes"},"schema":{"@context":"https:\/\/schema.org","@graph":[{"@type":"Article","@id":"https:\/\/www.altercampagne.net\/?p=3486#article","isPartOf":{"@id":"https:\/\/www.altercampagne.net\/?p=3486"},"author":{"name":"Mathieu","@id":"https:\/\/www.altercampagne.net\/#\/schema\/person\/0f261460c09e430caa0f9bcffa319109"},"headline":"Auto et Eco-contructions dans le Jura","datePublished":"2013-08-14T17:27:53+00:00","dateModified":"2019-09-16T12:10:23+00:00","mainEntityOfPage":{"@id":"https:\/\/www.altercampagne.net\/?p=3486"},"wordCount":2188,"image":{"@id":"https:\/\/www.altercampagne.net\/?p=3486#primaryimage"},"thumbnailUrl":"https:\/\/www.altercampagne.net\/wp-content\/uploads\/2013\/08\/2013-08-15_10.49.jpg","keywords":["\u00e9co-construction","AlterTour 2013","Reithouse","Biolopin","auto-construction","bois cord\u00e9"],"articleSection":["Bourgogne-Franche-Comt\u00e9","Habitat","\u00c9dition 2013"],"inLanguage":"fr-FR"},{"@type":"WebPage","@id":"https:\/\/www.altercampagne.net\/?p=3486","url":"https:\/\/www.altercampagne.net\/?p=3486","name":"Auto et Eco-contructions dans le Jura - AlterTour","isPartOf":{"@id":"https:\/\/www.altercampagne.net\/#website"},"primaryImageOfPage":{"@id":"https:\/\/www.altercampagne.net\/?p=3486#primaryimage"},"image":{"@id":"https:\/\/www.altercampagne.net\/?p=3486#primaryimage"},"thumbnailUrl":"https:\/\/www.altercampagne.net\/wp-content\/uploads\/2013\/08\/2013-08-15_10.49.jpg","datePublished":"2013-08-14T17:27:53+00:00","dateModified":"2019-09-16T12:10:23+00:00","author":{"@id":"https:\/\/www.altercampagne.net\/#\/schema\/person\/0f261460c09e430caa0f9bcffa319109"},"breadcrumb":{"@id":"https:\/\/www.altercampagne.net\/?p=3486#breadcrumb"},"inLanguage":"fr-FR","potentialAction":[{"@type":"ReadAction","target":["https:\/\/www.altercampagne.net\/?p=3486"]}]},{"@type":"ImageObject","inLanguage":"fr-FR","@id":"https:\/\/www.altercampagne.net\/?p=3486#primaryimage","url":"https:\/\/www.altercampagne.net\/wp-content\/uploads\/2013\/08\/2013-08-15_10.49.jpg","contentUrl":"https:\/\/www.altercampagne.net\/wp-content\/uploads\/2013\/08\/2013-08-15_10.49.jpg","width":907,"height":474},{"@type":"BreadcrumbList","@id":"https:\/\/www.altercampagne.net\/?p=3486#breadcrumb","itemListElement":[{"@type":"ListItem","position":1,"name":"Accueil","item":"https:\/\/www.altercampagne.net\/"},{"@type":"ListItem","position":2,"name":"Auto et Eco-contructions dans le Jura"}]},{"@type":"WebSite","@id":"https:\/\/www.altercampagne.net\/#website","url":"https:\/\/www.altercampagne.net\/","name":"AlterTour","description":"Reliez les Alternatives \u00e0 v\u00e9lo","potentialAction":[{"@type":"SearchAction","target":{"@type":"EntryPoint","urlTemplate":"https:\/\/www.altercampagne.net\/?s={search_term_string}"},"query-input":{"@type":"PropertyValueSpecification","valueRequired":true,"valueName":"search_term_string"}}],"inLanguage":"fr-FR"},{"@type":"Person","@id":"https:\/\/www.altercampagne.net\/#\/schema\/person\/0f261460c09e430caa0f9bcffa319109","name":"Mathieu","image":{"@type":"ImageObject","inLanguage":"fr-FR","@id":"https:\/\/secure.gravatar.com\/avatar\/aa9d3d24c83f2141e5e2709d0f63d09a99f6be6bb7a50abc4915838d9f54501a?s=96&d=mm&r=g","url":"https:\/\/secure.gravatar.com\/avatar\/aa9d3d24c83f2141e5e2709d0f63d09a99f6be6bb7a50abc4915838d9f54501a?s=96&d=mm&r=g","contentUrl":"https:\/\/secure.gravatar.com\/avatar\/aa9d3d24c83f2141e5e2709d0f63d09a99f6be6bb7a50abc4915838d9f54501a?s=96&d=mm&r=g","caption":"Mathieu"},"url":"https:\/\/www.altercampagne.net\/?author=214"}]}},"_links":{"self":[{"href":"https:\/\/www.altercampagne.net\/index.php?rest_route=\/wp\/v2\/posts\/3486","targetHints":{"allow":["GET"]}}],"collection":[{"href":"https:\/\/www.altercampagne.net\/index.php?rest_route=\/wp\/v2\/posts"}],"about":[{"href":"https:\/\/www.altercampagne.net\/index.php?rest_route=\/wp\/v2\/types\/post"}],"author":[{"embeddable":true,"href":"https:\/\/www.altercampagne.net\/index.php?rest_route=\/wp\/v2\/users\/214"}],"replies":[{"embeddable":true,"href":"https:\/\/www.altercampagne.net\/index.php?rest_route=%2Fwp%2Fv2%2Fcomments&post=3486"}],"version-history":[{"count":0,"href":"https:\/\/www.altercampagne.net\/index.php?rest_route=\/wp\/v2\/posts\/3486\/revisions"}],"wp:featuredmedia":[{"embeddable":true,"href":"https:\/\/www.altercampagne.net\/index.php?rest_route=\/wp\/v2\/media\/15713"}],"wp:attachment":[{"href":"https:\/\/www.altercampagne.net\/index.php?rest_route=%2Fwp%2Fv2%2Fmedia&parent=3486"}],"wp:term":[{"taxonomy":"category","embeddable":true,"href":"https:\/\/www.altercampagne.net\/index.php?rest_route=%2Fwp%2Fv2%2Fcategories&post=3486"},{"taxonomy":"post_tag","embeddable":true,"href":"https:\/\/www.altercampagne.net\/index.php?rest_route=%2Fwp%2Fv2%2Ftags&post=3486"}],"curies":[{"name":"wp","href":"https:\/\/api.w.org\/{rel}","templated":true}]}}