{"id":3489,"date":"2013-08-12T19:33:16","date_gmt":"2013-08-12T17:33:16","guid":{"rendered":"http:\/\/www.altercampagne.net\/?p=3489"},"modified":"2019-09-16T14:15:31","modified_gmt":"2019-09-16T12:15:31","slug":"le-in-et-le-off-de-laltertour","status":"publish","type":"post","link":"https:\/\/www.altercampagne.net\/?p=3489","title":{"rendered":"Le IN et le OFF de l\u2019AlterTour"},"content":{"rendered":"<p class=\"Style271 Style138 Style152\" align=\"justify\">Version IN, la visite programm\u00e9e au restaurant municipal<\/p>\n<p class=\"Style271 Style138 Style152\" align=\"justify\">C\u2019est pas souvent que les altercyclistes mangent \u00e0 la cantine&#8230; Au premier pas franchis au restaurant municipal de Lons-le-Saunier, force est de constater que \u00e7a ressemble \u00e0 n\u2019importe quelle cantine et pourtant, les choix de production, la mise en place de fili\u00e8re compl\u00e8te, la gestion, sont bien des constructions politiques pr\u00e9vues et assum\u00e9es avec conviction !<\/p>\n<p class=\"Style271 Style138 Style152\" align=\"justify\">Ben oui, moi qui avait perdu un peu espoir dans le pouvoir politique, j\u2019ai vu un bel exemple o\u00f9 les choix politiques ont influ\u00e9 le contenu des assiettes et l\u2019\u00e9conomie locale.<\/p>\n<p class=\"Style271 Style138 Style152\" align=\"justify\">M Lanson adjoint municipal \u00e0 l\u2019environnement dresse un tableau de l\u2019\u00e9tablissement :<\/p>\n<p class=\"Style271 Style138 Style152\" align=\"justify\">1 200 000 couverts par an, 25% en bio, 80 % local en fili\u00e8re int\u00e9gr\u00e9e le plus souvent et ce n\u2019est pas fini.<\/p>\n<p class=\"Style271 Style138 Style152\" align=\"justify\">Le point de d\u00e9part de tout cela c\u2019est l\u2019eau en grande fragilit\u00e9, \u00e0 prot\u00e9ger sur les zones de captages. La commune d\u00e9cide de produire du bl\u00e9 en bio sur ces surfaces et de le transformer en pain pour fournir les 48 \u00e9tablissements qui d\u00e9pendent de la r\u00e9gie. Mais du bl\u00e9 au pain, il faut un meunier et un boulanger pas de probl\u00e8me nous explique Didier Thevenet responsable de la cuisine centrale.<\/p>\n<p class=\"Style271 Style138 Style152\" align=\"justify\">Le pain c\u2019est un bon d\u00e9but mais qu\u2019est ce qu\u2019on mange avec ? Pour le fromage ici pas de question \u00e0 se poser, c\u2019est le comt\u00e9, mais quel comt\u00e9, et quels l\u00e9gumes, quelle viande et quels laitages ? Fabriqu\u00e9 o\u00f9 ? Comment ? pas arr\u00eat\u00e9 par ce genre de question D Thevenet nous pr\u00e9sente comment il a pu mettre en route une r\u00e9flexion pour associer autour de la cuisine centrale : des producteurs de l\u00e9gumes dont un qui y fournit 10% de sa production, des \u00e9leveurs parmi lesquels, l\u2019un qui transforme pour les 30 000L de lait en yourt bio, les vaches \u00e0 lait (montb\u00e9liardes) sont ensuite r\u00e9cup\u00e9r\u00e9es pour leur viande.<\/p>\n<p class=\"Style271 Style138 Style152\" align=\"justify\">Apres 13 ans de choix courageux d\u2019exp\u00e9rience aboutissant \u00e0 80% de produits locaux dans les assiettes, la municipalit\u00e9 veut aller plus loin en installant une l\u00e9gumerie afin que la production soit encore plus facilement conserv\u00e9e et transform\u00e9e. Christofer, le maraicher nous fait r\u00e9aliser que les fili\u00e8res qui demandent le plus de main d\u2019\u0153uvre sont celles qui sont le moins aid\u00e9es, alors si on peut \u00e9viter de perdre une partie de la production\u2026 car au moment o\u00f9 par exemple les courgettes donnent \u00e0 fond, c\u2019est l\u2019\u00e9t\u00e9 et moins de demande pour la cuisine centrale.<\/p>\n<p class=\"Style271 Style138 Style152\" align=\"justify\">Au bout d\u2019une heure M Lanson nous livrait la recette de cette r\u00e9ussite locale , le maillon agricole qui s\u2019appuie sur le r\u00e9seau de coop, le cuisinier de la r\u00e9gie qui ose se poser des questions sur son travail et braver parfois les rouages de l\u2019administration et des march\u00e9 publics pour choisir ses fournisseurs , et enfin le maillon politique qui a su imposer et garder le cap, en utilisant in faut bien le dire le foncier disponible pour cr\u00e9er les structures au fur et \u00e0 mesure.<\/p>\n<p class=\"Style271 Style138 Style152\" align=\"justify\">Version OFF, la conversation impromptue avec Philippe Muller qui nous a cuisin\u00e9 l repas de ce m\u00eame jour \u00e0 la salle des f\u00eates de Savagna.<\/p>\n<p class=\"Style271 Style138 Style152\" align=\"justify\">A l\u2019heure o\u00f9 les altercyclistes \u00e9coutaient Yome \u00e0 propos de lutte contre les OGM, \u00e0 l\u2019int\u00e9rieur, sur un coin de table, nous \u00e9tions quelques uns, scotch\u00e9s devant les paroles de Philippe nous racontant sa courte carri\u00e8re dans une usine de transformation agro alimentaire avant de fuir. Ne r\u00eavez pas je ne d\u00e9voilerai rien pour \u00e9pargner votre sensibilit\u00e9 et votre estomac, mais d\u00e9j\u00e0 il y a 20 ans l\u2019\u00e2ne et le b\u0153uf pouvaient \u00eatre facilement inter chang\u00e9s pour diminuer les couts de productions, le barattage sous vide fait aujourd\u2019hui ressortir du chaudron un jambon qui a gagn\u00e9 10% de son poids \u00e0 grand coup de fixateurs d\u2019humidit\u00e9, de conservateurs et de colorants, seul le b\u00e9n\u00e9fice final \u00e9tait et reste la r\u00e8gle.<\/p>\n<p class=\"Style271 Style138 Style152\" align=\"justify\">Pour qui prend le temps, les surprises ne manquent pas sur l\u2019AlterTour, m\u00eame si parfois elles raccourcissent nettement les nuits.<\/p>\n","protected":false},"excerpt":{"rendered":"<p>Version IN, la visite programm\u00e9e au restaurant municipal C\u2019est pas souvent que les altercyclistes mangent \u00e0 la cantine&#8230; Au premier pas franchis au restaurant municipal de Lons-le-Saunier, force est de constater que \u00e7a ressemble \u00e0 n\u2019importe quelle cantine et pourtant, les choix de production, la mise en place de fili\u00e8re &#8230; <\/p>\n<div><a href=\"https:\/\/www.altercampagne.net\/?p=3489\" class=\"more-link\">Read More<\/a><\/div>\n","protected":false},"author":214,"featured_media":15716,"comment_status":"closed","ping_status":"closed","sticky":false,"template":"","format":"standard","meta":{"footnotes":""},"categories":[3483,3489,3495,3462],"tags":[39,143,615,694,915,916,917,918],"class_list":["post-3489","post","type-post","status-publish","format-standard","has-post-thumbnail","hentry","category-agriculture","category-alimentation","category-bourgogne-franche-comte","category-edition-2013","tag-lons-le-saunier","tag-ogm","tag-guillaume-de-crop","tag-altertour-2013","tag-restaurant-municipal","tag-didier-thevenet","tag-lanson","tag-philippe-muller"],"yoast_head":"<!-- This site is optimized with the Yoast SEO plugin v27.3 - https:\/\/yoast.com\/product\/yoast-seo-wordpress\/ -->\n<title>Le IN et le OFF de l\u2019AlterTour - AlterTour<\/title>\n<meta name=\"robots\" content=\"index, follow, max-snippet:-1, max-image-preview:large, max-video-preview:-1\" \/>\n<link rel=\"canonical\" href=\"https:\/\/www.altercampagne.net\/?p=3489\" \/>\n<meta property=\"og:locale\" content=\"fr_FR\" \/>\n<meta property=\"og:type\" content=\"article\" \/>\n<meta property=\"og:title\" content=\"Le IN et le OFF de l\u2019AlterTour - AlterTour\" \/>\n<meta property=\"og:description\" content=\"Version IN, la visite programm\u00e9e au restaurant municipal C\u2019est pas souvent que les altercyclistes mangent \u00e0 la cantine&#8230; Au premier pas franchis au restaurant municipal de Lons-le-Saunier, force est de constater que \u00e7a ressemble \u00e0 n\u2019importe quelle cantine et pourtant, les choix de production, la mise en place de fili\u00e8re ... Read More\" \/>\n<meta property=\"og:url\" content=\"https:\/\/www.altercampagne.net\/?p=3489\" \/>\n<meta property=\"og:site_name\" content=\"AlterTour\" \/>\n<meta property=\"article:published_time\" content=\"2013-08-12T17:33:16+00:00\" \/>\n<meta property=\"article:modified_time\" content=\"2019-09-16T12:15:31+00:00\" \/>\n<meta property=\"og:image\" content=\"https:\/\/www.altercampagne.net\/wp-content\/uploads\/2013\/08\/2013-08-12_14.14.jpg\" \/>\n\t<meta property=\"og:image:width\" content=\"907\" \/>\n\t<meta property=\"og:image:height\" content=\"474\" \/>\n\t<meta property=\"og:image:type\" content=\"image\/jpeg\" \/>\n<meta name=\"author\" content=\"Mathieu\" \/>\n<meta name=\"twitter:card\" content=\"summary_large_image\" \/>\n<meta name=\"twitter:label1\" content=\"\u00c9crit par\" \/>\n\t<meta name=\"twitter:data1\" content=\"Mathieu\" \/>\n\t<meta name=\"twitter:label2\" content=\"Dur\u00e9e de lecture estim\u00e9e\" \/>\n\t<meta name=\"twitter:data2\" content=\"3 minutes\" \/>\n<script type=\"application\/ld+json\" class=\"yoast-schema-graph\">{\"@context\":\"https:\\\/\\\/schema.org\",\"@graph\":[{\"@type\":\"Article\",\"@id\":\"https:\\\/\\\/www.altercampagne.net\\\/?p=3489#article\",\"isPartOf\":{\"@id\":\"https:\\\/\\\/www.altercampagne.net\\\/?p=3489\"},\"author\":{\"name\":\"Mathieu\",\"@id\":\"https:\\\/\\\/www.altercampagne.net\\\/#\\\/schema\\\/person\\\/0f261460c09e430caa0f9bcffa319109\"},\"headline\":\"Le IN et le OFF de l\u2019AlterTour\",\"datePublished\":\"2013-08-12T17:33:16+00:00\",\"dateModified\":\"2019-09-16T12:15:31+00:00\",\"mainEntityOfPage\":{\"@id\":\"https:\\\/\\\/www.altercampagne.net\\\/?p=3489\"},\"wordCount\":706,\"image\":{\"@id\":\"https:\\\/\\\/www.altercampagne.net\\\/?p=3489#primaryimage\"},\"thumbnailUrl\":\"https:\\\/\\\/www.altercampagne.net\\\/wp-content\\\/uploads\\\/2013\\\/08\\\/2013-08-12_14.14.jpg\",\"keywords\":[\"Lons-le-Saunier\",\"ogm\",\"Guillaume de Crop\",\"AlterTour 2013\",\"restaurant municipal\",\"Didier Thevenet\",\"Lanson\",\"Philippe Muller\"],\"articleSection\":[\"Agriculture\",\"Alimentation\",\"Bourgogne-Franche-Comt\u00e9\",\"\u00c9dition 2013\"],\"inLanguage\":\"fr-FR\"},{\"@type\":\"WebPage\",\"@id\":\"https:\\\/\\\/www.altercampagne.net\\\/?p=3489\",\"url\":\"https:\\\/\\\/www.altercampagne.net\\\/?p=3489\",\"name\":\"Le IN et le OFF de l\u2019AlterTour - AlterTour\",\"isPartOf\":{\"@id\":\"https:\\\/\\\/www.altercampagne.net\\\/#website\"},\"primaryImageOfPage\":{\"@id\":\"https:\\\/\\\/www.altercampagne.net\\\/?p=3489#primaryimage\"},\"image\":{\"@id\":\"https:\\\/\\\/www.altercampagne.net\\\/?p=3489#primaryimage\"},\"thumbnailUrl\":\"https:\\\/\\\/www.altercampagne.net\\\/wp-content\\\/uploads\\\/2013\\\/08\\\/2013-08-12_14.14.jpg\",\"datePublished\":\"2013-08-12T17:33:16+00:00\",\"dateModified\":\"2019-09-16T12:15:31+00:00\",\"author\":{\"@id\":\"https:\\\/\\\/www.altercampagne.net\\\/#\\\/schema\\\/person\\\/0f261460c09e430caa0f9bcffa319109\"},\"breadcrumb\":{\"@id\":\"https:\\\/\\\/www.altercampagne.net\\\/?p=3489#breadcrumb\"},\"inLanguage\":\"fr-FR\",\"potentialAction\":[{\"@type\":\"ReadAction\",\"target\":[\"https:\\\/\\\/www.altercampagne.net\\\/?p=3489\"]}]},{\"@type\":\"ImageObject\",\"inLanguage\":\"fr-FR\",\"@id\":\"https:\\\/\\\/www.altercampagne.net\\\/?p=3489#primaryimage\",\"url\":\"https:\\\/\\\/www.altercampagne.net\\\/wp-content\\\/uploads\\\/2013\\\/08\\\/2013-08-12_14.14.jpg\",\"contentUrl\":\"https:\\\/\\\/www.altercampagne.net\\\/wp-content\\\/uploads\\\/2013\\\/08\\\/2013-08-12_14.14.jpg\",\"width\":907,\"height\":474},{\"@type\":\"BreadcrumbList\",\"@id\":\"https:\\\/\\\/www.altercampagne.net\\\/?p=3489#breadcrumb\",\"itemListElement\":[{\"@type\":\"ListItem\",\"position\":1,\"name\":\"Accueil\",\"item\":\"https:\\\/\\\/www.altercampagne.net\\\/\"},{\"@type\":\"ListItem\",\"position\":2,\"name\":\"Le IN et le OFF de l\u2019AlterTour\"}]},{\"@type\":\"WebSite\",\"@id\":\"https:\\\/\\\/www.altercampagne.net\\\/#website\",\"url\":\"https:\\\/\\\/www.altercampagne.net\\\/\",\"name\":\"AlterTour\",\"description\":\"Reliez les Alternatives \u00e0 v\u00e9lo\",\"potentialAction\":[{\"@type\":\"SearchAction\",\"target\":{\"@type\":\"EntryPoint\",\"urlTemplate\":\"https:\\\/\\\/www.altercampagne.net\\\/?s={search_term_string}\"},\"query-input\":{\"@type\":\"PropertyValueSpecification\",\"valueRequired\":true,\"valueName\":\"search_term_string\"}}],\"inLanguage\":\"fr-FR\"},{\"@type\":\"Person\",\"@id\":\"https:\\\/\\\/www.altercampagne.net\\\/#\\\/schema\\\/person\\\/0f261460c09e430caa0f9bcffa319109\",\"name\":\"Mathieu\",\"image\":{\"@type\":\"ImageObject\",\"inLanguage\":\"fr-FR\",\"@id\":\"https:\\\/\\\/secure.gravatar.com\\\/avatar\\\/aa9d3d24c83f2141e5e2709d0f63d09a99f6be6bb7a50abc4915838d9f54501a?s=96&d=mm&r=g\",\"url\":\"https:\\\/\\\/secure.gravatar.com\\\/avatar\\\/aa9d3d24c83f2141e5e2709d0f63d09a99f6be6bb7a50abc4915838d9f54501a?s=96&d=mm&r=g\",\"contentUrl\":\"https:\\\/\\\/secure.gravatar.com\\\/avatar\\\/aa9d3d24c83f2141e5e2709d0f63d09a99f6be6bb7a50abc4915838d9f54501a?s=96&d=mm&r=g\",\"caption\":\"Mathieu\"},\"url\":\"https:\\\/\\\/www.altercampagne.net\\\/?author=214\"}]}<\/script>\n<!-- \/ Yoast SEO plugin. -->","yoast_head_json":{"title":"Le IN et le OFF de l\u2019AlterTour - AlterTour","robots":{"index":"index","follow":"follow","max-snippet":"max-snippet:-1","max-image-preview":"max-image-preview:large","max-video-preview":"max-video-preview:-1"},"canonical":"https:\/\/www.altercampagne.net\/?p=3489","og_locale":"fr_FR","og_type":"article","og_title":"Le IN et le OFF de l\u2019AlterTour - AlterTour","og_description":"Version IN, la visite programm\u00e9e au restaurant municipal C\u2019est pas souvent que les altercyclistes mangent \u00e0 la cantine&#8230; Au premier pas franchis au restaurant municipal de Lons-le-Saunier, force est de constater que \u00e7a ressemble \u00e0 n\u2019importe quelle cantine et pourtant, les choix de production, la mise en place de fili\u00e8re ... Read More","og_url":"https:\/\/www.altercampagne.net\/?p=3489","og_site_name":"AlterTour","article_published_time":"2013-08-12T17:33:16+00:00","article_modified_time":"2019-09-16T12:15:31+00:00","og_image":[{"width":907,"height":474,"url":"https:\/\/www.altercampagne.net\/wp-content\/uploads\/2013\/08\/2013-08-12_14.14.jpg","type":"image\/jpeg"}],"author":"Mathieu","twitter_card":"summary_large_image","twitter_misc":{"\u00c9crit par":"Mathieu","Dur\u00e9e de lecture estim\u00e9e":"3 minutes"},"schema":{"@context":"https:\/\/schema.org","@graph":[{"@type":"Article","@id":"https:\/\/www.altercampagne.net\/?p=3489#article","isPartOf":{"@id":"https:\/\/www.altercampagne.net\/?p=3489"},"author":{"name":"Mathieu","@id":"https:\/\/www.altercampagne.net\/#\/schema\/person\/0f261460c09e430caa0f9bcffa319109"},"headline":"Le IN et le OFF de l\u2019AlterTour","datePublished":"2013-08-12T17:33:16+00:00","dateModified":"2019-09-16T12:15:31+00:00","mainEntityOfPage":{"@id":"https:\/\/www.altercampagne.net\/?p=3489"},"wordCount":706,"image":{"@id":"https:\/\/www.altercampagne.net\/?p=3489#primaryimage"},"thumbnailUrl":"https:\/\/www.altercampagne.net\/wp-content\/uploads\/2013\/08\/2013-08-12_14.14.jpg","keywords":["Lons-le-Saunier","ogm","Guillaume de Crop","AlterTour 2013","restaurant municipal","Didier Thevenet","Lanson","Philippe Muller"],"articleSection":["Agriculture","Alimentation","Bourgogne-Franche-Comt\u00e9","\u00c9dition 2013"],"inLanguage":"fr-FR"},{"@type":"WebPage","@id":"https:\/\/www.altercampagne.net\/?p=3489","url":"https:\/\/www.altercampagne.net\/?p=3489","name":"Le IN et le OFF de l\u2019AlterTour - AlterTour","isPartOf":{"@id":"https:\/\/www.altercampagne.net\/#website"},"primaryImageOfPage":{"@id":"https:\/\/www.altercampagne.net\/?p=3489#primaryimage"},"image":{"@id":"https:\/\/www.altercampagne.net\/?p=3489#primaryimage"},"thumbnailUrl":"https:\/\/www.altercampagne.net\/wp-content\/uploads\/2013\/08\/2013-08-12_14.14.jpg","datePublished":"2013-08-12T17:33:16+00:00","dateModified":"2019-09-16T12:15:31+00:00","author":{"@id":"https:\/\/www.altercampagne.net\/#\/schema\/person\/0f261460c09e430caa0f9bcffa319109"},"breadcrumb":{"@id":"https:\/\/www.altercampagne.net\/?p=3489#breadcrumb"},"inLanguage":"fr-FR","potentialAction":[{"@type":"ReadAction","target":["https:\/\/www.altercampagne.net\/?p=3489"]}]},{"@type":"ImageObject","inLanguage":"fr-FR","@id":"https:\/\/www.altercampagne.net\/?p=3489#primaryimage","url":"https:\/\/www.altercampagne.net\/wp-content\/uploads\/2013\/08\/2013-08-12_14.14.jpg","contentUrl":"https:\/\/www.altercampagne.net\/wp-content\/uploads\/2013\/08\/2013-08-12_14.14.jpg","width":907,"height":474},{"@type":"BreadcrumbList","@id":"https:\/\/www.altercampagne.net\/?p=3489#breadcrumb","itemListElement":[{"@type":"ListItem","position":1,"name":"Accueil","item":"https:\/\/www.altercampagne.net\/"},{"@type":"ListItem","position":2,"name":"Le IN et le OFF de l\u2019AlterTour"}]},{"@type":"WebSite","@id":"https:\/\/www.altercampagne.net\/#website","url":"https:\/\/www.altercampagne.net\/","name":"AlterTour","description":"Reliez les Alternatives \u00e0 v\u00e9lo","potentialAction":[{"@type":"SearchAction","target":{"@type":"EntryPoint","urlTemplate":"https:\/\/www.altercampagne.net\/?s={search_term_string}"},"query-input":{"@type":"PropertyValueSpecification","valueRequired":true,"valueName":"search_term_string"}}],"inLanguage":"fr-FR"},{"@type":"Person","@id":"https:\/\/www.altercampagne.net\/#\/schema\/person\/0f261460c09e430caa0f9bcffa319109","name":"Mathieu","image":{"@type":"ImageObject","inLanguage":"fr-FR","@id":"https:\/\/secure.gravatar.com\/avatar\/aa9d3d24c83f2141e5e2709d0f63d09a99f6be6bb7a50abc4915838d9f54501a?s=96&d=mm&r=g","url":"https:\/\/secure.gravatar.com\/avatar\/aa9d3d24c83f2141e5e2709d0f63d09a99f6be6bb7a50abc4915838d9f54501a?s=96&d=mm&r=g","contentUrl":"https:\/\/secure.gravatar.com\/avatar\/aa9d3d24c83f2141e5e2709d0f63d09a99f6be6bb7a50abc4915838d9f54501a?s=96&d=mm&r=g","caption":"Mathieu"},"url":"https:\/\/www.altercampagne.net\/?author=214"}]}},"_links":{"self":[{"href":"https:\/\/www.altercampagne.net\/index.php?rest_route=\/wp\/v2\/posts\/3489","targetHints":{"allow":["GET"]}}],"collection":[{"href":"https:\/\/www.altercampagne.net\/index.php?rest_route=\/wp\/v2\/posts"}],"about":[{"href":"https:\/\/www.altercampagne.net\/index.php?rest_route=\/wp\/v2\/types\/post"}],"author":[{"embeddable":true,"href":"https:\/\/www.altercampagne.net\/index.php?rest_route=\/wp\/v2\/users\/214"}],"replies":[{"embeddable":true,"href":"https:\/\/www.altercampagne.net\/index.php?rest_route=%2Fwp%2Fv2%2Fcomments&post=3489"}],"version-history":[{"count":0,"href":"https:\/\/www.altercampagne.net\/index.php?rest_route=\/wp\/v2\/posts\/3489\/revisions"}],"wp:featuredmedia":[{"embeddable":true,"href":"https:\/\/www.altercampagne.net\/index.php?rest_route=\/wp\/v2\/media\/15716"}],"wp:attachment":[{"href":"https:\/\/www.altercampagne.net\/index.php?rest_route=%2Fwp%2Fv2%2Fmedia&parent=3489"}],"wp:term":[{"taxonomy":"category","embeddable":true,"href":"https:\/\/www.altercampagne.net\/index.php?rest_route=%2Fwp%2Fv2%2Fcategories&post=3489"},{"taxonomy":"post_tag","embeddable":true,"href":"https:\/\/www.altercampagne.net\/index.php?rest_route=%2Fwp%2Fv2%2Ftags&post=3489"}],"curies":[{"name":"wp","href":"https:\/\/api.w.org\/{rel}","templated":true}]}}