{"id":3513,"date":"2013-08-08T15:06:31","date_gmt":"2013-08-08T13:06:31","guid":{"rendered":"http:\/\/www.altercampagne.net\/?p=3513"},"modified":"2024-10-28T14:28:00","modified_gmt":"2024-10-28T13:28:00","slug":"trajet-cramans-arbois","status":"publish","type":"post","link":"https:\/\/www.altercampagne.net\/?p=3513","title":{"rendered":"\u00c9tape du 8 ao\u00fbt : Cramans &#8211; Arbois"},"content":{"rendered":"<p class=\"Style271 Style138 Style152\" align=\"justify\">7h \u2013 Nuit pass\u00e9e \u00e0 Cramans, apr\u00e8s une d\u00e9gustation de vin bio local, et sans gueule de bois, vive le vin naturel sans sulfites ajout\u00e9s et merci Etienne !!<\/p>\n<p class=\"Style271 Style138 Style152\" align=\"justify\">8h \u2013 Jean-Robin est impatient du temps, il l\u2019agace car trop variable ! Il a bien dormi l\u2019ami, malgr\u00e9 le clocher qui a sonn\u00e9 toute la nuit, et heureux il l\u2019est car pour une fois il se l\u00e8ve pas trop tard et a du temps le matin !<\/p>\n<p class=\"Style271 Style138 Style152\" align=\"justify\">Sa phrase : \u00ab Appuyez-vous sur les principes, ils finiront bien par c\u00e9der \u00bb<\/p>\n<p class=\"Style271 Style138 Style152\" align=\"justify\">8h30 \u2013 Mathieu s\u2019appr\u00eate \u00e0 dire \u00e0 tout le monde qu\u2019on va partir, direction Mouchard, pour rencontrer les Croqueurs de Pommes. L\u2019organisation se passe nickel, la transition est bonne. Il a bien dormi\u2026 dans un lit (et ouais !), mais assez vert d\u2019avoir rat\u00e9 les copains musicos de la veille.<br \/>\nSa phrase : \u00ab A la brasserie, \u00e7a va \u00eatre \u2018franchement\u2019 bien !\u00bb<\/p>\n<p class=\"Style271 Style138 Style152\" align=\"justify\">8h45 \u2013 L\u00e9a vie la matin\u00e9e assez mollement.. elle a g\u00e9r\u00e9 le pliage de sa tente avant tout le monde, prend son petit d\u00e9jeuner et aimerait bien se poser redormir avant le d\u00e9part\u2026 dur dur. Sa phrase : \u00ab La vie c\u2019est bien, surtout le matin\u00bb<\/p>\n<p class=\"Style271 Style138 Style152\" align=\"justify\">9h30 \u2013 Laurence vient d\u2019arriver \u00e0 Cramans avec le groupe, pour rencontrer les Croqueurs de Pommes\u2026 mais qui sont-ils ?? Elle roule avec son v\u00e9lo et est fort fort contente de ces rencontres avec ces bons vins ! Sa phrase : \u00ab L\u00e0 je suis chauff\u00e9e physiquement, mais psychiquement\u2026 je suis encore dans ma nuit \u00e9court\u00e9e\u00bb<\/p>\n<p class=\"Style271 Style138 Style152\" align=\"justify\">10h \u2013 Les <a href=\"http:\/\/www.croqueurs-de-pommes.asso.fr\/vie-de-l-association\/associations-locales\/82-jura-val-d-or.html\" target=\"_blank\" rel=\"noopener noreferrer\">Croqueurs de Pommes Jura Val d&rsquo;or<\/a> \u2013 Christian Drain, au verger conservatoire de Cramans<br \/>\nChristian nous invitant \u00e0 gouter les pommes de moisson : \u00ab Attention, c\u2019est pire que bio, il y a les asticots avec.\u00bb<\/p>\n<div style=\"width: 810px\" class=\"wp-caption aligncenter\"><img loading=\"lazy\" decoding=\"async\" class=\"\" src=\"https:\/\/lh4.googleusercontent.com\/-_HxFLftd-AE\/UgqEDXcoEAI\/AAAAAAAASKE\/fLs8Ks7YvV8\/s800\/2013-08-08_10.00.11_1450.jpg\" alt=\"\" width=\"800\" height=\"537\" \/><p class=\"wp-caption-text\">Christian Drain, AlterTour 2013. Cr\u00e9dit photo G de Crop<\/p><\/div>\n<p class=\"Style271 Style138 Style152\" align=\"justify\">Voici des br\u00e8ves d\u2019informations sur la rencontre :<br \/>\nEn Europe existe 3000 vari\u00e9t\u00e9s de pomme, la pomologie rassemble les experts sur le domaine<br \/>\nEn fonction des lieux, 1 pomme peut avoir 10 ou 15 synonymes<br \/>\nBouquin \u00e0 lire : Patrimoine Fruitier de Franche Cont\u00e9 (observatoire r\u00e9gionnal de l\u2019environnement de Franche Cont\u00e9)<br \/>\nAu verger sont plant\u00e9s des vari\u00e9t\u00e9s anciennes<br \/>\nLa vari\u00e9t\u00e9 <a href=\"http:\/\/fr.wikipedia.org\/wiki\/Belle_fille_de_Salins\" target=\"_blank\" rel=\"noopener noreferrer\">Belle Fille de Salin<\/a> (photo) se conserve en cave jusqu\u2019\u00e0 Mars<br \/>\nLa greffe est une technique de reproduction d\u2019une vari\u00e9t\u00e9, au m\u00eame instar que le clonage. Cette technique existe depuis le moyen \u00e2ge. Diff\u00e9rents types de greffe en photo.<br \/>\nLa taille (du verbe tailler) des arbres se fait de diff\u00e9rentes mani\u00e8res. Les 2 principales p\u00e9riodes sont l\u2019hiver et fin juillet (taille envers).<br \/>\nUne bourse aux greffons est organis\u00e9e tous les ans \u00e0 Arbois.<br \/>\nLes vers de pommes viennent de la ponte des mouches dans la fleur, quelques mois plus t\u00f4t.<br \/>\nLes abeilles sortent \u00e0 partir de 17\u00b0C, la polonisation des plantes est donc directement affect\u00e9e par les variations de temp\u00e9rature.<br \/>\nLe terrain de l\u2019observatoire leur est pr\u00eat\u00e9 par la Com\u2019Com, en \u00e9change de quelques bonnes bouteilles de jus.<br \/>\nPlus d\u2019infos sur la page AlterTour : <a href=\"http:\/\/altercampagne.free.fr\/pages\/2008\/AlterTour\/Eta-2013\/etape2013_08-8.html\" target=\"_blank\" rel=\"noopener noreferrer\">clic<\/a><\/p>\n<p class=\"Style271 Style138 Style152\" align=\"justify\">10h30 \u2013 Aline : \u00ab Aujourd\u2019hui c\u2019est la greffe g\u00e9n\u00e9rale !\u00bb<\/p>\n<p class=\"Style271 Style138 Style152\" align=\"justify\">10h45 \u2013 Julien consid\u00e8re que ce m\u00e9tier effectuer par les Croqueurs doit \u00eatre plus reconnu car essentiel pour garder la diversit\u00e9 des vari\u00e9t\u00e9s. Dans de nombreux domaines, des personnes continuent des activit\u00e9s traditionnelles dans leur coin et en sont les gardiens. En goutant ces pommes, Julien est bien heureux de trouver la 2nde meilleure ?. Il veut : Libert\u00e9, \u00e9galit\u00e9, gratuit\u00e9, enlever le contr\u00f4le et d\u00e9mocratiser les transports.<br \/>\nSa phrase : \u00ab Le bonheur c\u2019est comme faire du v\u00e9lo sans les mains\u00bb<\/p>\n<p class=\"Style271 Style138 Style152\" align=\"justify\">11h \u2013 Antonin : \u00ab Je voudrais lui demander de faire plut\u00f4t des poires, parce que je pr\u00e9f\u00e8re le jus de poire \u00bb \/ \u00ab La fondue c\u2019est meilleur que les ravioles !\u00bb<\/p>\n<div style=\"width: 810px\" class=\"wp-caption aligncenter\"><img loading=\"lazy\" decoding=\"async\" class=\"\" src=\"https:\/\/lh5.googleusercontent.com\/-a-yC6lWkU58\/UgqEZVT5bHI\/AAAAAAAASM0\/wV_cjL-9wtA\/s800\/2013-08-08_13.06.08_1603.jpg\" alt=\"\" width=\"800\" height=\"537\" \/><p class=\"wp-caption-text\">Brasserie La Franche, AlterTour 2013. Cr\u00e9dit photo G de Crop<\/p><\/div>\n<p class=\"Style271 Style138 Style152\" align=\"justify\">13h \u2013 <a href=\"http:\/\/www.lafranche.net\/\" target=\"_blank\" rel=\"noopener noreferrer\">Brasserie La Franche<\/a> \u2013 Jean-Yves et R\u00e9gis \u00e0 la Fert\u00e9 En 2004 un groupe de copain a envie de fabriqu\u00e9 de la bi\u00e8re (en cuisine), leur production commence donc \u00e0 petite \u00e9chelle pour un cercle d\u2019amis. L\u2019association est mont\u00e9e en 2005 pour la vente sur le march\u00e9 et suivi de grands travaux. Aujourd\u2019hui la production est proche de 500 hecto-litres par an, soit 5 cuves en 5 jours et 850 litres\/journ\u00e9e de travail.<\/p>\n<p class=\"Style271 Style138 Style152\" align=\"justify\">Voici des br\u00e8ves d\u2019informations sur la rencontre :<br \/>\nMalt = grain germ\u00e9 et s\u00e9ch\u00e9 (transport absurdes dans la production France &gt; Belgique &gt; France\u2026)<br \/>\nIls ont jou\u00e9 les hamsters pendant 3 ans \u00e0 concacer le grain avec un v\u00e9lo !<br \/>\nTrempage du grain dans l\u2019eau chaude pour casser l\u2019amidon et le transformer en sucre<br \/>\nLavage des \u00e9corces en fonction de la bi\u00e8re que l\u2019on veut produire (4h pour une blanche, 2h pour une blonde)<br \/>\nPorter \u00e0 \u00e9bullition et rajouter le houblon (tr\u00e8s faible dose environ 2% ( ?) ) que l\u2019on laisse infuser en fonction de l\u2019amertume voulue &gt; il existe du houblon fran\u00e7ais bio depuis 1 an<br \/>\nMaturation \u00e0 16\u00b0C puis 10\u00b0C pour d\u00e9canter<br \/>\nEmbouteillage rotative, puis attente 8 semaine avant la vente<br \/>\nVente : 50% sur place, 50% dans la r\u00e9gion, bouteilles consign\u00e9es<br \/>\nPlus d\u2019infos sur la page AlterTour : <a href=\"http:\/\/altercampagne.free.fr\/pages\/2008\/AlterTour\/Eta-2013\/etape2013_08-8.html\" target=\"_blank\" rel=\"noopener noreferrer\">clic<\/a><\/p>\n<p class=\"Style271 Style138 Style152\" align=\"justify\">13h30 \u2013 Christophe n\u2019aime pas trop la bi\u00e8re, mais l\u00e0\u2026 hum, oui !, c\u2019est parfum\u00e9 ! Il a retenu un int\u00e9r\u00eat sur le statut associatif de la structure pour commencer leur aventure. Lui perso n\u2019aime pas assez la bi\u00e8re pour se lancer dans une telle aventure\u2026 il faut aimer la boire !<\/p>\n<p class=\"Style271 Style138 Style152\" align=\"justify\">16h \u2013 Claire Brrr aurait bien dormi plus longtemps, et s\u2019appr\u00eate \u00e0 prendre une douche collective en plein air sur le v\u00e9lo\u2026 quel temps !<br \/>\nSa phrase : \u00ab Inspiration n\u00e9ant, je suis entre ( )\u00bb<\/p>\n<p class=\"Style271 Style138 Style152\" align=\"justify\">19h15 \u2013 Philippe de Loz nous conseille un film sur la surconsommation : Surplus (Arte) \u00e0 regarder <a href=\"http:\/\/eveil-de-la-terre.blogspot.fr\/2011\/04\/surplus-la-consommation-par-la-terreur.html\" target=\"_blank\" rel=\"noopener noreferrer\">ici<\/a><br \/>\nSa phrase : \u00ab Warum scheize mit strom machen, wenn man strom mit scheize machen ?\u00bb<\/p>\n<p class=\"Style271 Style138 Style152\" align=\"justify\">19h30 \u2013 Claire ckecky check trouve qu\u2019il n\u2019y a pas assez l\u2019aspect ap\u00e9ro en ce moment, et apr\u00e8s la remarque d\u2019un alter-pote qu\u2019on a de la bi\u00e8re des faucheurs : \u00ab ah ouaissss \u2026 \u00bb ! Sa phrase : \u00ab ouaich cane \u00e0 p\u00eache ! \u00bb La journ\u00e9e en un mot (r\u00e9colt\u00e9 aupr\u00e8s des alter-cylclistes) :<\/p>\n<div align=\"justify\">\n<div style=\"width: 360px\" class=\"wp-caption alignleft\"><img loading=\"lazy\" decoding=\"async\" class=\"\" src=\"http:\/\/altercampagne.free.fr\/pages\/2008\/AlterTour\/pic\/AT2013-Accueil-paysan.jpg\" alt=\"\" width=\"350\" height=\"522\" \/><p class=\"wp-caption-text\">Accueil Paysan Jura, AlterTour 2013. Cr\u00e9dit photo G de Crop<\/p><\/div>\n<p class=\"Style271 Style138 Style152\" align=\"justify\">Eclairante, limaceuse, g\u00e9n\u00e9reuse, mauve, agrume, humide, mousse, chapeau, fatigue, \u00e9clate, am\u00e8re, solidaire, solibi\u00e8re, brass\u00e9e, enfin le Jura !, pomme, bi\u00e8re, franche, acide, rayonnante, rayons, bi\u00e8re qui roule n\u2019amasse pas mousse, vivifiante, nourrissante, minibus, confort, fondus, fruit\u00e9e, ambr\u00e9e, mousseuse, mouches, pas d\u2019sieste trankil\u2026<\/p>\n<p class=\"Style271 Style138 Style152\" align=\"justify\">20h \u2013 Francette a retenu de la journ\u00e9e des mont\u00e9es et des descentes, de la for\u00eat, de la route tranquille et calme, des bonjours r\u00e9ceptifs sur la route. Elle est bien contente d\u2019avoir appris commence fonctionne une greffe pour le faire sur ses hibiscus et ses roses.<br \/>\nSa phrase : \u00ab Tout le monde est monde, parce que tout le monde est l\u00e0\u00bb<\/p>\n<p class=\"Style271 Style138 Style152\" align=\"justify\">20h30 \u2013 Maia : \u00ab Un tapi peut en cacher un autre \u00bb Pierre : \u00ab Plaire \u00e0 tout le monde c\u2019est plaire \u00e0 n\u2019importe qui \u00bb Romain : \u00ab L\u2019alterjournaliste est au groupe collectif ce que la cuve de fermentation est \u00e0 l\u2019orge malt\u00e9e\u00bb<\/p>\n<p class=\"Style271 Style138 Style152\" align=\"justify\">21h \u2013 La fabuleuse fondue fait fureur f\u2019est fou !<\/p>\n<p class=\"Style271 Style138 Style152\" align=\"justify\">22h \u2013 Une fondue nous est pr\u00e9par\u00e9e par le comit\u00e9 d&rsquo;Accueil Paysan Jura, avec des explications sur leur fonctionnement et les fruiti\u00e8res.<\/p>\n<p class=\"Style271 Style138 Style152\" align=\"justify\">Le terme fruiti\u00e8re vient du fait qu\u2019elle fait \u00ab fructifier ensemble \u00bb. Avec le fromage, les paysans pouvaient transformer le lait pendant l\u2019ann\u00e9e et le garder l\u2019hiver. Cela en faisait une fruiti\u00e8re permanente dans l\u2019ann\u00e9e.<\/p>\n<p class=\"Style271 Style138 Style152\" align=\"justify\">Accueil paysan accueille 200 adh\u00e9rents et proposera bient\u00f4t des ch\u00e8que cadeaux \u00e0 offrir !!<br \/>\nPlus d\u2019infos sur l&rsquo;\u00e9tape : <a href=\"http:\/\/altercampagne.free.fr\/pages\/2008\/AlterTour\/Eta-2013\/etape2013_08-8.html\" target=\"_blank\" rel=\"noopener noreferrer\">clic<\/a><\/p>\n<p style=\"text-align: right;\" align=\"justify\"><span style=\"color: #ffffff;\">Mathieu Fromont, <a style=\"color: #ffffff;\" href=\"https:\/\/www.facebook.com\/BrasseriePlumeJurassienne\/\" target=\"_blank\" rel=\"noopener\">Brasserie Plume Jurassienne<\/a><\/span><\/p>\n<p><span class=\"visually-hidden\">Mathieu Fromont <a href=\"https:\/\/www.facebook.com\/BrasseriePlumeJurassienne\">Brasserie Plume Jurassienne<\/a> (Cramans, Jura)<\/span><\/p>\n<\/div>\n","protected":false},"excerpt":{"rendered":"<p>7h \u2013 Nuit pass\u00e9e \u00e0 Cramans, apr\u00e8s une d\u00e9gustation de vin bio local, et sans gueule de bois, vive le vin naturel sans sulfites ajout\u00e9s et merci Etienne !! 8h \u2013 Jean-Robin est impatient du temps, il l\u2019agace car trop variable ! Il a bien dormi l\u2019ami, malgr\u00e9 le clocher &#8230; <\/p>\n<div><a href=\"https:\/\/www.altercampagne.net\/?p=3513\" class=\"more-link\">Read More<\/a><\/div>\n","protected":false},"author":214,"featured_media":15375,"comment_status":"closed","ping_status":"closed","sticky":false,"template":"","format":"standard","meta":{"footnotes":""},"categories":[3483,3495,4037,3462],"tags":[947,4492,4491,4466,4454,4450,951,950,949,948,552,946,945,944,943,942,941,694,612],"class_list":["post-3513","post","type-post","status-publish","format-standard","has-post-thumbnail","hentry","category-agriculture","category-bourgogne-franche-comte","category-biere","category-edition-2013","tag-belle-fille-de-salin","tag-val-damour","tag-4491","tag-brasserie-artisanale","tag-brasserie-plume","tag-brasserie-plume-jurassienne","tag-accueil-paysan-jura","tag-biere","tag-la-ferte","tag-brasserie-la-franche","tag-mathieu-fromont","tag-croqueurs-de-pommes-jura-val-dor","tag-christian-drain","tag-croqueurs-de-pommes","tag-mouchard","tag-domaine-de-cavarodes","tag-arbois","tag-altertour-2013","tag-cramans"],"yoast_head":"<!-- This site is optimized with the Yoast SEO plugin v27.3 - https:\/\/yoast.com\/product\/yoast-seo-wordpress\/ -->\n<title>\u00c9tape du 8 ao\u00fbt : Cramans - Arbois - AlterTour<\/title>\n<meta name=\"robots\" content=\"index, follow, max-snippet:-1, max-image-preview:large, max-video-preview:-1\" \/>\n<link rel=\"canonical\" href=\"https:\/\/www.altercampagne.net\/?p=3513\" \/>\n<meta property=\"og:locale\" content=\"fr_FR\" \/>\n<meta property=\"og:type\" content=\"article\" \/>\n<meta property=\"og:title\" content=\"\u00c9tape du 8 ao\u00fbt : Cramans - Arbois - AlterTour\" \/>\n<meta property=\"og:description\" content=\"7h \u2013 Nuit pass\u00e9e \u00e0 Cramans, apr\u00e8s une d\u00e9gustation de vin bio local, et sans gueule de bois, vive le vin naturel sans sulfites ajout\u00e9s et merci Etienne !! 8h \u2013 Jean-Robin est impatient du temps, il l\u2019agace car trop variable ! Il a bien dormi l\u2019ami, malgr\u00e9 le clocher ... Read More\" \/>\n<meta property=\"og:url\" content=\"https:\/\/www.altercampagne.net\/?p=3513\" \/>\n<meta property=\"og:site_name\" content=\"AlterTour\" \/>\n<meta property=\"article:published_time\" content=\"2013-08-08T13:06:31+00:00\" \/>\n<meta property=\"article:modified_time\" content=\"2024-10-28T13:28:00+00:00\" \/>\n<meta property=\"og:image\" content=\"https:\/\/www.altercampagne.net\/wp-content\/uploads\/2013\/08\/2013-08-08_13.06.jpg\" \/>\n\t<meta property=\"og:image:width\" content=\"907\" \/>\n\t<meta property=\"og:image:height\" content=\"474\" \/>\n\t<meta property=\"og:image:type\" content=\"image\/jpeg\" \/>\n<meta name=\"author\" content=\"Mathieu\" \/>\n<meta name=\"twitter:card\" content=\"summary_large_image\" \/>\n<meta name=\"twitter:label1\" content=\"\u00c9crit par\" \/>\n\t<meta name=\"twitter:data1\" content=\"Mathieu\" \/>\n\t<meta name=\"twitter:label2\" content=\"Dur\u00e9e de lecture estim\u00e9e\" \/>\n\t<meta name=\"twitter:data2\" content=\"7 minutes\" \/>\n<script type=\"application\/ld+json\" class=\"yoast-schema-graph\">{\"@context\":\"https:\\\/\\\/schema.org\",\"@graph\":[{\"@type\":\"Article\",\"@id\":\"https:\\\/\\\/www.altercampagne.net\\\/?p=3513#article\",\"isPartOf\":{\"@id\":\"https:\\\/\\\/www.altercampagne.net\\\/?p=3513\"},\"author\":{\"name\":\"Mathieu\",\"@id\":\"https:\\\/\\\/www.altercampagne.net\\\/#\\\/schema\\\/person\\\/0f261460c09e430caa0f9bcffa319109\"},\"headline\":\"\u00c9tape du 8 ao\u00fbt : Cramans &#8211; Arbois\",\"datePublished\":\"2013-08-08T13:06:31+00:00\",\"dateModified\":\"2024-10-28T13:28:00+00:00\",\"mainEntityOfPage\":{\"@id\":\"https:\\\/\\\/www.altercampagne.net\\\/?p=3513\"},\"wordCount\":1333,\"image\":{\"@id\":\"https:\\\/\\\/www.altercampagne.net\\\/?p=3513#primaryimage\"},\"thumbnailUrl\":\"https:\\\/\\\/www.altercampagne.net\\\/wp-content\\\/uploads\\\/2013\\\/08\\\/2013-08-08_13.06.jpg\",\"keywords\":[\"Belle Fille de Salin\",\"val d'amour\",\"39\",\"Brasserie Artisanale\",\"brasserie plume\",\"Brasserie Plume Jurassienne\",\"Accueil Paysan Jura\",\"bi\u00e8re\",\"la Fert\u00e9\",\"Brasserie La Franche\",\"Mathieu Fromont\",\"Croqueurs de Pommes Jura Val d'or\",\"Christian Drain\",\"Croqueurs de Pommes\",\"Mouchard\",\"domaine de cavarodes\",\"Arbois\",\"AlterTour 2013\",\"Cramans\"],\"articleSection\":[\"Agriculture\",\"Bourgogne-Franche-Comt\u00e9\",\"Bi\u00e8re\",\"\u00c9dition 2013\"],\"inLanguage\":\"fr-FR\"},{\"@type\":\"WebPage\",\"@id\":\"https:\\\/\\\/www.altercampagne.net\\\/?p=3513\",\"url\":\"https:\\\/\\\/www.altercampagne.net\\\/?p=3513\",\"name\":\"\u00c9tape du 8 ao\u00fbt : Cramans - Arbois - AlterTour\",\"isPartOf\":{\"@id\":\"https:\\\/\\\/www.altercampagne.net\\\/#website\"},\"primaryImageOfPage\":{\"@id\":\"https:\\\/\\\/www.altercampagne.net\\\/?p=3513#primaryimage\"},\"image\":{\"@id\":\"https:\\\/\\\/www.altercampagne.net\\\/?p=3513#primaryimage\"},\"thumbnailUrl\":\"https:\\\/\\\/www.altercampagne.net\\\/wp-content\\\/uploads\\\/2013\\\/08\\\/2013-08-08_13.06.jpg\",\"datePublished\":\"2013-08-08T13:06:31+00:00\",\"dateModified\":\"2024-10-28T13:28:00+00:00\",\"author\":{\"@id\":\"https:\\\/\\\/www.altercampagne.net\\\/#\\\/schema\\\/person\\\/0f261460c09e430caa0f9bcffa319109\"},\"breadcrumb\":{\"@id\":\"https:\\\/\\\/www.altercampagne.net\\\/?p=3513#breadcrumb\"},\"inLanguage\":\"fr-FR\",\"potentialAction\":[{\"@type\":\"ReadAction\",\"target\":[\"https:\\\/\\\/www.altercampagne.net\\\/?p=3513\"]}]},{\"@type\":\"ImageObject\",\"inLanguage\":\"fr-FR\",\"@id\":\"https:\\\/\\\/www.altercampagne.net\\\/?p=3513#primaryimage\",\"url\":\"https:\\\/\\\/www.altercampagne.net\\\/wp-content\\\/uploads\\\/2013\\\/08\\\/2013-08-08_13.06.jpg\",\"contentUrl\":\"https:\\\/\\\/www.altercampagne.net\\\/wp-content\\\/uploads\\\/2013\\\/08\\\/2013-08-08_13.06.jpg\",\"width\":907,\"height\":474},{\"@type\":\"BreadcrumbList\",\"@id\":\"https:\\\/\\\/www.altercampagne.net\\\/?p=3513#breadcrumb\",\"itemListElement\":[{\"@type\":\"ListItem\",\"position\":1,\"name\":\"Accueil\",\"item\":\"https:\\\/\\\/www.altercampagne.net\\\/\"},{\"@type\":\"ListItem\",\"position\":2,\"name\":\"\u00c9tape du 8 ao\u00fbt : Cramans &#8211; Arbois\"}]},{\"@type\":\"WebSite\",\"@id\":\"https:\\\/\\\/www.altercampagne.net\\\/#website\",\"url\":\"https:\\\/\\\/www.altercampagne.net\\\/\",\"name\":\"AlterTour\",\"description\":\"Reliez les Alternatives \u00e0 v\u00e9lo\",\"potentialAction\":[{\"@type\":\"SearchAction\",\"target\":{\"@type\":\"EntryPoint\",\"urlTemplate\":\"https:\\\/\\\/www.altercampagne.net\\\/?s={search_term_string}\"},\"query-input\":{\"@type\":\"PropertyValueSpecification\",\"valueRequired\":true,\"valueName\":\"search_term_string\"}}],\"inLanguage\":\"fr-FR\"},{\"@type\":\"Person\",\"@id\":\"https:\\\/\\\/www.altercampagne.net\\\/#\\\/schema\\\/person\\\/0f261460c09e430caa0f9bcffa319109\",\"name\":\"Mathieu\",\"image\":{\"@type\":\"ImageObject\",\"inLanguage\":\"fr-FR\",\"@id\":\"https:\\\/\\\/secure.gravatar.com\\\/avatar\\\/aa9d3d24c83f2141e5e2709d0f63d09a99f6be6bb7a50abc4915838d9f54501a?s=96&d=mm&r=g\",\"url\":\"https:\\\/\\\/secure.gravatar.com\\\/avatar\\\/aa9d3d24c83f2141e5e2709d0f63d09a99f6be6bb7a50abc4915838d9f54501a?s=96&d=mm&r=g\",\"contentUrl\":\"https:\\\/\\\/secure.gravatar.com\\\/avatar\\\/aa9d3d24c83f2141e5e2709d0f63d09a99f6be6bb7a50abc4915838d9f54501a?s=96&d=mm&r=g\",\"caption\":\"Mathieu\"},\"url\":\"https:\\\/\\\/www.altercampagne.net\\\/?author=214\"}]}<\/script>\n<!-- \/ Yoast SEO plugin. -->","yoast_head_json":{"title":"\u00c9tape du 8 ao\u00fbt : Cramans - Arbois - AlterTour","robots":{"index":"index","follow":"follow","max-snippet":"max-snippet:-1","max-image-preview":"max-image-preview:large","max-video-preview":"max-video-preview:-1"},"canonical":"https:\/\/www.altercampagne.net\/?p=3513","og_locale":"fr_FR","og_type":"article","og_title":"\u00c9tape du 8 ao\u00fbt : Cramans - Arbois - AlterTour","og_description":"7h \u2013 Nuit pass\u00e9e \u00e0 Cramans, apr\u00e8s une d\u00e9gustation de vin bio local, et sans gueule de bois, vive le vin naturel sans sulfites ajout\u00e9s et merci Etienne !! 8h \u2013 Jean-Robin est impatient du temps, il l\u2019agace car trop variable ! Il a bien dormi l\u2019ami, malgr\u00e9 le clocher ... Read More","og_url":"https:\/\/www.altercampagne.net\/?p=3513","og_site_name":"AlterTour","article_published_time":"2013-08-08T13:06:31+00:00","article_modified_time":"2024-10-28T13:28:00+00:00","og_image":[{"width":907,"height":474,"url":"https:\/\/www.altercampagne.net\/wp-content\/uploads\/2013\/08\/2013-08-08_13.06.jpg","type":"image\/jpeg"}],"author":"Mathieu","twitter_card":"summary_large_image","twitter_misc":{"\u00c9crit par":"Mathieu","Dur\u00e9e de lecture estim\u00e9e":"7 minutes"},"schema":{"@context":"https:\/\/schema.org","@graph":[{"@type":"Article","@id":"https:\/\/www.altercampagne.net\/?p=3513#article","isPartOf":{"@id":"https:\/\/www.altercampagne.net\/?p=3513"},"author":{"name":"Mathieu","@id":"https:\/\/www.altercampagne.net\/#\/schema\/person\/0f261460c09e430caa0f9bcffa319109"},"headline":"\u00c9tape du 8 ao\u00fbt : Cramans &#8211; Arbois","datePublished":"2013-08-08T13:06:31+00:00","dateModified":"2024-10-28T13:28:00+00:00","mainEntityOfPage":{"@id":"https:\/\/www.altercampagne.net\/?p=3513"},"wordCount":1333,"image":{"@id":"https:\/\/www.altercampagne.net\/?p=3513#primaryimage"},"thumbnailUrl":"https:\/\/www.altercampagne.net\/wp-content\/uploads\/2013\/08\/2013-08-08_13.06.jpg","keywords":["Belle Fille de Salin","val d'amour","39","Brasserie Artisanale","brasserie plume","Brasserie Plume Jurassienne","Accueil Paysan Jura","bi\u00e8re","la Fert\u00e9","Brasserie La Franche","Mathieu Fromont","Croqueurs de Pommes Jura Val d'or","Christian Drain","Croqueurs de Pommes","Mouchard","domaine de cavarodes","Arbois","AlterTour 2013","Cramans"],"articleSection":["Agriculture","Bourgogne-Franche-Comt\u00e9","Bi\u00e8re","\u00c9dition 2013"],"inLanguage":"fr-FR"},{"@type":"WebPage","@id":"https:\/\/www.altercampagne.net\/?p=3513","url":"https:\/\/www.altercampagne.net\/?p=3513","name":"\u00c9tape du 8 ao\u00fbt : Cramans - Arbois - AlterTour","isPartOf":{"@id":"https:\/\/www.altercampagne.net\/#website"},"primaryImageOfPage":{"@id":"https:\/\/www.altercampagne.net\/?p=3513#primaryimage"},"image":{"@id":"https:\/\/www.altercampagne.net\/?p=3513#primaryimage"},"thumbnailUrl":"https:\/\/www.altercampagne.net\/wp-content\/uploads\/2013\/08\/2013-08-08_13.06.jpg","datePublished":"2013-08-08T13:06:31+00:00","dateModified":"2024-10-28T13:28:00+00:00","author":{"@id":"https:\/\/www.altercampagne.net\/#\/schema\/person\/0f261460c09e430caa0f9bcffa319109"},"breadcrumb":{"@id":"https:\/\/www.altercampagne.net\/?p=3513#breadcrumb"},"inLanguage":"fr-FR","potentialAction":[{"@type":"ReadAction","target":["https:\/\/www.altercampagne.net\/?p=3513"]}]},{"@type":"ImageObject","inLanguage":"fr-FR","@id":"https:\/\/www.altercampagne.net\/?p=3513#primaryimage","url":"https:\/\/www.altercampagne.net\/wp-content\/uploads\/2013\/08\/2013-08-08_13.06.jpg","contentUrl":"https:\/\/www.altercampagne.net\/wp-content\/uploads\/2013\/08\/2013-08-08_13.06.jpg","width":907,"height":474},{"@type":"BreadcrumbList","@id":"https:\/\/www.altercampagne.net\/?p=3513#breadcrumb","itemListElement":[{"@type":"ListItem","position":1,"name":"Accueil","item":"https:\/\/www.altercampagne.net\/"},{"@type":"ListItem","position":2,"name":"\u00c9tape du 8 ao\u00fbt : Cramans &#8211; Arbois"}]},{"@type":"WebSite","@id":"https:\/\/www.altercampagne.net\/#website","url":"https:\/\/www.altercampagne.net\/","name":"AlterTour","description":"Reliez les Alternatives \u00e0 v\u00e9lo","potentialAction":[{"@type":"SearchAction","target":{"@type":"EntryPoint","urlTemplate":"https:\/\/www.altercampagne.net\/?s={search_term_string}"},"query-input":{"@type":"PropertyValueSpecification","valueRequired":true,"valueName":"search_term_string"}}],"inLanguage":"fr-FR"},{"@type":"Person","@id":"https:\/\/www.altercampagne.net\/#\/schema\/person\/0f261460c09e430caa0f9bcffa319109","name":"Mathieu","image":{"@type":"ImageObject","inLanguage":"fr-FR","@id":"https:\/\/secure.gravatar.com\/avatar\/aa9d3d24c83f2141e5e2709d0f63d09a99f6be6bb7a50abc4915838d9f54501a?s=96&d=mm&r=g","url":"https:\/\/secure.gravatar.com\/avatar\/aa9d3d24c83f2141e5e2709d0f63d09a99f6be6bb7a50abc4915838d9f54501a?s=96&d=mm&r=g","contentUrl":"https:\/\/secure.gravatar.com\/avatar\/aa9d3d24c83f2141e5e2709d0f63d09a99f6be6bb7a50abc4915838d9f54501a?s=96&d=mm&r=g","caption":"Mathieu"},"url":"https:\/\/www.altercampagne.net\/?author=214"}]}},"_links":{"self":[{"href":"https:\/\/www.altercampagne.net\/index.php?rest_route=\/wp\/v2\/posts\/3513","targetHints":{"allow":["GET"]}}],"collection":[{"href":"https:\/\/www.altercampagne.net\/index.php?rest_route=\/wp\/v2\/posts"}],"about":[{"href":"https:\/\/www.altercampagne.net\/index.php?rest_route=\/wp\/v2\/types\/post"}],"author":[{"embeddable":true,"href":"https:\/\/www.altercampagne.net\/index.php?rest_route=\/wp\/v2\/users\/214"}],"replies":[{"embeddable":true,"href":"https:\/\/www.altercampagne.net\/index.php?rest_route=%2Fwp%2Fv2%2Fcomments&post=3513"}],"version-history":[{"count":6,"href":"https:\/\/www.altercampagne.net\/index.php?rest_route=\/wp\/v2\/posts\/3513\/revisions"}],"predecessor-version":[{"id":28829,"href":"https:\/\/www.altercampagne.net\/index.php?rest_route=\/wp\/v2\/posts\/3513\/revisions\/28829"}],"wp:featuredmedia":[{"embeddable":true,"href":"https:\/\/www.altercampagne.net\/index.php?rest_route=\/wp\/v2\/media\/15375"}],"wp:attachment":[{"href":"https:\/\/www.altercampagne.net\/index.php?rest_route=%2Fwp%2Fv2%2Fmedia&parent=3513"}],"wp:term":[{"taxonomy":"category","embeddable":true,"href":"https:\/\/www.altercampagne.net\/index.php?rest_route=%2Fwp%2Fv2%2Fcategories&post=3513"},{"taxonomy":"post_tag","embeddable":true,"href":"https:\/\/www.altercampagne.net\/index.php?rest_route=%2Fwp%2Fv2%2Ftags&post=3513"}],"curies":[{"name":"wp","href":"https:\/\/api.w.org\/{rel}","templated":true}]}}