{"id":3516,"date":"2013-08-05T15:16:39","date_gmt":"2013-08-05T13:16:39","guid":{"rendered":"http:\/\/www.altercampagne.net\/?p=3516"},"modified":"2019-09-16T14:23:57","modified_gmt":"2019-09-16T12:23:57","slug":"etape-du-5-aout-chalon-sur-saone-torpes","status":"publish","type":"post","link":"https:\/\/www.altercampagne.net\/?p=3516","title":{"rendered":"\u00c9tape du 5 ao\u00fbt : Chalon-sur-Sa\u00f4ne &#8211; Torpes"},"content":{"rendered":"<div align=\"justify\">\n<div style=\"width: 232px\" class=\"wp-caption alignright\"><img loading=\"lazy\" decoding=\"async\" class=\"\" src=\"https:\/\/lh3.googleusercontent.com\/-X_R1IOdB0cE\/UtVkHhD_hMI\/AAAAAAAAV5k\/IOoIaPPQlTo\/s720\/DSCF0863.jpg\" alt=\"\" width=\"222\" height=\"568\" \/><p class=\"wp-caption-text\">Sylvie GUIGUE, AlterTour 2013. Cr\u00e9dit photo : M Flohic<\/p><\/div>\n<p class=\"Style271 Style138 Style152\" align=\"justify\"><a href=\"http:\/\/www.sorbiop.fr\/jardinier.html\" target=\"_blank\" rel=\"noopener noreferrer\"><strong>Sorbiop<\/strong><\/a>, <a href=\"http:\/\/tri-lingual-farming.blogspot.fr\/\" target=\"_blank\" rel=\"noopener noreferrer\"><strong>Eco-lieu du Portail<\/strong>, <strong>Ferme du Jointout<\/strong><\/a><\/p>\n<p class=\"Style271 Style138 Style152\" align=\"justify\">Point d\u2019arrosage intempestif du golf de Chalon-sur-Sa\u00f4ne comme r\u00e9veil matinal, mais un doux son de fl\u00fbte et une alterchorale \u00e0 10 voix entamant la chanson de Camille \u00ab Allez allez allez \u00bb dont les paroles ont \u00e9t\u00e9 altertourn\u00e9es gr\u00e2ce \u00e0 la Marianne-team, paroles qui resteront grav\u00e9es dans le r\u00e9pertoire des chansons de l\u2019AlterTour.<\/p>\n<p class=\"Style271 Style138 Style152\" align=\"justify\">En deux heures (et 10 petites minutes), tout est pli\u00e9, rang\u00e9 gr\u00e2ce \u00e0 la volont\u00e9 collective et \u00e0 l\u2019action de tous.<\/p>\n<p class=\"Style271 Style138 Style152\" align=\"justify\">Le d\u00e9part est sonn\u00e9, les au-revoirs \u00e0 Annabelle et autres chalonnais de l\u2019association ACTE rythment les d\u00e9marrages des v\u00e9los et des T-shirts color\u00e9s.<\/p>\n<p class=\"Style271 Style138 Style152\" align=\"justify\">Direction la Bresse, avec un \u00ab l\u00e9ger \u00bb d\u00e9tour \u00e0 Saint-Etienne-en-Bresse. Le soleil est d\u00e9j\u00e0 bien pr\u00e9sent, et cette pause-d\u00e9jeuner chez Sylvie, de <a href=\"http:\/\/www.sorbiop.fr\/jardinier.html\" target=\"_blank\" rel=\"noopener noreferrer\">Sorbiop<\/a>, jardinier-glacier sera la bienvenue !<\/p>\n<p class=\"Style271 Style138 Style152\" align=\"justify\">C\u2019est en avance que nous arrivons \u00e0 Saint-Etienne-en-Bresse, en ayant roul\u00e9 tranquillement, observant les changements de paysages : apr\u00e8s Morvan et c\u00f4te chalonnaise, les petites routes sinueuses de Bresse.<\/p>\n<p class=\"Style271 Style138 Style152\" align=\"justify\">Sylvie nous accueille, souriante, motiv\u00e9e. Juste avant 40 ans, elle d\u00e9cide de quitter le monde m\u00e9dical pour le monde agricole, et plus particuli\u00e8rement celui des fruits, du bio et de la transformation en sorbets et glaces.<\/p>\n<p class=\"Style271 Style138 Style152\" align=\"justify\">Une vie tr\u00e8s remplie, pour faire perdurer cette petite exploitation cr\u00e9\u00e9e par Denis JUHE d\u00e8s la fin des ann\u00e9es 80.<\/p>\n<p class=\"Style271 Style138 Style152\" align=\"justify\">On parcourt le verger de petits fruits rouges (groseilliers, fraisiers, framboisiers, cassissier) qui a souffert cette ann\u00e9e.<\/p>\n<p class=\"Style271 Style138 Style152\" align=\"justify\">Les journ\u00e9es de 24 h ne sont pas assez longues, mais chaque chose en son temps : l\u2019ann\u00e9e prochaine, Sylvie se consacrera plus au jardin car depuis la reprise de l\u2019EARL en 2009, il a fallu construire un nouveau b\u00e2timent pour la transformation, les bureaux et l\u2019espace vente (en cours de finalisation) qui a engendr\u00e9 quelques surprises notamment financi\u00e8res, rechercher d\u2019autres d\u00e9bouch\u00e9s suite \u00e0 l\u2019arr\u00eat du surgel\u00e9 du grossiste Bonneterre, principal acheteur\u2026<\/p>\n<p class=\"Style271 Style138 Style152\" align=\"justify\">Ses 16 parfums de sorbets et glaces (au lait d\u2019avoine) sont vendus dans des magasins ind\u00e9pendants, magasins bio, restaurants, lors de salons\u2026 Apr\u00e8s une visite du b\u00e2timent et d\u2019une d\u00e9mo de la sorbeti\u00e8re, on se d\u00e9lecte du D\u00e9lice de Bourgogne (m\u00e9lange groseille-fraise-framboise et un peu de cassis), on y retourne pour l\u2019abricot et la mangue et il y a encore de la place pour les d\u00e9licieuses vanille et noisette (ma pr\u00e9f\u00e9r\u00e9e \ud83d\ude09 ).<\/p>\n<p class=\"Style271 Style138 Style152\" align=\"justify\">Chapeau bas \u00e0 Sylvie que nous retrouverons le lendemain \u00e0 La Chapelle-Saint-Sauveur entre deux \u00ab plouf \u00bb dans la baignade \u00e9cologique !<\/p>\n<p class=\"Style271 Style138 Style152\" align=\"justify\">C\u2019est l\u2019heure de repartir, sous le soleil exactement. Pas trop de mont\u00e9es, heureusement. Petite pause \u00e0 l\u2019ombre de l\u2019\u00e9glise de Mervans et son clocher tors en tuiles verniss\u00e9es (pause-sieste pour certain(e)s le temps que le Boxer retrouve les v\u00e9los apr\u00e8s un petit loup\u00e9), un peu d\u2019eau, un caramel au beurre sal\u00e9 de Gu\u00e9rande et c\u2019est reparti. Attention aux multiples petites routes bressannes, on s\u2019y perdrait ! On arrive \u00e0 bon port, cha\u00eenes humaines pour d\u00e9charger le Boxer et le J9 car le petit raidillon pour rentrer est fatal. Les tentes se montent dans la prairie, on se retrouve, on papote, le lieu est beau\u2026 Des douches solaires sont \u00e0 notre disposition, \u00e7a fait du bien ! Et c\u2019est d\u00e9j\u00e0 l\u2019heure du brief\u2019 : petite pr\u00e9sentation de l\u2019association du <a href=\"http:\/\/tri-lingual-farming.blogspot.fr\/p\/du-grain-moudre.html\" target=\"_blank\" rel=\"noopener noreferrer\"><strong>Grain \u00e0 moudre<\/strong><\/a> et des diff\u00e9rents ateliers qui nous sont propos\u00e9s demain, on d\u00e9guste de la polenta (dont une au cumin\u2026) et une d\u00e9licieuse ratatouille, on encha\u00eene sur un yaourt au lait de brebis de la ferme du Jointout qui fait partie de l\u2019\u00e9co-lieu, agr\u00e9ment\u00e9 d\u2019un exquis confis de sureau : quel mariage !<\/p>\n<p class=\"Style271 Style138 Style152\" align=\"justify\">Et petit \u00e0 petit, au fil des discussions, la grande tente se vide, les petites se remplissent, les lampes frontales s\u2019\u00e9teignent\u2026 Demain debout \u00e0 5 h 30 pour certains pour la traite ou le pain ou grasse mat\u2019 pour d\u2019autres\u2026. Les grenouilles coassent dans la mare d\u2019\u00e0 c\u00f4t\u00e9. De beaux r\u00eaves peuplent nos t\u00eates.<\/p>\n<\/div>\n","protected":false},"excerpt":{"rendered":"<p>Sorbiop, Eco-lieu du Portail, Ferme du Jointout Point d\u2019arrosage intempestif du golf de Chalon-sur-Sa\u00f4ne comme r\u00e9veil matinal, mais un doux son de fl\u00fbte et une alterchorale \u00e0 10 voix entamant la chanson de Camille \u00ab Allez allez allez \u00bb dont les paroles ont \u00e9t\u00e9 altertourn\u00e9es gr\u00e2ce \u00e0 la Marianne-team, paroles &#8230; <\/p>\n<div><a href=\"https:\/\/www.altercampagne.net\/?p=3516\" class=\"more-link\">Read More<\/a><\/div>\n","protected":false},"author":214,"featured_media":15724,"comment_status":"closed","ping_status":"closed","sticky":false,"template":"","format":"standard","meta":{"footnotes":""},"categories":[3483,3495,3462],"tags":[694,952,953,954,955,956,957,958,959,960,961,962,963,964,965],"class_list":["post-3516","post","type-post","status-publish","format-standard","has-post-thumbnail","hentry","category-agriculture","category-bourgogne-franche-comte","category-edition-2013","tag-altertour-2013","tag-sorbiop","tag-eco-lieu-du-portail","tag-ferme-du-jointout","tag-chalon-sur-saone","tag-association-acte","tag-saint-etienne-en-bress","tag-jardinier-glacier","tag-sylvie-guigue","tag-chapelle-saint-sauveur","tag-baignade-ecologique","tag-grain-a-moudre","tag-eco-lieu","tag-pain","tag-traite"],"yoast_head":"<!-- This site is optimized with the Yoast SEO plugin v27.3 - https:\/\/yoast.com\/product\/yoast-seo-wordpress\/ -->\n<title>\u00c9tape du 5 ao\u00fbt : Chalon-sur-Sa\u00f4ne - Torpes - AlterTour<\/title>\n<meta name=\"robots\" content=\"index, follow, max-snippet:-1, max-image-preview:large, max-video-preview:-1\" \/>\n<link rel=\"canonical\" href=\"https:\/\/www.altercampagne.net\/?p=3516\" \/>\n<meta property=\"og:locale\" content=\"fr_FR\" \/>\n<meta property=\"og:type\" content=\"article\" \/>\n<meta property=\"og:title\" content=\"\u00c9tape du 5 ao\u00fbt : Chalon-sur-Sa\u00f4ne - Torpes - AlterTour\" \/>\n<meta property=\"og:description\" content=\"Sorbiop, Eco-lieu du Portail, Ferme du Jointout Point d\u2019arrosage intempestif du golf de Chalon-sur-Sa\u00f4ne comme r\u00e9veil matinal, mais un doux son de fl\u00fbte et une alterchorale \u00e0 10 voix entamant la chanson de Camille \u00ab Allez allez allez \u00bb dont les paroles ont \u00e9t\u00e9 altertourn\u00e9es gr\u00e2ce \u00e0 la Marianne-team, paroles ... Read More\" \/>\n<meta property=\"og:url\" content=\"https:\/\/www.altercampagne.net\/?p=3516\" \/>\n<meta property=\"og:site_name\" content=\"AlterTour\" \/>\n<meta property=\"article:published_time\" content=\"2013-08-05T13:16:39+00:00\" \/>\n<meta property=\"article:modified_time\" content=\"2019-09-16T12:23:57+00:00\" \/>\n<meta property=\"og:image\" content=\"https:\/\/www.altercampagne.net\/wp-content\/uploads\/2013\/08\/2013-08-05-P1050184.jpg\" \/>\n\t<meta property=\"og:image:width\" content=\"905\" \/>\n\t<meta property=\"og:image:height\" content=\"473\" \/>\n\t<meta property=\"og:image:type\" content=\"image\/jpeg\" \/>\n<meta name=\"author\" content=\"Mathieu\" \/>\n<meta name=\"twitter:card\" content=\"summary_large_image\" \/>\n<meta name=\"twitter:label1\" content=\"\u00c9crit par\" \/>\n\t<meta name=\"twitter:data1\" content=\"Mathieu\" \/>\n\t<meta name=\"twitter:label2\" content=\"Dur\u00e9e de lecture estim\u00e9e\" \/>\n\t<meta name=\"twitter:data2\" content=\"4 minutes\" \/>\n<script type=\"application\/ld+json\" class=\"yoast-schema-graph\">{\"@context\":\"https:\\\/\\\/schema.org\",\"@graph\":[{\"@type\":\"Article\",\"@id\":\"https:\\\/\\\/www.altercampagne.net\\\/?p=3516#article\",\"isPartOf\":{\"@id\":\"https:\\\/\\\/www.altercampagne.net\\\/?p=3516\"},\"author\":{\"name\":\"Mathieu\",\"@id\":\"https:\\\/\\\/www.altercampagne.net\\\/#\\\/schema\\\/person\\\/0f261460c09e430caa0f9bcffa319109\"},\"headline\":\"\u00c9tape du 5 ao\u00fbt : Chalon-sur-Sa\u00f4ne &#8211; Torpes\",\"datePublished\":\"2013-08-05T13:16:39+00:00\",\"dateModified\":\"2019-09-16T12:23:57+00:00\",\"mainEntityOfPage\":{\"@id\":\"https:\\\/\\\/www.altercampagne.net\\\/?p=3516\"},\"wordCount\":713,\"image\":{\"@id\":\"https:\\\/\\\/www.altercampagne.net\\\/?p=3516#primaryimage\"},\"thumbnailUrl\":\"https:\\\/\\\/www.altercampagne.net\\\/wp-content\\\/uploads\\\/2013\\\/08\\\/2013-08-05-P1050184.jpg\",\"keywords\":[\"AlterTour 2013\",\"Sorbiop\",\"Eco-lieu du Portail\",\"Ferme du Jointout\",\"Chalon-sur-Sa\u00f4ne\",\"association ACTE\",\"Saint-Etienne-en-Bress\",\"jardinier-glacier\",\"Sylvie GUIGUE\",\"Chapelle-Saint-Sauveur\",\"baignade \u00e9cologique\",\"Grain \u00e0 moudre\",\"\u00e9co-lieu\",\"pain\",\"traite\"],\"articleSection\":[\"Agriculture\",\"Bourgogne-Franche-Comt\u00e9\",\"\u00c9dition 2013\"],\"inLanguage\":\"fr-FR\"},{\"@type\":\"WebPage\",\"@id\":\"https:\\\/\\\/www.altercampagne.net\\\/?p=3516\",\"url\":\"https:\\\/\\\/www.altercampagne.net\\\/?p=3516\",\"name\":\"\u00c9tape du 5 ao\u00fbt : Chalon-sur-Sa\u00f4ne - Torpes - AlterTour\",\"isPartOf\":{\"@id\":\"https:\\\/\\\/www.altercampagne.net\\\/#website\"},\"primaryImageOfPage\":{\"@id\":\"https:\\\/\\\/www.altercampagne.net\\\/?p=3516#primaryimage\"},\"image\":{\"@id\":\"https:\\\/\\\/www.altercampagne.net\\\/?p=3516#primaryimage\"},\"thumbnailUrl\":\"https:\\\/\\\/www.altercampagne.net\\\/wp-content\\\/uploads\\\/2013\\\/08\\\/2013-08-05-P1050184.jpg\",\"datePublished\":\"2013-08-05T13:16:39+00:00\",\"dateModified\":\"2019-09-16T12:23:57+00:00\",\"author\":{\"@id\":\"https:\\\/\\\/www.altercampagne.net\\\/#\\\/schema\\\/person\\\/0f261460c09e430caa0f9bcffa319109\"},\"breadcrumb\":{\"@id\":\"https:\\\/\\\/www.altercampagne.net\\\/?p=3516#breadcrumb\"},\"inLanguage\":\"fr-FR\",\"potentialAction\":[{\"@type\":\"ReadAction\",\"target\":[\"https:\\\/\\\/www.altercampagne.net\\\/?p=3516\"]}]},{\"@type\":\"ImageObject\",\"inLanguage\":\"fr-FR\",\"@id\":\"https:\\\/\\\/www.altercampagne.net\\\/?p=3516#primaryimage\",\"url\":\"https:\\\/\\\/www.altercampagne.net\\\/wp-content\\\/uploads\\\/2013\\\/08\\\/2013-08-05-P1050184.jpg\",\"contentUrl\":\"https:\\\/\\\/www.altercampagne.net\\\/wp-content\\\/uploads\\\/2013\\\/08\\\/2013-08-05-P1050184.jpg\",\"width\":905,\"height\":473},{\"@type\":\"BreadcrumbList\",\"@id\":\"https:\\\/\\\/www.altercampagne.net\\\/?p=3516#breadcrumb\",\"itemListElement\":[{\"@type\":\"ListItem\",\"position\":1,\"name\":\"Accueil\",\"item\":\"https:\\\/\\\/www.altercampagne.net\\\/\"},{\"@type\":\"ListItem\",\"position\":2,\"name\":\"\u00c9tape du 5 ao\u00fbt : Chalon-sur-Sa\u00f4ne &#8211; Torpes\"}]},{\"@type\":\"WebSite\",\"@id\":\"https:\\\/\\\/www.altercampagne.net\\\/#website\",\"url\":\"https:\\\/\\\/www.altercampagne.net\\\/\",\"name\":\"AlterTour\",\"description\":\"Reliez les Alternatives \u00e0 v\u00e9lo\",\"potentialAction\":[{\"@type\":\"SearchAction\",\"target\":{\"@type\":\"EntryPoint\",\"urlTemplate\":\"https:\\\/\\\/www.altercampagne.net\\\/?s={search_term_string}\"},\"query-input\":{\"@type\":\"PropertyValueSpecification\",\"valueRequired\":true,\"valueName\":\"search_term_string\"}}],\"inLanguage\":\"fr-FR\"},{\"@type\":\"Person\",\"@id\":\"https:\\\/\\\/www.altercampagne.net\\\/#\\\/schema\\\/person\\\/0f261460c09e430caa0f9bcffa319109\",\"name\":\"Mathieu\",\"image\":{\"@type\":\"ImageObject\",\"inLanguage\":\"fr-FR\",\"@id\":\"https:\\\/\\\/secure.gravatar.com\\\/avatar\\\/aa9d3d24c83f2141e5e2709d0f63d09a99f6be6bb7a50abc4915838d9f54501a?s=96&d=mm&r=g\",\"url\":\"https:\\\/\\\/secure.gravatar.com\\\/avatar\\\/aa9d3d24c83f2141e5e2709d0f63d09a99f6be6bb7a50abc4915838d9f54501a?s=96&d=mm&r=g\",\"contentUrl\":\"https:\\\/\\\/secure.gravatar.com\\\/avatar\\\/aa9d3d24c83f2141e5e2709d0f63d09a99f6be6bb7a50abc4915838d9f54501a?s=96&d=mm&r=g\",\"caption\":\"Mathieu\"},\"url\":\"https:\\\/\\\/www.altercampagne.net\\\/?author=214\"}]}<\/script>\n<!-- \/ Yoast SEO plugin. -->","yoast_head_json":{"title":"\u00c9tape du 5 ao\u00fbt : Chalon-sur-Sa\u00f4ne - Torpes - AlterTour","robots":{"index":"index","follow":"follow","max-snippet":"max-snippet:-1","max-image-preview":"max-image-preview:large","max-video-preview":"max-video-preview:-1"},"canonical":"https:\/\/www.altercampagne.net\/?p=3516","og_locale":"fr_FR","og_type":"article","og_title":"\u00c9tape du 5 ao\u00fbt : Chalon-sur-Sa\u00f4ne - Torpes - AlterTour","og_description":"Sorbiop, Eco-lieu du Portail, Ferme du Jointout Point d\u2019arrosage intempestif du golf de Chalon-sur-Sa\u00f4ne comme r\u00e9veil matinal, mais un doux son de fl\u00fbte et une alterchorale \u00e0 10 voix entamant la chanson de Camille \u00ab Allez allez allez \u00bb dont les paroles ont \u00e9t\u00e9 altertourn\u00e9es gr\u00e2ce \u00e0 la Marianne-team, paroles ... Read More","og_url":"https:\/\/www.altercampagne.net\/?p=3516","og_site_name":"AlterTour","article_published_time":"2013-08-05T13:16:39+00:00","article_modified_time":"2019-09-16T12:23:57+00:00","og_image":[{"width":905,"height":473,"url":"https:\/\/www.altercampagne.net\/wp-content\/uploads\/2013\/08\/2013-08-05-P1050184.jpg","type":"image\/jpeg"}],"author":"Mathieu","twitter_card":"summary_large_image","twitter_misc":{"\u00c9crit par":"Mathieu","Dur\u00e9e de lecture estim\u00e9e":"4 minutes"},"schema":{"@context":"https:\/\/schema.org","@graph":[{"@type":"Article","@id":"https:\/\/www.altercampagne.net\/?p=3516#article","isPartOf":{"@id":"https:\/\/www.altercampagne.net\/?p=3516"},"author":{"name":"Mathieu","@id":"https:\/\/www.altercampagne.net\/#\/schema\/person\/0f261460c09e430caa0f9bcffa319109"},"headline":"\u00c9tape du 5 ao\u00fbt : Chalon-sur-Sa\u00f4ne &#8211; Torpes","datePublished":"2013-08-05T13:16:39+00:00","dateModified":"2019-09-16T12:23:57+00:00","mainEntityOfPage":{"@id":"https:\/\/www.altercampagne.net\/?p=3516"},"wordCount":713,"image":{"@id":"https:\/\/www.altercampagne.net\/?p=3516#primaryimage"},"thumbnailUrl":"https:\/\/www.altercampagne.net\/wp-content\/uploads\/2013\/08\/2013-08-05-P1050184.jpg","keywords":["AlterTour 2013","Sorbiop","Eco-lieu du Portail","Ferme du Jointout","Chalon-sur-Sa\u00f4ne","association ACTE","Saint-Etienne-en-Bress","jardinier-glacier","Sylvie GUIGUE","Chapelle-Saint-Sauveur","baignade \u00e9cologique","Grain \u00e0 moudre","\u00e9co-lieu","pain","traite"],"articleSection":["Agriculture","Bourgogne-Franche-Comt\u00e9","\u00c9dition 2013"],"inLanguage":"fr-FR"},{"@type":"WebPage","@id":"https:\/\/www.altercampagne.net\/?p=3516","url":"https:\/\/www.altercampagne.net\/?p=3516","name":"\u00c9tape du 5 ao\u00fbt : Chalon-sur-Sa\u00f4ne - Torpes - AlterTour","isPartOf":{"@id":"https:\/\/www.altercampagne.net\/#website"},"primaryImageOfPage":{"@id":"https:\/\/www.altercampagne.net\/?p=3516#primaryimage"},"image":{"@id":"https:\/\/www.altercampagne.net\/?p=3516#primaryimage"},"thumbnailUrl":"https:\/\/www.altercampagne.net\/wp-content\/uploads\/2013\/08\/2013-08-05-P1050184.jpg","datePublished":"2013-08-05T13:16:39+00:00","dateModified":"2019-09-16T12:23:57+00:00","author":{"@id":"https:\/\/www.altercampagne.net\/#\/schema\/person\/0f261460c09e430caa0f9bcffa319109"},"breadcrumb":{"@id":"https:\/\/www.altercampagne.net\/?p=3516#breadcrumb"},"inLanguage":"fr-FR","potentialAction":[{"@type":"ReadAction","target":["https:\/\/www.altercampagne.net\/?p=3516"]}]},{"@type":"ImageObject","inLanguage":"fr-FR","@id":"https:\/\/www.altercampagne.net\/?p=3516#primaryimage","url":"https:\/\/www.altercampagne.net\/wp-content\/uploads\/2013\/08\/2013-08-05-P1050184.jpg","contentUrl":"https:\/\/www.altercampagne.net\/wp-content\/uploads\/2013\/08\/2013-08-05-P1050184.jpg","width":905,"height":473},{"@type":"BreadcrumbList","@id":"https:\/\/www.altercampagne.net\/?p=3516#breadcrumb","itemListElement":[{"@type":"ListItem","position":1,"name":"Accueil","item":"https:\/\/www.altercampagne.net\/"},{"@type":"ListItem","position":2,"name":"\u00c9tape du 5 ao\u00fbt : Chalon-sur-Sa\u00f4ne &#8211; Torpes"}]},{"@type":"WebSite","@id":"https:\/\/www.altercampagne.net\/#website","url":"https:\/\/www.altercampagne.net\/","name":"AlterTour","description":"Reliez les Alternatives \u00e0 v\u00e9lo","potentialAction":[{"@type":"SearchAction","target":{"@type":"EntryPoint","urlTemplate":"https:\/\/www.altercampagne.net\/?s={search_term_string}"},"query-input":{"@type":"PropertyValueSpecification","valueRequired":true,"valueName":"search_term_string"}}],"inLanguage":"fr-FR"},{"@type":"Person","@id":"https:\/\/www.altercampagne.net\/#\/schema\/person\/0f261460c09e430caa0f9bcffa319109","name":"Mathieu","image":{"@type":"ImageObject","inLanguage":"fr-FR","@id":"https:\/\/secure.gravatar.com\/avatar\/aa9d3d24c83f2141e5e2709d0f63d09a99f6be6bb7a50abc4915838d9f54501a?s=96&d=mm&r=g","url":"https:\/\/secure.gravatar.com\/avatar\/aa9d3d24c83f2141e5e2709d0f63d09a99f6be6bb7a50abc4915838d9f54501a?s=96&d=mm&r=g","contentUrl":"https:\/\/secure.gravatar.com\/avatar\/aa9d3d24c83f2141e5e2709d0f63d09a99f6be6bb7a50abc4915838d9f54501a?s=96&d=mm&r=g","caption":"Mathieu"},"url":"https:\/\/www.altercampagne.net\/?author=214"}]}},"_links":{"self":[{"href":"https:\/\/www.altercampagne.net\/index.php?rest_route=\/wp\/v2\/posts\/3516","targetHints":{"allow":["GET"]}}],"collection":[{"href":"https:\/\/www.altercampagne.net\/index.php?rest_route=\/wp\/v2\/posts"}],"about":[{"href":"https:\/\/www.altercampagne.net\/index.php?rest_route=\/wp\/v2\/types\/post"}],"author":[{"embeddable":true,"href":"https:\/\/www.altercampagne.net\/index.php?rest_route=\/wp\/v2\/users\/214"}],"replies":[{"embeddable":true,"href":"https:\/\/www.altercampagne.net\/index.php?rest_route=%2Fwp%2Fv2%2Fcomments&post=3516"}],"version-history":[{"count":0,"href":"https:\/\/www.altercampagne.net\/index.php?rest_route=\/wp\/v2\/posts\/3516\/revisions"}],"wp:featuredmedia":[{"embeddable":true,"href":"https:\/\/www.altercampagne.net\/index.php?rest_route=\/wp\/v2\/media\/15724"}],"wp:attachment":[{"href":"https:\/\/www.altercampagne.net\/index.php?rest_route=%2Fwp%2Fv2%2Fmedia&parent=3516"}],"wp:term":[{"taxonomy":"category","embeddable":true,"href":"https:\/\/www.altercampagne.net\/index.php?rest_route=%2Fwp%2Fv2%2Fcategories&post=3516"},{"taxonomy":"post_tag","embeddable":true,"href":"https:\/\/www.altercampagne.net\/index.php?rest_route=%2Fwp%2Fv2%2Ftags&post=3516"}],"curies":[{"name":"wp","href":"https:\/\/api.w.org\/{rel}","templated":true}]}}