{"id":3519,"date":"2013-07-28T15:23:50","date_gmt":"2013-07-28T13:23:50","guid":{"rendered":"http:\/\/www.altercampagne.net\/?p=3519"},"modified":"2019-09-16T15:02:44","modified_gmt":"2019-09-16T13:02:44","slug":"etape-du-28-juillet-espace-auto-gere-des-tanneries","status":"publish","type":"post","link":"https:\/\/www.altercampagne.net\/?p=3519","title":{"rendered":"\u00c9tape du 28 juillet : l&rsquo;Espace autog\u00e9r\u00e9 des Tanneries"},"content":{"rendered":"<p class=\"Style271 Style138 Style152\" align=\"justify\">8h r\u00e9veil sous la pluie en chanson sur le terrain vague en face des <a href=\"https:\/\/tanneries.org\/presentation\/\" target=\"_blank\" rel=\"noopener noreferrer\"><strong>Tanneries<\/strong><\/a> \u00e0 Dijon<br \/>\n8h30 Petit d\u00e9jeuner \u00e0 l&rsquo;abri<br \/>\nRangement s\u00e9chage sous le hangar<\/p>\n<div>\n<p class=\"Style271 Style138 Style152\" align=\"justify\">11h Nico nous pr\u00e9sente le lieu :<br \/>\n10 personnes vivent sur place. C&rsquo;est un espace autog\u00e9r\u00e9 occup\u00e9 depuis 1997. Il revient sur l&rsquo;histoire du lieu et de la lutte qui a abouti \u00e0 l&rsquo;accord d&rsquo;aujourd&rsquo;hui.<br \/>\nAu d\u00e9but des ann\u00e9es 1990, l&rsquo;<a href=\"https:\/\/fr-fr.facebook.com\/malokacrew\/\" target=\"_blank\" rel=\"noopener noreferrer\"><strong>association Maloka<\/strong><\/a> qui organisait des concerts punks ne se retrouvait pas avec la politique de la salle la Vapeur.<br \/>\nDes personnes sont partis \u00e0 l&rsquo;\u00e9tranger pour s&rsquo;inspirer d&rsquo;autres groupes. D&rsquo;o\u00f9 est n\u00e9 le mouvement squat \u00e0 Dijon. Un dizaine de personnes avaient envie de cr\u00e9er un espace.<br \/>\nNous sommes dans l&rsquo;ancien quartier de la viande, ancien abattoir de 1,5 ha qu&rsquo;ils d\u00e9cid\u00e8rent d&rsquo; occuper. Ils sont donc venu avec des masses pour ouvrir ses locaux inutilis\u00e9s appartenant \u00e0 la mairie.<br \/>\nDes free-partis ont eu lieu avec des groupes \u00e9lectrog\u00e8nes.<\/p>\n<p class=\"Style271 Style138 Style152\" align=\"justify\">Progressivement ils ont am\u00e9nager les lieux pour en faire un espace ouvert. Il y a eu de nombreux concerts, ateliers, expositions, soir\u00e9es folks, punks, techno ou musique du monde sans oublier l&rsquo;aspect politique avec des concerts de soutiens, des f\u00eates de rue et manifestations \u00e0 v\u00e9lo dans Dijon.<br \/>\nParticipation aux mouvements sociaux et lieu de convergence. Un certain activisme d\u00e9brid\u00e9.<\/p>\n<p class=\"Style271 Style138 Style152\" align=\"justify\">La mairie essaye plusieurs fois de faire fermer le lieu sans succ\u00e8s face \u00e0 la r\u00e9sistance des occupants et au soutien ext\u00e9rieur. On leur demande de mettre aux normes d&rsquo;hygi\u00e8ne et de s\u00e9curit\u00e9. Il ne faut pas oublier qu&rsquo;il y a des produits chimiques qui subsistent de l&rsquo;ancienne activit\u00e9 industrielle.<br \/>\nAujourd&rsquo;hui la salle de concert est aux normes.<\/p>\n<p class=\"Style271 Style138 Style152\" align=\"justify\">Un incendie criminel en 2000 lors d&rsquo;une soir\u00e9e de soutien rassemblant 900 personnes. Sans victimes heureusement. Mouvements de soutien, la mairie renonce \u00e0 l&rsquo;expulsion.<br \/>\nElle passe au PS en 2001.Une occupation de la mairie avant les l\u00e9gislatives permet de signer une convention d&rsquo;occupation d&rsquo;une partie des lieux. Assurance, eau, \u00e9lectricit\u00e9 sont pay\u00e9s.<br \/>\nA partir de 2001, 2-3 concerts sont organis\u00e9s par semaine.4-5 \u20ac. Les artistes sont b\u00e9n\u00e9voles et il n&rsquo;y a pas de vigiles gr\u00e2ce \u00e0 l&rsquo;attention du public.<br \/>\nNombreuses activit\u00e9s. Culture alternative.<br \/>\nSalles de r\u00e9union, espace internet avec des logiciels libres, biblioth\u00e8que, infokiosk, salle de cin\u00e9ma, archives luttes locales, zone de gratuit\u00e9, cuisine collective, station de filtration d&rsquo;huile v\u00e9g\u00e9tale, salle de sports, de r\u00e9p\u00e9tition, une boulangerie qui a d\u00e9m\u00e9nag\u00e9 et une brasserie en projet.<br \/>\nIl y a des luttes de soutien aux demandeurs d&rsquo;asile.<br \/>\nC&rsquo;est un des plus lieu autog\u00e9r\u00e9 qui sert \u00e0 des r\u00e9seaux anticapitalistes, anti-autoritaires et antifascistes.<br \/>\nEn 2007, un projet d&rsquo;h\u00f4pital relance l&rsquo;expulsion et la lutte avec manifestation et occupation des arbres \u00e0 Dijon qui permet de signer un contrat de 4 ans avec la mairie.<\/p>\n<p class=\"Style271 Style138 Style152\" align=\"justify\">En 2010 projet d&rsquo;\u00e9co-quartier, nouveau cycle de n\u00e9gociation, proposition d&rsquo;un autre lieu avec convention de 12 ans renouvelable.<br \/>\nSubvention de 1,2 million d&rsquo;\u20ac plus 500 000 \u20ac pour d\u00e9m\u00e9nager dans un an.<br \/>\nNouvelle aventure. collectif d&rsquo;habitants. Assembl\u00e9es ouvertes et horizontales fonctionnant sur le consensus une fois par mois. Une assembl\u00e9e sp\u00e9ciale pour la salle de spectacle. Des assembl\u00e9es communes avec 20 \u00e0 60 personnes comme \u00ab\u00a0avenir Tanneries\u00a0\u00bb<\/p>\n<\/div>\n","protected":false},"excerpt":{"rendered":"<p>8h r\u00e9veil sous la pluie en chanson sur le terrain vague en face des Tanneries \u00e0 Dijon 8h30 Petit d\u00e9jeuner \u00e0 l&rsquo;abri Rangement s\u00e9chage sous le hangar 11h Nico nous pr\u00e9sente le lieu : 10 personnes vivent sur place. C&rsquo;est un espace autog\u00e9r\u00e9 occup\u00e9 depuis 1997. Il revient sur l&rsquo;histoire &#8230; <\/p>\n<div><a href=\"https:\/\/www.altercampagne.net\/?p=3519\" class=\"more-link\">Read More<\/a><\/div>\n","protected":false},"author":214,"featured_media":15739,"comment_status":"closed","ping_status":"closed","sticky":false,"template":"","format":"standard","meta":{"footnotes":""},"categories":[3495,3485,3542,3462],"tags":[694,697,966,967,968,969,970,971,972,973,974,975,976,1038,1656],"class_list":["post-3519","post","type-post","status-publish","format-standard","has-post-thumbnail","hentry","category-bourgogne-franche-comte","category-habitat","category-lutte","category-edition-2013","tag-altertour-2013","tag-la-bourgogne","tag-espace-auto-gere-des-tanneries","tag-dijon","tag-association-maloka","tag-concerts","tag-zone-de-gratuite","tag-cuisine-collective","tag-station-de-filtration-dhuile-vegetale","tag-luttes","tag-anticapitalistes","tag-anti-autoritaires","tag-antifascistes","tag-cote-dor","tag-1656"],"yoast_head":"<!-- This site is optimized with the Yoast SEO plugin v27.3 - https:\/\/yoast.com\/product\/yoast-seo-wordpress\/ -->\n<title>\u00c9tape du 28 juillet : l&#039;Espace autog\u00e9r\u00e9 des Tanneries - AlterTour<\/title>\n<meta name=\"robots\" content=\"index, follow, max-snippet:-1, max-image-preview:large, max-video-preview:-1\" \/>\n<link rel=\"canonical\" href=\"https:\/\/www.altercampagne.net\/?p=3519\" \/>\n<meta property=\"og:locale\" content=\"fr_FR\" \/>\n<meta property=\"og:type\" content=\"article\" \/>\n<meta property=\"og:title\" content=\"\u00c9tape du 28 juillet : l&#039;Espace autog\u00e9r\u00e9 des Tanneries - AlterTour\" \/>\n<meta property=\"og:description\" content=\"8h r\u00e9veil sous la pluie en chanson sur le terrain vague en face des Tanneries \u00e0 Dijon 8h30 Petit d\u00e9jeuner \u00e0 l&rsquo;abri Rangement s\u00e9chage sous le hangar 11h Nico nous pr\u00e9sente le lieu : 10 personnes vivent sur place. C&rsquo;est un espace autog\u00e9r\u00e9 occup\u00e9 depuis 1997. Il revient sur l&rsquo;histoire ... Read More\" \/>\n<meta property=\"og:url\" content=\"https:\/\/www.altercampagne.net\/?p=3519\" \/>\n<meta property=\"og:site_name\" content=\"AlterTour\" \/>\n<meta property=\"article:published_time\" content=\"2013-07-28T13:23:50+00:00\" \/>\n<meta property=\"article:modified_time\" content=\"2019-09-16T13:02:44+00:00\" \/>\n<meta property=\"og:image\" content=\"https:\/\/www.altercampagne.net\/wp-content\/uploads\/2013\/07\/DSCF05851.jpg\" \/>\n\t<meta property=\"og:image:width\" content=\"800\" \/>\n\t<meta property=\"og:image:height\" content=\"451\" \/>\n\t<meta property=\"og:image:type\" content=\"image\/jpeg\" \/>\n<meta name=\"author\" content=\"Mathieu\" \/>\n<meta name=\"twitter:card\" content=\"summary_large_image\" \/>\n<meta name=\"twitter:label1\" content=\"\u00c9crit par\" \/>\n\t<meta name=\"twitter:data1\" content=\"Mathieu\" \/>\n\t<meta name=\"twitter:label2\" content=\"Dur\u00e9e de lecture estim\u00e9e\" \/>\n\t<meta name=\"twitter:data2\" content=\"3 minutes\" \/>\n<script type=\"application\/ld+json\" class=\"yoast-schema-graph\">{\"@context\":\"https:\\\/\\\/schema.org\",\"@graph\":[{\"@type\":\"Article\",\"@id\":\"https:\\\/\\\/www.altercampagne.net\\\/?p=3519#article\",\"isPartOf\":{\"@id\":\"https:\\\/\\\/www.altercampagne.net\\\/?p=3519\"},\"author\":{\"name\":\"Mathieu\",\"@id\":\"https:\\\/\\\/www.altercampagne.net\\\/#\\\/schema\\\/person\\\/0f261460c09e430caa0f9bcffa319109\"},\"headline\":\"\u00c9tape du 28 juillet : l&rsquo;Espace autog\u00e9r\u00e9 des Tanneries\",\"datePublished\":\"2013-07-28T13:23:50+00:00\",\"dateModified\":\"2019-09-16T13:02:44+00:00\",\"mainEntityOfPage\":{\"@id\":\"https:\\\/\\\/www.altercampagne.net\\\/?p=3519\"},\"wordCount\":580,\"image\":{\"@id\":\"https:\\\/\\\/www.altercampagne.net\\\/?p=3519#primaryimage\"},\"thumbnailUrl\":\"https:\\\/\\\/www.altercampagne.net\\\/wp-content\\\/uploads\\\/2013\\\/07\\\/DSCF05851.jpg\",\"keywords\":[\"AlterTour 2013\",\"la Bourgogne\",\"Espace auto-g\u00e9r\u00e9 des Tanneries\",\"dijon\",\"association Maloka\",\"concerts\",\"zone de gratuit\u00e9\",\"cuisine collective\",\"station de filtration d'huile v\u00e9g\u00e9tale\",\"luttes\",\"anticapitalistes\",\"anti-autoritaires\",\"antifascistes\",\"c\u00f4te-d'or\",\"2013\"],\"articleSection\":[\"Bourgogne-Franche-Comt\u00e9\",\"Habitat\",\"Lutte\",\"\u00c9dition 2013\"],\"inLanguage\":\"fr-FR\"},{\"@type\":\"WebPage\",\"@id\":\"https:\\\/\\\/www.altercampagne.net\\\/?p=3519\",\"url\":\"https:\\\/\\\/www.altercampagne.net\\\/?p=3519\",\"name\":\"\u00c9tape du 28 juillet : l'Espace autog\u00e9r\u00e9 des Tanneries - AlterTour\",\"isPartOf\":{\"@id\":\"https:\\\/\\\/www.altercampagne.net\\\/#website\"},\"primaryImageOfPage\":{\"@id\":\"https:\\\/\\\/www.altercampagne.net\\\/?p=3519#primaryimage\"},\"image\":{\"@id\":\"https:\\\/\\\/www.altercampagne.net\\\/?p=3519#primaryimage\"},\"thumbnailUrl\":\"https:\\\/\\\/www.altercampagne.net\\\/wp-content\\\/uploads\\\/2013\\\/07\\\/DSCF05851.jpg\",\"datePublished\":\"2013-07-28T13:23:50+00:00\",\"dateModified\":\"2019-09-16T13:02:44+00:00\",\"author\":{\"@id\":\"https:\\\/\\\/www.altercampagne.net\\\/#\\\/schema\\\/person\\\/0f261460c09e430caa0f9bcffa319109\"},\"breadcrumb\":{\"@id\":\"https:\\\/\\\/www.altercampagne.net\\\/?p=3519#breadcrumb\"},\"inLanguage\":\"fr-FR\",\"potentialAction\":[{\"@type\":\"ReadAction\",\"target\":[\"https:\\\/\\\/www.altercampagne.net\\\/?p=3519\"]}]},{\"@type\":\"ImageObject\",\"inLanguage\":\"fr-FR\",\"@id\":\"https:\\\/\\\/www.altercampagne.net\\\/?p=3519#primaryimage\",\"url\":\"https:\\\/\\\/www.altercampagne.net\\\/wp-content\\\/uploads\\\/2013\\\/07\\\/DSCF05851.jpg\",\"contentUrl\":\"https:\\\/\\\/www.altercampagne.net\\\/wp-content\\\/uploads\\\/2013\\\/07\\\/DSCF05851.jpg\",\"width\":800,\"height\":451},{\"@type\":\"BreadcrumbList\",\"@id\":\"https:\\\/\\\/www.altercampagne.net\\\/?p=3519#breadcrumb\",\"itemListElement\":[{\"@type\":\"ListItem\",\"position\":1,\"name\":\"Accueil\",\"item\":\"https:\\\/\\\/www.altercampagne.net\\\/\"},{\"@type\":\"ListItem\",\"position\":2,\"name\":\"\u00c9tape du 28 juillet : l&rsquo;Espace autog\u00e9r\u00e9 des Tanneries\"}]},{\"@type\":\"WebSite\",\"@id\":\"https:\\\/\\\/www.altercampagne.net\\\/#website\",\"url\":\"https:\\\/\\\/www.altercampagne.net\\\/\",\"name\":\"AlterTour\",\"description\":\"Reliez les Alternatives \u00e0 v\u00e9lo\",\"potentialAction\":[{\"@type\":\"SearchAction\",\"target\":{\"@type\":\"EntryPoint\",\"urlTemplate\":\"https:\\\/\\\/www.altercampagne.net\\\/?s={search_term_string}\"},\"query-input\":{\"@type\":\"PropertyValueSpecification\",\"valueRequired\":true,\"valueName\":\"search_term_string\"}}],\"inLanguage\":\"fr-FR\"},{\"@type\":\"Person\",\"@id\":\"https:\\\/\\\/www.altercampagne.net\\\/#\\\/schema\\\/person\\\/0f261460c09e430caa0f9bcffa319109\",\"name\":\"Mathieu\",\"image\":{\"@type\":\"ImageObject\",\"inLanguage\":\"fr-FR\",\"@id\":\"https:\\\/\\\/secure.gravatar.com\\\/avatar\\\/aa9d3d24c83f2141e5e2709d0f63d09a99f6be6bb7a50abc4915838d9f54501a?s=96&d=mm&r=g\",\"url\":\"https:\\\/\\\/secure.gravatar.com\\\/avatar\\\/aa9d3d24c83f2141e5e2709d0f63d09a99f6be6bb7a50abc4915838d9f54501a?s=96&d=mm&r=g\",\"contentUrl\":\"https:\\\/\\\/secure.gravatar.com\\\/avatar\\\/aa9d3d24c83f2141e5e2709d0f63d09a99f6be6bb7a50abc4915838d9f54501a?s=96&d=mm&r=g\",\"caption\":\"Mathieu\"},\"url\":\"https:\\\/\\\/www.altercampagne.net\\\/?author=214\"}]}<\/script>\n<!-- \/ Yoast SEO plugin. -->","yoast_head_json":{"title":"\u00c9tape du 28 juillet : l'Espace autog\u00e9r\u00e9 des Tanneries - AlterTour","robots":{"index":"index","follow":"follow","max-snippet":"max-snippet:-1","max-image-preview":"max-image-preview:large","max-video-preview":"max-video-preview:-1"},"canonical":"https:\/\/www.altercampagne.net\/?p=3519","og_locale":"fr_FR","og_type":"article","og_title":"\u00c9tape du 28 juillet : l'Espace autog\u00e9r\u00e9 des Tanneries - AlterTour","og_description":"8h r\u00e9veil sous la pluie en chanson sur le terrain vague en face des Tanneries \u00e0 Dijon 8h30 Petit d\u00e9jeuner \u00e0 l&rsquo;abri Rangement s\u00e9chage sous le hangar 11h Nico nous pr\u00e9sente le lieu : 10 personnes vivent sur place. C&rsquo;est un espace autog\u00e9r\u00e9 occup\u00e9 depuis 1997. Il revient sur l&rsquo;histoire ... Read More","og_url":"https:\/\/www.altercampagne.net\/?p=3519","og_site_name":"AlterTour","article_published_time":"2013-07-28T13:23:50+00:00","article_modified_time":"2019-09-16T13:02:44+00:00","og_image":[{"width":800,"height":451,"url":"https:\/\/www.altercampagne.net\/wp-content\/uploads\/2013\/07\/DSCF05851.jpg","type":"image\/jpeg"}],"author":"Mathieu","twitter_card":"summary_large_image","twitter_misc":{"\u00c9crit par":"Mathieu","Dur\u00e9e de lecture estim\u00e9e":"3 minutes"},"schema":{"@context":"https:\/\/schema.org","@graph":[{"@type":"Article","@id":"https:\/\/www.altercampagne.net\/?p=3519#article","isPartOf":{"@id":"https:\/\/www.altercampagne.net\/?p=3519"},"author":{"name":"Mathieu","@id":"https:\/\/www.altercampagne.net\/#\/schema\/person\/0f261460c09e430caa0f9bcffa319109"},"headline":"\u00c9tape du 28 juillet : l&rsquo;Espace autog\u00e9r\u00e9 des Tanneries","datePublished":"2013-07-28T13:23:50+00:00","dateModified":"2019-09-16T13:02:44+00:00","mainEntityOfPage":{"@id":"https:\/\/www.altercampagne.net\/?p=3519"},"wordCount":580,"image":{"@id":"https:\/\/www.altercampagne.net\/?p=3519#primaryimage"},"thumbnailUrl":"https:\/\/www.altercampagne.net\/wp-content\/uploads\/2013\/07\/DSCF05851.jpg","keywords":["AlterTour 2013","la Bourgogne","Espace auto-g\u00e9r\u00e9 des Tanneries","dijon","association Maloka","concerts","zone de gratuit\u00e9","cuisine collective","station de filtration d'huile v\u00e9g\u00e9tale","luttes","anticapitalistes","anti-autoritaires","antifascistes","c\u00f4te-d'or","2013"],"articleSection":["Bourgogne-Franche-Comt\u00e9","Habitat","Lutte","\u00c9dition 2013"],"inLanguage":"fr-FR"},{"@type":"WebPage","@id":"https:\/\/www.altercampagne.net\/?p=3519","url":"https:\/\/www.altercampagne.net\/?p=3519","name":"\u00c9tape du 28 juillet : l'Espace autog\u00e9r\u00e9 des Tanneries - AlterTour","isPartOf":{"@id":"https:\/\/www.altercampagne.net\/#website"},"primaryImageOfPage":{"@id":"https:\/\/www.altercampagne.net\/?p=3519#primaryimage"},"image":{"@id":"https:\/\/www.altercampagne.net\/?p=3519#primaryimage"},"thumbnailUrl":"https:\/\/www.altercampagne.net\/wp-content\/uploads\/2013\/07\/DSCF05851.jpg","datePublished":"2013-07-28T13:23:50+00:00","dateModified":"2019-09-16T13:02:44+00:00","author":{"@id":"https:\/\/www.altercampagne.net\/#\/schema\/person\/0f261460c09e430caa0f9bcffa319109"},"breadcrumb":{"@id":"https:\/\/www.altercampagne.net\/?p=3519#breadcrumb"},"inLanguage":"fr-FR","potentialAction":[{"@type":"ReadAction","target":["https:\/\/www.altercampagne.net\/?p=3519"]}]},{"@type":"ImageObject","inLanguage":"fr-FR","@id":"https:\/\/www.altercampagne.net\/?p=3519#primaryimage","url":"https:\/\/www.altercampagne.net\/wp-content\/uploads\/2013\/07\/DSCF05851.jpg","contentUrl":"https:\/\/www.altercampagne.net\/wp-content\/uploads\/2013\/07\/DSCF05851.jpg","width":800,"height":451},{"@type":"BreadcrumbList","@id":"https:\/\/www.altercampagne.net\/?p=3519#breadcrumb","itemListElement":[{"@type":"ListItem","position":1,"name":"Accueil","item":"https:\/\/www.altercampagne.net\/"},{"@type":"ListItem","position":2,"name":"\u00c9tape du 28 juillet : l&rsquo;Espace autog\u00e9r\u00e9 des Tanneries"}]},{"@type":"WebSite","@id":"https:\/\/www.altercampagne.net\/#website","url":"https:\/\/www.altercampagne.net\/","name":"AlterTour","description":"Reliez les Alternatives \u00e0 v\u00e9lo","potentialAction":[{"@type":"SearchAction","target":{"@type":"EntryPoint","urlTemplate":"https:\/\/www.altercampagne.net\/?s={search_term_string}"},"query-input":{"@type":"PropertyValueSpecification","valueRequired":true,"valueName":"search_term_string"}}],"inLanguage":"fr-FR"},{"@type":"Person","@id":"https:\/\/www.altercampagne.net\/#\/schema\/person\/0f261460c09e430caa0f9bcffa319109","name":"Mathieu","image":{"@type":"ImageObject","inLanguage":"fr-FR","@id":"https:\/\/secure.gravatar.com\/avatar\/aa9d3d24c83f2141e5e2709d0f63d09a99f6be6bb7a50abc4915838d9f54501a?s=96&d=mm&r=g","url":"https:\/\/secure.gravatar.com\/avatar\/aa9d3d24c83f2141e5e2709d0f63d09a99f6be6bb7a50abc4915838d9f54501a?s=96&d=mm&r=g","contentUrl":"https:\/\/secure.gravatar.com\/avatar\/aa9d3d24c83f2141e5e2709d0f63d09a99f6be6bb7a50abc4915838d9f54501a?s=96&d=mm&r=g","caption":"Mathieu"},"url":"https:\/\/www.altercampagne.net\/?author=214"}]}},"_links":{"self":[{"href":"https:\/\/www.altercampagne.net\/index.php?rest_route=\/wp\/v2\/posts\/3519","targetHints":{"allow":["GET"]}}],"collection":[{"href":"https:\/\/www.altercampagne.net\/index.php?rest_route=\/wp\/v2\/posts"}],"about":[{"href":"https:\/\/www.altercampagne.net\/index.php?rest_route=\/wp\/v2\/types\/post"}],"author":[{"embeddable":true,"href":"https:\/\/www.altercampagne.net\/index.php?rest_route=\/wp\/v2\/users\/214"}],"replies":[{"embeddable":true,"href":"https:\/\/www.altercampagne.net\/index.php?rest_route=%2Fwp%2Fv2%2Fcomments&post=3519"}],"version-history":[{"count":0,"href":"https:\/\/www.altercampagne.net\/index.php?rest_route=\/wp\/v2\/posts\/3519\/revisions"}],"wp:featuredmedia":[{"embeddable":true,"href":"https:\/\/www.altercampagne.net\/index.php?rest_route=\/wp\/v2\/media\/15739"}],"wp:attachment":[{"href":"https:\/\/www.altercampagne.net\/index.php?rest_route=%2Fwp%2Fv2%2Fmedia&parent=3519"}],"wp:term":[{"taxonomy":"category","embeddable":true,"href":"https:\/\/www.altercampagne.net\/index.php?rest_route=%2Fwp%2Fv2%2Fcategories&post=3519"},{"taxonomy":"post_tag","embeddable":true,"href":"https:\/\/www.altercampagne.net\/index.php?rest_route=%2Fwp%2Fv2%2Ftags&post=3519"}],"curies":[{"name":"wp","href":"https:\/\/api.w.org\/{rel}","templated":true}]}}