{"id":3521,"date":"2013-07-23T15:29:01","date_gmt":"2013-07-23T13:29:01","guid":{"rendered":"http:\/\/www.altercampagne.net\/?p=3521"},"modified":"2019-09-16T15:14:25","modified_gmt":"2019-09-16T13:14:25","slug":"etape-du-23-juillet-montcorbon-toucy","status":"publish","type":"post","link":"https:\/\/www.altercampagne.net\/?p=3521","title":{"rendered":"\u00c9tape du 23 juillet : Montcorbon &#8211; Toucy"},"content":{"rendered":"<div style=\"width: 260px\" class=\"wp-caption alignright\"><img loading=\"lazy\" decoding=\"async\" class=\"\" src=\"http:\/\/altercampagne.free.fr\/pages\/2008\/AlterTour\/pic\/AT2013-07-24_09.20.35_6712.jpg\" alt=\"\" width=\"250\" height=\"416\" \/><p class=\"wp-caption-text\">Alain Chasseuil, AlterTour 2013. Cr\u00e9dit photo G de Crop<\/p><\/div>\n<p class=\"Style271 Style138 Style152\" align=\"justify\">Apr\u00e8s une longue soir\u00e9e dansante \u00e0 Montcorbon o\u00f9 Marielle et Mika nous ont accueillis au Chant des Moutons avec la musique entrainante de Crincrin z\u00e9 Bretelles, r\u00e9veil matinal mais tellement m\u00e9lodieux par St\u00e9phanie et Laurie.<\/p>\n<p class=\"Style271 Style138 Style152\" align=\"justify\">Une petite \u00e9tape d\u2019une dizaine de kilom\u00e8tres toute en douceur (petites mont\u00e9es et grandes descentes) nous conduit \u00e0 Dicy pour visiter \u00e0 la Fabuloserie dans un cadre enchanteur, des tr\u00e9sors d\u2019Art dit \u00abbrut\u00bb dont on pourrait s\u2019inspirer aussi pour promouvoir l\u2019art du recyclage. Mais au-del\u00e0 des mat\u00e9riaux utilis\u00e9s, la vision de ces \u0153uvres provoque en nous \u00e9motion, admiration, stup\u00e9faction\u2026<\/p>\n<p class=\"Style271 Style138 Style152\" align=\"justify\">Ces hommes et ces femmes, d\u2019abord destin\u00e9s \u00e0 l\u2019anonymat et \u00e0 l\u2019oubli sans le travail de recueil de l\u2019artiste et architecte Alain Bourbonnais ont su par un travail colossal et une extraordinaire ma\u00eetrise transcender leurs douleurs et leurs f\u00ealures pour en laisser des traces dont la beaut\u00e9 et le g\u00e9nie nous bouleversent.<\/p>\n<p class=\"Style271 Style138 Style152\" align=\"justify\">Mais nos amis scouts et Jean-Marie GOIS nous attendent \u00e0 quelques kilom\u00e8tres de l\u00e0 o\u00f9 nous nous jetons sauvagement sur l\u2019excellent repas qu\u2019ils nous ont pr\u00e9par\u00e9 et le d\u00e9licieux jus de Pomme du Clos de Rochy, beau verger en bio d\u00e8s 2000.<\/p>\n<p class=\"Style271 Style138 Style152\" align=\"justify\">L\u2019orage a alors eu la bonne id\u00e9e d\u2019\u00e9clater au moment de la sieste, nous pr\u00e9c\u00e9dant sur les routes que nous empruntons ensuite dans la fra\u00eeche volupt\u00e9 de la pluie finissante.<\/p>\n<p class=\"Style271 Style138 Style152\" align=\"justify\">Quelques 30 kms plus loin, c\u2019est un champ fra\u00eechement fauch\u00e9 qui attend nos montures fatigu\u00e9es, \u00e0 Toucy.<\/p>\n<p class=\"Style271 Style138 Style152\" align=\"justify\">Une conf\u00e9rence ce soir ? Oui, sur l\u2019\u00e9nergie, et elle nous permet de recharger nos batteries dans tous les sens du terme : gr\u00e2ce \u00e0 l\u2019excellent repas qui nous est offert, aux petits projets utiles qui nous sont pr\u00e9sent\u00e9s, N\u00e9gawatt, le VARNE, autant de bonnes id\u00e9es que nous donnent ces artisans de la vie, autant d\u2019\u00e9nergie que nous apportent les \u00e9changes qui nous encouragent \u00e0 continuer la route, \u00e0 p\u00e9daler plus fort, plus loin\u2026 !<\/p>\n<p class=\"Style271 Style138 Style152\" align=\"left\">Vid\u00e9o de la soir\u00e9e musicales : <a href=\"https:\/\/www.facebook.com\/photo.php?v=558987517496711&amp;set=vb.450597874951613&amp;type=2&amp;theater\" target=\"_blank\" rel=\"noopener noreferrer\">https:\/\/www.facebook.com\/photo.php?v=558987517496711&amp;set=vb.450597874951613&amp;type=2&amp;theater <\/a><\/p>\n<p class=\"Style271 Style138 Style152\" align=\"justify\">La Fabuloserie : <a href=\"http:\/\/www.fabuloserie.com\/\" target=\"_blank\" rel=\"noopener noreferrer\">http:\/\/www.fabuloserie.com\/ <\/a><\/p>\n<p class=\"Style271 Style138 Style152\" align=\"justify\">Le Clos de Rochy : <a href=\"http:\/\/www.biobourgogne-association.org\/clos-de-rochy_p102.php\" target=\"_blank\" rel=\"noopener noreferrer\">http:\/\/www.biobourgogne-association.org\/clos-de-rochy_p102.php <\/a><\/p>\n<p class=\"Style271 Style138 Style152\" align=\"justify\">Le Varne : <a href=\"http:\/\/www.levarne.lautre.net\/\" target=\"_blank\" rel=\"noopener noreferrer\">http:\/\/www.levarne.lautre.net\/ <\/a><\/p>\n<p class=\"Style271 Style138 Style152\" align=\"justify\">N\u00e9gawatt : <a href=\"http:\/\/www.negawatt.org\/\" target=\"_blank\" rel=\"noopener noreferrer\">http:\/\/www.negawatt.org\/ <\/a><\/p>\n","protected":false},"excerpt":{"rendered":"<p>Apr\u00e8s une longue soir\u00e9e dansante \u00e0 Montcorbon o\u00f9 Marielle et Mika nous ont accueillis au Chant des Moutons avec la musique entrainante de Crincrin z\u00e9 Bretelles, r\u00e9veil matinal mais tellement m\u00e9lodieux par St\u00e9phanie et Laurie. Une petite \u00e9tape d\u2019une dizaine de kilom\u00e8tres toute en douceur (petites mont\u00e9es et grandes descentes) &#8230; <\/p>\n<div><a href=\"https:\/\/www.altercampagne.net\/?p=3521\" class=\"more-link\">Read More<\/a><\/div>\n","protected":false},"author":214,"featured_media":15745,"comment_status":"closed","ping_status":"closed","sticky":false,"template":"","format":"standard","meta":{"footnotes":""},"categories":[3495,3487,3462],"tags":[694,977,978,979,980,981,982,983,984,985,986,1017,1057,1656],"class_list":["post-3521","post","type-post","status-publish","format-standard","has-post-thumbnail","hentry","category-bourgogne-franche-comte","category-energie","category-edition-2013","tag-altertour-2013","tag-montcorbon","tag-chant-des-moutons","tag-dicy","tag-fabuloserie","tag-jean-marie-gois","tag-clos-de-rochy","tag-alain-chasseuil","tag-toucy","tag-negawatt","tag-le-varne","tag-bourgogne","tag-yonne","tag-1656"],"yoast_head":"<!-- This site is optimized with the Yoast SEO plugin v27.3 - https:\/\/yoast.com\/product\/yoast-seo-wordpress\/ -->\n<title>\u00c9tape du 23 juillet : Montcorbon - Toucy - AlterTour<\/title>\n<meta name=\"robots\" content=\"index, follow, max-snippet:-1, max-image-preview:large, max-video-preview:-1\" \/>\n<link rel=\"canonical\" href=\"https:\/\/www.altercampagne.net\/?p=3521\" \/>\n<meta property=\"og:locale\" content=\"fr_FR\" \/>\n<meta property=\"og:type\" content=\"article\" \/>\n<meta property=\"og:title\" content=\"\u00c9tape du 23 juillet : Montcorbon - Toucy - AlterTour\" \/>\n<meta property=\"og:description\" content=\"Apr\u00e8s une longue soir\u00e9e dansante \u00e0 Montcorbon o\u00f9 Marielle et Mika nous ont accueillis au Chant des Moutons avec la musique entrainante de Crincrin z\u00e9 Bretelles, r\u00e9veil matinal mais tellement m\u00e9lodieux par St\u00e9phanie et Laurie. Une petite \u00e9tape d\u2019une dizaine de kilom\u00e8tres toute en douceur (petites mont\u00e9es et grandes descentes) ... Read More\" \/>\n<meta property=\"og:url\" content=\"https:\/\/www.altercampagne.net\/?p=3521\" \/>\n<meta property=\"og:site_name\" content=\"AlterTour\" \/>\n<meta property=\"article:published_time\" content=\"2013-07-23T13:29:01+00:00\" \/>\n<meta property=\"article:modified_time\" content=\"2019-09-16T13:14:25+00:00\" \/>\n<meta property=\"og:image\" content=\"https:\/\/www.altercampagne.net\/wp-content\/uploads\/2013\/07\/2013-07-23_21.30.jpg\" \/>\n\t<meta property=\"og:image:width\" content=\"907\" \/>\n\t<meta property=\"og:image:height\" content=\"474\" \/>\n\t<meta property=\"og:image:type\" content=\"image\/jpeg\" \/>\n<meta name=\"author\" content=\"Mathieu\" \/>\n<meta name=\"twitter:card\" content=\"summary_large_image\" \/>\n<meta name=\"twitter:label1\" content=\"\u00c9crit par\" \/>\n\t<meta name=\"twitter:data1\" content=\"Mathieu\" \/>\n\t<meta name=\"twitter:label2\" content=\"Dur\u00e9e de lecture estim\u00e9e\" \/>\n\t<meta name=\"twitter:data2\" content=\"2 minutes\" \/>\n<script type=\"application\/ld+json\" class=\"yoast-schema-graph\">{\"@context\":\"https:\\\/\\\/schema.org\",\"@graph\":[{\"@type\":\"Article\",\"@id\":\"https:\\\/\\\/www.altercampagne.net\\\/?p=3521#article\",\"isPartOf\":{\"@id\":\"https:\\\/\\\/www.altercampagne.net\\\/?p=3521\"},\"author\":{\"name\":\"Mathieu\",\"@id\":\"https:\\\/\\\/www.altercampagne.net\\\/#\\\/schema\\\/person\\\/0f261460c09e430caa0f9bcffa319109\"},\"headline\":\"\u00c9tape du 23 juillet : Montcorbon &#8211; Toucy\",\"datePublished\":\"2013-07-23T13:29:01+00:00\",\"dateModified\":\"2019-09-16T13:14:25+00:00\",\"mainEntityOfPage\":{\"@id\":\"https:\\\/\\\/www.altercampagne.net\\\/?p=3521\"},\"wordCount\":415,\"image\":{\"@id\":\"https:\\\/\\\/www.altercampagne.net\\\/?p=3521#primaryimage\"},\"thumbnailUrl\":\"https:\\\/\\\/www.altercampagne.net\\\/wp-content\\\/uploads\\\/2013\\\/07\\\/2013-07-23_21.30.jpg\",\"keywords\":[\"AlterTour 2013\",\"Montcorbon\",\"Chant des Moutons\",\"Dicy\",\"Fabuloserie\",\"Jean-Marie GOIS\",\"Clos de Rochy\",\"Alain Chasseuil\",\"Toucy\",\"N\u00e9gawatt\",\"le VARNE\",\"Bourgogne\",\"yonne\",\"2013\"],\"articleSection\":[\"Bourgogne-Franche-Comt\u00e9\",\"\u00c9nergie\",\"\u00c9dition 2013\"],\"inLanguage\":\"fr-FR\"},{\"@type\":\"WebPage\",\"@id\":\"https:\\\/\\\/www.altercampagne.net\\\/?p=3521\",\"url\":\"https:\\\/\\\/www.altercampagne.net\\\/?p=3521\",\"name\":\"\u00c9tape du 23 juillet : Montcorbon - Toucy - AlterTour\",\"isPartOf\":{\"@id\":\"https:\\\/\\\/www.altercampagne.net\\\/#website\"},\"primaryImageOfPage\":{\"@id\":\"https:\\\/\\\/www.altercampagne.net\\\/?p=3521#primaryimage\"},\"image\":{\"@id\":\"https:\\\/\\\/www.altercampagne.net\\\/?p=3521#primaryimage\"},\"thumbnailUrl\":\"https:\\\/\\\/www.altercampagne.net\\\/wp-content\\\/uploads\\\/2013\\\/07\\\/2013-07-23_21.30.jpg\",\"datePublished\":\"2013-07-23T13:29:01+00:00\",\"dateModified\":\"2019-09-16T13:14:25+00:00\",\"author\":{\"@id\":\"https:\\\/\\\/www.altercampagne.net\\\/#\\\/schema\\\/person\\\/0f261460c09e430caa0f9bcffa319109\"},\"breadcrumb\":{\"@id\":\"https:\\\/\\\/www.altercampagne.net\\\/?p=3521#breadcrumb\"},\"inLanguage\":\"fr-FR\",\"potentialAction\":[{\"@type\":\"ReadAction\",\"target\":[\"https:\\\/\\\/www.altercampagne.net\\\/?p=3521\"]}]},{\"@type\":\"ImageObject\",\"inLanguage\":\"fr-FR\",\"@id\":\"https:\\\/\\\/www.altercampagne.net\\\/?p=3521#primaryimage\",\"url\":\"https:\\\/\\\/www.altercampagne.net\\\/wp-content\\\/uploads\\\/2013\\\/07\\\/2013-07-23_21.30.jpg\",\"contentUrl\":\"https:\\\/\\\/www.altercampagne.net\\\/wp-content\\\/uploads\\\/2013\\\/07\\\/2013-07-23_21.30.jpg\",\"width\":907,\"height\":474},{\"@type\":\"BreadcrumbList\",\"@id\":\"https:\\\/\\\/www.altercampagne.net\\\/?p=3521#breadcrumb\",\"itemListElement\":[{\"@type\":\"ListItem\",\"position\":1,\"name\":\"Accueil\",\"item\":\"https:\\\/\\\/www.altercampagne.net\\\/\"},{\"@type\":\"ListItem\",\"position\":2,\"name\":\"\u00c9tape du 23 juillet : Montcorbon &#8211; Toucy\"}]},{\"@type\":\"WebSite\",\"@id\":\"https:\\\/\\\/www.altercampagne.net\\\/#website\",\"url\":\"https:\\\/\\\/www.altercampagne.net\\\/\",\"name\":\"AlterTour\",\"description\":\"Reliez les Alternatives \u00e0 v\u00e9lo\",\"potentialAction\":[{\"@type\":\"SearchAction\",\"target\":{\"@type\":\"EntryPoint\",\"urlTemplate\":\"https:\\\/\\\/www.altercampagne.net\\\/?s={search_term_string}\"},\"query-input\":{\"@type\":\"PropertyValueSpecification\",\"valueRequired\":true,\"valueName\":\"search_term_string\"}}],\"inLanguage\":\"fr-FR\"},{\"@type\":\"Person\",\"@id\":\"https:\\\/\\\/www.altercampagne.net\\\/#\\\/schema\\\/person\\\/0f261460c09e430caa0f9bcffa319109\",\"name\":\"Mathieu\",\"image\":{\"@type\":\"ImageObject\",\"inLanguage\":\"fr-FR\",\"@id\":\"https:\\\/\\\/secure.gravatar.com\\\/avatar\\\/aa9d3d24c83f2141e5e2709d0f63d09a99f6be6bb7a50abc4915838d9f54501a?s=96&d=mm&r=g\",\"url\":\"https:\\\/\\\/secure.gravatar.com\\\/avatar\\\/aa9d3d24c83f2141e5e2709d0f63d09a99f6be6bb7a50abc4915838d9f54501a?s=96&d=mm&r=g\",\"contentUrl\":\"https:\\\/\\\/secure.gravatar.com\\\/avatar\\\/aa9d3d24c83f2141e5e2709d0f63d09a99f6be6bb7a50abc4915838d9f54501a?s=96&d=mm&r=g\",\"caption\":\"Mathieu\"},\"url\":\"https:\\\/\\\/www.altercampagne.net\\\/?author=214\"}]}<\/script>\n<!-- \/ Yoast SEO plugin. -->","yoast_head_json":{"title":"\u00c9tape du 23 juillet : Montcorbon - Toucy - AlterTour","robots":{"index":"index","follow":"follow","max-snippet":"max-snippet:-1","max-image-preview":"max-image-preview:large","max-video-preview":"max-video-preview:-1"},"canonical":"https:\/\/www.altercampagne.net\/?p=3521","og_locale":"fr_FR","og_type":"article","og_title":"\u00c9tape du 23 juillet : Montcorbon - Toucy - AlterTour","og_description":"Apr\u00e8s une longue soir\u00e9e dansante \u00e0 Montcorbon o\u00f9 Marielle et Mika nous ont accueillis au Chant des Moutons avec la musique entrainante de Crincrin z\u00e9 Bretelles, r\u00e9veil matinal mais tellement m\u00e9lodieux par St\u00e9phanie et Laurie. Une petite \u00e9tape d\u2019une dizaine de kilom\u00e8tres toute en douceur (petites mont\u00e9es et grandes descentes) ... Read More","og_url":"https:\/\/www.altercampagne.net\/?p=3521","og_site_name":"AlterTour","article_published_time":"2013-07-23T13:29:01+00:00","article_modified_time":"2019-09-16T13:14:25+00:00","og_image":[{"width":907,"height":474,"url":"https:\/\/www.altercampagne.net\/wp-content\/uploads\/2013\/07\/2013-07-23_21.30.jpg","type":"image\/jpeg"}],"author":"Mathieu","twitter_card":"summary_large_image","twitter_misc":{"\u00c9crit par":"Mathieu","Dur\u00e9e de lecture estim\u00e9e":"2 minutes"},"schema":{"@context":"https:\/\/schema.org","@graph":[{"@type":"Article","@id":"https:\/\/www.altercampagne.net\/?p=3521#article","isPartOf":{"@id":"https:\/\/www.altercampagne.net\/?p=3521"},"author":{"name":"Mathieu","@id":"https:\/\/www.altercampagne.net\/#\/schema\/person\/0f261460c09e430caa0f9bcffa319109"},"headline":"\u00c9tape du 23 juillet : Montcorbon &#8211; Toucy","datePublished":"2013-07-23T13:29:01+00:00","dateModified":"2019-09-16T13:14:25+00:00","mainEntityOfPage":{"@id":"https:\/\/www.altercampagne.net\/?p=3521"},"wordCount":415,"image":{"@id":"https:\/\/www.altercampagne.net\/?p=3521#primaryimage"},"thumbnailUrl":"https:\/\/www.altercampagne.net\/wp-content\/uploads\/2013\/07\/2013-07-23_21.30.jpg","keywords":["AlterTour 2013","Montcorbon","Chant des Moutons","Dicy","Fabuloserie","Jean-Marie GOIS","Clos de Rochy","Alain Chasseuil","Toucy","N\u00e9gawatt","le VARNE","Bourgogne","yonne","2013"],"articleSection":["Bourgogne-Franche-Comt\u00e9","\u00c9nergie","\u00c9dition 2013"],"inLanguage":"fr-FR"},{"@type":"WebPage","@id":"https:\/\/www.altercampagne.net\/?p=3521","url":"https:\/\/www.altercampagne.net\/?p=3521","name":"\u00c9tape du 23 juillet : Montcorbon - Toucy - AlterTour","isPartOf":{"@id":"https:\/\/www.altercampagne.net\/#website"},"primaryImageOfPage":{"@id":"https:\/\/www.altercampagne.net\/?p=3521#primaryimage"},"image":{"@id":"https:\/\/www.altercampagne.net\/?p=3521#primaryimage"},"thumbnailUrl":"https:\/\/www.altercampagne.net\/wp-content\/uploads\/2013\/07\/2013-07-23_21.30.jpg","datePublished":"2013-07-23T13:29:01+00:00","dateModified":"2019-09-16T13:14:25+00:00","author":{"@id":"https:\/\/www.altercampagne.net\/#\/schema\/person\/0f261460c09e430caa0f9bcffa319109"},"breadcrumb":{"@id":"https:\/\/www.altercampagne.net\/?p=3521#breadcrumb"},"inLanguage":"fr-FR","potentialAction":[{"@type":"ReadAction","target":["https:\/\/www.altercampagne.net\/?p=3521"]}]},{"@type":"ImageObject","inLanguage":"fr-FR","@id":"https:\/\/www.altercampagne.net\/?p=3521#primaryimage","url":"https:\/\/www.altercampagne.net\/wp-content\/uploads\/2013\/07\/2013-07-23_21.30.jpg","contentUrl":"https:\/\/www.altercampagne.net\/wp-content\/uploads\/2013\/07\/2013-07-23_21.30.jpg","width":907,"height":474},{"@type":"BreadcrumbList","@id":"https:\/\/www.altercampagne.net\/?p=3521#breadcrumb","itemListElement":[{"@type":"ListItem","position":1,"name":"Accueil","item":"https:\/\/www.altercampagne.net\/"},{"@type":"ListItem","position":2,"name":"\u00c9tape du 23 juillet : Montcorbon &#8211; Toucy"}]},{"@type":"WebSite","@id":"https:\/\/www.altercampagne.net\/#website","url":"https:\/\/www.altercampagne.net\/","name":"AlterTour","description":"Reliez les Alternatives \u00e0 v\u00e9lo","potentialAction":[{"@type":"SearchAction","target":{"@type":"EntryPoint","urlTemplate":"https:\/\/www.altercampagne.net\/?s={search_term_string}"},"query-input":{"@type":"PropertyValueSpecification","valueRequired":true,"valueName":"search_term_string"}}],"inLanguage":"fr-FR"},{"@type":"Person","@id":"https:\/\/www.altercampagne.net\/#\/schema\/person\/0f261460c09e430caa0f9bcffa319109","name":"Mathieu","image":{"@type":"ImageObject","inLanguage":"fr-FR","@id":"https:\/\/secure.gravatar.com\/avatar\/aa9d3d24c83f2141e5e2709d0f63d09a99f6be6bb7a50abc4915838d9f54501a?s=96&d=mm&r=g","url":"https:\/\/secure.gravatar.com\/avatar\/aa9d3d24c83f2141e5e2709d0f63d09a99f6be6bb7a50abc4915838d9f54501a?s=96&d=mm&r=g","contentUrl":"https:\/\/secure.gravatar.com\/avatar\/aa9d3d24c83f2141e5e2709d0f63d09a99f6be6bb7a50abc4915838d9f54501a?s=96&d=mm&r=g","caption":"Mathieu"},"url":"https:\/\/www.altercampagne.net\/?author=214"}]}},"_links":{"self":[{"href":"https:\/\/www.altercampagne.net\/index.php?rest_route=\/wp\/v2\/posts\/3521","targetHints":{"allow":["GET"]}}],"collection":[{"href":"https:\/\/www.altercampagne.net\/index.php?rest_route=\/wp\/v2\/posts"}],"about":[{"href":"https:\/\/www.altercampagne.net\/index.php?rest_route=\/wp\/v2\/types\/post"}],"author":[{"embeddable":true,"href":"https:\/\/www.altercampagne.net\/index.php?rest_route=\/wp\/v2\/users\/214"}],"replies":[{"embeddable":true,"href":"https:\/\/www.altercampagne.net\/index.php?rest_route=%2Fwp%2Fv2%2Fcomments&post=3521"}],"version-history":[{"count":0,"href":"https:\/\/www.altercampagne.net\/index.php?rest_route=\/wp\/v2\/posts\/3521\/revisions"}],"wp:featuredmedia":[{"embeddable":true,"href":"https:\/\/www.altercampagne.net\/index.php?rest_route=\/wp\/v2\/media\/15745"}],"wp:attachment":[{"href":"https:\/\/www.altercampagne.net\/index.php?rest_route=%2Fwp%2Fv2%2Fmedia&parent=3521"}],"wp:term":[{"taxonomy":"category","embeddable":true,"href":"https:\/\/www.altercampagne.net\/index.php?rest_route=%2Fwp%2Fv2%2Fcategories&post=3521"},{"taxonomy":"post_tag","embeddable":true,"href":"https:\/\/www.altercampagne.net\/index.php?rest_route=%2Fwp%2Fv2%2Ftags&post=3521"}],"curies":[{"name":"wp","href":"https:\/\/api.w.org\/{rel}","templated":true}]}}