{"id":3523,"date":"2013-07-19T15:33:10","date_gmt":"2013-07-19T13:33:10","guid":{"rendered":"http:\/\/www.altercampagne.net\/?p=3523"},"modified":"2019-09-16T15:18:33","modified_gmt":"2019-09-16T13:18:33","slug":"temoignage-de-bernard-accueillant-de-la-1ere-etape-de-laltertour-2013","status":"publish","type":"post","link":"https:\/\/www.altercampagne.net\/?p=3523","title":{"rendered":"T\u00e9moignage de Bernard, accueillant de la 1\u00e8re \u00e9tape de l&rsquo;AlterTour 2013"},"content":{"rendered":"<p class=\"Style271 Style138 Style152\" align=\"justify\">Bon, ben je me suis lev\u00e9 ce matin de bon heure et de bonne humeur pour arroser mon jardin, dire bonjour \u00e0 mes repiquage d&rsquo;hier&#8230; le boulot se fait tout seul, c&rsquo;est super&#8230; un peu moin pour notre \u00e9tape d&rsquo;aujourd&rsquo;hui&#8230;<\/p>\n<p class=\"Style271 Style138 Style152\" align=\"justify\">Sinon et bien bravo \u00e0 nous tous on forme encore une super \u00e9quipe, merci \u00e0 tous, aux exposants, animateurs &#8230;c&rsquo;\u00e9tait \u00e0 mon sens g\u00e9nial, m\u00eame si on n&rsquo;a pas eut autant de monde que l&rsquo;on esp\u00e9rait, mais cela \u00e0 permis aux exposants, et animateurs d&rsquo;\u00e9changer, se renconter et c&rsquo;\u00e9tait aussi le but.<\/p>\n<div style=\"width: 254px\" class=\"wp-caption alignleft\"><img loading=\"lazy\" decoding=\"async\" src=\"http:\/\/altercampagne.free.fr\/pages\/2008\/AlterTour\/pic\/AT2013-Bernard-Lafitte.jpg\" alt=\"\" width=\"244\" height=\"368\" \/><p class=\"wp-caption-text\">Bernard Lafitte, AlterTour 2013. Cr\u00e9dit photo G de Crop<\/p><\/div>\n<p class=\"Style271 Style138 Style152\" align=\"justify\">Merci \u00e0 Gabriella, la cabane est super, \u00e0 R\u00e9mi, le mur terre\/paille \u00e0 interress\u00e9 pas mal de gens, affaire \u00e0 creuser et surement bient\u00f4t un chantier participatif aux Hubits, merci \u00e0 Ludo pour ses pots (je tiens \u00e0 r\u00e9cup\u00e9rer le mien), merci aux Elisabetha, au musicien Mathieu, merci \u00e0 tous les exposant qui ont fait l&rsquo;effort de venir et qui ont tr\u00e8s bien jou\u00e9 le jeu (par contre avez-vous pu tisser des leins, prendre des adresses&#8230;) merci aux organisateurs et participants de l&rsquo;AlterTour (dommage qu&rsquo;ils n&rsquo;ait pas eut le temps de d\u00e9sherber, il va falloir qu&rsquo;on s&rsquo;y attaque la semaine prochaine) et bien sur un grand merci \u00e0 Mr Gouyon tr\u00e8s content de sa discution autour du feu (nous ont \u00e9tait sur un nuage avec des confirmations et des \u00e9clairages nouveaux et \u00e7a nous donne de l&rsquo;\u00e9nergie pour continuer \u00e0 construire notre petit village,&#8230; non parcelle \u00ab\u00a0Gauloise r\u00e9sistante.\u00a0\u00bb)<\/p>\n<p class=\"Style271 Style138 Style152\" align=\"justify\">Sinon cot\u00e9 pratique, avec Thierry on sera l\u00e0 ce matin \u00e0 8h et s&rsquo;il y a des gens pour venir nous aider \u00e0 faire les derniers rangements, c&rsquo;est OK on sera de retour \u00e0 8h30 (moi je pars en v\u00e9lo \u00e0 9h30), vous pouvez aussi ranger \u00e0 partir de 10h15, apr\u00e8s la c\u00e9r\u00e9monie devant les grille de notre voisin.<\/p>\n<p class=\"Style271 Style138 Style152\" align=\"justify\">Bises \u00e0 tous, \u00e0 bient\u00f4t pour de nouvelles aventures.<\/p>\n","protected":false},"excerpt":{"rendered":"<p>Bon, ben je me suis lev\u00e9 ce matin de bon heure et de bonne humeur pour arroser mon jardin, dire bonjour \u00e0 mes repiquage d&rsquo;hier&#8230; le boulot se fait tout seul, c&rsquo;est super&#8230; un peu moin pour notre \u00e9tape d&rsquo;aujourd&rsquo;hui&#8230; Sinon et bien bravo \u00e0 nous tous on forme encore &#8230; <\/p>\n<div><a href=\"https:\/\/www.altercampagne.net\/?p=3523\" class=\"more-link\">Read More<\/a><\/div>\n","protected":false},"author":214,"featured_media":15748,"comment_status":"closed","ping_status":"closed","sticky":false,"template":"","format":"standard","meta":{"footnotes":""},"categories":[3483,3473,3486,3462],"tags":[694,987,988],"class_list":["post-3523","post","type-post","status-publish","format-standard","has-post-thumbnail","hentry","category-agriculture","category-centre-val-de-loire","category-environnement","category-edition-2013","tag-altertour-2013","tag-bernard-lafitte","tag-pierre-henri-gouyon"],"yoast_head":"<!-- This site is optimized with the Yoast SEO plugin v27.3 - https:\/\/yoast.com\/product\/yoast-seo-wordpress\/ -->\n<title>T\u00e9moignage de Bernard, accueillant de la 1\u00e8re \u00e9tape de l&#039;AlterTour 2013 - AlterTour<\/title>\n<meta name=\"robots\" content=\"index, follow, max-snippet:-1, max-image-preview:large, max-video-preview:-1\" \/>\n<link rel=\"canonical\" href=\"https:\/\/www.altercampagne.net\/?p=3523\" \/>\n<meta property=\"og:locale\" content=\"fr_FR\" \/>\n<meta property=\"og:type\" content=\"article\" \/>\n<meta property=\"og:title\" content=\"T\u00e9moignage de Bernard, accueillant de la 1\u00e8re \u00e9tape de l&#039;AlterTour 2013 - AlterTour\" \/>\n<meta property=\"og:description\" content=\"Bon, ben je me suis lev\u00e9 ce matin de bon heure et de bonne humeur pour arroser mon jardin, dire bonjour \u00e0 mes repiquage d&rsquo;hier&#8230; le boulot se fait tout seul, c&rsquo;est super&#8230; un peu moin pour notre \u00e9tape d&rsquo;aujourd&rsquo;hui&#8230; Sinon et bien bravo \u00e0 nous tous on forme encore ... Read More\" \/>\n<meta property=\"og:url\" content=\"https:\/\/www.altercampagne.net\/?p=3523\" \/>\n<meta property=\"og:site_name\" content=\"AlterTour\" \/>\n<meta property=\"article:published_time\" content=\"2013-07-19T13:33:10+00:00\" \/>\n<meta property=\"article:modified_time\" content=\"2019-09-16T13:18:33+00:00\" \/>\n<meta property=\"og:image\" content=\"https:\/\/www.altercampagne.net\/wp-content\/uploads\/2013\/07\/2013-07-19_19.33.jpg\" \/>\n\t<meta property=\"og:image:width\" content=\"907\" \/>\n\t<meta property=\"og:image:height\" content=\"474\" \/>\n\t<meta property=\"og:image:type\" content=\"image\/jpeg\" \/>\n<meta name=\"author\" content=\"Mathieu\" \/>\n<meta name=\"twitter:card\" content=\"summary_large_image\" \/>\n<meta name=\"twitter:label1\" content=\"\u00c9crit par\" \/>\n\t<meta name=\"twitter:data1\" content=\"Mathieu\" \/>\n\t<meta name=\"twitter:label2\" content=\"Dur\u00e9e de lecture estim\u00e9e\" \/>\n\t<meta name=\"twitter:data2\" content=\"2 minutes\" \/>\n<script type=\"application\/ld+json\" class=\"yoast-schema-graph\">{\"@context\":\"https:\\\/\\\/schema.org\",\"@graph\":[{\"@type\":\"Article\",\"@id\":\"https:\\\/\\\/www.altercampagne.net\\\/?p=3523#article\",\"isPartOf\":{\"@id\":\"https:\\\/\\\/www.altercampagne.net\\\/?p=3523\"},\"author\":{\"name\":\"Mathieu\",\"@id\":\"https:\\\/\\\/www.altercampagne.net\\\/#\\\/schema\\\/person\\\/0f261460c09e430caa0f9bcffa319109\"},\"headline\":\"T\u00e9moignage de Bernard, accueillant de la 1\u00e8re \u00e9tape de l&rsquo;AlterTour 2013\",\"datePublished\":\"2013-07-19T13:33:10+00:00\",\"dateModified\":\"2019-09-16T13:18:33+00:00\",\"mainEntityOfPage\":{\"@id\":\"https:\\\/\\\/www.altercampagne.net\\\/?p=3523\"},\"wordCount\":349,\"image\":{\"@id\":\"https:\\\/\\\/www.altercampagne.net\\\/?p=3523#primaryimage\"},\"thumbnailUrl\":\"https:\\\/\\\/www.altercampagne.net\\\/wp-content\\\/uploads\\\/2013\\\/07\\\/2013-07-19_19.33.jpg\",\"keywords\":[\"AlterTour 2013\",\"Bernard Lafitte\",\"Pierre-Henri Gouyon\"],\"articleSection\":[\"Agriculture\",\"Centre-Val de Loire\",\"Environnement\",\"\u00c9dition 2013\"],\"inLanguage\":\"fr-FR\"},{\"@type\":\"WebPage\",\"@id\":\"https:\\\/\\\/www.altercampagne.net\\\/?p=3523\",\"url\":\"https:\\\/\\\/www.altercampagne.net\\\/?p=3523\",\"name\":\"T\u00e9moignage de Bernard, accueillant de la 1\u00e8re \u00e9tape de l'AlterTour 2013 - AlterTour\",\"isPartOf\":{\"@id\":\"https:\\\/\\\/www.altercampagne.net\\\/#website\"},\"primaryImageOfPage\":{\"@id\":\"https:\\\/\\\/www.altercampagne.net\\\/?p=3523#primaryimage\"},\"image\":{\"@id\":\"https:\\\/\\\/www.altercampagne.net\\\/?p=3523#primaryimage\"},\"thumbnailUrl\":\"https:\\\/\\\/www.altercampagne.net\\\/wp-content\\\/uploads\\\/2013\\\/07\\\/2013-07-19_19.33.jpg\",\"datePublished\":\"2013-07-19T13:33:10+00:00\",\"dateModified\":\"2019-09-16T13:18:33+00:00\",\"author\":{\"@id\":\"https:\\\/\\\/www.altercampagne.net\\\/#\\\/schema\\\/person\\\/0f261460c09e430caa0f9bcffa319109\"},\"breadcrumb\":{\"@id\":\"https:\\\/\\\/www.altercampagne.net\\\/?p=3523#breadcrumb\"},\"inLanguage\":\"fr-FR\",\"potentialAction\":[{\"@type\":\"ReadAction\",\"target\":[\"https:\\\/\\\/www.altercampagne.net\\\/?p=3523\"]}]},{\"@type\":\"ImageObject\",\"inLanguage\":\"fr-FR\",\"@id\":\"https:\\\/\\\/www.altercampagne.net\\\/?p=3523#primaryimage\",\"url\":\"https:\\\/\\\/www.altercampagne.net\\\/wp-content\\\/uploads\\\/2013\\\/07\\\/2013-07-19_19.33.jpg\",\"contentUrl\":\"https:\\\/\\\/www.altercampagne.net\\\/wp-content\\\/uploads\\\/2013\\\/07\\\/2013-07-19_19.33.jpg\",\"width\":907,\"height\":474},{\"@type\":\"BreadcrumbList\",\"@id\":\"https:\\\/\\\/www.altercampagne.net\\\/?p=3523#breadcrumb\",\"itemListElement\":[{\"@type\":\"ListItem\",\"position\":1,\"name\":\"Accueil\",\"item\":\"https:\\\/\\\/www.altercampagne.net\\\/\"},{\"@type\":\"ListItem\",\"position\":2,\"name\":\"T\u00e9moignage de Bernard, accueillant de la 1\u00e8re \u00e9tape de l&rsquo;AlterTour 2013\"}]},{\"@type\":\"WebSite\",\"@id\":\"https:\\\/\\\/www.altercampagne.net\\\/#website\",\"url\":\"https:\\\/\\\/www.altercampagne.net\\\/\",\"name\":\"AlterTour\",\"description\":\"Reliez les Alternatives \u00e0 v\u00e9lo\",\"potentialAction\":[{\"@type\":\"SearchAction\",\"target\":{\"@type\":\"EntryPoint\",\"urlTemplate\":\"https:\\\/\\\/www.altercampagne.net\\\/?s={search_term_string}\"},\"query-input\":{\"@type\":\"PropertyValueSpecification\",\"valueRequired\":true,\"valueName\":\"search_term_string\"}}],\"inLanguage\":\"fr-FR\"},{\"@type\":\"Person\",\"@id\":\"https:\\\/\\\/www.altercampagne.net\\\/#\\\/schema\\\/person\\\/0f261460c09e430caa0f9bcffa319109\",\"name\":\"Mathieu\",\"image\":{\"@type\":\"ImageObject\",\"inLanguage\":\"fr-FR\",\"@id\":\"https:\\\/\\\/secure.gravatar.com\\\/avatar\\\/aa9d3d24c83f2141e5e2709d0f63d09a99f6be6bb7a50abc4915838d9f54501a?s=96&d=mm&r=g\",\"url\":\"https:\\\/\\\/secure.gravatar.com\\\/avatar\\\/aa9d3d24c83f2141e5e2709d0f63d09a99f6be6bb7a50abc4915838d9f54501a?s=96&d=mm&r=g\",\"contentUrl\":\"https:\\\/\\\/secure.gravatar.com\\\/avatar\\\/aa9d3d24c83f2141e5e2709d0f63d09a99f6be6bb7a50abc4915838d9f54501a?s=96&d=mm&r=g\",\"caption\":\"Mathieu\"},\"url\":\"https:\\\/\\\/www.altercampagne.net\\\/?author=214\"}]}<\/script>\n<!-- \/ Yoast SEO plugin. -->","yoast_head_json":{"title":"T\u00e9moignage de Bernard, accueillant de la 1\u00e8re \u00e9tape de l'AlterTour 2013 - AlterTour","robots":{"index":"index","follow":"follow","max-snippet":"max-snippet:-1","max-image-preview":"max-image-preview:large","max-video-preview":"max-video-preview:-1"},"canonical":"https:\/\/www.altercampagne.net\/?p=3523","og_locale":"fr_FR","og_type":"article","og_title":"T\u00e9moignage de Bernard, accueillant de la 1\u00e8re \u00e9tape de l'AlterTour 2013 - AlterTour","og_description":"Bon, ben je me suis lev\u00e9 ce matin de bon heure et de bonne humeur pour arroser mon jardin, dire bonjour \u00e0 mes repiquage d&rsquo;hier&#8230; le boulot se fait tout seul, c&rsquo;est super&#8230; un peu moin pour notre \u00e9tape d&rsquo;aujourd&rsquo;hui&#8230; Sinon et bien bravo \u00e0 nous tous on forme encore ... Read More","og_url":"https:\/\/www.altercampagne.net\/?p=3523","og_site_name":"AlterTour","article_published_time":"2013-07-19T13:33:10+00:00","article_modified_time":"2019-09-16T13:18:33+00:00","og_image":[{"width":907,"height":474,"url":"https:\/\/www.altercampagne.net\/wp-content\/uploads\/2013\/07\/2013-07-19_19.33.jpg","type":"image\/jpeg"}],"author":"Mathieu","twitter_card":"summary_large_image","twitter_misc":{"\u00c9crit par":"Mathieu","Dur\u00e9e de lecture estim\u00e9e":"2 minutes"},"schema":{"@context":"https:\/\/schema.org","@graph":[{"@type":"Article","@id":"https:\/\/www.altercampagne.net\/?p=3523#article","isPartOf":{"@id":"https:\/\/www.altercampagne.net\/?p=3523"},"author":{"name":"Mathieu","@id":"https:\/\/www.altercampagne.net\/#\/schema\/person\/0f261460c09e430caa0f9bcffa319109"},"headline":"T\u00e9moignage de Bernard, accueillant de la 1\u00e8re \u00e9tape de l&rsquo;AlterTour 2013","datePublished":"2013-07-19T13:33:10+00:00","dateModified":"2019-09-16T13:18:33+00:00","mainEntityOfPage":{"@id":"https:\/\/www.altercampagne.net\/?p=3523"},"wordCount":349,"image":{"@id":"https:\/\/www.altercampagne.net\/?p=3523#primaryimage"},"thumbnailUrl":"https:\/\/www.altercampagne.net\/wp-content\/uploads\/2013\/07\/2013-07-19_19.33.jpg","keywords":["AlterTour 2013","Bernard Lafitte","Pierre-Henri Gouyon"],"articleSection":["Agriculture","Centre-Val de Loire","Environnement","\u00c9dition 2013"],"inLanguage":"fr-FR"},{"@type":"WebPage","@id":"https:\/\/www.altercampagne.net\/?p=3523","url":"https:\/\/www.altercampagne.net\/?p=3523","name":"T\u00e9moignage de Bernard, accueillant de la 1\u00e8re \u00e9tape de l'AlterTour 2013 - AlterTour","isPartOf":{"@id":"https:\/\/www.altercampagne.net\/#website"},"primaryImageOfPage":{"@id":"https:\/\/www.altercampagne.net\/?p=3523#primaryimage"},"image":{"@id":"https:\/\/www.altercampagne.net\/?p=3523#primaryimage"},"thumbnailUrl":"https:\/\/www.altercampagne.net\/wp-content\/uploads\/2013\/07\/2013-07-19_19.33.jpg","datePublished":"2013-07-19T13:33:10+00:00","dateModified":"2019-09-16T13:18:33+00:00","author":{"@id":"https:\/\/www.altercampagne.net\/#\/schema\/person\/0f261460c09e430caa0f9bcffa319109"},"breadcrumb":{"@id":"https:\/\/www.altercampagne.net\/?p=3523#breadcrumb"},"inLanguage":"fr-FR","potentialAction":[{"@type":"ReadAction","target":["https:\/\/www.altercampagne.net\/?p=3523"]}]},{"@type":"ImageObject","inLanguage":"fr-FR","@id":"https:\/\/www.altercampagne.net\/?p=3523#primaryimage","url":"https:\/\/www.altercampagne.net\/wp-content\/uploads\/2013\/07\/2013-07-19_19.33.jpg","contentUrl":"https:\/\/www.altercampagne.net\/wp-content\/uploads\/2013\/07\/2013-07-19_19.33.jpg","width":907,"height":474},{"@type":"BreadcrumbList","@id":"https:\/\/www.altercampagne.net\/?p=3523#breadcrumb","itemListElement":[{"@type":"ListItem","position":1,"name":"Accueil","item":"https:\/\/www.altercampagne.net\/"},{"@type":"ListItem","position":2,"name":"T\u00e9moignage de Bernard, accueillant de la 1\u00e8re \u00e9tape de l&rsquo;AlterTour 2013"}]},{"@type":"WebSite","@id":"https:\/\/www.altercampagne.net\/#website","url":"https:\/\/www.altercampagne.net\/","name":"AlterTour","description":"Reliez les Alternatives \u00e0 v\u00e9lo","potentialAction":[{"@type":"SearchAction","target":{"@type":"EntryPoint","urlTemplate":"https:\/\/www.altercampagne.net\/?s={search_term_string}"},"query-input":{"@type":"PropertyValueSpecification","valueRequired":true,"valueName":"search_term_string"}}],"inLanguage":"fr-FR"},{"@type":"Person","@id":"https:\/\/www.altercampagne.net\/#\/schema\/person\/0f261460c09e430caa0f9bcffa319109","name":"Mathieu","image":{"@type":"ImageObject","inLanguage":"fr-FR","@id":"https:\/\/secure.gravatar.com\/avatar\/aa9d3d24c83f2141e5e2709d0f63d09a99f6be6bb7a50abc4915838d9f54501a?s=96&d=mm&r=g","url":"https:\/\/secure.gravatar.com\/avatar\/aa9d3d24c83f2141e5e2709d0f63d09a99f6be6bb7a50abc4915838d9f54501a?s=96&d=mm&r=g","contentUrl":"https:\/\/secure.gravatar.com\/avatar\/aa9d3d24c83f2141e5e2709d0f63d09a99f6be6bb7a50abc4915838d9f54501a?s=96&d=mm&r=g","caption":"Mathieu"},"url":"https:\/\/www.altercampagne.net\/?author=214"}]}},"_links":{"self":[{"href":"https:\/\/www.altercampagne.net\/index.php?rest_route=\/wp\/v2\/posts\/3523","targetHints":{"allow":["GET"]}}],"collection":[{"href":"https:\/\/www.altercampagne.net\/index.php?rest_route=\/wp\/v2\/posts"}],"about":[{"href":"https:\/\/www.altercampagne.net\/index.php?rest_route=\/wp\/v2\/types\/post"}],"author":[{"embeddable":true,"href":"https:\/\/www.altercampagne.net\/index.php?rest_route=\/wp\/v2\/users\/214"}],"replies":[{"embeddable":true,"href":"https:\/\/www.altercampagne.net\/index.php?rest_route=%2Fwp%2Fv2%2Fcomments&post=3523"}],"version-history":[{"count":0,"href":"https:\/\/www.altercampagne.net\/index.php?rest_route=\/wp\/v2\/posts\/3523\/revisions"}],"wp:featuredmedia":[{"embeddable":true,"href":"https:\/\/www.altercampagne.net\/index.php?rest_route=\/wp\/v2\/media\/15748"}],"wp:attachment":[{"href":"https:\/\/www.altercampagne.net\/index.php?rest_route=%2Fwp%2Fv2%2Fmedia&parent=3523"}],"wp:term":[{"taxonomy":"category","embeddable":true,"href":"https:\/\/www.altercampagne.net\/index.php?rest_route=%2Fwp%2Fv2%2Fcategories&post=3523"},{"taxonomy":"post_tag","embeddable":true,"href":"https:\/\/www.altercampagne.net\/index.php?rest_route=%2Fwp%2Fv2%2Ftags&post=3523"}],"curies":[{"name":"wp","href":"https:\/\/api.w.org\/{rel}","templated":true}]}}