{"id":3529,"date":"2013-07-09T15:43:22","date_gmt":"2013-07-09T13:43:22","guid":{"rendered":"http:\/\/www.altercampagne.net\/?p=3529"},"modified":"2016-04-06T15:45:21","modified_gmt":"2016-04-06T13:45:21","slug":"les-resistives-au-lac-de-besain-le-10-aout","status":"publish","type":"post","link":"https:\/\/www.altercampagne.net\/?p=3529","title":{"rendered":"Les R\u00e9sistives au lac de Besain le 10 ao\u00fbt"},"content":{"rendered":"<div>\n<p class=\"Style271 Style138 Style152\" align=\"justify\"><strong><img loading=\"lazy\" decoding=\"async\" class=\" alignleft\" src=\"http:\/\/altercampagne.free.fr\/pages\/2008\/AlterTour\/pic\/AT2013-Resistives.jpg\" alt=\"\" width=\"455\" height=\"643\" \/>Les R\u00e9SiSTiVeS sont un festival \u00e9co-citoyen convivial, festif et musical \u00e0 taille humaine dont l&rsquo;objectif est le partage et la promotion d&rsquo;alternatives pour une soci\u00e9t\u00e9 plus juste, plus solidaire et plus responsable<\/strong>.<\/p>\n<p class=\"Style271 Style138 Style152\" align=\"justify\">Le festival se d\u00e9roule le samedi 10\u00a0ao\u00fbt\u00a0au bord du lac de Besain, dans le Jura, offrant un cadre naturel et agr\u00e9able \u00e0 cet \u00e9v\u00e9nement bas\u00e9 sur le partage et la convivialit\u00e9.<\/p>\n<p class=\"Style271 Style138 Style152\" align=\"justify\">\n<\/div>\n<div>\n<p align=\"justify\"><span class=\"Style271 Style138 Style152\">Une premi\u00e8re \u00e9dition, tr\u00e8s r\u00e9ussie, s&rsquo;est tenue en 2012. L&rsquo;\u00e9dition 2013 se voudra plus ambitieuse, notamment au niveau artistique (groupes de\u00a0musique de Lyon, Ol\u00e9ron, Gu\u00e9rande), et se verra accueillir une \u00e9tape de l&rsquo;<a href=\"http:\/\/www.altertour.net\/\" target=\"_blank\">Alter Tour<\/a> !<\/span><\/p>\n<p align=\"justify\">\n<p align=\"justify\"><span class=\"Style271 Style138 Style152\">Pour soutenir notre projet, 100% financ\u00e9 par les citoyens, vous pouvez apporter votre don (5, 10, 20\u20ac ou +) sur la plateforme de financement participatif\u00a0<a href=\"http:\/\/www.kisskissbankbank.com\/fr\/projects\/festival-les-resistives-deuxieme-edition\" target=\"_blank\">KissKissBankBank<\/a><\/span><\/p>\n<p><span class=\"Style271 Style138 Style152\">A partager sans mod\u00e9ration.<\/span><\/p>\n<p><span class=\"Style271 Style138 Style152\">Les b\u00e9n\u00e9voles du CCR<\/span><\/p>\n<\/div>\n<p>&#8212;<br \/>\n<span class=\"Style271 Style138 Style152\">Collectif Citoyens R\u00e9sistants<br \/>\n39300 Champagnole<\/span><\/p>\n<div dir=\"ltr\">\n<div><span class=\"Style271 Style138 Style152\"><strong><a href=\"http:\/\/collectifcitoyens.tumblr.com\/\" target=\"_blank\">site internet<\/a><\/strong>\u00a0\u00a0: infos sur le CCR, Les R\u00e9sistives&#8230;<br \/>\n<a href=\"http:\/\/collectif-citoyens-resistants.runorg.com\/\" target=\"_blank\"><strong>forum<\/strong><\/a>\u00a0intranet collaboratif des membres du CCR, agenda des\u00a0actions locales<\/span><\/div>\n<\/div>\n","protected":false},"excerpt":{"rendered":"<p>Les R\u00e9SiSTiVeS sont un festival \u00e9co-citoyen convivial, festif et musical \u00e0 taille humaine dont l&rsquo;objectif est le partage et la promotion d&rsquo;alternatives pour une soci\u00e9t\u00e9 plus juste, plus solidaire et plus responsable. Le festival se d\u00e9roule le samedi 10\u00a0ao\u00fbt\u00a0au bord du lac de Besain, dans le Jura, offrant un cadre &#8230; <\/p>\n<div><a href=\"https:\/\/www.altercampagne.net\/?p=3529\" class=\"more-link\">Read More<\/a><\/div>\n","protected":false},"author":214,"featured_media":0,"comment_status":"closed","ping_status":"closed","sticky":false,"template":"","format":"standard","meta":{"footnotes":""},"categories":[1],"tags":[53,598,694,995,996,997],"class_list":["post-3529","post","type-post","status-publish","format-standard","hentry","category-non-classe","tag-alternatives","tag-jura","tag-altertour-2013","tag-resistives","tag-festival-eco-citoyen","tag-lac-de-besain","no-post-thumbnail"],"yoast_head":"<!-- This site is optimized with the Yoast SEO plugin v27.3 - https:\/\/yoast.com\/product\/yoast-seo-wordpress\/ -->\n<title>Les R\u00e9sistives au lac de Besain le 10 ao\u00fbt - AlterTour<\/title>\n<meta name=\"robots\" content=\"index, follow, max-snippet:-1, max-image-preview:large, max-video-preview:-1\" \/>\n<link rel=\"canonical\" href=\"https:\/\/www.altercampagne.net\/?p=3529\" \/>\n<meta property=\"og:locale\" content=\"fr_FR\" \/>\n<meta property=\"og:type\" content=\"article\" \/>\n<meta property=\"og:title\" content=\"Les R\u00e9sistives au lac de Besain le 10 ao\u00fbt - AlterTour\" \/>\n<meta property=\"og:description\" content=\"Les R\u00e9SiSTiVeS sont un festival \u00e9co-citoyen convivial, festif et musical \u00e0 taille humaine dont l&rsquo;objectif est le partage et la promotion d&rsquo;alternatives pour une soci\u00e9t\u00e9 plus juste, plus solidaire et plus responsable. Le festival se d\u00e9roule le samedi 10\u00a0ao\u00fbt\u00a0au bord du lac de Besain, dans le Jura, offrant un cadre ... Read More\" \/>\n<meta property=\"og:url\" content=\"https:\/\/www.altercampagne.net\/?p=3529\" \/>\n<meta property=\"og:site_name\" content=\"AlterTour\" \/>\n<meta property=\"article:published_time\" content=\"2013-07-09T13:43:22+00:00\" \/>\n<meta property=\"article:modified_time\" content=\"2016-04-06T13:45:21+00:00\" \/>\n<meta property=\"og:image\" content=\"http:\/\/altercampagne.free.fr\/pages\/2008\/AlterTour\/pic\/AT2013-Resistives.jpg\" \/>\n<meta name=\"author\" content=\"Mathieu\" \/>\n<meta name=\"twitter:card\" content=\"summary_large_image\" \/>\n<meta name=\"twitter:label1\" content=\"\u00c9crit par\" \/>\n\t<meta name=\"twitter:data1\" content=\"Mathieu\" \/>\n\t<meta name=\"twitter:label2\" content=\"Dur\u00e9e de lecture estim\u00e9e\" \/>\n\t<meta name=\"twitter:data2\" content=\"1 minute\" \/>\n<script type=\"application\/ld+json\" class=\"yoast-schema-graph\">{\"@context\":\"https:\\\/\\\/schema.org\",\"@graph\":[{\"@type\":\"Article\",\"@id\":\"https:\\\/\\\/www.altercampagne.net\\\/?p=3529#article\",\"isPartOf\":{\"@id\":\"https:\\\/\\\/www.altercampagne.net\\\/?p=3529\"},\"author\":{\"name\":\"Mathieu\",\"@id\":\"https:\\\/\\\/www.altercampagne.net\\\/#\\\/schema\\\/person\\\/0f261460c09e430caa0f9bcffa319109\"},\"headline\":\"Les R\u00e9sistives au lac de Besain le 10 ao\u00fbt\",\"datePublished\":\"2013-07-09T13:43:22+00:00\",\"dateModified\":\"2016-04-06T13:45:21+00:00\",\"mainEntityOfPage\":{\"@id\":\"https:\\\/\\\/www.altercampagne.net\\\/?p=3529\"},\"wordCount\":179,\"image\":{\"@id\":\"https:\\\/\\\/www.altercampagne.net\\\/?p=3529#primaryimage\"},\"thumbnailUrl\":\"http:\\\/\\\/altercampagne.free.fr\\\/pages\\\/2008\\\/AlterTour\\\/pic\\\/AT2013-Resistives.jpg\",\"keywords\":[\"Alternatives\",\"jura\",\"AlterTour 2013\",\"R\u00e9SiSTiVeS\",\"festival \u00e9co-citoyen\",\"lac de Besain\"],\"inLanguage\":\"fr-FR\"},{\"@type\":\"WebPage\",\"@id\":\"https:\\\/\\\/www.altercampagne.net\\\/?p=3529\",\"url\":\"https:\\\/\\\/www.altercampagne.net\\\/?p=3529\",\"name\":\"Les R\u00e9sistives au lac de Besain le 10 ao\u00fbt - AlterTour\",\"isPartOf\":{\"@id\":\"https:\\\/\\\/www.altercampagne.net\\\/#website\"},\"primaryImageOfPage\":{\"@id\":\"https:\\\/\\\/www.altercampagne.net\\\/?p=3529#primaryimage\"},\"image\":{\"@id\":\"https:\\\/\\\/www.altercampagne.net\\\/?p=3529#primaryimage\"},\"thumbnailUrl\":\"http:\\\/\\\/altercampagne.free.fr\\\/pages\\\/2008\\\/AlterTour\\\/pic\\\/AT2013-Resistives.jpg\",\"datePublished\":\"2013-07-09T13:43:22+00:00\",\"dateModified\":\"2016-04-06T13:45:21+00:00\",\"author\":{\"@id\":\"https:\\\/\\\/www.altercampagne.net\\\/#\\\/schema\\\/person\\\/0f261460c09e430caa0f9bcffa319109\"},\"breadcrumb\":{\"@id\":\"https:\\\/\\\/www.altercampagne.net\\\/?p=3529#breadcrumb\"},\"inLanguage\":\"fr-FR\",\"potentialAction\":[{\"@type\":\"ReadAction\",\"target\":[\"https:\\\/\\\/www.altercampagne.net\\\/?p=3529\"]}]},{\"@type\":\"ImageObject\",\"inLanguage\":\"fr-FR\",\"@id\":\"https:\\\/\\\/www.altercampagne.net\\\/?p=3529#primaryimage\",\"url\":\"http:\\\/\\\/altercampagne.free.fr\\\/pages\\\/2008\\\/AlterTour\\\/pic\\\/AT2013-Resistives.jpg\",\"contentUrl\":\"http:\\\/\\\/altercampagne.free.fr\\\/pages\\\/2008\\\/AlterTour\\\/pic\\\/AT2013-Resistives.jpg\"},{\"@type\":\"BreadcrumbList\",\"@id\":\"https:\\\/\\\/www.altercampagne.net\\\/?p=3529#breadcrumb\",\"itemListElement\":[{\"@type\":\"ListItem\",\"position\":1,\"name\":\"Accueil\",\"item\":\"https:\\\/\\\/www.altercampagne.net\\\/\"},{\"@type\":\"ListItem\",\"position\":2,\"name\":\"Les R\u00e9sistives au lac de Besain le 10 ao\u00fbt\"}]},{\"@type\":\"WebSite\",\"@id\":\"https:\\\/\\\/www.altercampagne.net\\\/#website\",\"url\":\"https:\\\/\\\/www.altercampagne.net\\\/\",\"name\":\"AlterTour\",\"description\":\"Reliez les Alternatives \u00e0 v\u00e9lo\",\"potentialAction\":[{\"@type\":\"SearchAction\",\"target\":{\"@type\":\"EntryPoint\",\"urlTemplate\":\"https:\\\/\\\/www.altercampagne.net\\\/?s={search_term_string}\"},\"query-input\":{\"@type\":\"PropertyValueSpecification\",\"valueRequired\":true,\"valueName\":\"search_term_string\"}}],\"inLanguage\":\"fr-FR\"},{\"@type\":\"Person\",\"@id\":\"https:\\\/\\\/www.altercampagne.net\\\/#\\\/schema\\\/person\\\/0f261460c09e430caa0f9bcffa319109\",\"name\":\"Mathieu\",\"image\":{\"@type\":\"ImageObject\",\"inLanguage\":\"fr-FR\",\"@id\":\"https:\\\/\\\/secure.gravatar.com\\\/avatar\\\/aa9d3d24c83f2141e5e2709d0f63d09a99f6be6bb7a50abc4915838d9f54501a?s=96&d=mm&r=g\",\"url\":\"https:\\\/\\\/secure.gravatar.com\\\/avatar\\\/aa9d3d24c83f2141e5e2709d0f63d09a99f6be6bb7a50abc4915838d9f54501a?s=96&d=mm&r=g\",\"contentUrl\":\"https:\\\/\\\/secure.gravatar.com\\\/avatar\\\/aa9d3d24c83f2141e5e2709d0f63d09a99f6be6bb7a50abc4915838d9f54501a?s=96&d=mm&r=g\",\"caption\":\"Mathieu\"},\"url\":\"https:\\\/\\\/www.altercampagne.net\\\/?author=214\"}]}<\/script>\n<!-- \/ Yoast SEO plugin. -->","yoast_head_json":{"title":"Les R\u00e9sistives au lac de Besain le 10 ao\u00fbt - AlterTour","robots":{"index":"index","follow":"follow","max-snippet":"max-snippet:-1","max-image-preview":"max-image-preview:large","max-video-preview":"max-video-preview:-1"},"canonical":"https:\/\/www.altercampagne.net\/?p=3529","og_locale":"fr_FR","og_type":"article","og_title":"Les R\u00e9sistives au lac de Besain le 10 ao\u00fbt - AlterTour","og_description":"Les R\u00e9SiSTiVeS sont un festival \u00e9co-citoyen convivial, festif et musical \u00e0 taille humaine dont l&rsquo;objectif est le partage et la promotion d&rsquo;alternatives pour une soci\u00e9t\u00e9 plus juste, plus solidaire et plus responsable. Le festival se d\u00e9roule le samedi 10\u00a0ao\u00fbt\u00a0au bord du lac de Besain, dans le Jura, offrant un cadre ... Read More","og_url":"https:\/\/www.altercampagne.net\/?p=3529","og_site_name":"AlterTour","article_published_time":"2013-07-09T13:43:22+00:00","article_modified_time":"2016-04-06T13:45:21+00:00","og_image":[{"url":"http:\/\/altercampagne.free.fr\/pages\/2008\/AlterTour\/pic\/AT2013-Resistives.jpg","type":"","width":"","height":""}],"author":"Mathieu","twitter_card":"summary_large_image","twitter_misc":{"\u00c9crit par":"Mathieu","Dur\u00e9e de lecture estim\u00e9e":"1 minute"},"schema":{"@context":"https:\/\/schema.org","@graph":[{"@type":"Article","@id":"https:\/\/www.altercampagne.net\/?p=3529#article","isPartOf":{"@id":"https:\/\/www.altercampagne.net\/?p=3529"},"author":{"name":"Mathieu","@id":"https:\/\/www.altercampagne.net\/#\/schema\/person\/0f261460c09e430caa0f9bcffa319109"},"headline":"Les R\u00e9sistives au lac de Besain le 10 ao\u00fbt","datePublished":"2013-07-09T13:43:22+00:00","dateModified":"2016-04-06T13:45:21+00:00","mainEntityOfPage":{"@id":"https:\/\/www.altercampagne.net\/?p=3529"},"wordCount":179,"image":{"@id":"https:\/\/www.altercampagne.net\/?p=3529#primaryimage"},"thumbnailUrl":"http:\/\/altercampagne.free.fr\/pages\/2008\/AlterTour\/pic\/AT2013-Resistives.jpg","keywords":["Alternatives","jura","AlterTour 2013","R\u00e9SiSTiVeS","festival \u00e9co-citoyen","lac de Besain"],"inLanguage":"fr-FR"},{"@type":"WebPage","@id":"https:\/\/www.altercampagne.net\/?p=3529","url":"https:\/\/www.altercampagne.net\/?p=3529","name":"Les R\u00e9sistives au lac de Besain le 10 ao\u00fbt - AlterTour","isPartOf":{"@id":"https:\/\/www.altercampagne.net\/#website"},"primaryImageOfPage":{"@id":"https:\/\/www.altercampagne.net\/?p=3529#primaryimage"},"image":{"@id":"https:\/\/www.altercampagne.net\/?p=3529#primaryimage"},"thumbnailUrl":"http:\/\/altercampagne.free.fr\/pages\/2008\/AlterTour\/pic\/AT2013-Resistives.jpg","datePublished":"2013-07-09T13:43:22+00:00","dateModified":"2016-04-06T13:45:21+00:00","author":{"@id":"https:\/\/www.altercampagne.net\/#\/schema\/person\/0f261460c09e430caa0f9bcffa319109"},"breadcrumb":{"@id":"https:\/\/www.altercampagne.net\/?p=3529#breadcrumb"},"inLanguage":"fr-FR","potentialAction":[{"@type":"ReadAction","target":["https:\/\/www.altercampagne.net\/?p=3529"]}]},{"@type":"ImageObject","inLanguage":"fr-FR","@id":"https:\/\/www.altercampagne.net\/?p=3529#primaryimage","url":"http:\/\/altercampagne.free.fr\/pages\/2008\/AlterTour\/pic\/AT2013-Resistives.jpg","contentUrl":"http:\/\/altercampagne.free.fr\/pages\/2008\/AlterTour\/pic\/AT2013-Resistives.jpg"},{"@type":"BreadcrumbList","@id":"https:\/\/www.altercampagne.net\/?p=3529#breadcrumb","itemListElement":[{"@type":"ListItem","position":1,"name":"Accueil","item":"https:\/\/www.altercampagne.net\/"},{"@type":"ListItem","position":2,"name":"Les R\u00e9sistives au lac de Besain le 10 ao\u00fbt"}]},{"@type":"WebSite","@id":"https:\/\/www.altercampagne.net\/#website","url":"https:\/\/www.altercampagne.net\/","name":"AlterTour","description":"Reliez les Alternatives \u00e0 v\u00e9lo","potentialAction":[{"@type":"SearchAction","target":{"@type":"EntryPoint","urlTemplate":"https:\/\/www.altercampagne.net\/?s={search_term_string}"},"query-input":{"@type":"PropertyValueSpecification","valueRequired":true,"valueName":"search_term_string"}}],"inLanguage":"fr-FR"},{"@type":"Person","@id":"https:\/\/www.altercampagne.net\/#\/schema\/person\/0f261460c09e430caa0f9bcffa319109","name":"Mathieu","image":{"@type":"ImageObject","inLanguage":"fr-FR","@id":"https:\/\/secure.gravatar.com\/avatar\/aa9d3d24c83f2141e5e2709d0f63d09a99f6be6bb7a50abc4915838d9f54501a?s=96&d=mm&r=g","url":"https:\/\/secure.gravatar.com\/avatar\/aa9d3d24c83f2141e5e2709d0f63d09a99f6be6bb7a50abc4915838d9f54501a?s=96&d=mm&r=g","contentUrl":"https:\/\/secure.gravatar.com\/avatar\/aa9d3d24c83f2141e5e2709d0f63d09a99f6be6bb7a50abc4915838d9f54501a?s=96&d=mm&r=g","caption":"Mathieu"},"url":"https:\/\/www.altercampagne.net\/?author=214"}]}},"_links":{"self":[{"href":"https:\/\/www.altercampagne.net\/index.php?rest_route=\/wp\/v2\/posts\/3529","targetHints":{"allow":["GET"]}}],"collection":[{"href":"https:\/\/www.altercampagne.net\/index.php?rest_route=\/wp\/v2\/posts"}],"about":[{"href":"https:\/\/www.altercampagne.net\/index.php?rest_route=\/wp\/v2\/types\/post"}],"author":[{"embeddable":true,"href":"https:\/\/www.altercampagne.net\/index.php?rest_route=\/wp\/v2\/users\/214"}],"replies":[{"embeddable":true,"href":"https:\/\/www.altercampagne.net\/index.php?rest_route=%2Fwp%2Fv2%2Fcomments&post=3529"}],"version-history":[{"count":0,"href":"https:\/\/www.altercampagne.net\/index.php?rest_route=\/wp\/v2\/posts\/3529\/revisions"}],"wp:attachment":[{"href":"https:\/\/www.altercampagne.net\/index.php?rest_route=%2Fwp%2Fv2%2Fmedia&parent=3529"}],"wp:term":[{"taxonomy":"category","embeddable":true,"href":"https:\/\/www.altercampagne.net\/index.php?rest_route=%2Fwp%2Fv2%2Fcategories&post=3529"},{"taxonomy":"post_tag","embeddable":true,"href":"https:\/\/www.altercampagne.net\/index.php?rest_route=%2Fwp%2Fv2%2Ftags&post=3529"}],"curies":[{"name":"wp","href":"https:\/\/api.w.org\/{rel}","templated":true}]}}