{"id":3533,"date":"2013-06-06T15:50:58","date_gmt":"2013-06-06T13:50:58","guid":{"rendered":"http:\/\/www.altercampagne.net\/?p=3533"},"modified":"2016-06-09T11:30:33","modified_gmt":"2016-06-09T09:30:33","slug":"velorution-universelle-2013-critical-massilia","status":"publish","type":"post","link":"https:\/\/www.altercampagne.net\/?p=3533","title":{"rendered":"4\u00e8me V\u00e9lorution Universelle \u00e0 Marseille du 4 au 7 juillet 2013 !"},"content":{"rendered":"<p><span class=\"Style271 Style138 Style152\"><a href=\"http:\/\/velorutionuniverselle.org\/spip.php?rubrique47\" target=\"_blank\"><img loading=\"lazy\" decoding=\"async\" class=\"alignleft wp-image-3534 size-full\" src=\"http:\/\/www.altercampagne.net\/wp-content\/uploads\/2016\/04\/VU-GIF-CAPITALE2-2-9003d.gif\" alt=\"VU-GIF-CAPITALE2-2-9003d\" width=\"180\" height=\"283\" \/><\/a>En 2013, la V\u00e9lorution Universelle aura lieu \u00e0 Marseille, les 4, 5, 6 et 7 juillet. Les v\u00e9lorutionnaires locaux vous attendent nombreux et concoctent d\u00e9j\u00e0 un programme aux petits oignons pour faire la f\u00eate et am\u00e9liorer la place du v\u00e9lo dans cette ville. <\/span><\/p>\n<p><span class=\"Style271 Style138 Style152\">Trois jours tr\u00e8s sp\u00e9ciaux dans une cit\u00e9 enti\u00e8rement vou\u00e9e au culte de la bagnole pourtant infernale \u00e0 utiliser ici.<\/span><\/p>\n<p><span class=\"Style152 Style271 Style268\"><strong>Programme<\/strong><\/span><\/p>\n<p><span class=\"Style271 Style138 Style152\"><strong>Jeudi 4 juillet\u00a0: Discover Massilia<\/strong><\/span><\/p>\n<p><span class=\"Style271 Style138 Style152\">Mise en jambe au d\u00e9part du lieu qui sera notre QG toute la semaine, \u00e0 savoir le fameux\u00a0<a href=\"http:\/\/www.equitablecafe.org\/\">\u00c9quitable Caf\u00e9<\/a>. Venez pour l\u2019ap\u00e9ro et on vous emm\u00e8ne d\u00e9couvrir (ou re-) Marseille. Finish au bord de l\u2019eau, coucher de soleil sur les \u00eeles, p\u00eache \u00e0 la sardine, concours de plongeons, course nage libre, sirotage et autres sp\u00e9cialit\u00e9s locales&#8230;<\/span><\/p>\n<p><span class=\"Style271 Style138 Style152\"><strong>Vendredi 5 juillet\u00a0: Marseille Downtown<\/strong><\/span><\/p>\n<p><span class=\"Style271 Style138 Style152\">On se retrouve pas trop tard (20h), histoire de profiter de chacun, de boul\u00e9guer et de tchatcher. Rdv \u00e0 la Girafe, le monument \u00e0 la gloire du livre ensavan\u00e9 en haut de la Canebi\u00e8re. Attention, c\u2019est le\u00a0<a href=\"http:\/\/www.velorution-marseille.org\/\">rdv mensuel des Marseillais, la V\u00e9lorution qui envoie des pieds\u00a0!<\/a><\/span><\/p>\n<p><span class=\"Style271 Style138 Style152\"><strong>Samedi 6 juillet\u00a0: Marseille Beach Southern comfort<\/strong><\/span><\/p>\n<p><span class=\"Style271 Style138 Style152\">14h-16h &#8211; rendez-vous pour des ateliers, jeux et d\u00e9bats Hom\u00e9riques sur le (nouveau) Vieux Port de Marseille. Au r\u00e9veil rejoignez-nous&#8230;<\/span><\/p>\n<p><span class=\"Style271 Style138 Style152\">16h00 &#8211; Grosse v\u00e9lorution intergalactique de la plan\u00e8te Mars<\/span><\/p>\n<p><span class=\"Style271 Style138 Style152\">20h00 &#8211; On trace vers le Sud pour rejoindre les plages, soir\u00e9e au son des Sound Systems mobiles<\/span><\/p>\n<p><span class=\"Style271 Style138 Style152\"><strong>Dimanche 7 juillet\u00a0: Soleil du Nord<\/strong><\/span><\/p>\n<p><span class=\"Style271 Style138 Style152\">On se rejoint \u00e0 partir de 11H30 \u00e0 la Girafe, dernier d\u00e9part \u00e0 12h30 pour le camping Yes We Camp &#8211; et oui \u00e7a peut para\u00eetre t\u00f4t mais vraiment ce serait dommage de ne pas profiter pleinement de ce lieu extraordinaire&#8230; et \u00e9ph\u00e9m\u00e8re. Balade \u00e0 v\u00e9lo, sardinade, plage, farniente, \u00e9changes, d\u00e9bats, etc. Concerts en plein air au bord de l\u2019eau.<\/span><\/p>\n<p><span class=\"Style271 Style138 Style152\">Alors, vous venez\u00a0?<\/span><\/p>\n<p><span class=\"Style271 Style138 Style152\">R\u00e9servez d\u00e9j\u00e0 votre week-end, si vous arrivez plus t\u00f4t, il y aura des animations \/ expos \/ actions toute la semaine pr\u00e9c\u00e9dente. <\/span><\/p>\n<p><span class=\"Style271 Style138 Style152\">Plus d&rsquo;infos sur :\u00a0<a href=\"http:\/\/velorutionuniverselle.org\/spip.php?rubrique47\" target=\"_blank\">http:\/\/velorutionuniverselle.org\/spip.php?rubrique47 <\/a><\/span><\/p>\n<p><iframe loading=\"lazy\" src=\"https:\/\/player.vimeo.com\/video\/59497859\" width=\"500\" height=\"375\" frameborder=\"0\" allowfullscreen=\"allowfullscreen\"><\/iframe><\/p>\n<p><a href=\"https:\/\/vimeo.com\/59497859\">V\u00e9lorution&#8230; Attention<\/a> from <a href=\"https:\/\/vimeo.com\/user2593985\">V\u00e9lorution Marseille<\/a> on <a href=\"https:\/\/vimeo.com\">Vimeo<\/a>.<\/p>\n","protected":false},"excerpt":{"rendered":"<p>En 2013, la V\u00e9lorution Universelle aura lieu \u00e0 Marseille, les 4, 5, 6 et 7 juillet. Les v\u00e9lorutionnaires locaux vous attendent nombreux et concoctent d\u00e9j\u00e0 un programme aux petits oignons pour faire la f\u00eate et am\u00e9liorer la place du v\u00e9lo dans cette ville. Trois jours tr\u00e8s sp\u00e9ciaux dans une cit\u00e9 &#8230; <\/p>\n<div><a href=\"https:\/\/www.altercampagne.net\/?p=3533\" class=\"more-link\">Read More<\/a><\/div>\n","protected":false},"author":214,"featured_media":0,"comment_status":"closed","ping_status":"closed","sticky":false,"template":"","format":"standard","meta":{"footnotes":""},"categories":[1],"tags":[102,333,1000,1001,1002,1003,1984,1991],"class_list":["post-3533","post","type-post","status-publish","format-standard","hentry","category-non-classe","tag-velorution","tag-masse-critique","tag-velorution-universelle","tag-marseille","tag-discover-massilia","tag-velorutionnaires","tag-provence-alpes-cote-dazur","tag-bouches-du-rhone","no-post-thumbnail"],"yoast_head":"<!-- This site is optimized with the Yoast SEO plugin v27.3 - https:\/\/yoast.com\/product\/yoast-seo-wordpress\/ -->\n<title>4\u00e8me V\u00e9lorution Universelle \u00e0 Marseille du 4 au 7 juillet 2013 ! - AlterTour<\/title>\n<meta name=\"robots\" content=\"index, follow, max-snippet:-1, max-image-preview:large, max-video-preview:-1\" \/>\n<link rel=\"canonical\" href=\"https:\/\/www.altercampagne.net\/?p=3533\" \/>\n<meta property=\"og:locale\" content=\"fr_FR\" \/>\n<meta property=\"og:type\" content=\"article\" \/>\n<meta property=\"og:title\" content=\"4\u00e8me V\u00e9lorution Universelle \u00e0 Marseille du 4 au 7 juillet 2013 ! - AlterTour\" \/>\n<meta property=\"og:description\" content=\"En 2013, la V\u00e9lorution Universelle aura lieu \u00e0 Marseille, les 4, 5, 6 et 7 juillet. Les v\u00e9lorutionnaires locaux vous attendent nombreux et concoctent d\u00e9j\u00e0 un programme aux petits oignons pour faire la f\u00eate et am\u00e9liorer la place du v\u00e9lo dans cette ville. Trois jours tr\u00e8s sp\u00e9ciaux dans une cit\u00e9 ... Read More\" \/>\n<meta property=\"og:url\" content=\"https:\/\/www.altercampagne.net\/?p=3533\" \/>\n<meta property=\"og:site_name\" content=\"AlterTour\" \/>\n<meta property=\"article:published_time\" content=\"2013-06-06T13:50:58+00:00\" \/>\n<meta property=\"article:modified_time\" content=\"2016-06-09T09:30:33+00:00\" \/>\n<meta property=\"og:image\" content=\"http:\/\/www.altercampagne.net\/wp-content\/uploads\/2016\/04\/VU-GIF-CAPITALE2-2-9003d.gif\" \/>\n<meta name=\"author\" content=\"Mathieu\" \/>\n<meta name=\"twitter:card\" content=\"summary_large_image\" \/>\n<meta name=\"twitter:label1\" content=\"\u00c9crit par\" \/>\n\t<meta name=\"twitter:data1\" content=\"Mathieu\" \/>\n\t<meta name=\"twitter:label2\" content=\"Dur\u00e9e de lecture estim\u00e9e\" \/>\n\t<meta name=\"twitter:data2\" content=\"2 minutes\" \/>\n<script type=\"application\/ld+json\" class=\"yoast-schema-graph\">{\"@context\":\"https:\\\/\\\/schema.org\",\"@graph\":[{\"@type\":\"Article\",\"@id\":\"https:\\\/\\\/www.altercampagne.net\\\/?p=3533#article\",\"isPartOf\":{\"@id\":\"https:\\\/\\\/www.altercampagne.net\\\/?p=3533\"},\"author\":{\"name\":\"Mathieu\",\"@id\":\"https:\\\/\\\/www.altercampagne.net\\\/#\\\/schema\\\/person\\\/0f261460c09e430caa0f9bcffa319109\"},\"headline\":\"4\u00e8me V\u00e9lorution Universelle \u00e0 Marseille du 4 au 7 juillet 2013 !\",\"datePublished\":\"2013-06-06T13:50:58+00:00\",\"dateModified\":\"2016-06-09T09:30:33+00:00\",\"mainEntityOfPage\":{\"@id\":\"https:\\\/\\\/www.altercampagne.net\\\/?p=3533\"},\"wordCount\":371,\"image\":{\"@id\":\"https:\\\/\\\/www.altercampagne.net\\\/?p=3533#primaryimage\"},\"thumbnailUrl\":\"http:\\\/\\\/www.altercampagne.net\\\/wp-content\\\/uploads\\\/2016\\\/04\\\/VU-GIF-CAPITALE2-2-9003d.gif\",\"keywords\":[\"v\u00e9lorution\",\"masse critique\",\"V\u00e9lorution Universelle\",\"Marseille\",\"Discover Massilia\",\"v\u00e9lorutionnaires\",\"Provence-Alpes-C\u00f4te d'Azur\",\"bouches-du-rh\u00f4ne\"],\"inLanguage\":\"fr-FR\"},{\"@type\":\"WebPage\",\"@id\":\"https:\\\/\\\/www.altercampagne.net\\\/?p=3533\",\"url\":\"https:\\\/\\\/www.altercampagne.net\\\/?p=3533\",\"name\":\"4\u00e8me V\u00e9lorution Universelle \u00e0 Marseille du 4 au 7 juillet 2013 ! - AlterTour\",\"isPartOf\":{\"@id\":\"https:\\\/\\\/www.altercampagne.net\\\/#website\"},\"primaryImageOfPage\":{\"@id\":\"https:\\\/\\\/www.altercampagne.net\\\/?p=3533#primaryimage\"},\"image\":{\"@id\":\"https:\\\/\\\/www.altercampagne.net\\\/?p=3533#primaryimage\"},\"thumbnailUrl\":\"http:\\\/\\\/www.altercampagne.net\\\/wp-content\\\/uploads\\\/2016\\\/04\\\/VU-GIF-CAPITALE2-2-9003d.gif\",\"datePublished\":\"2013-06-06T13:50:58+00:00\",\"dateModified\":\"2016-06-09T09:30:33+00:00\",\"author\":{\"@id\":\"https:\\\/\\\/www.altercampagne.net\\\/#\\\/schema\\\/person\\\/0f261460c09e430caa0f9bcffa319109\"},\"breadcrumb\":{\"@id\":\"https:\\\/\\\/www.altercampagne.net\\\/?p=3533#breadcrumb\"},\"inLanguage\":\"fr-FR\",\"potentialAction\":[{\"@type\":\"ReadAction\",\"target\":[\"https:\\\/\\\/www.altercampagne.net\\\/?p=3533\"]}]},{\"@type\":\"ImageObject\",\"inLanguage\":\"fr-FR\",\"@id\":\"https:\\\/\\\/www.altercampagne.net\\\/?p=3533#primaryimage\",\"url\":\"https:\\\/\\\/www.altercampagne.net\\\/wp-content\\\/uploads\\\/2016\\\/04\\\/VU-GIF-CAPITALE2-2-9003d.gif\",\"contentUrl\":\"https:\\\/\\\/www.altercampagne.net\\\/wp-content\\\/uploads\\\/2016\\\/04\\\/VU-GIF-CAPITALE2-2-9003d.gif\",\"width\":180,\"height\":283},{\"@type\":\"BreadcrumbList\",\"@id\":\"https:\\\/\\\/www.altercampagne.net\\\/?p=3533#breadcrumb\",\"itemListElement\":[{\"@type\":\"ListItem\",\"position\":1,\"name\":\"Accueil\",\"item\":\"https:\\\/\\\/www.altercampagne.net\\\/\"},{\"@type\":\"ListItem\",\"position\":2,\"name\":\"4\u00e8me V\u00e9lorution Universelle \u00e0 Marseille du 4 au 7 juillet 2013 !\"}]},{\"@type\":\"WebSite\",\"@id\":\"https:\\\/\\\/www.altercampagne.net\\\/#website\",\"url\":\"https:\\\/\\\/www.altercampagne.net\\\/\",\"name\":\"AlterTour\",\"description\":\"Reliez les Alternatives \u00e0 v\u00e9lo\",\"potentialAction\":[{\"@type\":\"SearchAction\",\"target\":{\"@type\":\"EntryPoint\",\"urlTemplate\":\"https:\\\/\\\/www.altercampagne.net\\\/?s={search_term_string}\"},\"query-input\":{\"@type\":\"PropertyValueSpecification\",\"valueRequired\":true,\"valueName\":\"search_term_string\"}}],\"inLanguage\":\"fr-FR\"},{\"@type\":\"Person\",\"@id\":\"https:\\\/\\\/www.altercampagne.net\\\/#\\\/schema\\\/person\\\/0f261460c09e430caa0f9bcffa319109\",\"name\":\"Mathieu\",\"image\":{\"@type\":\"ImageObject\",\"inLanguage\":\"fr-FR\",\"@id\":\"https:\\\/\\\/secure.gravatar.com\\\/avatar\\\/aa9d3d24c83f2141e5e2709d0f63d09a99f6be6bb7a50abc4915838d9f54501a?s=96&d=mm&r=g\",\"url\":\"https:\\\/\\\/secure.gravatar.com\\\/avatar\\\/aa9d3d24c83f2141e5e2709d0f63d09a99f6be6bb7a50abc4915838d9f54501a?s=96&d=mm&r=g\",\"contentUrl\":\"https:\\\/\\\/secure.gravatar.com\\\/avatar\\\/aa9d3d24c83f2141e5e2709d0f63d09a99f6be6bb7a50abc4915838d9f54501a?s=96&d=mm&r=g\",\"caption\":\"Mathieu\"},\"url\":\"https:\\\/\\\/www.altercampagne.net\\\/?author=214\"}]}<\/script>\n<!-- \/ Yoast SEO plugin. -->","yoast_head_json":{"title":"4\u00e8me V\u00e9lorution Universelle \u00e0 Marseille du 4 au 7 juillet 2013 ! - AlterTour","robots":{"index":"index","follow":"follow","max-snippet":"max-snippet:-1","max-image-preview":"max-image-preview:large","max-video-preview":"max-video-preview:-1"},"canonical":"https:\/\/www.altercampagne.net\/?p=3533","og_locale":"fr_FR","og_type":"article","og_title":"4\u00e8me V\u00e9lorution Universelle \u00e0 Marseille du 4 au 7 juillet 2013 ! - AlterTour","og_description":"En 2013, la V\u00e9lorution Universelle aura lieu \u00e0 Marseille, les 4, 5, 6 et 7 juillet. Les v\u00e9lorutionnaires locaux vous attendent nombreux et concoctent d\u00e9j\u00e0 un programme aux petits oignons pour faire la f\u00eate et am\u00e9liorer la place du v\u00e9lo dans cette ville. Trois jours tr\u00e8s sp\u00e9ciaux dans une cit\u00e9 ... Read More","og_url":"https:\/\/www.altercampagne.net\/?p=3533","og_site_name":"AlterTour","article_published_time":"2013-06-06T13:50:58+00:00","article_modified_time":"2016-06-09T09:30:33+00:00","og_image":[{"url":"http:\/\/www.altercampagne.net\/wp-content\/uploads\/2016\/04\/VU-GIF-CAPITALE2-2-9003d.gif","type":"","width":"","height":""}],"author":"Mathieu","twitter_card":"summary_large_image","twitter_misc":{"\u00c9crit par":"Mathieu","Dur\u00e9e de lecture estim\u00e9e":"2 minutes"},"schema":{"@context":"https:\/\/schema.org","@graph":[{"@type":"Article","@id":"https:\/\/www.altercampagne.net\/?p=3533#article","isPartOf":{"@id":"https:\/\/www.altercampagne.net\/?p=3533"},"author":{"name":"Mathieu","@id":"https:\/\/www.altercampagne.net\/#\/schema\/person\/0f261460c09e430caa0f9bcffa319109"},"headline":"4\u00e8me V\u00e9lorution Universelle \u00e0 Marseille du 4 au 7 juillet 2013 !","datePublished":"2013-06-06T13:50:58+00:00","dateModified":"2016-06-09T09:30:33+00:00","mainEntityOfPage":{"@id":"https:\/\/www.altercampagne.net\/?p=3533"},"wordCount":371,"image":{"@id":"https:\/\/www.altercampagne.net\/?p=3533#primaryimage"},"thumbnailUrl":"http:\/\/www.altercampagne.net\/wp-content\/uploads\/2016\/04\/VU-GIF-CAPITALE2-2-9003d.gif","keywords":["v\u00e9lorution","masse critique","V\u00e9lorution Universelle","Marseille","Discover Massilia","v\u00e9lorutionnaires","Provence-Alpes-C\u00f4te d'Azur","bouches-du-rh\u00f4ne"],"inLanguage":"fr-FR"},{"@type":"WebPage","@id":"https:\/\/www.altercampagne.net\/?p=3533","url":"https:\/\/www.altercampagne.net\/?p=3533","name":"4\u00e8me V\u00e9lorution Universelle \u00e0 Marseille du 4 au 7 juillet 2013 ! - AlterTour","isPartOf":{"@id":"https:\/\/www.altercampagne.net\/#website"},"primaryImageOfPage":{"@id":"https:\/\/www.altercampagne.net\/?p=3533#primaryimage"},"image":{"@id":"https:\/\/www.altercampagne.net\/?p=3533#primaryimage"},"thumbnailUrl":"http:\/\/www.altercampagne.net\/wp-content\/uploads\/2016\/04\/VU-GIF-CAPITALE2-2-9003d.gif","datePublished":"2013-06-06T13:50:58+00:00","dateModified":"2016-06-09T09:30:33+00:00","author":{"@id":"https:\/\/www.altercampagne.net\/#\/schema\/person\/0f261460c09e430caa0f9bcffa319109"},"breadcrumb":{"@id":"https:\/\/www.altercampagne.net\/?p=3533#breadcrumb"},"inLanguage":"fr-FR","potentialAction":[{"@type":"ReadAction","target":["https:\/\/www.altercampagne.net\/?p=3533"]}]},{"@type":"ImageObject","inLanguage":"fr-FR","@id":"https:\/\/www.altercampagne.net\/?p=3533#primaryimage","url":"https:\/\/www.altercampagne.net\/wp-content\/uploads\/2016\/04\/VU-GIF-CAPITALE2-2-9003d.gif","contentUrl":"https:\/\/www.altercampagne.net\/wp-content\/uploads\/2016\/04\/VU-GIF-CAPITALE2-2-9003d.gif","width":180,"height":283},{"@type":"BreadcrumbList","@id":"https:\/\/www.altercampagne.net\/?p=3533#breadcrumb","itemListElement":[{"@type":"ListItem","position":1,"name":"Accueil","item":"https:\/\/www.altercampagne.net\/"},{"@type":"ListItem","position":2,"name":"4\u00e8me V\u00e9lorution Universelle \u00e0 Marseille du 4 au 7 juillet 2013 !"}]},{"@type":"WebSite","@id":"https:\/\/www.altercampagne.net\/#website","url":"https:\/\/www.altercampagne.net\/","name":"AlterTour","description":"Reliez les Alternatives \u00e0 v\u00e9lo","potentialAction":[{"@type":"SearchAction","target":{"@type":"EntryPoint","urlTemplate":"https:\/\/www.altercampagne.net\/?s={search_term_string}"},"query-input":{"@type":"PropertyValueSpecification","valueRequired":true,"valueName":"search_term_string"}}],"inLanguage":"fr-FR"},{"@type":"Person","@id":"https:\/\/www.altercampagne.net\/#\/schema\/person\/0f261460c09e430caa0f9bcffa319109","name":"Mathieu","image":{"@type":"ImageObject","inLanguage":"fr-FR","@id":"https:\/\/secure.gravatar.com\/avatar\/aa9d3d24c83f2141e5e2709d0f63d09a99f6be6bb7a50abc4915838d9f54501a?s=96&d=mm&r=g","url":"https:\/\/secure.gravatar.com\/avatar\/aa9d3d24c83f2141e5e2709d0f63d09a99f6be6bb7a50abc4915838d9f54501a?s=96&d=mm&r=g","contentUrl":"https:\/\/secure.gravatar.com\/avatar\/aa9d3d24c83f2141e5e2709d0f63d09a99f6be6bb7a50abc4915838d9f54501a?s=96&d=mm&r=g","caption":"Mathieu"},"url":"https:\/\/www.altercampagne.net\/?author=214"}]}},"_links":{"self":[{"href":"https:\/\/www.altercampagne.net\/index.php?rest_route=\/wp\/v2\/posts\/3533","targetHints":{"allow":["GET"]}}],"collection":[{"href":"https:\/\/www.altercampagne.net\/index.php?rest_route=\/wp\/v2\/posts"}],"about":[{"href":"https:\/\/www.altercampagne.net\/index.php?rest_route=\/wp\/v2\/types\/post"}],"author":[{"embeddable":true,"href":"https:\/\/www.altercampagne.net\/index.php?rest_route=\/wp\/v2\/users\/214"}],"replies":[{"embeddable":true,"href":"https:\/\/www.altercampagne.net\/index.php?rest_route=%2Fwp%2Fv2%2Fcomments&post=3533"}],"version-history":[{"count":0,"href":"https:\/\/www.altercampagne.net\/index.php?rest_route=\/wp\/v2\/posts\/3533\/revisions"}],"wp:attachment":[{"href":"https:\/\/www.altercampagne.net\/index.php?rest_route=%2Fwp%2Fv2%2Fmedia&parent=3533"}],"wp:term":[{"taxonomy":"category","embeddable":true,"href":"https:\/\/www.altercampagne.net\/index.php?rest_route=%2Fwp%2Fv2%2Fcategories&post=3533"},{"taxonomy":"post_tag","embeddable":true,"href":"https:\/\/www.altercampagne.net\/index.php?rest_route=%2Fwp%2Fv2%2Ftags&post=3533"}],"curies":[{"name":"wp","href":"https:\/\/api.w.org\/{rel}","templated":true}]}}