{"id":3538,"date":"2013-06-12T16:01:19","date_gmt":"2013-06-12T14:01:19","guid":{"rendered":"http:\/\/www.altercampagne.net\/?p=3538"},"modified":"2019-09-16T15:31:41","modified_gmt":"2019-09-16T13:31:41","slug":"rejoignez-laltervillage-a-velo","status":"publish","type":"post","link":"https:\/\/www.altercampagne.net\/?p=3538","title":{"rendered":"Rejoignez l&rsquo;AlterVillage \u00e0 v\u00e9lo !"},"content":{"rendered":"<p class=\"Style271 Style138 Style152\" align=\"justify\">Cet ann\u00e9e l&rsquo;AlterVillage aura lieu \u00e0 Rochejean dans le Doubs, l&rsquo;AlterTour vous propose de vous y rendre \u00e0 v\u00e9lo !<\/p>\n<p class=\"Style271 Style138 Style152\" align=\"justify\">Les\u00a0<strong>trois journ\u00e9es d&rsquo;atelier du mercredi 21, jeudi 22 et vendredi 23<\/strong>\u00a0se pr\u00e9sentent sous la m\u00eame forme :<\/p>\n<p class=\"Style271 Style138 Style152\" align=\"justify\">&#8211; Apr\u00e8s le <strong>petit-d\u00e9jeuner<\/strong>, les <strong>ateliers<\/strong> du matin ont lieu <strong>entre 10h00 et 12h30<\/strong><\/p>\n<p class=\"Style271 Style138 Style152\" align=\"justify\">&#8211; <strong>Repas du midi<\/strong><\/p>\n<p class=\"Style271 Style138 Style152\" align=\"justify\">&#8211; Les <strong>ateliers<\/strong> de l&rsquo;apr\u00e8s-midi ont lieu <strong>entre 14h30 et 17h00<\/strong><\/p>\n<p class=\"Style271 Style138 Style152\" align=\"justify\">&#8211; Apr\u00e8s les ateliers <strong>chacun-e peut proposer une activit\u00e9 sur le cr\u00e9neau indicatif 18h00 \/ 19h00<\/strong>, que nous avons baptis\u00e9 \u00ab Le F.M.I. (Forum des Multiples Initiatives) \u00bb. Les activit\u00e9s ici propos\u00e9es peuvent \u00eatre de diff\u00e9rentes natures, militantes ou non : entra\u00eenement \u00e0 une pratique particuli\u00e8re, poursuite des d\u00e9bats de l&rsquo;un des ateliers, conf\u00e9rence sur un sujet non abord\u00e9\u2026<\/p>\n<p class=\"Style271 Style138 Style152\" align=\"justify\">&#8211; L&rsquo;<strong>Ap\u00e9ro g\u00e9n\u00e9ral quotidien<\/strong> (aussi appel\u00e9 Assembl\u00e9e g\u00e9n\u00e9rale) pr\u00e9c\u00e8de le repas et commence <strong>\u00e0 19h00<\/strong>. L&rsquo;AG doit permettre d&rsquo;aborder et r\u00e9soudre les probl\u00e8mes rencontr\u00e9s dans la gestion collective du lieu.<\/p>\n<p class=\"Style271 Style138 Style152\" align=\"justify\">&#8211; Apr\u00e8s le repas, \u00e0 partir de 21h30, <strong>soir\u00e9e altermondialiste<\/strong>&#8230;<\/p>\n<p class=\"Style271 Style138 Style152\" align=\"justify\">Pour l&rsquo;AlterVillage : <a href=\"http:\/\/www.france.attac.org\/articles\/altervillage-2013-programme\" target=\"_blank\" rel=\"noopener noreferrer\">Infos et inscriptions <\/a><\/p>\n<p class=\"Style271 Style138 Style152\" align=\"justify\">Pour l&rsquo;AlterTour : <a href=\"http:\/\/altercampagne.free.fr\/pages\/2008\/AlterTour\/Inscriptions-2013.html\" target=\"_blank\" rel=\"noopener noreferrer\">Acc\u00e8s \u00e0 la rubrique inscription<\/a><\/p>\n","protected":false},"excerpt":{"rendered":"<p>Cet ann\u00e9e l&rsquo;AlterVillage aura lieu \u00e0 Rochejean dans le Doubs, l&rsquo;AlterTour vous propose de vous y rendre \u00e0 v\u00e9lo ! Les\u00a0trois journ\u00e9es d&rsquo;atelier du mercredi 21, jeudi 22 et vendredi 23\u00a0se pr\u00e9sentent sous la m\u00eame forme : &#8211; Apr\u00e8s le petit-d\u00e9jeuner, les ateliers du matin ont lieu entre 10h00 et &#8230; <\/p>\n<div><a href=\"https:\/\/www.altercampagne.net\/?p=3538\" class=\"more-link\">Read More<\/a><\/div>\n","protected":false},"author":214,"featured_media":15752,"comment_status":"closed","ping_status":"closed","sticky":false,"template":"","format":"standard","meta":{"footnotes":""},"categories":[3495,3542,3462],"tags":[694,904,1006,1007,1008,1009],"class_list":["post-3538","post","type-post","status-publish","format-standard","has-post-thumbnail","hentry","category-bourgogne-franche-comte","category-lutte","category-edition-2013","tag-altertour-2013","tag-rochejean","tag-altervillage-2013","tag-batailleuse","tag-attac","tag-forum-des-multiples-initiatives"],"yoast_head":"<!-- This site is optimized with the Yoast SEO plugin v27.3 - https:\/\/yoast.com\/product\/yoast-seo-wordpress\/ -->\n<title>Rejoignez l&#039;AlterVillage \u00e0 v\u00e9lo ! - AlterTour<\/title>\n<meta name=\"robots\" content=\"index, follow, max-snippet:-1, max-image-preview:large, max-video-preview:-1\" \/>\n<link rel=\"canonical\" href=\"https:\/\/www.altercampagne.net\/?p=3538\" \/>\n<meta property=\"og:locale\" content=\"fr_FR\" \/>\n<meta property=\"og:type\" content=\"article\" \/>\n<meta property=\"og:title\" content=\"Rejoignez l&#039;AlterVillage \u00e0 v\u00e9lo ! - AlterTour\" \/>\n<meta property=\"og:description\" content=\"Cet ann\u00e9e l&rsquo;AlterVillage aura lieu \u00e0 Rochejean dans le Doubs, l&rsquo;AlterTour vous propose de vous y rendre \u00e0 v\u00e9lo ! Les\u00a0trois journ\u00e9es d&rsquo;atelier du mercredi 21, jeudi 22 et vendredi 23\u00a0se pr\u00e9sentent sous la m\u00eame forme : &#8211; Apr\u00e8s le petit-d\u00e9jeuner, les ateliers du matin ont lieu entre 10h00 et ... Read More\" \/>\n<meta property=\"og:url\" content=\"https:\/\/www.altercampagne.net\/?p=3538\" \/>\n<meta property=\"og:site_name\" content=\"AlterTour\" \/>\n<meta property=\"article:published_time\" content=\"2013-06-12T14:01:19+00:00\" \/>\n<meta property=\"article:modified_time\" content=\"2019-09-16T13:31:41+00:00\" \/>\n<meta property=\"og:image\" content=\"https:\/\/www.altercampagne.net\/wp-content\/uploads\/2013\/06\/AT2013-AlterVillage1.jpg\" \/>\n\t<meta property=\"og:image:width\" content=\"900\" \/>\n\t<meta property=\"og:image:height\" content=\"310\" \/>\n\t<meta property=\"og:image:type\" content=\"image\/jpeg\" \/>\n<meta name=\"author\" content=\"Mathieu\" \/>\n<meta name=\"twitter:card\" content=\"summary_large_image\" \/>\n<meta name=\"twitter:label1\" content=\"\u00c9crit par\" \/>\n\t<meta name=\"twitter:data1\" content=\"Mathieu\" \/>\n\t<meta name=\"twitter:label2\" content=\"Dur\u00e9e de lecture estim\u00e9e\" \/>\n\t<meta name=\"twitter:data2\" content=\"1 minute\" \/>\n<script type=\"application\/ld+json\" class=\"yoast-schema-graph\">{\"@context\":\"https:\\\/\\\/schema.org\",\"@graph\":[{\"@type\":\"Article\",\"@id\":\"https:\\\/\\\/www.altercampagne.net\\\/?p=3538#article\",\"isPartOf\":{\"@id\":\"https:\\\/\\\/www.altercampagne.net\\\/?p=3538\"},\"author\":{\"name\":\"Mathieu\",\"@id\":\"https:\\\/\\\/www.altercampagne.net\\\/#\\\/schema\\\/person\\\/0f261460c09e430caa0f9bcffa319109\"},\"headline\":\"Rejoignez l&rsquo;AlterVillage \u00e0 v\u00e9lo !\",\"datePublished\":\"2013-06-12T14:01:19+00:00\",\"dateModified\":\"2019-09-16T13:31:41+00:00\",\"mainEntityOfPage\":{\"@id\":\"https:\\\/\\\/www.altercampagne.net\\\/?p=3538\"},\"wordCount\":212,\"image\":{\"@id\":\"https:\\\/\\\/www.altercampagne.net\\\/?p=3538#primaryimage\"},\"thumbnailUrl\":\"https:\\\/\\\/www.altercampagne.net\\\/wp-content\\\/uploads\\\/2013\\\/06\\\/AT2013-AlterVillage1.jpg\",\"keywords\":[\"AlterTour 2013\",\"rochejean\",\"AlterVillage 2013\",\"Batailleuse\",\"Attac\",\"Forum des Multiples Initiatives\"],\"articleSection\":[\"Bourgogne-Franche-Comt\u00e9\",\"Lutte\",\"\u00c9dition 2013\"],\"inLanguage\":\"fr-FR\"},{\"@type\":\"WebPage\",\"@id\":\"https:\\\/\\\/www.altercampagne.net\\\/?p=3538\",\"url\":\"https:\\\/\\\/www.altercampagne.net\\\/?p=3538\",\"name\":\"Rejoignez l'AlterVillage \u00e0 v\u00e9lo ! - AlterTour\",\"isPartOf\":{\"@id\":\"https:\\\/\\\/www.altercampagne.net\\\/#website\"},\"primaryImageOfPage\":{\"@id\":\"https:\\\/\\\/www.altercampagne.net\\\/?p=3538#primaryimage\"},\"image\":{\"@id\":\"https:\\\/\\\/www.altercampagne.net\\\/?p=3538#primaryimage\"},\"thumbnailUrl\":\"https:\\\/\\\/www.altercampagne.net\\\/wp-content\\\/uploads\\\/2013\\\/06\\\/AT2013-AlterVillage1.jpg\",\"datePublished\":\"2013-06-12T14:01:19+00:00\",\"dateModified\":\"2019-09-16T13:31:41+00:00\",\"author\":{\"@id\":\"https:\\\/\\\/www.altercampagne.net\\\/#\\\/schema\\\/person\\\/0f261460c09e430caa0f9bcffa319109\"},\"breadcrumb\":{\"@id\":\"https:\\\/\\\/www.altercampagne.net\\\/?p=3538#breadcrumb\"},\"inLanguage\":\"fr-FR\",\"potentialAction\":[{\"@type\":\"ReadAction\",\"target\":[\"https:\\\/\\\/www.altercampagne.net\\\/?p=3538\"]}]},{\"@type\":\"ImageObject\",\"inLanguage\":\"fr-FR\",\"@id\":\"https:\\\/\\\/www.altercampagne.net\\\/?p=3538#primaryimage\",\"url\":\"https:\\\/\\\/www.altercampagne.net\\\/wp-content\\\/uploads\\\/2013\\\/06\\\/AT2013-AlterVillage1.jpg\",\"contentUrl\":\"https:\\\/\\\/www.altercampagne.net\\\/wp-content\\\/uploads\\\/2013\\\/06\\\/AT2013-AlterVillage1.jpg\",\"width\":900,\"height\":310},{\"@type\":\"BreadcrumbList\",\"@id\":\"https:\\\/\\\/www.altercampagne.net\\\/?p=3538#breadcrumb\",\"itemListElement\":[{\"@type\":\"ListItem\",\"position\":1,\"name\":\"Accueil\",\"item\":\"https:\\\/\\\/www.altercampagne.net\\\/\"},{\"@type\":\"ListItem\",\"position\":2,\"name\":\"Rejoignez l&rsquo;AlterVillage \u00e0 v\u00e9lo !\"}]},{\"@type\":\"WebSite\",\"@id\":\"https:\\\/\\\/www.altercampagne.net\\\/#website\",\"url\":\"https:\\\/\\\/www.altercampagne.net\\\/\",\"name\":\"AlterTour\",\"description\":\"Reliez les Alternatives \u00e0 v\u00e9lo\",\"potentialAction\":[{\"@type\":\"SearchAction\",\"target\":{\"@type\":\"EntryPoint\",\"urlTemplate\":\"https:\\\/\\\/www.altercampagne.net\\\/?s={search_term_string}\"},\"query-input\":{\"@type\":\"PropertyValueSpecification\",\"valueRequired\":true,\"valueName\":\"search_term_string\"}}],\"inLanguage\":\"fr-FR\"},{\"@type\":\"Person\",\"@id\":\"https:\\\/\\\/www.altercampagne.net\\\/#\\\/schema\\\/person\\\/0f261460c09e430caa0f9bcffa319109\",\"name\":\"Mathieu\",\"image\":{\"@type\":\"ImageObject\",\"inLanguage\":\"fr-FR\",\"@id\":\"https:\\\/\\\/secure.gravatar.com\\\/avatar\\\/aa9d3d24c83f2141e5e2709d0f63d09a99f6be6bb7a50abc4915838d9f54501a?s=96&d=mm&r=g\",\"url\":\"https:\\\/\\\/secure.gravatar.com\\\/avatar\\\/aa9d3d24c83f2141e5e2709d0f63d09a99f6be6bb7a50abc4915838d9f54501a?s=96&d=mm&r=g\",\"contentUrl\":\"https:\\\/\\\/secure.gravatar.com\\\/avatar\\\/aa9d3d24c83f2141e5e2709d0f63d09a99f6be6bb7a50abc4915838d9f54501a?s=96&d=mm&r=g\",\"caption\":\"Mathieu\"},\"url\":\"https:\\\/\\\/www.altercampagne.net\\\/?author=214\"}]}<\/script>\n<!-- \/ Yoast SEO plugin. -->","yoast_head_json":{"title":"Rejoignez l'AlterVillage \u00e0 v\u00e9lo ! - AlterTour","robots":{"index":"index","follow":"follow","max-snippet":"max-snippet:-1","max-image-preview":"max-image-preview:large","max-video-preview":"max-video-preview:-1"},"canonical":"https:\/\/www.altercampagne.net\/?p=3538","og_locale":"fr_FR","og_type":"article","og_title":"Rejoignez l'AlterVillage \u00e0 v\u00e9lo ! - AlterTour","og_description":"Cet ann\u00e9e l&rsquo;AlterVillage aura lieu \u00e0 Rochejean dans le Doubs, l&rsquo;AlterTour vous propose de vous y rendre \u00e0 v\u00e9lo ! Les\u00a0trois journ\u00e9es d&rsquo;atelier du mercredi 21, jeudi 22 et vendredi 23\u00a0se pr\u00e9sentent sous la m\u00eame forme : &#8211; Apr\u00e8s le petit-d\u00e9jeuner, les ateliers du matin ont lieu entre 10h00 et ... Read More","og_url":"https:\/\/www.altercampagne.net\/?p=3538","og_site_name":"AlterTour","article_published_time":"2013-06-12T14:01:19+00:00","article_modified_time":"2019-09-16T13:31:41+00:00","og_image":[{"width":900,"height":310,"url":"https:\/\/www.altercampagne.net\/wp-content\/uploads\/2013\/06\/AT2013-AlterVillage1.jpg","type":"image\/jpeg"}],"author":"Mathieu","twitter_card":"summary_large_image","twitter_misc":{"\u00c9crit par":"Mathieu","Dur\u00e9e de lecture estim\u00e9e":"1 minute"},"schema":{"@context":"https:\/\/schema.org","@graph":[{"@type":"Article","@id":"https:\/\/www.altercampagne.net\/?p=3538#article","isPartOf":{"@id":"https:\/\/www.altercampagne.net\/?p=3538"},"author":{"name":"Mathieu","@id":"https:\/\/www.altercampagne.net\/#\/schema\/person\/0f261460c09e430caa0f9bcffa319109"},"headline":"Rejoignez l&rsquo;AlterVillage \u00e0 v\u00e9lo !","datePublished":"2013-06-12T14:01:19+00:00","dateModified":"2019-09-16T13:31:41+00:00","mainEntityOfPage":{"@id":"https:\/\/www.altercampagne.net\/?p=3538"},"wordCount":212,"image":{"@id":"https:\/\/www.altercampagne.net\/?p=3538#primaryimage"},"thumbnailUrl":"https:\/\/www.altercampagne.net\/wp-content\/uploads\/2013\/06\/AT2013-AlterVillage1.jpg","keywords":["AlterTour 2013","rochejean","AlterVillage 2013","Batailleuse","Attac","Forum des Multiples Initiatives"],"articleSection":["Bourgogne-Franche-Comt\u00e9","Lutte","\u00c9dition 2013"],"inLanguage":"fr-FR"},{"@type":"WebPage","@id":"https:\/\/www.altercampagne.net\/?p=3538","url":"https:\/\/www.altercampagne.net\/?p=3538","name":"Rejoignez l'AlterVillage \u00e0 v\u00e9lo ! - AlterTour","isPartOf":{"@id":"https:\/\/www.altercampagne.net\/#website"},"primaryImageOfPage":{"@id":"https:\/\/www.altercampagne.net\/?p=3538#primaryimage"},"image":{"@id":"https:\/\/www.altercampagne.net\/?p=3538#primaryimage"},"thumbnailUrl":"https:\/\/www.altercampagne.net\/wp-content\/uploads\/2013\/06\/AT2013-AlterVillage1.jpg","datePublished":"2013-06-12T14:01:19+00:00","dateModified":"2019-09-16T13:31:41+00:00","author":{"@id":"https:\/\/www.altercampagne.net\/#\/schema\/person\/0f261460c09e430caa0f9bcffa319109"},"breadcrumb":{"@id":"https:\/\/www.altercampagne.net\/?p=3538#breadcrumb"},"inLanguage":"fr-FR","potentialAction":[{"@type":"ReadAction","target":["https:\/\/www.altercampagne.net\/?p=3538"]}]},{"@type":"ImageObject","inLanguage":"fr-FR","@id":"https:\/\/www.altercampagne.net\/?p=3538#primaryimage","url":"https:\/\/www.altercampagne.net\/wp-content\/uploads\/2013\/06\/AT2013-AlterVillage1.jpg","contentUrl":"https:\/\/www.altercampagne.net\/wp-content\/uploads\/2013\/06\/AT2013-AlterVillage1.jpg","width":900,"height":310},{"@type":"BreadcrumbList","@id":"https:\/\/www.altercampagne.net\/?p=3538#breadcrumb","itemListElement":[{"@type":"ListItem","position":1,"name":"Accueil","item":"https:\/\/www.altercampagne.net\/"},{"@type":"ListItem","position":2,"name":"Rejoignez l&rsquo;AlterVillage \u00e0 v\u00e9lo !"}]},{"@type":"WebSite","@id":"https:\/\/www.altercampagne.net\/#website","url":"https:\/\/www.altercampagne.net\/","name":"AlterTour","description":"Reliez les Alternatives \u00e0 v\u00e9lo","potentialAction":[{"@type":"SearchAction","target":{"@type":"EntryPoint","urlTemplate":"https:\/\/www.altercampagne.net\/?s={search_term_string}"},"query-input":{"@type":"PropertyValueSpecification","valueRequired":true,"valueName":"search_term_string"}}],"inLanguage":"fr-FR"},{"@type":"Person","@id":"https:\/\/www.altercampagne.net\/#\/schema\/person\/0f261460c09e430caa0f9bcffa319109","name":"Mathieu","image":{"@type":"ImageObject","inLanguage":"fr-FR","@id":"https:\/\/secure.gravatar.com\/avatar\/aa9d3d24c83f2141e5e2709d0f63d09a99f6be6bb7a50abc4915838d9f54501a?s=96&d=mm&r=g","url":"https:\/\/secure.gravatar.com\/avatar\/aa9d3d24c83f2141e5e2709d0f63d09a99f6be6bb7a50abc4915838d9f54501a?s=96&d=mm&r=g","contentUrl":"https:\/\/secure.gravatar.com\/avatar\/aa9d3d24c83f2141e5e2709d0f63d09a99f6be6bb7a50abc4915838d9f54501a?s=96&d=mm&r=g","caption":"Mathieu"},"url":"https:\/\/www.altercampagne.net\/?author=214"}]}},"_links":{"self":[{"href":"https:\/\/www.altercampagne.net\/index.php?rest_route=\/wp\/v2\/posts\/3538","targetHints":{"allow":["GET"]}}],"collection":[{"href":"https:\/\/www.altercampagne.net\/index.php?rest_route=\/wp\/v2\/posts"}],"about":[{"href":"https:\/\/www.altercampagne.net\/index.php?rest_route=\/wp\/v2\/types\/post"}],"author":[{"embeddable":true,"href":"https:\/\/www.altercampagne.net\/index.php?rest_route=\/wp\/v2\/users\/214"}],"replies":[{"embeddable":true,"href":"https:\/\/www.altercampagne.net\/index.php?rest_route=%2Fwp%2Fv2%2Fcomments&post=3538"}],"version-history":[{"count":0,"href":"https:\/\/www.altercampagne.net\/index.php?rest_route=\/wp\/v2\/posts\/3538\/revisions"}],"wp:featuredmedia":[{"embeddable":true,"href":"https:\/\/www.altercampagne.net\/index.php?rest_route=\/wp\/v2\/media\/15752"}],"wp:attachment":[{"href":"https:\/\/www.altercampagne.net\/index.php?rest_route=%2Fwp%2Fv2%2Fmedia&parent=3538"}],"wp:term":[{"taxonomy":"category","embeddable":true,"href":"https:\/\/www.altercampagne.net\/index.php?rest_route=%2Fwp%2Fv2%2Fcategories&post=3538"},{"taxonomy":"post_tag","embeddable":true,"href":"https:\/\/www.altercampagne.net\/index.php?rest_route=%2Fwp%2Fv2%2Ftags&post=3538"}],"curies":[{"name":"wp","href":"https:\/\/api.w.org\/{rel}","templated":true}]}}