{"id":3544,"date":"2013-05-01T16:07:44","date_gmt":"2013-05-01T14:07:44","guid":{"rendered":"http:\/\/www.altercampagne.net\/?p=3544"},"modified":"2020-02-24T16:52:29","modified_gmt":"2020-02-24T15:52:29","slug":"les-inscriptions-a-laltertour-2013-sont-ouvertes","status":"publish","type":"post","link":"https:\/\/www.altercampagne.net\/?p=3544","title":{"rendered":"Les inscriptions \u00e0 l&rsquo;AlterTour 2013 sont ouvertes !"},"content":{"rendered":"<p class=\"Style138 Style271\" align=\"justify\"><img loading=\"lazy\" decoding=\"async\" class=\" alignright\" src=\"http:\/\/altercampagne.free.fr\/pages\/2008\/AlterTour\/pic\/AT2013-Affiche.jpg\" alt=\"\" width=\"300\" height=\"425\">La <strong>6\u00e8me \u00e9dition de l\u2019AlterTour<\/strong> se d\u00e9roulera du 18 juillet au 20 ao\u00fbt 2013 ao\u00fbt en r\u00e9gion Centre, Bourgogne et Franche-Comt\u00e9. Il s\u2019\u00e9lancera de Gien (45) et reliera Bouzy-la-For\u00eat (45), Toucy (89), Venarey les Laumes (21), Dijon (21), Ch\u00e2lon-sur-Sa\u00f4ne (71), Arbois (39), Lons-le-Saunier (39) , Saint-Julien (39) et Rochejean (25).<\/p>\n<p class=\"Style138 Style271\" dir=\"ltr\" align=\"justify\">L\u2019AlterTour est ouvert aux personnes qui aiment le v\u00e9lo, sans exigence de performance. En relais <strong>solidaire<\/strong>, les altercyclistes voyagent ensemble \u00e0 la rencontre d\u2019<strong>Alternatives<\/strong>. C&rsquo;est un tour \u00ab\u00a0\u00e0 la carte\u00a0\u00bb, en autogestion pour celles et ceux qui souhaitent partager une belle tranche de vie collective dans la simplicit\u00e9 volontaire, d\u00e9couvrir des terroirs pr\u00e9serv\u00e9s, avoir une activit\u00e9 physique source de sant\u00e9, et dire ensemble : \u00ab\u00a0Nous voulons un monde sans dopages, plus \u00e9quitable et plus juste\u00a0\u00bb.<\/p>\n<p class=\"Style138 Style271\" dir=\"ltr\" align=\"justify\">L&rsquo;AlterTour r\u00e9siste \u00e0 l&rsquo;<strong>esprit de comp\u00e9tition<\/strong> qui conduit aux dopages sous toutes ses formes :<br \/>\n&#8211; dans le sport o\u00f9 la sant\u00e9 passe apr\u00e8s les b\u00e9n\u00e9fice$ de la soci\u00e9t\u00e9 du spectacle.<br \/>\n&#8211; dans l&rsquo;agriculture industrielle, o\u00f9 agrotoxiques et OGM portent atteinte aux paysans et \u00e0 la biodiversit\u00e9 aux b\u00e9n\u00e9fices d\u2019une poign\u00e9e de multinationales.<br \/>\n&#8211; dans l&rsquo;\u00e9conomie de march\u00e9, o\u00f9 sub-primes et autres paradis fiscaux amplifient les in\u00e9galit\u00e9s.<br \/>\n&#8211; dans la soci\u00e9t\u00e9 de consommation, du greenwashing et de l\u2019obsolescence programm\u00e9e o\u00f9 l\u2019offre conditionne la demande \u00e0 grand renfort de publicit\u00e9.<\/p>\n<p class=\"Style138 Style271\" dir=\"ltr\" align=\"justify\">Parrall\u00e8lement aux <strong>Grands Projets Inutiles et Impos\u00e9s<\/strong> se multiplient les Alternatives concr\u00e8tes en vue d&rsquo;une soci\u00e9t\u00e9 \u00e9cologiquement et socialement durable, une soci\u00e9t\u00e9 solidaire de coop\u00e9ration. Ce sont ces <strong>Petits Projets Grandement Utiles<\/strong> et sans dopage financier que l&rsquo;AlterTour valorise d&rsquo;ann\u00e9e en ann\u00e9e en leur rendant visite.<\/p>\n<p class=\"Style138 Style271\" align=\"justify\">Les inscriptions sont ouvertes jusqu&rsquo;au 30 juin 2013.<\/p>\n<p class=\"Style138 Style271\" align=\"justify\">N&rsquo;h\u00e9sitez pas \u00e0 faire suivre l&rsquo;info dans vos r\u00e9seaux !<\/p>\n","protected":false},"excerpt":{"rendered":"<p>La 6\u00e8me \u00e9dition de l\u2019AlterTour se d\u00e9roulera du 18 juillet au 20 ao\u00fbt 2013 ao\u00fbt en r\u00e9gion Centre, Bourgogne et Franche-Comt\u00e9. Il s\u2019\u00e9lancera de Gien (45) et reliera Bouzy-la-For\u00eat (45), Toucy (89), Venarey les Laumes (21), Dijon (21), Ch\u00e2lon-sur-Sa\u00f4ne (71), Arbois (39), Lons-le-Saunier (39) , Saint-Julien (39) et Rochejean (25). &#8230; <\/p>\n<div><a href=\"https:\/\/www.altercampagne.net\/?p=3544\" class=\"more-link\">Read More<\/a><\/div>\n","protected":false},"author":214,"featured_media":0,"comment_status":"closed","ping_status":"closed","sticky":false,"template":"","format":"standard","meta":{"footnotes":""},"categories":[3462],"tags":[53,694,696,1012,1013,1016,1017,1018,1019],"class_list":["post-3544","post","type-post","status-publish","format-standard","hentry","category-edition-2013","tag-alternatives","tag-altertour-2013","tag-centre","tag-grands-projets-inutiles-et-imposes","tag-gpii","tag-inscriptions","tag-bourgogne","tag-franche-comte","tag-petits-projets-grandement-utiles","no-post-thumbnail"],"yoast_head":"<!-- This site is optimized with the Yoast SEO plugin v27.3 - https:\/\/yoast.com\/product\/yoast-seo-wordpress\/ -->\n<title>Les inscriptions \u00e0 l&#039;AlterTour 2013 sont ouvertes ! - AlterTour<\/title>\n<meta name=\"robots\" content=\"index, follow, max-snippet:-1, max-image-preview:large, max-video-preview:-1\" \/>\n<link rel=\"canonical\" href=\"https:\/\/www.altercampagne.net\/?p=3544\" \/>\n<meta property=\"og:locale\" content=\"fr_FR\" \/>\n<meta property=\"og:type\" content=\"article\" \/>\n<meta property=\"og:title\" content=\"Les inscriptions \u00e0 l&#039;AlterTour 2013 sont ouvertes ! - AlterTour\" \/>\n<meta property=\"og:description\" content=\"La 6\u00e8me \u00e9dition de l\u2019AlterTour se d\u00e9roulera du 18 juillet au 20 ao\u00fbt 2013 ao\u00fbt en r\u00e9gion Centre, Bourgogne et Franche-Comt\u00e9. Il s\u2019\u00e9lancera de Gien (45) et reliera Bouzy-la-For\u00eat (45), Toucy (89), Venarey les Laumes (21), Dijon (21), Ch\u00e2lon-sur-Sa\u00f4ne (71), Arbois (39), Lons-le-Saunier (39) , Saint-Julien (39) et Rochejean (25). ... Read More\" \/>\n<meta property=\"og:url\" content=\"https:\/\/www.altercampagne.net\/?p=3544\" \/>\n<meta property=\"og:site_name\" content=\"AlterTour\" \/>\n<meta property=\"article:published_time\" content=\"2013-05-01T14:07:44+00:00\" \/>\n<meta property=\"article:modified_time\" content=\"2020-02-24T15:52:29+00:00\" \/>\n<meta property=\"og:image\" content=\"http:\/\/altercampagne.free.fr\/pages\/2008\/AlterTour\/pic\/AT2013-Affiche.jpg\" \/>\n<meta name=\"author\" content=\"Mathieu\" \/>\n<meta name=\"twitter:card\" content=\"summary_large_image\" \/>\n<meta name=\"twitter:label1\" content=\"\u00c9crit par\" \/>\n\t<meta name=\"twitter:data1\" content=\"Mathieu\" \/>\n\t<meta name=\"twitter:label2\" content=\"Dur\u00e9e de lecture estim\u00e9e\" \/>\n\t<meta name=\"twitter:data2\" content=\"1 minute\" \/>\n<script type=\"application\/ld+json\" class=\"yoast-schema-graph\">{\"@context\":\"https:\\\/\\\/schema.org\",\"@graph\":[{\"@type\":\"Article\",\"@id\":\"https:\\\/\\\/www.altercampagne.net\\\/?p=3544#article\",\"isPartOf\":{\"@id\":\"https:\\\/\\\/www.altercampagne.net\\\/?p=3544\"},\"author\":{\"name\":\"Mathieu\",\"@id\":\"https:\\\/\\\/www.altercampagne.net\\\/#\\\/schema\\\/person\\\/0f261460c09e430caa0f9bcffa319109\"},\"headline\":\"Les inscriptions \u00e0 l&rsquo;AlterTour 2013 sont ouvertes !\",\"datePublished\":\"2013-05-01T14:07:44+00:00\",\"dateModified\":\"2020-02-24T15:52:29+00:00\",\"mainEntityOfPage\":{\"@id\":\"https:\\\/\\\/www.altercampagne.net\\\/?p=3544\"},\"wordCount\":311,\"image\":{\"@id\":\"https:\\\/\\\/www.altercampagne.net\\\/?p=3544#primaryimage\"},\"thumbnailUrl\":\"http:\\\/\\\/altercampagne.free.fr\\\/pages\\\/2008\\\/AlterTour\\\/pic\\\/AT2013-Affiche.jpg\",\"keywords\":[\"Alternatives\",\"AlterTour 2013\",\"Centre\",\"Grands projets inutiles et impos\u00e9s\",\"GPII\",\"inscriptions\",\"Bourgogne\",\"Franche-Comt\u00e9\",\"Petits Projets Grandement Utiles\"],\"articleSection\":[\"\u00c9dition 2013\"],\"inLanguage\":\"fr-FR\"},{\"@type\":\"WebPage\",\"@id\":\"https:\\\/\\\/www.altercampagne.net\\\/?p=3544\",\"url\":\"https:\\\/\\\/www.altercampagne.net\\\/?p=3544\",\"name\":\"Les inscriptions \u00e0 l'AlterTour 2013 sont ouvertes ! - AlterTour\",\"isPartOf\":{\"@id\":\"https:\\\/\\\/www.altercampagne.net\\\/#website\"},\"primaryImageOfPage\":{\"@id\":\"https:\\\/\\\/www.altercampagne.net\\\/?p=3544#primaryimage\"},\"image\":{\"@id\":\"https:\\\/\\\/www.altercampagne.net\\\/?p=3544#primaryimage\"},\"thumbnailUrl\":\"http:\\\/\\\/altercampagne.free.fr\\\/pages\\\/2008\\\/AlterTour\\\/pic\\\/AT2013-Affiche.jpg\",\"datePublished\":\"2013-05-01T14:07:44+00:00\",\"dateModified\":\"2020-02-24T15:52:29+00:00\",\"author\":{\"@id\":\"https:\\\/\\\/www.altercampagne.net\\\/#\\\/schema\\\/person\\\/0f261460c09e430caa0f9bcffa319109\"},\"breadcrumb\":{\"@id\":\"https:\\\/\\\/www.altercampagne.net\\\/?p=3544#breadcrumb\"},\"inLanguage\":\"fr-FR\",\"potentialAction\":[{\"@type\":\"ReadAction\",\"target\":[\"https:\\\/\\\/www.altercampagne.net\\\/?p=3544\"]}]},{\"@type\":\"ImageObject\",\"inLanguage\":\"fr-FR\",\"@id\":\"https:\\\/\\\/www.altercampagne.net\\\/?p=3544#primaryimage\",\"url\":\"http:\\\/\\\/altercampagne.free.fr\\\/pages\\\/2008\\\/AlterTour\\\/pic\\\/AT2013-Affiche.jpg\",\"contentUrl\":\"http:\\\/\\\/altercampagne.free.fr\\\/pages\\\/2008\\\/AlterTour\\\/pic\\\/AT2013-Affiche.jpg\"},{\"@type\":\"BreadcrumbList\",\"@id\":\"https:\\\/\\\/www.altercampagne.net\\\/?p=3544#breadcrumb\",\"itemListElement\":[{\"@type\":\"ListItem\",\"position\":1,\"name\":\"Accueil\",\"item\":\"https:\\\/\\\/www.altercampagne.net\\\/\"},{\"@type\":\"ListItem\",\"position\":2,\"name\":\"Les inscriptions \u00e0 l&rsquo;AlterTour 2013 sont ouvertes !\"}]},{\"@type\":\"WebSite\",\"@id\":\"https:\\\/\\\/www.altercampagne.net\\\/#website\",\"url\":\"https:\\\/\\\/www.altercampagne.net\\\/\",\"name\":\"AlterTour\",\"description\":\"Reliez les Alternatives \u00e0 v\u00e9lo\",\"potentialAction\":[{\"@type\":\"SearchAction\",\"target\":{\"@type\":\"EntryPoint\",\"urlTemplate\":\"https:\\\/\\\/www.altercampagne.net\\\/?s={search_term_string}\"},\"query-input\":{\"@type\":\"PropertyValueSpecification\",\"valueRequired\":true,\"valueName\":\"search_term_string\"}}],\"inLanguage\":\"fr-FR\"},{\"@type\":\"Person\",\"@id\":\"https:\\\/\\\/www.altercampagne.net\\\/#\\\/schema\\\/person\\\/0f261460c09e430caa0f9bcffa319109\",\"name\":\"Mathieu\",\"image\":{\"@type\":\"ImageObject\",\"inLanguage\":\"fr-FR\",\"@id\":\"https:\\\/\\\/secure.gravatar.com\\\/avatar\\\/aa9d3d24c83f2141e5e2709d0f63d09a99f6be6bb7a50abc4915838d9f54501a?s=96&d=mm&r=g\",\"url\":\"https:\\\/\\\/secure.gravatar.com\\\/avatar\\\/aa9d3d24c83f2141e5e2709d0f63d09a99f6be6bb7a50abc4915838d9f54501a?s=96&d=mm&r=g\",\"contentUrl\":\"https:\\\/\\\/secure.gravatar.com\\\/avatar\\\/aa9d3d24c83f2141e5e2709d0f63d09a99f6be6bb7a50abc4915838d9f54501a?s=96&d=mm&r=g\",\"caption\":\"Mathieu\"},\"url\":\"https:\\\/\\\/www.altercampagne.net\\\/?author=214\"}]}<\/script>\n<!-- \/ Yoast SEO plugin. -->","yoast_head_json":{"title":"Les inscriptions \u00e0 l'AlterTour 2013 sont ouvertes ! - AlterTour","robots":{"index":"index","follow":"follow","max-snippet":"max-snippet:-1","max-image-preview":"max-image-preview:large","max-video-preview":"max-video-preview:-1"},"canonical":"https:\/\/www.altercampagne.net\/?p=3544","og_locale":"fr_FR","og_type":"article","og_title":"Les inscriptions \u00e0 l'AlterTour 2013 sont ouvertes ! - AlterTour","og_description":"La 6\u00e8me \u00e9dition de l\u2019AlterTour se d\u00e9roulera du 18 juillet au 20 ao\u00fbt 2013 ao\u00fbt en r\u00e9gion Centre, Bourgogne et Franche-Comt\u00e9. Il s\u2019\u00e9lancera de Gien (45) et reliera Bouzy-la-For\u00eat (45), Toucy (89), Venarey les Laumes (21), Dijon (21), Ch\u00e2lon-sur-Sa\u00f4ne (71), Arbois (39), Lons-le-Saunier (39) , Saint-Julien (39) et Rochejean (25). ... Read More","og_url":"https:\/\/www.altercampagne.net\/?p=3544","og_site_name":"AlterTour","article_published_time":"2013-05-01T14:07:44+00:00","article_modified_time":"2020-02-24T15:52:29+00:00","og_image":[{"url":"http:\/\/altercampagne.free.fr\/pages\/2008\/AlterTour\/pic\/AT2013-Affiche.jpg","type":"","width":"","height":""}],"author":"Mathieu","twitter_card":"summary_large_image","twitter_misc":{"\u00c9crit par":"Mathieu","Dur\u00e9e de lecture estim\u00e9e":"1 minute"},"schema":{"@context":"https:\/\/schema.org","@graph":[{"@type":"Article","@id":"https:\/\/www.altercampagne.net\/?p=3544#article","isPartOf":{"@id":"https:\/\/www.altercampagne.net\/?p=3544"},"author":{"name":"Mathieu","@id":"https:\/\/www.altercampagne.net\/#\/schema\/person\/0f261460c09e430caa0f9bcffa319109"},"headline":"Les inscriptions \u00e0 l&rsquo;AlterTour 2013 sont ouvertes !","datePublished":"2013-05-01T14:07:44+00:00","dateModified":"2020-02-24T15:52:29+00:00","mainEntityOfPage":{"@id":"https:\/\/www.altercampagne.net\/?p=3544"},"wordCount":311,"image":{"@id":"https:\/\/www.altercampagne.net\/?p=3544#primaryimage"},"thumbnailUrl":"http:\/\/altercampagne.free.fr\/pages\/2008\/AlterTour\/pic\/AT2013-Affiche.jpg","keywords":["Alternatives","AlterTour 2013","Centre","Grands projets inutiles et impos\u00e9s","GPII","inscriptions","Bourgogne","Franche-Comt\u00e9","Petits Projets Grandement Utiles"],"articleSection":["\u00c9dition 2013"],"inLanguage":"fr-FR"},{"@type":"WebPage","@id":"https:\/\/www.altercampagne.net\/?p=3544","url":"https:\/\/www.altercampagne.net\/?p=3544","name":"Les inscriptions \u00e0 l'AlterTour 2013 sont ouvertes ! - AlterTour","isPartOf":{"@id":"https:\/\/www.altercampagne.net\/#website"},"primaryImageOfPage":{"@id":"https:\/\/www.altercampagne.net\/?p=3544#primaryimage"},"image":{"@id":"https:\/\/www.altercampagne.net\/?p=3544#primaryimage"},"thumbnailUrl":"http:\/\/altercampagne.free.fr\/pages\/2008\/AlterTour\/pic\/AT2013-Affiche.jpg","datePublished":"2013-05-01T14:07:44+00:00","dateModified":"2020-02-24T15:52:29+00:00","author":{"@id":"https:\/\/www.altercampagne.net\/#\/schema\/person\/0f261460c09e430caa0f9bcffa319109"},"breadcrumb":{"@id":"https:\/\/www.altercampagne.net\/?p=3544#breadcrumb"},"inLanguage":"fr-FR","potentialAction":[{"@type":"ReadAction","target":["https:\/\/www.altercampagne.net\/?p=3544"]}]},{"@type":"ImageObject","inLanguage":"fr-FR","@id":"https:\/\/www.altercampagne.net\/?p=3544#primaryimage","url":"http:\/\/altercampagne.free.fr\/pages\/2008\/AlterTour\/pic\/AT2013-Affiche.jpg","contentUrl":"http:\/\/altercampagne.free.fr\/pages\/2008\/AlterTour\/pic\/AT2013-Affiche.jpg"},{"@type":"BreadcrumbList","@id":"https:\/\/www.altercampagne.net\/?p=3544#breadcrumb","itemListElement":[{"@type":"ListItem","position":1,"name":"Accueil","item":"https:\/\/www.altercampagne.net\/"},{"@type":"ListItem","position":2,"name":"Les inscriptions \u00e0 l&rsquo;AlterTour 2013 sont ouvertes !"}]},{"@type":"WebSite","@id":"https:\/\/www.altercampagne.net\/#website","url":"https:\/\/www.altercampagne.net\/","name":"AlterTour","description":"Reliez les Alternatives \u00e0 v\u00e9lo","potentialAction":[{"@type":"SearchAction","target":{"@type":"EntryPoint","urlTemplate":"https:\/\/www.altercampagne.net\/?s={search_term_string}"},"query-input":{"@type":"PropertyValueSpecification","valueRequired":true,"valueName":"search_term_string"}}],"inLanguage":"fr-FR"},{"@type":"Person","@id":"https:\/\/www.altercampagne.net\/#\/schema\/person\/0f261460c09e430caa0f9bcffa319109","name":"Mathieu","image":{"@type":"ImageObject","inLanguage":"fr-FR","@id":"https:\/\/secure.gravatar.com\/avatar\/aa9d3d24c83f2141e5e2709d0f63d09a99f6be6bb7a50abc4915838d9f54501a?s=96&d=mm&r=g","url":"https:\/\/secure.gravatar.com\/avatar\/aa9d3d24c83f2141e5e2709d0f63d09a99f6be6bb7a50abc4915838d9f54501a?s=96&d=mm&r=g","contentUrl":"https:\/\/secure.gravatar.com\/avatar\/aa9d3d24c83f2141e5e2709d0f63d09a99f6be6bb7a50abc4915838d9f54501a?s=96&d=mm&r=g","caption":"Mathieu"},"url":"https:\/\/www.altercampagne.net\/?author=214"}]}},"_links":{"self":[{"href":"https:\/\/www.altercampagne.net\/index.php?rest_route=\/wp\/v2\/posts\/3544","targetHints":{"allow":["GET"]}}],"collection":[{"href":"https:\/\/www.altercampagne.net\/index.php?rest_route=\/wp\/v2\/posts"}],"about":[{"href":"https:\/\/www.altercampagne.net\/index.php?rest_route=\/wp\/v2\/types\/post"}],"author":[{"embeddable":true,"href":"https:\/\/www.altercampagne.net\/index.php?rest_route=\/wp\/v2\/users\/214"}],"replies":[{"embeddable":true,"href":"https:\/\/www.altercampagne.net\/index.php?rest_route=%2Fwp%2Fv2%2Fcomments&post=3544"}],"version-history":[{"count":1,"href":"https:\/\/www.altercampagne.net\/index.php?rest_route=\/wp\/v2\/posts\/3544\/revisions"}],"predecessor-version":[{"id":17399,"href":"https:\/\/www.altercampagne.net\/index.php?rest_route=\/wp\/v2\/posts\/3544\/revisions\/17399"}],"wp:attachment":[{"href":"https:\/\/www.altercampagne.net\/index.php?rest_route=%2Fwp%2Fv2%2Fmedia&parent=3544"}],"wp:term":[{"taxonomy":"category","embeddable":true,"href":"https:\/\/www.altercampagne.net\/index.php?rest_route=%2Fwp%2Fv2%2Fcategories&post=3544"},{"taxonomy":"post_tag","embeddable":true,"href":"https:\/\/www.altercampagne.net\/index.php?rest_route=%2Fwp%2Fv2%2Ftags&post=3544"}],"curies":[{"name":"wp","href":"https:\/\/api.w.org\/{rel}","templated":true}]}}