{"id":3548,"date":"2013-04-17T16:13:00","date_gmt":"2013-04-17T14:13:00","guid":{"rendered":"http:\/\/www.altercampagne.net\/?p=3548"},"modified":"2016-04-06T16:14:49","modified_gmt":"2016-04-06T14:14:49","slug":"projections-debat-notre-dame-des-landes-a-foix","status":"publish","type":"post","link":"https:\/\/www.altercampagne.net\/?p=3548","title":{"rendered":"Projections D\u00e9bat Notre Dame des Landes \u00e0 Foix"},"content":{"rendered":"<p class=\"Style271 Style138 Style152\" align=\"justify\"><img loading=\"lazy\" decoding=\"async\" class=\" alignleft\" src=\"http:\/\/altercampagne.free.fr\/pages\/2008\/AlterTour\/pic\/AT2013-zadparrtout.jpg\" alt=\"\" width=\"500\" height=\"300\" \/>Le Festival R\u00e9sistances qui avait accueilli l&rsquo;AlterTour cet \u00e9t\u00e9 organise une soir\u00e9e &#8211; d\u00e9bat Notre-Dame-des-Landes jeudi 25 avril &#8211; \u00e0 partir de 18h<\/p>\n<p class=\"Style271 Style138 Style152\" align=\"justify\">Salle Polyvalente &#8211; Foix<\/p>\n<p class=\"Style271 Style138 Style152\" align=\"justify\">A la fin des ann\u00e9es 90, Jean-Marc Ayrault, alors maire de l\u2019agglom\u00e9ration nantaise, relance le projet d\u2019a\u00e9roport international sur la commune de Notre Dame-des Landes, un village situ\u00e9 \u00e0 25 km de Nantes.<\/p>\n<p class=\"Style271 Style138 Style152\" align=\"justify\">Pour accueillir ce projet titanesque, on pr\u00e9voit une zone humide de 2000 hectares \u00e0 vocation agricole. Malgr\u00e9 les protestations, le projet est d\u00e9clar\u00e9 d\u2019utilit\u00e9 publique en 2008, ce qui entraine en 2012 l\u2019expropriation et l\u2019expulsion des habitants et exploitants. Cet espace est alors d\u00e9clar\u00e9 \u00ab Zone \u00e0 d\u00e9fendre \u00bb (ZAD) par diff\u00e9rents activistes qui d\u00e9cident d\u2019occuper les lieux pour emp\u00eacher les travaux.<\/p>\n<p class=\"Style271 Style138 Style152\" align=\"justify\">A l\u2019automne 2012, l\u2019Etat intervient ordonnant la destruction des abris de fortune des militants. En r\u00e9action, une grande manifestation de soutien aux \u00ab zadistes \u00bb est alors organis\u00e9e.<\/p>\n<p class=\"Style271 Style138 Style152\" align=\"justify\">A l\u2019heure o\u00f9 ce projet est de plus en plus compromis, l\u2019objectif de la soir\u00e9e est d\u2019une part de permettre \u00e0 tous d\u2019en comprendre les enjeux \u00e9cologiques et politiques. D\u2019autre part, il s\u2019agit de proposer un autre regard sur le mouvement de contestation.<\/p>\n<p class=\"Style271 Style138 Style152\" align=\"justify\">18h30, Sans les murs de Vincent Lapize, doc, 42 min<\/p>\n<p class=\"Style271 Style138 Style152\" align=\"justify\">Il s\u2019agit d\u2019une impression subjective et sensible d\u2019un moment de vie \u00e0 La S\u00e9cherie, un petit hameau de la Zone \u00e0 d\u00e9fendre. L\u2019action se d\u00e9roule avant les vagues d\u2019expulsions. Ce film parle des liens qui se sont cr\u00e9\u00e9es entre les anciens habitants et les activistes.<\/p>\n<p class=\"Style271 Style138 Style152\" align=\"justify\">19h15 D\u00e9ambulation, exposition de photographies, poste de visionnage, s\u00e9lection de vid\u00e9o d\u2019Internet. Petite restauration propos\u00e9e par l\u2019Equitable. B\u00e9n\u00e9fices au profit des zadistes.<\/p>\n<p class=\"Style271 Style138 Style152\" align=\"justify\">20h30 Notre Dame au coeur de la lutte<\/p>\n<p class=\"Style271 Style138 Style152\" align=\"justify\">Ce film r\u00e9alis\u00e9 par des citoyens amateurs recueille la parole des opposants au projet (agriculteurs, habitants, pilotes, \u00e9lus,..) et expose leurs arguments, \u00e0 travers un historique pr\u00e9cis.<\/p>\n<p class=\"Style271 Style138 Style152\" align=\"justify\">D\u00e9bat avec Olivier Tric de l\u2019ACIPA (Association citoyenne intercommunale des populations concern\u00e9es par le projet d\u2019a\u00e9roport de Notre Dame des Landes)<\/p>\n<p class=\"Style271 Style138 Style152\" align=\"justify\">Informations<\/p>\n<p class=\"Style271 Style138 Style152\" align=\"justify\">festival.resistances@orange.fr http:\/\/festival-resistances.fr<\/p>\n<p class=\"Style271 Style138 Style152\" align=\"justify\">05 61 65 44 23<\/p>\n","protected":false},"excerpt":{"rendered":"<p>Le Festival R\u00e9sistances qui avait accueilli l&rsquo;AlterTour cet \u00e9t\u00e9 organise une soir\u00e9e &#8211; d\u00e9bat Notre-Dame-des-Landes jeudi 25 avril &#8211; \u00e0 partir de 18h Salle Polyvalente &#8211; Foix A la fin des ann\u00e9es 90, Jean-Marc Ayrault, alors maire de l\u2019agglom\u00e9ration nantaise, relance le projet d\u2019a\u00e9roport international sur la commune de Notre &#8230; <\/p>\n<div><a href=\"https:\/\/www.altercampagne.net\/?p=3548\" class=\"more-link\">Read More<\/a><\/div>\n","protected":false},"author":214,"featured_media":0,"comment_status":"closed","ping_status":"closed","sticky":false,"template":"","format":"standard","meta":{"footnotes":""},"categories":[1],"tags":[144,484,852,1022,1023,1024],"class_list":["post-3548","post","type-post","status-publish","format-standard","hentry","category-non-classe","tag-notre-dame-des-landes","tag-zad","tag-altertour-2012","tag-foix","tag-festival-resistances","tag-zadistes","no-post-thumbnail"],"yoast_head":"<!-- This site is optimized with the Yoast SEO plugin v27.3 - https:\/\/yoast.com\/product\/yoast-seo-wordpress\/ -->\n<title>Projections D\u00e9bat Notre Dame des Landes \u00e0 Foix - AlterTour<\/title>\n<meta name=\"robots\" content=\"index, follow, max-snippet:-1, max-image-preview:large, max-video-preview:-1\" \/>\n<link rel=\"canonical\" href=\"https:\/\/www.altercampagne.net\/?p=3548\" \/>\n<meta property=\"og:locale\" content=\"fr_FR\" \/>\n<meta property=\"og:type\" content=\"article\" \/>\n<meta property=\"og:title\" content=\"Projections D\u00e9bat Notre Dame des Landes \u00e0 Foix - AlterTour\" \/>\n<meta property=\"og:description\" content=\"Le Festival R\u00e9sistances qui avait accueilli l&rsquo;AlterTour cet \u00e9t\u00e9 organise une soir\u00e9e &#8211; d\u00e9bat Notre-Dame-des-Landes jeudi 25 avril &#8211; \u00e0 partir de 18h Salle Polyvalente &#8211; Foix A la fin des ann\u00e9es 90, Jean-Marc Ayrault, alors maire de l\u2019agglom\u00e9ration nantaise, relance le projet d\u2019a\u00e9roport international sur la commune de Notre ... Read More\" \/>\n<meta property=\"og:url\" content=\"https:\/\/www.altercampagne.net\/?p=3548\" \/>\n<meta property=\"og:site_name\" content=\"AlterTour\" \/>\n<meta property=\"article:published_time\" content=\"2013-04-17T14:13:00+00:00\" \/>\n<meta property=\"article:modified_time\" content=\"2016-04-06T14:14:49+00:00\" \/>\n<meta property=\"og:image\" content=\"http:\/\/altercampagne.free.fr\/pages\/2008\/AlterTour\/pic\/AT2013-zadparrtout.jpg\" \/>\n<meta name=\"author\" content=\"Mathieu\" \/>\n<meta name=\"twitter:card\" content=\"summary_large_image\" \/>\n<meta name=\"twitter:label1\" content=\"\u00c9crit par\" \/>\n\t<meta name=\"twitter:data1\" content=\"Mathieu\" \/>\n\t<meta name=\"twitter:label2\" content=\"Dur\u00e9e de lecture estim\u00e9e\" \/>\n\t<meta name=\"twitter:data2\" content=\"2 minutes\" \/>\n<script type=\"application\/ld+json\" class=\"yoast-schema-graph\">{\"@context\":\"https:\\\/\\\/schema.org\",\"@graph\":[{\"@type\":\"Article\",\"@id\":\"https:\\\/\\\/www.altercampagne.net\\\/?p=3548#article\",\"isPartOf\":{\"@id\":\"https:\\\/\\\/www.altercampagne.net\\\/?p=3548\"},\"author\":{\"name\":\"Mathieu\",\"@id\":\"https:\\\/\\\/www.altercampagne.net\\\/#\\\/schema\\\/person\\\/0f261460c09e430caa0f9bcffa319109\"},\"headline\":\"Projections D\u00e9bat Notre Dame des Landes \u00e0 Foix\",\"datePublished\":\"2013-04-17T14:13:00+00:00\",\"dateModified\":\"2016-04-06T14:14:49+00:00\",\"mainEntityOfPage\":{\"@id\":\"https:\\\/\\\/www.altercampagne.net\\\/?p=3548\"},\"wordCount\":377,\"image\":{\"@id\":\"https:\\\/\\\/www.altercampagne.net\\\/?p=3548#primaryimage\"},\"thumbnailUrl\":\"http:\\\/\\\/altercampagne.free.fr\\\/pages\\\/2008\\\/AlterTour\\\/pic\\\/AT2013-zadparrtout.jpg\",\"keywords\":[\"Notre Dame des Landes\",\"zad\",\"AlterTour 2012\",\"Foix\",\"Festival R\u00e9sistances\",\"zadistes\"],\"inLanguage\":\"fr-FR\"},{\"@type\":\"WebPage\",\"@id\":\"https:\\\/\\\/www.altercampagne.net\\\/?p=3548\",\"url\":\"https:\\\/\\\/www.altercampagne.net\\\/?p=3548\",\"name\":\"Projections D\u00e9bat Notre Dame des Landes \u00e0 Foix - AlterTour\",\"isPartOf\":{\"@id\":\"https:\\\/\\\/www.altercampagne.net\\\/#website\"},\"primaryImageOfPage\":{\"@id\":\"https:\\\/\\\/www.altercampagne.net\\\/?p=3548#primaryimage\"},\"image\":{\"@id\":\"https:\\\/\\\/www.altercampagne.net\\\/?p=3548#primaryimage\"},\"thumbnailUrl\":\"http:\\\/\\\/altercampagne.free.fr\\\/pages\\\/2008\\\/AlterTour\\\/pic\\\/AT2013-zadparrtout.jpg\",\"datePublished\":\"2013-04-17T14:13:00+00:00\",\"dateModified\":\"2016-04-06T14:14:49+00:00\",\"author\":{\"@id\":\"https:\\\/\\\/www.altercampagne.net\\\/#\\\/schema\\\/person\\\/0f261460c09e430caa0f9bcffa319109\"},\"breadcrumb\":{\"@id\":\"https:\\\/\\\/www.altercampagne.net\\\/?p=3548#breadcrumb\"},\"inLanguage\":\"fr-FR\",\"potentialAction\":[{\"@type\":\"ReadAction\",\"target\":[\"https:\\\/\\\/www.altercampagne.net\\\/?p=3548\"]}]},{\"@type\":\"ImageObject\",\"inLanguage\":\"fr-FR\",\"@id\":\"https:\\\/\\\/www.altercampagne.net\\\/?p=3548#primaryimage\",\"url\":\"http:\\\/\\\/altercampagne.free.fr\\\/pages\\\/2008\\\/AlterTour\\\/pic\\\/AT2013-zadparrtout.jpg\",\"contentUrl\":\"http:\\\/\\\/altercampagne.free.fr\\\/pages\\\/2008\\\/AlterTour\\\/pic\\\/AT2013-zadparrtout.jpg\"},{\"@type\":\"BreadcrumbList\",\"@id\":\"https:\\\/\\\/www.altercampagne.net\\\/?p=3548#breadcrumb\",\"itemListElement\":[{\"@type\":\"ListItem\",\"position\":1,\"name\":\"Accueil\",\"item\":\"https:\\\/\\\/www.altercampagne.net\\\/\"},{\"@type\":\"ListItem\",\"position\":2,\"name\":\"Projections D\u00e9bat Notre Dame des Landes \u00e0 Foix\"}]},{\"@type\":\"WebSite\",\"@id\":\"https:\\\/\\\/www.altercampagne.net\\\/#website\",\"url\":\"https:\\\/\\\/www.altercampagne.net\\\/\",\"name\":\"AlterTour\",\"description\":\"Reliez les Alternatives \u00e0 v\u00e9lo\",\"potentialAction\":[{\"@type\":\"SearchAction\",\"target\":{\"@type\":\"EntryPoint\",\"urlTemplate\":\"https:\\\/\\\/www.altercampagne.net\\\/?s={search_term_string}\"},\"query-input\":{\"@type\":\"PropertyValueSpecification\",\"valueRequired\":true,\"valueName\":\"search_term_string\"}}],\"inLanguage\":\"fr-FR\"},{\"@type\":\"Person\",\"@id\":\"https:\\\/\\\/www.altercampagne.net\\\/#\\\/schema\\\/person\\\/0f261460c09e430caa0f9bcffa319109\",\"name\":\"Mathieu\",\"image\":{\"@type\":\"ImageObject\",\"inLanguage\":\"fr-FR\",\"@id\":\"https:\\\/\\\/secure.gravatar.com\\\/avatar\\\/aa9d3d24c83f2141e5e2709d0f63d09a99f6be6bb7a50abc4915838d9f54501a?s=96&d=mm&r=g\",\"url\":\"https:\\\/\\\/secure.gravatar.com\\\/avatar\\\/aa9d3d24c83f2141e5e2709d0f63d09a99f6be6bb7a50abc4915838d9f54501a?s=96&d=mm&r=g\",\"contentUrl\":\"https:\\\/\\\/secure.gravatar.com\\\/avatar\\\/aa9d3d24c83f2141e5e2709d0f63d09a99f6be6bb7a50abc4915838d9f54501a?s=96&d=mm&r=g\",\"caption\":\"Mathieu\"},\"url\":\"https:\\\/\\\/www.altercampagne.net\\\/?author=214\"}]}<\/script>\n<!-- \/ Yoast SEO plugin. -->","yoast_head_json":{"title":"Projections D\u00e9bat Notre Dame des Landes \u00e0 Foix - AlterTour","robots":{"index":"index","follow":"follow","max-snippet":"max-snippet:-1","max-image-preview":"max-image-preview:large","max-video-preview":"max-video-preview:-1"},"canonical":"https:\/\/www.altercampagne.net\/?p=3548","og_locale":"fr_FR","og_type":"article","og_title":"Projections D\u00e9bat Notre Dame des Landes \u00e0 Foix - AlterTour","og_description":"Le Festival R\u00e9sistances qui avait accueilli l&rsquo;AlterTour cet \u00e9t\u00e9 organise une soir\u00e9e &#8211; d\u00e9bat Notre-Dame-des-Landes jeudi 25 avril &#8211; \u00e0 partir de 18h Salle Polyvalente &#8211; Foix A la fin des ann\u00e9es 90, Jean-Marc Ayrault, alors maire de l\u2019agglom\u00e9ration nantaise, relance le projet d\u2019a\u00e9roport international sur la commune de Notre ... Read More","og_url":"https:\/\/www.altercampagne.net\/?p=3548","og_site_name":"AlterTour","article_published_time":"2013-04-17T14:13:00+00:00","article_modified_time":"2016-04-06T14:14:49+00:00","og_image":[{"url":"http:\/\/altercampagne.free.fr\/pages\/2008\/AlterTour\/pic\/AT2013-zadparrtout.jpg","type":"","width":"","height":""}],"author":"Mathieu","twitter_card":"summary_large_image","twitter_misc":{"\u00c9crit par":"Mathieu","Dur\u00e9e de lecture estim\u00e9e":"2 minutes"},"schema":{"@context":"https:\/\/schema.org","@graph":[{"@type":"Article","@id":"https:\/\/www.altercampagne.net\/?p=3548#article","isPartOf":{"@id":"https:\/\/www.altercampagne.net\/?p=3548"},"author":{"name":"Mathieu","@id":"https:\/\/www.altercampagne.net\/#\/schema\/person\/0f261460c09e430caa0f9bcffa319109"},"headline":"Projections D\u00e9bat Notre Dame des Landes \u00e0 Foix","datePublished":"2013-04-17T14:13:00+00:00","dateModified":"2016-04-06T14:14:49+00:00","mainEntityOfPage":{"@id":"https:\/\/www.altercampagne.net\/?p=3548"},"wordCount":377,"image":{"@id":"https:\/\/www.altercampagne.net\/?p=3548#primaryimage"},"thumbnailUrl":"http:\/\/altercampagne.free.fr\/pages\/2008\/AlterTour\/pic\/AT2013-zadparrtout.jpg","keywords":["Notre Dame des Landes","zad","AlterTour 2012","Foix","Festival R\u00e9sistances","zadistes"],"inLanguage":"fr-FR"},{"@type":"WebPage","@id":"https:\/\/www.altercampagne.net\/?p=3548","url":"https:\/\/www.altercampagne.net\/?p=3548","name":"Projections D\u00e9bat Notre Dame des Landes \u00e0 Foix - AlterTour","isPartOf":{"@id":"https:\/\/www.altercampagne.net\/#website"},"primaryImageOfPage":{"@id":"https:\/\/www.altercampagne.net\/?p=3548#primaryimage"},"image":{"@id":"https:\/\/www.altercampagne.net\/?p=3548#primaryimage"},"thumbnailUrl":"http:\/\/altercampagne.free.fr\/pages\/2008\/AlterTour\/pic\/AT2013-zadparrtout.jpg","datePublished":"2013-04-17T14:13:00+00:00","dateModified":"2016-04-06T14:14:49+00:00","author":{"@id":"https:\/\/www.altercampagne.net\/#\/schema\/person\/0f261460c09e430caa0f9bcffa319109"},"breadcrumb":{"@id":"https:\/\/www.altercampagne.net\/?p=3548#breadcrumb"},"inLanguage":"fr-FR","potentialAction":[{"@type":"ReadAction","target":["https:\/\/www.altercampagne.net\/?p=3548"]}]},{"@type":"ImageObject","inLanguage":"fr-FR","@id":"https:\/\/www.altercampagne.net\/?p=3548#primaryimage","url":"http:\/\/altercampagne.free.fr\/pages\/2008\/AlterTour\/pic\/AT2013-zadparrtout.jpg","contentUrl":"http:\/\/altercampagne.free.fr\/pages\/2008\/AlterTour\/pic\/AT2013-zadparrtout.jpg"},{"@type":"BreadcrumbList","@id":"https:\/\/www.altercampagne.net\/?p=3548#breadcrumb","itemListElement":[{"@type":"ListItem","position":1,"name":"Accueil","item":"https:\/\/www.altercampagne.net\/"},{"@type":"ListItem","position":2,"name":"Projections D\u00e9bat Notre Dame des Landes \u00e0 Foix"}]},{"@type":"WebSite","@id":"https:\/\/www.altercampagne.net\/#website","url":"https:\/\/www.altercampagne.net\/","name":"AlterTour","description":"Reliez les Alternatives \u00e0 v\u00e9lo","potentialAction":[{"@type":"SearchAction","target":{"@type":"EntryPoint","urlTemplate":"https:\/\/www.altercampagne.net\/?s={search_term_string}"},"query-input":{"@type":"PropertyValueSpecification","valueRequired":true,"valueName":"search_term_string"}}],"inLanguage":"fr-FR"},{"@type":"Person","@id":"https:\/\/www.altercampagne.net\/#\/schema\/person\/0f261460c09e430caa0f9bcffa319109","name":"Mathieu","image":{"@type":"ImageObject","inLanguage":"fr-FR","@id":"https:\/\/secure.gravatar.com\/avatar\/aa9d3d24c83f2141e5e2709d0f63d09a99f6be6bb7a50abc4915838d9f54501a?s=96&d=mm&r=g","url":"https:\/\/secure.gravatar.com\/avatar\/aa9d3d24c83f2141e5e2709d0f63d09a99f6be6bb7a50abc4915838d9f54501a?s=96&d=mm&r=g","contentUrl":"https:\/\/secure.gravatar.com\/avatar\/aa9d3d24c83f2141e5e2709d0f63d09a99f6be6bb7a50abc4915838d9f54501a?s=96&d=mm&r=g","caption":"Mathieu"},"url":"https:\/\/www.altercampagne.net\/?author=214"}]}},"_links":{"self":[{"href":"https:\/\/www.altercampagne.net\/index.php?rest_route=\/wp\/v2\/posts\/3548","targetHints":{"allow":["GET"]}}],"collection":[{"href":"https:\/\/www.altercampagne.net\/index.php?rest_route=\/wp\/v2\/posts"}],"about":[{"href":"https:\/\/www.altercampagne.net\/index.php?rest_route=\/wp\/v2\/types\/post"}],"author":[{"embeddable":true,"href":"https:\/\/www.altercampagne.net\/index.php?rest_route=\/wp\/v2\/users\/214"}],"replies":[{"embeddable":true,"href":"https:\/\/www.altercampagne.net\/index.php?rest_route=%2Fwp%2Fv2%2Fcomments&post=3548"}],"version-history":[{"count":0,"href":"https:\/\/www.altercampagne.net\/index.php?rest_route=\/wp\/v2\/posts\/3548\/revisions"}],"wp:attachment":[{"href":"https:\/\/www.altercampagne.net\/index.php?rest_route=%2Fwp%2Fv2%2Fmedia&parent=3548"}],"wp:term":[{"taxonomy":"category","embeddable":true,"href":"https:\/\/www.altercampagne.net\/index.php?rest_route=%2Fwp%2Fv2%2Fcategories&post=3548"},{"taxonomy":"post_tag","embeddable":true,"href":"https:\/\/www.altercampagne.net\/index.php?rest_route=%2Fwp%2Fv2%2Ftags&post=3548"}],"curies":[{"name":"wp","href":"https:\/\/api.w.org\/{rel}","templated":true}]}}