{"id":3552,"date":"2013-04-11T16:18:12","date_gmt":"2013-04-11T14:18:12","guid":{"rendered":"http:\/\/www.altercampagne.net\/?p=3552"},"modified":"2016-04-06T16:22:57","modified_gmt":"2016-04-06T14:22:57","slug":"sortie-du-film-transition-au-pays","status":"publish","type":"post","link":"https:\/\/www.altercampagne.net\/?p=3552","title":{"rendered":"Sortie du film \u00ab Transition au pays \u00bb"},"content":{"rendered":"<p class=\"Style271 Style138 Style152\" align=\"justify\">Au cours de l&rsquo;\u00e9t\u00e9 2012, l&rsquo;AlterTour visitait les Alternatives du Sud-Ouest de la France.<\/p>\n<p class=\"Style271 Style138 Style152\" align=\"justify\">Nous avons crois\u00e9 la route d&rsquo;un groupe de citoyens de S\u00e9naillac-Lauz\u00e8s engag\u00e9s dans une d\u00e9marche de transition dans leur village.<\/p>\n<p class=\"Style271 Style138 Style152\" align=\"justify\">Ils tournaient alors le film \u00ab Transition au pays \u00bb.<\/p>\n<p class=\"Style271 Style138 Style152\" align=\"justify\">La transition est un mouvement originaire de Grande-Bretagne qui a essaim\u00e9 de par le monde et jusqu\u2019en France o\u00f9 il rejoint dans ses constats et son approche une multiplicit\u00e9 d\u2018initiatives qui visent \u00e0 pr\u00e9parer le monde de demain.<\/p>\n<p class=\"Style271 Style138 Style152\" align=\"justify\">En 2011, un collectif se constitue sur le Causse lotois et lance un projet fou : recenser les initiatives de transition sur le d\u00e9partement et les pr\u00e9senter dans un film documentaire.<\/p>\n<p class=\"Style271 Style138 Style152\" align=\"justify\"><span class=\"Style271 Style138 Style152\">Un jeune \u00e9tudiant en cin\u00e9ma et une \u00e9quipe de b\u00e9n\u00e9voles de tous \u00e2ges s\u2019engagent dans une s\u00e9rie de rencontres avec les individus, collectifs et associations qui, par leurs exp\u00e9rimentations agricoles, culturelles, sociales, architecturales et environnementales, se mobilisent pour pr\u00e9parer une transition \u00e9nerg\u00e9tique vers le monde de demain. Le financement du film, sa r\u00e9alisation et sa diffusion se concr\u00e9tisent rapidement et les premi\u00e8res projections r\u00e9unissent plusieurs centaines de personnes un an apr\u00e8s le d\u00e9but du projet.<\/span><\/p>\n<p><iframe loading=\"lazy\" src=\"https:\/\/www.youtube.com\/embed\/fbozz4TbGcY\" width=\"560\" height=\"315\" frameborder=\"0\" allowfullscreen=\"allowfullscreen\"><\/iframe><\/p>\n","protected":false},"excerpt":{"rendered":"<p>Au cours de l&rsquo;\u00e9t\u00e9 2012, l&rsquo;AlterTour visitait les Alternatives du Sud-Ouest de la France. Nous avons crois\u00e9 la route d&rsquo;un groupe de citoyens de S\u00e9naillac-Lauz\u00e8s engag\u00e9s dans une d\u00e9marche de transition dans leur village. Ils tournaient alors le film \u00ab Transition au pays \u00bb. La transition est un mouvement originaire &#8230; <\/p>\n<div><a href=\"https:\/\/www.altercampagne.net\/?p=3552\" class=\"more-link\">Read More<\/a><\/div>\n","protected":false},"author":214,"featured_media":0,"comment_status":"closed","ping_status":"closed","sticky":false,"template":"","format":"standard","meta":{"footnotes":""},"categories":[1],"tags":[280,852,1026,1027],"class_list":["post-3552","post","type-post","status-publish","format-standard","hentry","category-non-classe","tag-film","tag-altertour-2012","tag-transition-au-pays","tag-senaillac-lauzes","no-post-thumbnail"],"yoast_head":"<!-- This site is optimized with the Yoast SEO plugin v27.3 - https:\/\/yoast.com\/product\/yoast-seo-wordpress\/ -->\n<title>Sortie du film \u00ab Transition au pays \u00bb - AlterTour<\/title>\n<meta name=\"robots\" content=\"index, follow, max-snippet:-1, max-image-preview:large, max-video-preview:-1\" \/>\n<link rel=\"canonical\" href=\"https:\/\/www.altercampagne.net\/?p=3552\" \/>\n<meta property=\"og:locale\" content=\"fr_FR\" \/>\n<meta property=\"og:type\" content=\"article\" \/>\n<meta property=\"og:title\" content=\"Sortie du film \u00ab Transition au pays \u00bb - AlterTour\" \/>\n<meta property=\"og:description\" content=\"Au cours de l&rsquo;\u00e9t\u00e9 2012, l&rsquo;AlterTour visitait les Alternatives du Sud-Ouest de la France. Nous avons crois\u00e9 la route d&rsquo;un groupe de citoyens de S\u00e9naillac-Lauz\u00e8s engag\u00e9s dans une d\u00e9marche de transition dans leur village. Ils tournaient alors le film \u00ab Transition au pays \u00bb. La transition est un mouvement originaire ... Read More\" \/>\n<meta property=\"og:url\" content=\"https:\/\/www.altercampagne.net\/?p=3552\" \/>\n<meta property=\"og:site_name\" content=\"AlterTour\" \/>\n<meta property=\"article:published_time\" content=\"2013-04-11T14:18:12+00:00\" \/>\n<meta property=\"article:modified_time\" content=\"2016-04-06T14:22:57+00:00\" \/>\n<meta name=\"author\" content=\"Mathieu\" \/>\n<meta name=\"twitter:card\" content=\"summary_large_image\" \/>\n<meta name=\"twitter:label1\" content=\"\u00c9crit par\" \/>\n\t<meta name=\"twitter:data1\" content=\"Mathieu\" \/>\n\t<meta name=\"twitter:label2\" content=\"Dur\u00e9e de lecture estim\u00e9e\" \/>\n\t<meta name=\"twitter:data2\" content=\"1 minute\" \/>\n<script type=\"application\/ld+json\" class=\"yoast-schema-graph\">{\"@context\":\"https:\\\/\\\/schema.org\",\"@graph\":[{\"@type\":\"Article\",\"@id\":\"https:\\\/\\\/www.altercampagne.net\\\/?p=3552#article\",\"isPartOf\":{\"@id\":\"https:\\\/\\\/www.altercampagne.net\\\/?p=3552\"},\"author\":{\"name\":\"Mathieu\",\"@id\":\"https:\\\/\\\/www.altercampagne.net\\\/#\\\/schema\\\/person\\\/0f261460c09e430caa0f9bcffa319109\"},\"headline\":\"Sortie du film \u00ab Transition au pays \u00bb\",\"datePublished\":\"2013-04-11T14:18:12+00:00\",\"dateModified\":\"2016-04-06T14:22:57+00:00\",\"mainEntityOfPage\":{\"@id\":\"https:\\\/\\\/www.altercampagne.net\\\/?p=3552\"},\"wordCount\":214,\"keywords\":[\"film\",\"AlterTour 2012\",\"Transition au pays\",\"S\u00e9naillac-Lauz\u00e8s\"],\"inLanguage\":\"fr-FR\"},{\"@type\":\"WebPage\",\"@id\":\"https:\\\/\\\/www.altercampagne.net\\\/?p=3552\",\"url\":\"https:\\\/\\\/www.altercampagne.net\\\/?p=3552\",\"name\":\"Sortie du film \u00ab Transition au pays \u00bb - AlterTour\",\"isPartOf\":{\"@id\":\"https:\\\/\\\/www.altercampagne.net\\\/#website\"},\"datePublished\":\"2013-04-11T14:18:12+00:00\",\"dateModified\":\"2016-04-06T14:22:57+00:00\",\"author\":{\"@id\":\"https:\\\/\\\/www.altercampagne.net\\\/#\\\/schema\\\/person\\\/0f261460c09e430caa0f9bcffa319109\"},\"breadcrumb\":{\"@id\":\"https:\\\/\\\/www.altercampagne.net\\\/?p=3552#breadcrumb\"},\"inLanguage\":\"fr-FR\",\"potentialAction\":[{\"@type\":\"ReadAction\",\"target\":[\"https:\\\/\\\/www.altercampagne.net\\\/?p=3552\"]}]},{\"@type\":\"BreadcrumbList\",\"@id\":\"https:\\\/\\\/www.altercampagne.net\\\/?p=3552#breadcrumb\",\"itemListElement\":[{\"@type\":\"ListItem\",\"position\":1,\"name\":\"Accueil\",\"item\":\"https:\\\/\\\/www.altercampagne.net\\\/\"},{\"@type\":\"ListItem\",\"position\":2,\"name\":\"Sortie du film \u00ab Transition au pays \u00bb\"}]},{\"@type\":\"WebSite\",\"@id\":\"https:\\\/\\\/www.altercampagne.net\\\/#website\",\"url\":\"https:\\\/\\\/www.altercampagne.net\\\/\",\"name\":\"AlterTour\",\"description\":\"Reliez les Alternatives \u00e0 v\u00e9lo\",\"potentialAction\":[{\"@type\":\"SearchAction\",\"target\":{\"@type\":\"EntryPoint\",\"urlTemplate\":\"https:\\\/\\\/www.altercampagne.net\\\/?s={search_term_string}\"},\"query-input\":{\"@type\":\"PropertyValueSpecification\",\"valueRequired\":true,\"valueName\":\"search_term_string\"}}],\"inLanguage\":\"fr-FR\"},{\"@type\":\"Person\",\"@id\":\"https:\\\/\\\/www.altercampagne.net\\\/#\\\/schema\\\/person\\\/0f261460c09e430caa0f9bcffa319109\",\"name\":\"Mathieu\",\"image\":{\"@type\":\"ImageObject\",\"inLanguage\":\"fr-FR\",\"@id\":\"https:\\\/\\\/secure.gravatar.com\\\/avatar\\\/aa9d3d24c83f2141e5e2709d0f63d09a99f6be6bb7a50abc4915838d9f54501a?s=96&d=mm&r=g\",\"url\":\"https:\\\/\\\/secure.gravatar.com\\\/avatar\\\/aa9d3d24c83f2141e5e2709d0f63d09a99f6be6bb7a50abc4915838d9f54501a?s=96&d=mm&r=g\",\"contentUrl\":\"https:\\\/\\\/secure.gravatar.com\\\/avatar\\\/aa9d3d24c83f2141e5e2709d0f63d09a99f6be6bb7a50abc4915838d9f54501a?s=96&d=mm&r=g\",\"caption\":\"Mathieu\"},\"url\":\"https:\\\/\\\/www.altercampagne.net\\\/?author=214\"}]}<\/script>\n<!-- \/ Yoast SEO plugin. -->","yoast_head_json":{"title":"Sortie du film \u00ab Transition au pays \u00bb - AlterTour","robots":{"index":"index","follow":"follow","max-snippet":"max-snippet:-1","max-image-preview":"max-image-preview:large","max-video-preview":"max-video-preview:-1"},"canonical":"https:\/\/www.altercampagne.net\/?p=3552","og_locale":"fr_FR","og_type":"article","og_title":"Sortie du film \u00ab Transition au pays \u00bb - AlterTour","og_description":"Au cours de l&rsquo;\u00e9t\u00e9 2012, l&rsquo;AlterTour visitait les Alternatives du Sud-Ouest de la France. Nous avons crois\u00e9 la route d&rsquo;un groupe de citoyens de S\u00e9naillac-Lauz\u00e8s engag\u00e9s dans une d\u00e9marche de transition dans leur village. Ils tournaient alors le film \u00ab Transition au pays \u00bb. La transition est un mouvement originaire ... Read More","og_url":"https:\/\/www.altercampagne.net\/?p=3552","og_site_name":"AlterTour","article_published_time":"2013-04-11T14:18:12+00:00","article_modified_time":"2016-04-06T14:22:57+00:00","author":"Mathieu","twitter_card":"summary_large_image","twitter_misc":{"\u00c9crit par":"Mathieu","Dur\u00e9e de lecture estim\u00e9e":"1 minute"},"schema":{"@context":"https:\/\/schema.org","@graph":[{"@type":"Article","@id":"https:\/\/www.altercampagne.net\/?p=3552#article","isPartOf":{"@id":"https:\/\/www.altercampagne.net\/?p=3552"},"author":{"name":"Mathieu","@id":"https:\/\/www.altercampagne.net\/#\/schema\/person\/0f261460c09e430caa0f9bcffa319109"},"headline":"Sortie du film \u00ab Transition au pays \u00bb","datePublished":"2013-04-11T14:18:12+00:00","dateModified":"2016-04-06T14:22:57+00:00","mainEntityOfPage":{"@id":"https:\/\/www.altercampagne.net\/?p=3552"},"wordCount":214,"keywords":["film","AlterTour 2012","Transition au pays","S\u00e9naillac-Lauz\u00e8s"],"inLanguage":"fr-FR"},{"@type":"WebPage","@id":"https:\/\/www.altercampagne.net\/?p=3552","url":"https:\/\/www.altercampagne.net\/?p=3552","name":"Sortie du film \u00ab Transition au pays \u00bb - AlterTour","isPartOf":{"@id":"https:\/\/www.altercampagne.net\/#website"},"datePublished":"2013-04-11T14:18:12+00:00","dateModified":"2016-04-06T14:22:57+00:00","author":{"@id":"https:\/\/www.altercampagne.net\/#\/schema\/person\/0f261460c09e430caa0f9bcffa319109"},"breadcrumb":{"@id":"https:\/\/www.altercampagne.net\/?p=3552#breadcrumb"},"inLanguage":"fr-FR","potentialAction":[{"@type":"ReadAction","target":["https:\/\/www.altercampagne.net\/?p=3552"]}]},{"@type":"BreadcrumbList","@id":"https:\/\/www.altercampagne.net\/?p=3552#breadcrumb","itemListElement":[{"@type":"ListItem","position":1,"name":"Accueil","item":"https:\/\/www.altercampagne.net\/"},{"@type":"ListItem","position":2,"name":"Sortie du film \u00ab Transition au pays \u00bb"}]},{"@type":"WebSite","@id":"https:\/\/www.altercampagne.net\/#website","url":"https:\/\/www.altercampagne.net\/","name":"AlterTour","description":"Reliez les Alternatives \u00e0 v\u00e9lo","potentialAction":[{"@type":"SearchAction","target":{"@type":"EntryPoint","urlTemplate":"https:\/\/www.altercampagne.net\/?s={search_term_string}"},"query-input":{"@type":"PropertyValueSpecification","valueRequired":true,"valueName":"search_term_string"}}],"inLanguage":"fr-FR"},{"@type":"Person","@id":"https:\/\/www.altercampagne.net\/#\/schema\/person\/0f261460c09e430caa0f9bcffa319109","name":"Mathieu","image":{"@type":"ImageObject","inLanguage":"fr-FR","@id":"https:\/\/secure.gravatar.com\/avatar\/aa9d3d24c83f2141e5e2709d0f63d09a99f6be6bb7a50abc4915838d9f54501a?s=96&d=mm&r=g","url":"https:\/\/secure.gravatar.com\/avatar\/aa9d3d24c83f2141e5e2709d0f63d09a99f6be6bb7a50abc4915838d9f54501a?s=96&d=mm&r=g","contentUrl":"https:\/\/secure.gravatar.com\/avatar\/aa9d3d24c83f2141e5e2709d0f63d09a99f6be6bb7a50abc4915838d9f54501a?s=96&d=mm&r=g","caption":"Mathieu"},"url":"https:\/\/www.altercampagne.net\/?author=214"}]}},"_links":{"self":[{"href":"https:\/\/www.altercampagne.net\/index.php?rest_route=\/wp\/v2\/posts\/3552","targetHints":{"allow":["GET"]}}],"collection":[{"href":"https:\/\/www.altercampagne.net\/index.php?rest_route=\/wp\/v2\/posts"}],"about":[{"href":"https:\/\/www.altercampagne.net\/index.php?rest_route=\/wp\/v2\/types\/post"}],"author":[{"embeddable":true,"href":"https:\/\/www.altercampagne.net\/index.php?rest_route=\/wp\/v2\/users\/214"}],"replies":[{"embeddable":true,"href":"https:\/\/www.altercampagne.net\/index.php?rest_route=%2Fwp%2Fv2%2Fcomments&post=3552"}],"version-history":[{"count":0,"href":"https:\/\/www.altercampagne.net\/index.php?rest_route=\/wp\/v2\/posts\/3552\/revisions"}],"wp:attachment":[{"href":"https:\/\/www.altercampagne.net\/index.php?rest_route=%2Fwp%2Fv2%2Fmedia&parent=3552"}],"wp:term":[{"taxonomy":"category","embeddable":true,"href":"https:\/\/www.altercampagne.net\/index.php?rest_route=%2Fwp%2Fv2%2Fcategories&post=3552"},{"taxonomy":"post_tag","embeddable":true,"href":"https:\/\/www.altercampagne.net\/index.php?rest_route=%2Fwp%2Fv2%2Ftags&post=3552"}],"curies":[{"name":"wp","href":"https:\/\/api.w.org\/{rel}","templated":true}]}}