{"id":3556,"date":"2013-03-15T16:26:17","date_gmt":"2013-03-15T15:26:17","guid":{"rendered":"http:\/\/www.altercampagne.net\/?p=3556"},"modified":"2016-04-06T16:28:33","modified_gmt":"2016-04-06T14:28:33","slug":"pierre-rabhi-etait-linvite-dempreintes-sur-france-5","status":"publish","type":"post","link":"https:\/\/www.altercampagne.net\/?p=3556","title":{"rendered":"Pierre Rabhi \u00e9tait l&rsquo;invit\u00e9 d&rsquo;Empreintes sur France 5"},"content":{"rendered":"<p>Pierre Rabhi, parrain de l&rsquo;AlterTour 2011, \u00e9tait l&rsquo;invit\u00e9 de l&rsquo;\u00e9mission Empreintes sur France 5 le 15 mars 2013<\/p>\n<p class=\"Style271 Style138\" align=\"justify\">Retour sur le parcours de Pierre Rabhi, agriculteur, philosophe et essayiste fran\u00e7ais d&rsquo;origine alg\u00e9rienne. Ce dernier est l&rsquo;inventeur du concept de \u00absobri\u00e9t\u00e9 heureuse\u00bb. A travers le monde, il est reconnu comme l&rsquo;un des experts internationaux de r\u00e9f\u00e9rence en mati\u00e8re de s\u00e9curit\u00e9 alimentaire. En Ard\u00e8che, dans son refuge, l&rsquo;homme se confie sur son enfance pass\u00e9e en Alg\u00e9rie et \u00e0 Paris.<\/p>\n<p class=\"Style271 Style138\" align=\"justify\">Il revient sur la d\u00e9cision la plus importante de sa vie : quitter avec sa femme le monde industriel de la banlieue parisienne pour l&rsquo;univers rural de l&rsquo;Ard\u00e8che. De cette exp\u00e9rience, il en tire un nouveau mod\u00e8le de soci\u00e9t\u00e9 bas\u00e9 sur \u00abl&rsquo;agro-\u00e9cologie\u00bb.<\/p>\n<p class=\"Style271 Style138\" align=\"justify\">Ce nouveau paradigme propose une soci\u00e9t\u00e9 plus g\u00e9n\u00e9reuse pour l&rsquo;Homme et la Terre.<\/p>\n<p><iframe loading=\"lazy\" src=\"https:\/\/www.youtube.com\/embed\/fmCDX2tkSkI\" width=\"560\" height=\"315\" frameborder=\"0\" allowfullscreen=\"allowfullscreen\"><\/iframe><\/p>\n","protected":false},"excerpt":{"rendered":"<p>Pierre Rabhi, parrain de l&rsquo;AlterTour 2011, \u00e9tait l&rsquo;invit\u00e9 de l&rsquo;\u00e9mission Empreintes sur France 5 le 15 mars 2013 Retour sur le parcours de Pierre Rabhi, agriculteur, philosophe et essayiste fran\u00e7ais d&rsquo;origine alg\u00e9rienne. Ce dernier est l&rsquo;inventeur du concept de \u00absobri\u00e9t\u00e9 heureuse\u00bb. A travers le monde, il est reconnu comme l&rsquo;un &#8230; <\/p>\n<div><a href=\"https:\/\/www.altercampagne.net\/?p=3556\" class=\"more-link\">Read More<\/a><\/div>\n","protected":false},"author":214,"featured_media":0,"comment_status":"closed","ping_status":"closed","sticky":false,"template":"","format":"standard","meta":{"footnotes":""},"categories":[1],"tags":[678,835,836,1030],"class_list":["post-3556","post","type-post","status-publish","format-standard","hentry","category-non-classe","tag-sobriete-heureuse","tag-pierre-rabhi","tag-altertour-2011","tag-agro-ecologie","no-post-thumbnail"],"yoast_head":"<!-- This site is optimized with the Yoast SEO plugin v27.3 - https:\/\/yoast.com\/product\/yoast-seo-wordpress\/ -->\n<title>Pierre Rabhi \u00e9tait l&#039;invit\u00e9 d&#039;Empreintes sur France 5 - AlterTour<\/title>\n<meta name=\"robots\" content=\"index, follow, max-snippet:-1, max-image-preview:large, max-video-preview:-1\" \/>\n<link rel=\"canonical\" href=\"https:\/\/www.altercampagne.net\/?p=3556\" \/>\n<meta property=\"og:locale\" content=\"fr_FR\" \/>\n<meta property=\"og:type\" content=\"article\" \/>\n<meta property=\"og:title\" content=\"Pierre Rabhi \u00e9tait l&#039;invit\u00e9 d&#039;Empreintes sur France 5 - AlterTour\" \/>\n<meta property=\"og:description\" content=\"Pierre Rabhi, parrain de l&rsquo;AlterTour 2011, \u00e9tait l&rsquo;invit\u00e9 de l&rsquo;\u00e9mission Empreintes sur France 5 le 15 mars 2013 Retour sur le parcours de Pierre Rabhi, agriculteur, philosophe et essayiste fran\u00e7ais d&rsquo;origine alg\u00e9rienne. Ce dernier est l&rsquo;inventeur du concept de \u00absobri\u00e9t\u00e9 heureuse\u00bb. A travers le monde, il est reconnu comme l&rsquo;un ... Read More\" \/>\n<meta property=\"og:url\" content=\"https:\/\/www.altercampagne.net\/?p=3556\" \/>\n<meta property=\"og:site_name\" content=\"AlterTour\" \/>\n<meta property=\"article:published_time\" content=\"2013-03-15T15:26:17+00:00\" \/>\n<meta property=\"article:modified_time\" content=\"2016-04-06T14:28:33+00:00\" \/>\n<meta name=\"author\" content=\"Mathieu\" \/>\n<meta name=\"twitter:card\" content=\"summary_large_image\" \/>\n<meta name=\"twitter:label1\" content=\"\u00c9crit par\" \/>\n\t<meta name=\"twitter:data1\" content=\"Mathieu\" \/>\n\t<meta name=\"twitter:label2\" content=\"Dur\u00e9e de lecture estim\u00e9e\" \/>\n\t<meta name=\"twitter:data2\" content=\"1 minute\" \/>\n<script type=\"application\/ld+json\" class=\"yoast-schema-graph\">{\"@context\":\"https:\\\/\\\/schema.org\",\"@graph\":[{\"@type\":\"Article\",\"@id\":\"https:\\\/\\\/www.altercampagne.net\\\/?p=3556#article\",\"isPartOf\":{\"@id\":\"https:\\\/\\\/www.altercampagne.net\\\/?p=3556\"},\"author\":{\"name\":\"Mathieu\",\"@id\":\"https:\\\/\\\/www.altercampagne.net\\\/#\\\/schema\\\/person\\\/0f261460c09e430caa0f9bcffa319109\"},\"headline\":\"Pierre Rabhi \u00e9tait l&rsquo;invit\u00e9 d&rsquo;Empreintes sur France 5\",\"datePublished\":\"2013-03-15T15:26:17+00:00\",\"dateModified\":\"2016-04-06T14:28:33+00:00\",\"mainEntityOfPage\":{\"@id\":\"https:\\\/\\\/www.altercampagne.net\\\/?p=3556\"},\"wordCount\":165,\"keywords\":[\"sobri\u00e9t\u00e9 heureuse\",\"Pierre Rabhi\",\"AlterTour 2011\",\"agro-\u00e9cologie\"],\"inLanguage\":\"fr-FR\"},{\"@type\":\"WebPage\",\"@id\":\"https:\\\/\\\/www.altercampagne.net\\\/?p=3556\",\"url\":\"https:\\\/\\\/www.altercampagne.net\\\/?p=3556\",\"name\":\"Pierre Rabhi \u00e9tait l'invit\u00e9 d'Empreintes sur France 5 - AlterTour\",\"isPartOf\":{\"@id\":\"https:\\\/\\\/www.altercampagne.net\\\/#website\"},\"datePublished\":\"2013-03-15T15:26:17+00:00\",\"dateModified\":\"2016-04-06T14:28:33+00:00\",\"author\":{\"@id\":\"https:\\\/\\\/www.altercampagne.net\\\/#\\\/schema\\\/person\\\/0f261460c09e430caa0f9bcffa319109\"},\"breadcrumb\":{\"@id\":\"https:\\\/\\\/www.altercampagne.net\\\/?p=3556#breadcrumb\"},\"inLanguage\":\"fr-FR\",\"potentialAction\":[{\"@type\":\"ReadAction\",\"target\":[\"https:\\\/\\\/www.altercampagne.net\\\/?p=3556\"]}]},{\"@type\":\"BreadcrumbList\",\"@id\":\"https:\\\/\\\/www.altercampagne.net\\\/?p=3556#breadcrumb\",\"itemListElement\":[{\"@type\":\"ListItem\",\"position\":1,\"name\":\"Accueil\",\"item\":\"https:\\\/\\\/www.altercampagne.net\\\/\"},{\"@type\":\"ListItem\",\"position\":2,\"name\":\"Pierre Rabhi \u00e9tait l&rsquo;invit\u00e9 d&rsquo;Empreintes sur France 5\"}]},{\"@type\":\"WebSite\",\"@id\":\"https:\\\/\\\/www.altercampagne.net\\\/#website\",\"url\":\"https:\\\/\\\/www.altercampagne.net\\\/\",\"name\":\"AlterTour\",\"description\":\"Reliez les Alternatives \u00e0 v\u00e9lo\",\"potentialAction\":[{\"@type\":\"SearchAction\",\"target\":{\"@type\":\"EntryPoint\",\"urlTemplate\":\"https:\\\/\\\/www.altercampagne.net\\\/?s={search_term_string}\"},\"query-input\":{\"@type\":\"PropertyValueSpecification\",\"valueRequired\":true,\"valueName\":\"search_term_string\"}}],\"inLanguage\":\"fr-FR\"},{\"@type\":\"Person\",\"@id\":\"https:\\\/\\\/www.altercampagne.net\\\/#\\\/schema\\\/person\\\/0f261460c09e430caa0f9bcffa319109\",\"name\":\"Mathieu\",\"image\":{\"@type\":\"ImageObject\",\"inLanguage\":\"fr-FR\",\"@id\":\"https:\\\/\\\/secure.gravatar.com\\\/avatar\\\/aa9d3d24c83f2141e5e2709d0f63d09a99f6be6bb7a50abc4915838d9f54501a?s=96&d=mm&r=g\",\"url\":\"https:\\\/\\\/secure.gravatar.com\\\/avatar\\\/aa9d3d24c83f2141e5e2709d0f63d09a99f6be6bb7a50abc4915838d9f54501a?s=96&d=mm&r=g\",\"contentUrl\":\"https:\\\/\\\/secure.gravatar.com\\\/avatar\\\/aa9d3d24c83f2141e5e2709d0f63d09a99f6be6bb7a50abc4915838d9f54501a?s=96&d=mm&r=g\",\"caption\":\"Mathieu\"},\"url\":\"https:\\\/\\\/www.altercampagne.net\\\/?author=214\"}]}<\/script>\n<!-- \/ Yoast SEO plugin. -->","yoast_head_json":{"title":"Pierre Rabhi \u00e9tait l'invit\u00e9 d'Empreintes sur France 5 - AlterTour","robots":{"index":"index","follow":"follow","max-snippet":"max-snippet:-1","max-image-preview":"max-image-preview:large","max-video-preview":"max-video-preview:-1"},"canonical":"https:\/\/www.altercampagne.net\/?p=3556","og_locale":"fr_FR","og_type":"article","og_title":"Pierre Rabhi \u00e9tait l'invit\u00e9 d'Empreintes sur France 5 - AlterTour","og_description":"Pierre Rabhi, parrain de l&rsquo;AlterTour 2011, \u00e9tait l&rsquo;invit\u00e9 de l&rsquo;\u00e9mission Empreintes sur France 5 le 15 mars 2013 Retour sur le parcours de Pierre Rabhi, agriculteur, philosophe et essayiste fran\u00e7ais d&rsquo;origine alg\u00e9rienne. Ce dernier est l&rsquo;inventeur du concept de \u00absobri\u00e9t\u00e9 heureuse\u00bb. A travers le monde, il est reconnu comme l&rsquo;un ... Read More","og_url":"https:\/\/www.altercampagne.net\/?p=3556","og_site_name":"AlterTour","article_published_time":"2013-03-15T15:26:17+00:00","article_modified_time":"2016-04-06T14:28:33+00:00","author":"Mathieu","twitter_card":"summary_large_image","twitter_misc":{"\u00c9crit par":"Mathieu","Dur\u00e9e de lecture estim\u00e9e":"1 minute"},"schema":{"@context":"https:\/\/schema.org","@graph":[{"@type":"Article","@id":"https:\/\/www.altercampagne.net\/?p=3556#article","isPartOf":{"@id":"https:\/\/www.altercampagne.net\/?p=3556"},"author":{"name":"Mathieu","@id":"https:\/\/www.altercampagne.net\/#\/schema\/person\/0f261460c09e430caa0f9bcffa319109"},"headline":"Pierre Rabhi \u00e9tait l&rsquo;invit\u00e9 d&rsquo;Empreintes sur France 5","datePublished":"2013-03-15T15:26:17+00:00","dateModified":"2016-04-06T14:28:33+00:00","mainEntityOfPage":{"@id":"https:\/\/www.altercampagne.net\/?p=3556"},"wordCount":165,"keywords":["sobri\u00e9t\u00e9 heureuse","Pierre Rabhi","AlterTour 2011","agro-\u00e9cologie"],"inLanguage":"fr-FR"},{"@type":"WebPage","@id":"https:\/\/www.altercampagne.net\/?p=3556","url":"https:\/\/www.altercampagne.net\/?p=3556","name":"Pierre Rabhi \u00e9tait l'invit\u00e9 d'Empreintes sur France 5 - AlterTour","isPartOf":{"@id":"https:\/\/www.altercampagne.net\/#website"},"datePublished":"2013-03-15T15:26:17+00:00","dateModified":"2016-04-06T14:28:33+00:00","author":{"@id":"https:\/\/www.altercampagne.net\/#\/schema\/person\/0f261460c09e430caa0f9bcffa319109"},"breadcrumb":{"@id":"https:\/\/www.altercampagne.net\/?p=3556#breadcrumb"},"inLanguage":"fr-FR","potentialAction":[{"@type":"ReadAction","target":["https:\/\/www.altercampagne.net\/?p=3556"]}]},{"@type":"BreadcrumbList","@id":"https:\/\/www.altercampagne.net\/?p=3556#breadcrumb","itemListElement":[{"@type":"ListItem","position":1,"name":"Accueil","item":"https:\/\/www.altercampagne.net\/"},{"@type":"ListItem","position":2,"name":"Pierre Rabhi \u00e9tait l&rsquo;invit\u00e9 d&rsquo;Empreintes sur France 5"}]},{"@type":"WebSite","@id":"https:\/\/www.altercampagne.net\/#website","url":"https:\/\/www.altercampagne.net\/","name":"AlterTour","description":"Reliez les Alternatives \u00e0 v\u00e9lo","potentialAction":[{"@type":"SearchAction","target":{"@type":"EntryPoint","urlTemplate":"https:\/\/www.altercampagne.net\/?s={search_term_string}"},"query-input":{"@type":"PropertyValueSpecification","valueRequired":true,"valueName":"search_term_string"}}],"inLanguage":"fr-FR"},{"@type":"Person","@id":"https:\/\/www.altercampagne.net\/#\/schema\/person\/0f261460c09e430caa0f9bcffa319109","name":"Mathieu","image":{"@type":"ImageObject","inLanguage":"fr-FR","@id":"https:\/\/secure.gravatar.com\/avatar\/aa9d3d24c83f2141e5e2709d0f63d09a99f6be6bb7a50abc4915838d9f54501a?s=96&d=mm&r=g","url":"https:\/\/secure.gravatar.com\/avatar\/aa9d3d24c83f2141e5e2709d0f63d09a99f6be6bb7a50abc4915838d9f54501a?s=96&d=mm&r=g","contentUrl":"https:\/\/secure.gravatar.com\/avatar\/aa9d3d24c83f2141e5e2709d0f63d09a99f6be6bb7a50abc4915838d9f54501a?s=96&d=mm&r=g","caption":"Mathieu"},"url":"https:\/\/www.altercampagne.net\/?author=214"}]}},"_links":{"self":[{"href":"https:\/\/www.altercampagne.net\/index.php?rest_route=\/wp\/v2\/posts\/3556","targetHints":{"allow":["GET"]}}],"collection":[{"href":"https:\/\/www.altercampagne.net\/index.php?rest_route=\/wp\/v2\/posts"}],"about":[{"href":"https:\/\/www.altercampagne.net\/index.php?rest_route=\/wp\/v2\/types\/post"}],"author":[{"embeddable":true,"href":"https:\/\/www.altercampagne.net\/index.php?rest_route=\/wp\/v2\/users\/214"}],"replies":[{"embeddable":true,"href":"https:\/\/www.altercampagne.net\/index.php?rest_route=%2Fwp%2Fv2%2Fcomments&post=3556"}],"version-history":[{"count":0,"href":"https:\/\/www.altercampagne.net\/index.php?rest_route=\/wp\/v2\/posts\/3556\/revisions"}],"wp:attachment":[{"href":"https:\/\/www.altercampagne.net\/index.php?rest_route=%2Fwp%2Fv2%2Fmedia&parent=3556"}],"wp:term":[{"taxonomy":"category","embeddable":true,"href":"https:\/\/www.altercampagne.net\/index.php?rest_route=%2Fwp%2Fv2%2Fcategories&post=3556"},{"taxonomy":"post_tag","embeddable":true,"href":"https:\/\/www.altercampagne.net\/index.php?rest_route=%2Fwp%2Fv2%2Ftags&post=3556"}],"curies":[{"name":"wp","href":"https:\/\/api.w.org\/{rel}","templated":true}]}}