{"id":3558,"date":"2013-03-15T16:28:43","date_gmt":"2013-03-15T15:28:43","guid":{"rendered":"http:\/\/www.altercampagne.net\/?p=3558"},"modified":"2016-04-06T16:30:59","modified_gmt":"2016-04-06T14:30:59","slug":"salon-des-bieres-et-du-vin-de-midi-pyrenees-les-13-et-14-avril","status":"publish","type":"post","link":"https:\/\/www.altercampagne.net\/?p=3558","title":{"rendered":"Salon des Bi\u00e8res et du Vin de Midi-Pyr\u00e9n\u00e9es les 13 et 14 avril"},"content":{"rendered":"<p class=\"Style271 Style138 Style152\" align=\"justify\"><img loading=\"lazy\" decoding=\"async\" class=\" alignleft\" src=\"http:\/\/altercampagne.free.fr\/pages\/2008\/AlterTour\/pic\/AT2013-Brasserie-des-vignes.jpg\" alt=\"\" width=\"330\" height=\"467\" \/>La Brasserie des Vignes, dans le Tarn, qui a accueilli l&rsquo;AlterTour les 20 et 22 juillet dernier, organise son premier \u00ab\u00a0Salon des Bi\u00e8res et du Vin de Midi-Pyr\u00e9n\u00e9es\u00a0\u00bb avec des brasseries artisanales locales (dont la Brasserie Garland et la Brasserie Joli Rouge o\u00f9 l&rsquo;AT \u00e9galement rencontr\u00e9s au court du parcours de l&rsquo;AlterTour 2012) et quelques vignerons pendant 2 jours, les 13 -14 avril prochains.<\/p>\n<p class=\"Style271 Style138 Style152\" align=\"justify\">Le salon sera agr\u00e9ment\u00e9 de conf\u00e9rences et d&rsquo;animations musicales qui vous permettront de passer un bon moment.<\/p>\n<p class=\"Style271 Style138 Style152\" align=\"justify\">Il r\u00e9unira les producteurs de bi\u00e8res et de vins de Midi Pyr\u00e9n\u00e9es associ\u00e9s \u00e0 quelques autres produits gastronomiques.<\/p>\n<p class=\"Style271 Style138 Style152\" align=\"justify\">Une occasion pour d\u00e9guster les productions de la r\u00e9gion, et pour d\u00e9couvrir le d\u00e9veloppement \u00e9conomique de ces structures.<\/p>\n<p>Avec le lancement du premier whisky bio tarnais le 12 avril<br \/>\nEntr\u00e9e libre.<\/p>\n<p class=\"Style271 Style138 Style152\" align=\"justify\">Horaires :<br \/>\nSamedi : 15h00- 01h00<br \/>\nDimanche : 10h00 &#8211; 18h00<\/p>\n<p>Contact et renseignements: 06.22.38.16.10<\/p>\n<p class=\"Style271 Style138 Style152\" align=\"justify\">Les v\u00e9hicules et les v\u00e9los de l&rsquo;AlterTour \u00e9tant g\u00e9n\u00e9reusement stock\u00e9s \u00e0 la Brasserie des Vignes, nous envisageons d&rsquo;organiser un week de r\u00e9paration des v\u00e9los et de r\u00e9vision des v\u00e9hicules ce m\u00eame week-end.<\/p>\n","protected":false},"excerpt":{"rendered":"<p>La Brasserie des Vignes, dans le Tarn, qui a accueilli l&rsquo;AlterTour les 20 et 22 juillet dernier, organise son premier \u00ab\u00a0Salon des Bi\u00e8res et du Vin de Midi-Pyr\u00e9n\u00e9es\u00a0\u00bb avec des brasseries artisanales locales (dont la Brasserie Garland et la Brasserie Joli Rouge o\u00f9 l&rsquo;AT \u00e9galement rencontr\u00e9s au court du parcours &#8230; <\/p>\n<div><a href=\"https:\/\/www.altercampagne.net\/?p=3558\" class=\"more-link\">Read More<\/a><\/div>\n","protected":false},"author":214,"featured_media":0,"comment_status":"closed","ping_status":"closed","sticky":false,"template":"","format":"standard","meta":{"footnotes":""},"categories":[1],"tags":[852,1031,1032,1033,1034,1035],"class_list":["post-3558","post","type-post","status-publish","format-standard","hentry","category-non-classe","tag-altertour-2012","tag-brasserie-des-vignes","tag-salon-des-bieres-et-du-vin-de-midi-pyrenees","tag-brasserie-joli-rouge","tag-brasserie-garland","tag-whisky-bio-tarnais","no-post-thumbnail"],"yoast_head":"<!-- This site is optimized with the Yoast SEO plugin v27.3 - https:\/\/yoast.com\/product\/yoast-seo-wordpress\/ -->\n<title>Salon des Bi\u00e8res et du Vin de Midi-Pyr\u00e9n\u00e9es les 13 et 14 avril - AlterTour<\/title>\n<meta name=\"robots\" content=\"index, follow, max-snippet:-1, max-image-preview:large, max-video-preview:-1\" \/>\n<link rel=\"canonical\" href=\"https:\/\/www.altercampagne.net\/?p=3558\" \/>\n<meta property=\"og:locale\" content=\"fr_FR\" \/>\n<meta property=\"og:type\" content=\"article\" \/>\n<meta property=\"og:title\" content=\"Salon des Bi\u00e8res et du Vin de Midi-Pyr\u00e9n\u00e9es les 13 et 14 avril - AlterTour\" \/>\n<meta property=\"og:description\" content=\"La Brasserie des Vignes, dans le Tarn, qui a accueilli l&rsquo;AlterTour les 20 et 22 juillet dernier, organise son premier \u00ab\u00a0Salon des Bi\u00e8res et du Vin de Midi-Pyr\u00e9n\u00e9es\u00a0\u00bb avec des brasseries artisanales locales (dont la Brasserie Garland et la Brasserie Joli Rouge o\u00f9 l&rsquo;AT \u00e9galement rencontr\u00e9s au court du parcours ... Read More\" \/>\n<meta property=\"og:url\" content=\"https:\/\/www.altercampagne.net\/?p=3558\" \/>\n<meta property=\"og:site_name\" content=\"AlterTour\" \/>\n<meta property=\"article:published_time\" content=\"2013-03-15T15:28:43+00:00\" \/>\n<meta property=\"article:modified_time\" content=\"2016-04-06T14:30:59+00:00\" \/>\n<meta property=\"og:image\" content=\"http:\/\/altercampagne.free.fr\/pages\/2008\/AlterTour\/pic\/AT2013-Brasserie-des-vignes.jpg\" \/>\n<meta name=\"author\" content=\"Mathieu\" \/>\n<meta name=\"twitter:card\" content=\"summary_large_image\" \/>\n<meta name=\"twitter:label1\" content=\"\u00c9crit par\" \/>\n\t<meta name=\"twitter:data1\" content=\"Mathieu\" \/>\n\t<meta name=\"twitter:label2\" content=\"Dur\u00e9e de lecture estim\u00e9e\" \/>\n\t<meta name=\"twitter:data2\" content=\"1 minute\" \/>\n<script type=\"application\/ld+json\" class=\"yoast-schema-graph\">{\"@context\":\"https:\\\/\\\/schema.org\",\"@graph\":[{\"@type\":\"Article\",\"@id\":\"https:\\\/\\\/www.altercampagne.net\\\/?p=3558#article\",\"isPartOf\":{\"@id\":\"https:\\\/\\\/www.altercampagne.net\\\/?p=3558\"},\"author\":{\"name\":\"Mathieu\",\"@id\":\"https:\\\/\\\/www.altercampagne.net\\\/#\\\/schema\\\/person\\\/0f261460c09e430caa0f9bcffa319109\"},\"headline\":\"Salon des Bi\u00e8res et du Vin de Midi-Pyr\u00e9n\u00e9es les 13 et 14 avril\",\"datePublished\":\"2013-03-15T15:28:43+00:00\",\"dateModified\":\"2016-04-06T14:30:59+00:00\",\"mainEntityOfPage\":{\"@id\":\"https:\\\/\\\/www.altercampagne.net\\\/?p=3558\"},\"wordCount\":212,\"image\":{\"@id\":\"https:\\\/\\\/www.altercampagne.net\\\/?p=3558#primaryimage\"},\"thumbnailUrl\":\"http:\\\/\\\/altercampagne.free.fr\\\/pages\\\/2008\\\/AlterTour\\\/pic\\\/AT2013-Brasserie-des-vignes.jpg\",\"keywords\":[\"AlterTour 2012\",\"Brasserie des Vignes\",\"Salon des Bi\u00e8res et du Vin de Midi-Pyr\u00e9n\u00e9es\",\"Brasserie Joli Rouge\",\"Brasserie Garland\",\"whisky bio tarnais\"],\"inLanguage\":\"fr-FR\"},{\"@type\":\"WebPage\",\"@id\":\"https:\\\/\\\/www.altercampagne.net\\\/?p=3558\",\"url\":\"https:\\\/\\\/www.altercampagne.net\\\/?p=3558\",\"name\":\"Salon des Bi\u00e8res et du Vin de Midi-Pyr\u00e9n\u00e9es les 13 et 14 avril - AlterTour\",\"isPartOf\":{\"@id\":\"https:\\\/\\\/www.altercampagne.net\\\/#website\"},\"primaryImageOfPage\":{\"@id\":\"https:\\\/\\\/www.altercampagne.net\\\/?p=3558#primaryimage\"},\"image\":{\"@id\":\"https:\\\/\\\/www.altercampagne.net\\\/?p=3558#primaryimage\"},\"thumbnailUrl\":\"http:\\\/\\\/altercampagne.free.fr\\\/pages\\\/2008\\\/AlterTour\\\/pic\\\/AT2013-Brasserie-des-vignes.jpg\",\"datePublished\":\"2013-03-15T15:28:43+00:00\",\"dateModified\":\"2016-04-06T14:30:59+00:00\",\"author\":{\"@id\":\"https:\\\/\\\/www.altercampagne.net\\\/#\\\/schema\\\/person\\\/0f261460c09e430caa0f9bcffa319109\"},\"breadcrumb\":{\"@id\":\"https:\\\/\\\/www.altercampagne.net\\\/?p=3558#breadcrumb\"},\"inLanguage\":\"fr-FR\",\"potentialAction\":[{\"@type\":\"ReadAction\",\"target\":[\"https:\\\/\\\/www.altercampagne.net\\\/?p=3558\"]}]},{\"@type\":\"ImageObject\",\"inLanguage\":\"fr-FR\",\"@id\":\"https:\\\/\\\/www.altercampagne.net\\\/?p=3558#primaryimage\",\"url\":\"http:\\\/\\\/altercampagne.free.fr\\\/pages\\\/2008\\\/AlterTour\\\/pic\\\/AT2013-Brasserie-des-vignes.jpg\",\"contentUrl\":\"http:\\\/\\\/altercampagne.free.fr\\\/pages\\\/2008\\\/AlterTour\\\/pic\\\/AT2013-Brasserie-des-vignes.jpg\"},{\"@type\":\"BreadcrumbList\",\"@id\":\"https:\\\/\\\/www.altercampagne.net\\\/?p=3558#breadcrumb\",\"itemListElement\":[{\"@type\":\"ListItem\",\"position\":1,\"name\":\"Accueil\",\"item\":\"https:\\\/\\\/www.altercampagne.net\\\/\"},{\"@type\":\"ListItem\",\"position\":2,\"name\":\"Salon des Bi\u00e8res et du Vin de Midi-Pyr\u00e9n\u00e9es les 13 et 14 avril\"}]},{\"@type\":\"WebSite\",\"@id\":\"https:\\\/\\\/www.altercampagne.net\\\/#website\",\"url\":\"https:\\\/\\\/www.altercampagne.net\\\/\",\"name\":\"AlterTour\",\"description\":\"Reliez les Alternatives \u00e0 v\u00e9lo\",\"potentialAction\":[{\"@type\":\"SearchAction\",\"target\":{\"@type\":\"EntryPoint\",\"urlTemplate\":\"https:\\\/\\\/www.altercampagne.net\\\/?s={search_term_string}\"},\"query-input\":{\"@type\":\"PropertyValueSpecification\",\"valueRequired\":true,\"valueName\":\"search_term_string\"}}],\"inLanguage\":\"fr-FR\"},{\"@type\":\"Person\",\"@id\":\"https:\\\/\\\/www.altercampagne.net\\\/#\\\/schema\\\/person\\\/0f261460c09e430caa0f9bcffa319109\",\"name\":\"Mathieu\",\"image\":{\"@type\":\"ImageObject\",\"inLanguage\":\"fr-FR\",\"@id\":\"https:\\\/\\\/secure.gravatar.com\\\/avatar\\\/aa9d3d24c83f2141e5e2709d0f63d09a99f6be6bb7a50abc4915838d9f54501a?s=96&d=mm&r=g\",\"url\":\"https:\\\/\\\/secure.gravatar.com\\\/avatar\\\/aa9d3d24c83f2141e5e2709d0f63d09a99f6be6bb7a50abc4915838d9f54501a?s=96&d=mm&r=g\",\"contentUrl\":\"https:\\\/\\\/secure.gravatar.com\\\/avatar\\\/aa9d3d24c83f2141e5e2709d0f63d09a99f6be6bb7a50abc4915838d9f54501a?s=96&d=mm&r=g\",\"caption\":\"Mathieu\"},\"url\":\"https:\\\/\\\/www.altercampagne.net\\\/?author=214\"}]}<\/script>\n<!-- \/ Yoast SEO plugin. -->","yoast_head_json":{"title":"Salon des Bi\u00e8res et du Vin de Midi-Pyr\u00e9n\u00e9es les 13 et 14 avril - AlterTour","robots":{"index":"index","follow":"follow","max-snippet":"max-snippet:-1","max-image-preview":"max-image-preview:large","max-video-preview":"max-video-preview:-1"},"canonical":"https:\/\/www.altercampagne.net\/?p=3558","og_locale":"fr_FR","og_type":"article","og_title":"Salon des Bi\u00e8res et du Vin de Midi-Pyr\u00e9n\u00e9es les 13 et 14 avril - AlterTour","og_description":"La Brasserie des Vignes, dans le Tarn, qui a accueilli l&rsquo;AlterTour les 20 et 22 juillet dernier, organise son premier \u00ab\u00a0Salon des Bi\u00e8res et du Vin de Midi-Pyr\u00e9n\u00e9es\u00a0\u00bb avec des brasseries artisanales locales (dont la Brasserie Garland et la Brasserie Joli Rouge o\u00f9 l&rsquo;AT \u00e9galement rencontr\u00e9s au court du parcours ... Read More","og_url":"https:\/\/www.altercampagne.net\/?p=3558","og_site_name":"AlterTour","article_published_time":"2013-03-15T15:28:43+00:00","article_modified_time":"2016-04-06T14:30:59+00:00","og_image":[{"url":"http:\/\/altercampagne.free.fr\/pages\/2008\/AlterTour\/pic\/AT2013-Brasserie-des-vignes.jpg","type":"","width":"","height":""}],"author":"Mathieu","twitter_card":"summary_large_image","twitter_misc":{"\u00c9crit par":"Mathieu","Dur\u00e9e de lecture estim\u00e9e":"1 minute"},"schema":{"@context":"https:\/\/schema.org","@graph":[{"@type":"Article","@id":"https:\/\/www.altercampagne.net\/?p=3558#article","isPartOf":{"@id":"https:\/\/www.altercampagne.net\/?p=3558"},"author":{"name":"Mathieu","@id":"https:\/\/www.altercampagne.net\/#\/schema\/person\/0f261460c09e430caa0f9bcffa319109"},"headline":"Salon des Bi\u00e8res et du Vin de Midi-Pyr\u00e9n\u00e9es les 13 et 14 avril","datePublished":"2013-03-15T15:28:43+00:00","dateModified":"2016-04-06T14:30:59+00:00","mainEntityOfPage":{"@id":"https:\/\/www.altercampagne.net\/?p=3558"},"wordCount":212,"image":{"@id":"https:\/\/www.altercampagne.net\/?p=3558#primaryimage"},"thumbnailUrl":"http:\/\/altercampagne.free.fr\/pages\/2008\/AlterTour\/pic\/AT2013-Brasserie-des-vignes.jpg","keywords":["AlterTour 2012","Brasserie des Vignes","Salon des Bi\u00e8res et du Vin de Midi-Pyr\u00e9n\u00e9es","Brasserie Joli Rouge","Brasserie Garland","whisky bio tarnais"],"inLanguage":"fr-FR"},{"@type":"WebPage","@id":"https:\/\/www.altercampagne.net\/?p=3558","url":"https:\/\/www.altercampagne.net\/?p=3558","name":"Salon des Bi\u00e8res et du Vin de Midi-Pyr\u00e9n\u00e9es les 13 et 14 avril - AlterTour","isPartOf":{"@id":"https:\/\/www.altercampagne.net\/#website"},"primaryImageOfPage":{"@id":"https:\/\/www.altercampagne.net\/?p=3558#primaryimage"},"image":{"@id":"https:\/\/www.altercampagne.net\/?p=3558#primaryimage"},"thumbnailUrl":"http:\/\/altercampagne.free.fr\/pages\/2008\/AlterTour\/pic\/AT2013-Brasserie-des-vignes.jpg","datePublished":"2013-03-15T15:28:43+00:00","dateModified":"2016-04-06T14:30:59+00:00","author":{"@id":"https:\/\/www.altercampagne.net\/#\/schema\/person\/0f261460c09e430caa0f9bcffa319109"},"breadcrumb":{"@id":"https:\/\/www.altercampagne.net\/?p=3558#breadcrumb"},"inLanguage":"fr-FR","potentialAction":[{"@type":"ReadAction","target":["https:\/\/www.altercampagne.net\/?p=3558"]}]},{"@type":"ImageObject","inLanguage":"fr-FR","@id":"https:\/\/www.altercampagne.net\/?p=3558#primaryimage","url":"http:\/\/altercampagne.free.fr\/pages\/2008\/AlterTour\/pic\/AT2013-Brasserie-des-vignes.jpg","contentUrl":"http:\/\/altercampagne.free.fr\/pages\/2008\/AlterTour\/pic\/AT2013-Brasserie-des-vignes.jpg"},{"@type":"BreadcrumbList","@id":"https:\/\/www.altercampagne.net\/?p=3558#breadcrumb","itemListElement":[{"@type":"ListItem","position":1,"name":"Accueil","item":"https:\/\/www.altercampagne.net\/"},{"@type":"ListItem","position":2,"name":"Salon des Bi\u00e8res et du Vin de Midi-Pyr\u00e9n\u00e9es les 13 et 14 avril"}]},{"@type":"WebSite","@id":"https:\/\/www.altercampagne.net\/#website","url":"https:\/\/www.altercampagne.net\/","name":"AlterTour","description":"Reliez les Alternatives \u00e0 v\u00e9lo","potentialAction":[{"@type":"SearchAction","target":{"@type":"EntryPoint","urlTemplate":"https:\/\/www.altercampagne.net\/?s={search_term_string}"},"query-input":{"@type":"PropertyValueSpecification","valueRequired":true,"valueName":"search_term_string"}}],"inLanguage":"fr-FR"},{"@type":"Person","@id":"https:\/\/www.altercampagne.net\/#\/schema\/person\/0f261460c09e430caa0f9bcffa319109","name":"Mathieu","image":{"@type":"ImageObject","inLanguage":"fr-FR","@id":"https:\/\/secure.gravatar.com\/avatar\/aa9d3d24c83f2141e5e2709d0f63d09a99f6be6bb7a50abc4915838d9f54501a?s=96&d=mm&r=g","url":"https:\/\/secure.gravatar.com\/avatar\/aa9d3d24c83f2141e5e2709d0f63d09a99f6be6bb7a50abc4915838d9f54501a?s=96&d=mm&r=g","contentUrl":"https:\/\/secure.gravatar.com\/avatar\/aa9d3d24c83f2141e5e2709d0f63d09a99f6be6bb7a50abc4915838d9f54501a?s=96&d=mm&r=g","caption":"Mathieu"},"url":"https:\/\/www.altercampagne.net\/?author=214"}]}},"_links":{"self":[{"href":"https:\/\/www.altercampagne.net\/index.php?rest_route=\/wp\/v2\/posts\/3558","targetHints":{"allow":["GET"]}}],"collection":[{"href":"https:\/\/www.altercampagne.net\/index.php?rest_route=\/wp\/v2\/posts"}],"about":[{"href":"https:\/\/www.altercampagne.net\/index.php?rest_route=\/wp\/v2\/types\/post"}],"author":[{"embeddable":true,"href":"https:\/\/www.altercampagne.net\/index.php?rest_route=\/wp\/v2\/users\/214"}],"replies":[{"embeddable":true,"href":"https:\/\/www.altercampagne.net\/index.php?rest_route=%2Fwp%2Fv2%2Fcomments&post=3558"}],"version-history":[{"count":0,"href":"https:\/\/www.altercampagne.net\/index.php?rest_route=\/wp\/v2\/posts\/3558\/revisions"}],"wp:attachment":[{"href":"https:\/\/www.altercampagne.net\/index.php?rest_route=%2Fwp%2Fv2%2Fmedia&parent=3558"}],"wp:term":[{"taxonomy":"category","embeddable":true,"href":"https:\/\/www.altercampagne.net\/index.php?rest_route=%2Fwp%2Fv2%2Fcategories&post=3558"},{"taxonomy":"post_tag","embeddable":true,"href":"https:\/\/www.altercampagne.net\/index.php?rest_route=%2Fwp%2Fv2%2Ftags&post=3558"}],"curies":[{"name":"wp","href":"https:\/\/api.w.org\/{rel}","templated":true}]}}