{"id":3562,"date":"2013-03-14T16:34:33","date_gmt":"2013-03-14T15:34:33","guid":{"rendered":"http:\/\/www.altercampagne.net\/?p=3562"},"modified":"2019-09-16T15:34:59","modified_gmt":"2019-09-16T13:34:59","slug":"eco-hameau-cherche-habitants","status":"publish","type":"post","link":"https:\/\/www.altercampagne.net\/?p=3562","title":{"rendered":"Eco-hameau cherche habitants !!"},"content":{"rendered":"<p><span class=\"Style271 Style138 Style152\">L&rsquo;\u00e9co-hameau du Mas d&rsquo;Andral, qui a accueilli l&rsquo;AlterTour les 29 et 30 juillet dernier dans le Lot sur la commune du Vigan (46300), cherche des associ\u00e9s, dans un esprit de simplicit\u00e9, de solidarit\u00e9 et de partage !<\/span><\/p>\n<p class=\"Style271 Style138 Style152\" align=\"justify\">Cet \u00e9co-hameau se trouve \u00e0 7 km de la gare de Gourdon (ligne SNCF et autoroute Paris\/Toulouse), \u00e0 30 km de Sarlat (Dordogne), 40 km de Cahors et 60 km de Brive (Corr\u00e8ze). <a href=\"http:\/\/fr.mappy.com\/#d=mas+d%27andral++46300+Le+vigan&amp;p=map\" target=\"_blank\" rel=\"noopener noreferrer\">Localisation<\/a><\/p>\n<p class=\"Style271 Style138 Style152\" align=\"justify\">C&rsquo;est un projet important puisque il s&rsquo;agit de 25 maisons individuelles \u00e0 construire sur 8,5 ha (dont 1,5 constructible), ainsi que 2 maisons communes avec salle de r\u00e9union, chambres d&rsquo;amis, buanderies, mais aussi des garages \u00e0 v\u00e9lo, ateliers et potagers collectifs&#8230;<\/p>\n<p class=\"Style271 Style138 Style152\" align=\"justify\">A ce jour, une quinzaine de parcelles sont d\u00e9j\u00e0 occup\u00e9es. Ce projet d&rsquo;\u00e9co-village a la volont\u00e9 d&rsquo;une mixit\u00e9 g\u00e9n\u00e9rationnelle, et actuellement le groupe est compos\u00e9 de 27 adultes et 9 enfants, de retrait\u00e9s et d&rsquo;actifs, en couple ou c\u00e9libataires, de 18 mois \u00e0 84 ans !!!<\/p>\n<p class=\"Style271 Style138 Style152\" align=\"justify\">Dans un souhait de mixit\u00e9 sociale, le groupe \u00e9tudie \u00e9galement la possibilit\u00e9 de construire du locatif pour permettre \u00e0 des personnes ne pouvant acc\u00e9der \u00e0 la propri\u00e9t\u00e9 de partager malgr\u00e9 tout ce projet !<\/p>\n<p class=\"Style271 Style138 Style152\" align=\"justify\">Vous pourrez mieux prendre connaissance des orientations et des valeurs port\u00e9es par ce projet en allant sur le <a href=\"http:\/\/ecohameaudandral.over-blog.org\/\" target=\"_blank\" rel=\"noopener noreferrer\">blog du mas d&rsquo;Andral<\/a><\/p>\n<p class=\"Style271 Style138 Style152\" align=\"justify\">Ce projet en autopromotion est enti\u00e8rement auto-g\u00e9r\u00e9, mais depuis son origine en 2008 il se d\u00e9veloppe aussi dans le dialogue avec les collectivit\u00e9s et administrations locales (rencontre avec les \u00e9lus, r\u00e9unions d&rsquo;informations&#8230;) et diverses pr\u00e9sentations publiques ont eu lieu sur le territoire. Les travaux de voirie et de mise en place des r\u00e9seaux divers ont \u00e9t\u00e9 r\u00e9ceptionn\u00e9s en juin 2012 et les chantiers des premi\u00e8res maisons ont d\u00e9marr\u00e9 \u00e0 l&rsquo;automne, en autoconstruction ou par des entreprises&#8230;<\/p>\n<p class=\"Style271 Style138 Style152\" align=\"justify\">Le groupe a cr\u00e9\u00e9 une SCI pour la gestion du foncier et se r\u00e9unit pendant une semaine \u00e0 toutes les vacances scolaires pour continuer \u00e0 travailler sur la charte, sur le r\u00e8glement int\u00e9rieur, sur les divers aspects de la vie collective et sur l&rsquo;organisation du village&#8230;<\/p>\n<p class=\"Style271 Style138 Style152\" align=\"justify\">Le groupe prend ses d\u00e9cisions au consensus et a choisi un fonctionnement ax\u00e9 sur la sociocratie et la communication non violente. A l&rsquo;occasion de ces r\u00e9unions, des Journ\u00e9es Portes Ouvertes (voir les dates sur <a href=\"http:\/\/ecohameaudandral.over-blog.org\/\" target=\"_blank\" rel=\"noopener noreferrer\">le blog<\/a>) sont organis\u00e9es pour accueillir toutes les nouvelles personnes int\u00e9ress\u00e9es par cet \u00e9co-village, pour leur faire visiter le terrain et leur pr\u00e9senter le projet plus en d\u00e9tail, pour faire connaissance avec le groupe&#8230;<\/p>\n<p class=\"Style271 Style138 Style152\" align=\"justify\">Vous \u00eates donc tous invit\u00e9s \u00e0 venir d\u00e9couvrir ce projet et peut-\u00eatre devenir candidats \u00e0 participer \u00e0 cette aventure ?! Vous pouvez d\u00e9j\u00e0 soutenir ce projet en diffusant largement cette information !<\/p>\n<p class=\"Style271 Style138 Style152\" align=\"justify\">Contact \u00e9co-hameau d&rsquo;Andral : <a href=\"mailto:ecohameaudandral@live.fr\">ecohameaudandral@live.fr<\/a><\/p>\n<p class=\"Style271 Style138 Style152\" align=\"justify\"><img loading=\"lazy\" decoding=\"async\" class=\" aligncenter\" src=\"http:\/\/altercampagne.free.fr\/pages\/2008\/AlterTour\/pic\/AT2012-P1100323.JPG\" alt=\"\" width=\"720\" height=\"481\"><\/p>\n","protected":false},"excerpt":{"rendered":"<p>L&rsquo;\u00e9co-hameau du Mas d&rsquo;Andral, qui a accueilli l&rsquo;AlterTour les 29 et 30 juillet dernier dans le Lot sur la commune du Vigan (46300), cherche des associ\u00e9s, dans un esprit de simplicit\u00e9, de solidarit\u00e9 et de partage ! Cet \u00e9co-hameau se trouve \u00e0 7 km de la gare de Gourdon (ligne &#8230; <\/p>\n<div><a href=\"https:\/\/www.altercampagne.net\/?p=3562\" class=\"more-link\">Read More<\/a><\/div>\n","protected":false},"author":214,"featured_media":15754,"comment_status":"closed","ping_status":"closed","sticky":false,"template":"","format":"standard","meta":{"footnotes":""},"categories":[3485,3480],"tags":[852,1039,1040],"class_list":["post-3562","post","type-post","status-publish","format-standard","has-post-thumbnail","hentry","category-habitat","category-occitanie","tag-altertour-2012","tag-eco-hameau-du-mas-dandral","tag-vigan"],"yoast_head":"<!-- This site is optimized with the Yoast SEO plugin v27.3 - https:\/\/yoast.com\/product\/yoast-seo-wordpress\/ -->\n<title>Eco-hameau cherche habitants !! - AlterTour<\/title>\n<meta name=\"robots\" content=\"index, follow, max-snippet:-1, max-image-preview:large, max-video-preview:-1\" \/>\n<link rel=\"canonical\" href=\"https:\/\/www.altercampagne.net\/?p=3562\" \/>\n<meta property=\"og:locale\" content=\"fr_FR\" \/>\n<meta property=\"og:type\" content=\"article\" \/>\n<meta property=\"og:title\" content=\"Eco-hameau cherche habitants !! - AlterTour\" \/>\n<meta property=\"og:description\" content=\"L&rsquo;\u00e9co-hameau du Mas d&rsquo;Andral, qui a accueilli l&rsquo;AlterTour les 29 et 30 juillet dernier dans le Lot sur la commune du Vigan (46300), cherche des associ\u00e9s, dans un esprit de simplicit\u00e9, de solidarit\u00e9 et de partage ! Cet \u00e9co-hameau se trouve \u00e0 7 km de la gare de Gourdon (ligne ... Read More\" \/>\n<meta property=\"og:url\" content=\"https:\/\/www.altercampagne.net\/?p=3562\" \/>\n<meta property=\"og:site_name\" content=\"AlterTour\" \/>\n<meta property=\"article:published_time\" content=\"2013-03-14T15:34:33+00:00\" \/>\n<meta property=\"article:modified_time\" content=\"2019-09-16T13:34:59+00:00\" \/>\n<meta property=\"og:image\" content=\"https:\/\/www.altercampagne.net\/wp-content\/uploads\/2013\/03\/AT2012-P11003231.jpg\" \/>\n\t<meta property=\"og:image:width\" content=\"720\" \/>\n\t<meta property=\"og:image:height\" content=\"481\" \/>\n\t<meta property=\"og:image:type\" content=\"image\/jpeg\" \/>\n<meta name=\"author\" content=\"Mathieu\" \/>\n<meta name=\"twitter:card\" content=\"summary_large_image\" \/>\n<meta name=\"twitter:label1\" content=\"\u00c9crit par\" \/>\n\t<meta name=\"twitter:data1\" content=\"Mathieu\" \/>\n\t<meta name=\"twitter:label2\" content=\"Dur\u00e9e de lecture estim\u00e9e\" \/>\n\t<meta name=\"twitter:data2\" content=\"2 minutes\" \/>\n<script type=\"application\/ld+json\" class=\"yoast-schema-graph\">{\"@context\":\"https:\\\/\\\/schema.org\",\"@graph\":[{\"@type\":\"Article\",\"@id\":\"https:\\\/\\\/www.altercampagne.net\\\/?p=3562#article\",\"isPartOf\":{\"@id\":\"https:\\\/\\\/www.altercampagne.net\\\/?p=3562\"},\"author\":{\"name\":\"Mathieu\",\"@id\":\"https:\\\/\\\/www.altercampagne.net\\\/#\\\/schema\\\/person\\\/0f261460c09e430caa0f9bcffa319109\"},\"headline\":\"Eco-hameau cherche habitants !!\",\"datePublished\":\"2013-03-14T15:34:33+00:00\",\"dateModified\":\"2019-09-16T13:34:59+00:00\",\"mainEntityOfPage\":{\"@id\":\"https:\\\/\\\/www.altercampagne.net\\\/?p=3562\"},\"wordCount\":465,\"image\":{\"@id\":\"https:\\\/\\\/www.altercampagne.net\\\/?p=3562#primaryimage\"},\"thumbnailUrl\":\"https:\\\/\\\/www.altercampagne.net\\\/wp-content\\\/uploads\\\/2013\\\/03\\\/AT2012-P11003231.jpg\",\"keywords\":[\"AlterTour 2012\",\"\u00e9co-hameau du Mas d'Andral\",\"Vigan\"],\"articleSection\":[\"Habitat\",\"Occitanie\"],\"inLanguage\":\"fr-FR\"},{\"@type\":\"WebPage\",\"@id\":\"https:\\\/\\\/www.altercampagne.net\\\/?p=3562\",\"url\":\"https:\\\/\\\/www.altercampagne.net\\\/?p=3562\",\"name\":\"Eco-hameau cherche habitants !! - AlterTour\",\"isPartOf\":{\"@id\":\"https:\\\/\\\/www.altercampagne.net\\\/#website\"},\"primaryImageOfPage\":{\"@id\":\"https:\\\/\\\/www.altercampagne.net\\\/?p=3562#primaryimage\"},\"image\":{\"@id\":\"https:\\\/\\\/www.altercampagne.net\\\/?p=3562#primaryimage\"},\"thumbnailUrl\":\"https:\\\/\\\/www.altercampagne.net\\\/wp-content\\\/uploads\\\/2013\\\/03\\\/AT2012-P11003231.jpg\",\"datePublished\":\"2013-03-14T15:34:33+00:00\",\"dateModified\":\"2019-09-16T13:34:59+00:00\",\"author\":{\"@id\":\"https:\\\/\\\/www.altercampagne.net\\\/#\\\/schema\\\/person\\\/0f261460c09e430caa0f9bcffa319109\"},\"breadcrumb\":{\"@id\":\"https:\\\/\\\/www.altercampagne.net\\\/?p=3562#breadcrumb\"},\"inLanguage\":\"fr-FR\",\"potentialAction\":[{\"@type\":\"ReadAction\",\"target\":[\"https:\\\/\\\/www.altercampagne.net\\\/?p=3562\"]}]},{\"@type\":\"ImageObject\",\"inLanguage\":\"fr-FR\",\"@id\":\"https:\\\/\\\/www.altercampagne.net\\\/?p=3562#primaryimage\",\"url\":\"https:\\\/\\\/www.altercampagne.net\\\/wp-content\\\/uploads\\\/2013\\\/03\\\/AT2012-P11003231.jpg\",\"contentUrl\":\"https:\\\/\\\/www.altercampagne.net\\\/wp-content\\\/uploads\\\/2013\\\/03\\\/AT2012-P11003231.jpg\",\"width\":720,\"height\":481},{\"@type\":\"BreadcrumbList\",\"@id\":\"https:\\\/\\\/www.altercampagne.net\\\/?p=3562#breadcrumb\",\"itemListElement\":[{\"@type\":\"ListItem\",\"position\":1,\"name\":\"Accueil\",\"item\":\"https:\\\/\\\/www.altercampagne.net\\\/\"},{\"@type\":\"ListItem\",\"position\":2,\"name\":\"Eco-hameau cherche habitants !!\"}]},{\"@type\":\"WebSite\",\"@id\":\"https:\\\/\\\/www.altercampagne.net\\\/#website\",\"url\":\"https:\\\/\\\/www.altercampagne.net\\\/\",\"name\":\"AlterTour\",\"description\":\"Reliez les Alternatives \u00e0 v\u00e9lo\",\"potentialAction\":[{\"@type\":\"SearchAction\",\"target\":{\"@type\":\"EntryPoint\",\"urlTemplate\":\"https:\\\/\\\/www.altercampagne.net\\\/?s={search_term_string}\"},\"query-input\":{\"@type\":\"PropertyValueSpecification\",\"valueRequired\":true,\"valueName\":\"search_term_string\"}}],\"inLanguage\":\"fr-FR\"},{\"@type\":\"Person\",\"@id\":\"https:\\\/\\\/www.altercampagne.net\\\/#\\\/schema\\\/person\\\/0f261460c09e430caa0f9bcffa319109\",\"name\":\"Mathieu\",\"image\":{\"@type\":\"ImageObject\",\"inLanguage\":\"fr-FR\",\"@id\":\"https:\\\/\\\/secure.gravatar.com\\\/avatar\\\/aa9d3d24c83f2141e5e2709d0f63d09a99f6be6bb7a50abc4915838d9f54501a?s=96&d=mm&r=g\",\"url\":\"https:\\\/\\\/secure.gravatar.com\\\/avatar\\\/aa9d3d24c83f2141e5e2709d0f63d09a99f6be6bb7a50abc4915838d9f54501a?s=96&d=mm&r=g\",\"contentUrl\":\"https:\\\/\\\/secure.gravatar.com\\\/avatar\\\/aa9d3d24c83f2141e5e2709d0f63d09a99f6be6bb7a50abc4915838d9f54501a?s=96&d=mm&r=g\",\"caption\":\"Mathieu\"},\"url\":\"https:\\\/\\\/www.altercampagne.net\\\/?author=214\"}]}<\/script>\n<!-- \/ Yoast SEO plugin. -->","yoast_head_json":{"title":"Eco-hameau cherche habitants !! - AlterTour","robots":{"index":"index","follow":"follow","max-snippet":"max-snippet:-1","max-image-preview":"max-image-preview:large","max-video-preview":"max-video-preview:-1"},"canonical":"https:\/\/www.altercampagne.net\/?p=3562","og_locale":"fr_FR","og_type":"article","og_title":"Eco-hameau cherche habitants !! - AlterTour","og_description":"L&rsquo;\u00e9co-hameau du Mas d&rsquo;Andral, qui a accueilli l&rsquo;AlterTour les 29 et 30 juillet dernier dans le Lot sur la commune du Vigan (46300), cherche des associ\u00e9s, dans un esprit de simplicit\u00e9, de solidarit\u00e9 et de partage ! Cet \u00e9co-hameau se trouve \u00e0 7 km de la gare de Gourdon (ligne ... Read More","og_url":"https:\/\/www.altercampagne.net\/?p=3562","og_site_name":"AlterTour","article_published_time":"2013-03-14T15:34:33+00:00","article_modified_time":"2019-09-16T13:34:59+00:00","og_image":[{"width":720,"height":481,"url":"https:\/\/www.altercampagne.net\/wp-content\/uploads\/2013\/03\/AT2012-P11003231.jpg","type":"image\/jpeg"}],"author":"Mathieu","twitter_card":"summary_large_image","twitter_misc":{"\u00c9crit par":"Mathieu","Dur\u00e9e de lecture estim\u00e9e":"2 minutes"},"schema":{"@context":"https:\/\/schema.org","@graph":[{"@type":"Article","@id":"https:\/\/www.altercampagne.net\/?p=3562#article","isPartOf":{"@id":"https:\/\/www.altercampagne.net\/?p=3562"},"author":{"name":"Mathieu","@id":"https:\/\/www.altercampagne.net\/#\/schema\/person\/0f261460c09e430caa0f9bcffa319109"},"headline":"Eco-hameau cherche habitants !!","datePublished":"2013-03-14T15:34:33+00:00","dateModified":"2019-09-16T13:34:59+00:00","mainEntityOfPage":{"@id":"https:\/\/www.altercampagne.net\/?p=3562"},"wordCount":465,"image":{"@id":"https:\/\/www.altercampagne.net\/?p=3562#primaryimage"},"thumbnailUrl":"https:\/\/www.altercampagne.net\/wp-content\/uploads\/2013\/03\/AT2012-P11003231.jpg","keywords":["AlterTour 2012","\u00e9co-hameau du Mas d'Andral","Vigan"],"articleSection":["Habitat","Occitanie"],"inLanguage":"fr-FR"},{"@type":"WebPage","@id":"https:\/\/www.altercampagne.net\/?p=3562","url":"https:\/\/www.altercampagne.net\/?p=3562","name":"Eco-hameau cherche habitants !! - AlterTour","isPartOf":{"@id":"https:\/\/www.altercampagne.net\/#website"},"primaryImageOfPage":{"@id":"https:\/\/www.altercampagne.net\/?p=3562#primaryimage"},"image":{"@id":"https:\/\/www.altercampagne.net\/?p=3562#primaryimage"},"thumbnailUrl":"https:\/\/www.altercampagne.net\/wp-content\/uploads\/2013\/03\/AT2012-P11003231.jpg","datePublished":"2013-03-14T15:34:33+00:00","dateModified":"2019-09-16T13:34:59+00:00","author":{"@id":"https:\/\/www.altercampagne.net\/#\/schema\/person\/0f261460c09e430caa0f9bcffa319109"},"breadcrumb":{"@id":"https:\/\/www.altercampagne.net\/?p=3562#breadcrumb"},"inLanguage":"fr-FR","potentialAction":[{"@type":"ReadAction","target":["https:\/\/www.altercampagne.net\/?p=3562"]}]},{"@type":"ImageObject","inLanguage":"fr-FR","@id":"https:\/\/www.altercampagne.net\/?p=3562#primaryimage","url":"https:\/\/www.altercampagne.net\/wp-content\/uploads\/2013\/03\/AT2012-P11003231.jpg","contentUrl":"https:\/\/www.altercampagne.net\/wp-content\/uploads\/2013\/03\/AT2012-P11003231.jpg","width":720,"height":481},{"@type":"BreadcrumbList","@id":"https:\/\/www.altercampagne.net\/?p=3562#breadcrumb","itemListElement":[{"@type":"ListItem","position":1,"name":"Accueil","item":"https:\/\/www.altercampagne.net\/"},{"@type":"ListItem","position":2,"name":"Eco-hameau cherche habitants !!"}]},{"@type":"WebSite","@id":"https:\/\/www.altercampagne.net\/#website","url":"https:\/\/www.altercampagne.net\/","name":"AlterTour","description":"Reliez les Alternatives \u00e0 v\u00e9lo","potentialAction":[{"@type":"SearchAction","target":{"@type":"EntryPoint","urlTemplate":"https:\/\/www.altercampagne.net\/?s={search_term_string}"},"query-input":{"@type":"PropertyValueSpecification","valueRequired":true,"valueName":"search_term_string"}}],"inLanguage":"fr-FR"},{"@type":"Person","@id":"https:\/\/www.altercampagne.net\/#\/schema\/person\/0f261460c09e430caa0f9bcffa319109","name":"Mathieu","image":{"@type":"ImageObject","inLanguage":"fr-FR","@id":"https:\/\/secure.gravatar.com\/avatar\/aa9d3d24c83f2141e5e2709d0f63d09a99f6be6bb7a50abc4915838d9f54501a?s=96&d=mm&r=g","url":"https:\/\/secure.gravatar.com\/avatar\/aa9d3d24c83f2141e5e2709d0f63d09a99f6be6bb7a50abc4915838d9f54501a?s=96&d=mm&r=g","contentUrl":"https:\/\/secure.gravatar.com\/avatar\/aa9d3d24c83f2141e5e2709d0f63d09a99f6be6bb7a50abc4915838d9f54501a?s=96&d=mm&r=g","caption":"Mathieu"},"url":"https:\/\/www.altercampagne.net\/?author=214"}]}},"_links":{"self":[{"href":"https:\/\/www.altercampagne.net\/index.php?rest_route=\/wp\/v2\/posts\/3562","targetHints":{"allow":["GET"]}}],"collection":[{"href":"https:\/\/www.altercampagne.net\/index.php?rest_route=\/wp\/v2\/posts"}],"about":[{"href":"https:\/\/www.altercampagne.net\/index.php?rest_route=\/wp\/v2\/types\/post"}],"author":[{"embeddable":true,"href":"https:\/\/www.altercampagne.net\/index.php?rest_route=\/wp\/v2\/users\/214"}],"replies":[{"embeddable":true,"href":"https:\/\/www.altercampagne.net\/index.php?rest_route=%2Fwp%2Fv2%2Fcomments&post=3562"}],"version-history":[{"count":0,"href":"https:\/\/www.altercampagne.net\/index.php?rest_route=\/wp\/v2\/posts\/3562\/revisions"}],"wp:featuredmedia":[{"embeddable":true,"href":"https:\/\/www.altercampagne.net\/index.php?rest_route=\/wp\/v2\/media\/15754"}],"wp:attachment":[{"href":"https:\/\/www.altercampagne.net\/index.php?rest_route=%2Fwp%2Fv2%2Fmedia&parent=3562"}],"wp:term":[{"taxonomy":"category","embeddable":true,"href":"https:\/\/www.altercampagne.net\/index.php?rest_route=%2Fwp%2Fv2%2Fcategories&post=3562"},{"taxonomy":"post_tag","embeddable":true,"href":"https:\/\/www.altercampagne.net\/index.php?rest_route=%2Fwp%2Fv2%2Ftags&post=3562"}],"curies":[{"name":"wp","href":"https:\/\/api.w.org\/{rel}","templated":true}]}}