{"id":3564,"date":"2013-03-13T16:36:49","date_gmt":"2013-03-13T15:36:49","guid":{"rendered":"http:\/\/www.altercampagne.net\/?p=3564"},"modified":"2016-04-06T16:38:37","modified_gmt":"2016-04-06T14:38:37","slug":"festival-effet-de-cer","status":"publish","type":"post","link":"https:\/\/www.altercampagne.net\/?p=3564","title":{"rendered":"Festival Effet de CER"},"content":{"rendered":"<p class=\"Style271 Style138 Style152\" align=\"justify\"><img loading=\"lazy\" decoding=\"async\" class=\" alignleft\" src=\"http:\/\/altercampagne.free.fr\/pages\/2008\/AlterTour\/pic\/AT2013-CER-1-682x1024.jpg\" alt=\"\" width=\"330\" height=\"495\" \/>3 jours de Cin\u00e9ma, D\u00e9bats, Rencontres, D\u00e9dicaces, Concerts, Disco Soupe 2 th\u00e9matiques :<\/p>\n<p class=\"Style271 Style138 Style152\" align=\"justify\">Agriculture Urbaine \/ R\u00e9emploi et Recyclage \u00e0 l&rsquo;Ile-Saint-Denis (\u00e0 20 min de la Gare de Lyon en RER) du vendredi 22 au dimanche 24 mars<\/p>\n<p class=\"Style271 Style138 Style152\" align=\"justify\">Vendredi 22 mars<\/p>\n<p class=\"Style271 Style138 Style152\" align=\"justify\">&#8211; 10h00 : PATATE ET LE JARDIN POTAGER<\/p>\n<p class=\"Style271 Style138 Style152\" align=\"justify\">&#8211; 14h00 : LE LORAX<\/p>\n<p class=\"Style271 Style138 Style152\" align=\"justify\">&#8211; 19h00 : Ouverture du festival<\/p>\n<p class=\"Style271 Style138 Style152\" align=\"justify\">&#8211; 20h30 : LES MOISSONS DU FUTUR<\/p>\n<p class=\"Style271 Style138 Style152\" align=\"justify\">Samedi 23 mars &gt; REEMPLOI \u2013 DECHETS \u2013 RECYCLAGE<\/p>\n<p class=\"Style271 Style138 Style152\" align=\"justify\">Dimanche 24 mars &gt; NOURRIR LA VILLE<\/p>\n<p class=\"Style271 Style138 Style152\" align=\"center\"><a href=\"http:\/\/www.lecent.fr\/nouveau\/effet-de-cer\/\" target=\"_blank\">Programme complet<\/a><\/p>\n<p class=\"Style271 Style138 Style152\" align=\"justify\">Infos pratiques :<\/p>\n<p class=\"Style271 Style138 Style152\" align=\"justify\">Vendredi 22, samedi 23 et dimanche 24 mars 2013<br \/>\nPass 3 jours = 3\u20ac &#8211; gratuit pour les moins de 15 ans<br \/>\n\u00e0 l\u2019\u00c9cole Samira Bellil &#8211; L\u2019Ile-Saint-Denis<\/p>\n<p class=\"Style271 Style138 Style152\" align=\"justify\">Contacts :<br \/>\nJeanne LUCAS, Mati\u00e8re Premi\u00e8re au 100 E.C.S., 01 46 28 80 94, <a href=\"mailto:ecohameaudandral@live.fr\">jeanne.lucas@lecent.fr<\/a><br \/>\nB\u00e9atrice NEHEMIE, Ville de l&rsquo;Ile-Saint-Denis, 01 49 22 11 20, <a href=\"mailto:ecohameaudandral@live.fr\">beatrice.nehemie@lile-saint-denis.fr <\/a><\/p>\n","protected":false},"excerpt":{"rendered":"<p>3 jours de Cin\u00e9ma, D\u00e9bats, Rencontres, D\u00e9dicaces, Concerts, Disco Soupe 2 th\u00e9matiques : Agriculture Urbaine \/ R\u00e9emploi et Recyclage \u00e0 l&rsquo;Ile-Saint-Denis (\u00e0 20 min de la Gare de Lyon en RER) du vendredi 22 au dimanche 24 mars Vendredi 22 mars &#8211; 10h00 : PATATE ET LE JARDIN POTAGER &#8211; &#8230; <\/p>\n<div><a href=\"https:\/\/www.altercampagne.net\/?p=3564\" class=\"more-link\">Read More<\/a><\/div>\n","protected":false},"author":214,"featured_media":0,"comment_status":"closed","ping_status":"closed","sticky":false,"template":"","format":"standard","meta":{"footnotes":""},"categories":[1],"tags":[1041,1042,1043,1044,1045],"class_list":["post-3564","post","type-post","status-publish","format-standard","hentry","category-non-classe","tag-festival-effet-de-cer","tag-disco-soupe","tag-reemploi","tag-recyclage","tag-les-moissons-du-futur","no-post-thumbnail"],"yoast_head":"<!-- This site is optimized with the Yoast SEO plugin v27.3 - https:\/\/yoast.com\/product\/yoast-seo-wordpress\/ -->\n<title>Festival Effet de CER - AlterTour<\/title>\n<meta name=\"robots\" content=\"index, follow, max-snippet:-1, max-image-preview:large, max-video-preview:-1\" \/>\n<link rel=\"canonical\" href=\"https:\/\/www.altercampagne.net\/?p=3564\" \/>\n<meta property=\"og:locale\" content=\"fr_FR\" \/>\n<meta property=\"og:type\" content=\"article\" \/>\n<meta property=\"og:title\" content=\"Festival Effet de CER - AlterTour\" \/>\n<meta property=\"og:description\" content=\"3 jours de Cin\u00e9ma, D\u00e9bats, Rencontres, D\u00e9dicaces, Concerts, Disco Soupe 2 th\u00e9matiques : Agriculture Urbaine \/ R\u00e9emploi et Recyclage \u00e0 l&rsquo;Ile-Saint-Denis (\u00e0 20 min de la Gare de Lyon en RER) du vendredi 22 au dimanche 24 mars Vendredi 22 mars &#8211; 10h00 : PATATE ET LE JARDIN POTAGER &#8211; ... Read More\" \/>\n<meta property=\"og:url\" content=\"https:\/\/www.altercampagne.net\/?p=3564\" \/>\n<meta property=\"og:site_name\" content=\"AlterTour\" \/>\n<meta property=\"article:published_time\" content=\"2013-03-13T15:36:49+00:00\" \/>\n<meta property=\"article:modified_time\" content=\"2016-04-06T14:38:37+00:00\" \/>\n<meta property=\"og:image\" content=\"http:\/\/altercampagne.free.fr\/pages\/2008\/AlterTour\/pic\/AT2013-CER-1-682x1024.jpg\" \/>\n<meta name=\"author\" content=\"Mathieu\" \/>\n<meta name=\"twitter:card\" content=\"summary_large_image\" \/>\n<meta name=\"twitter:label1\" content=\"\u00c9crit par\" \/>\n\t<meta name=\"twitter:data1\" content=\"Mathieu\" \/>\n\t<meta name=\"twitter:label2\" content=\"Dur\u00e9e de lecture estim\u00e9e\" \/>\n\t<meta name=\"twitter:data2\" content=\"1 minute\" \/>\n<script type=\"application\/ld+json\" class=\"yoast-schema-graph\">{\"@context\":\"https:\\\/\\\/schema.org\",\"@graph\":[{\"@type\":\"Article\",\"@id\":\"https:\\\/\\\/www.altercampagne.net\\\/?p=3564#article\",\"isPartOf\":{\"@id\":\"https:\\\/\\\/www.altercampagne.net\\\/?p=3564\"},\"author\":{\"name\":\"Mathieu\",\"@id\":\"https:\\\/\\\/www.altercampagne.net\\\/#\\\/schema\\\/person\\\/0f261460c09e430caa0f9bcffa319109\"},\"headline\":\"Festival Effet de CER\",\"datePublished\":\"2013-03-13T15:36:49+00:00\",\"dateModified\":\"2016-04-06T14:38:37+00:00\",\"mainEntityOfPage\":{\"@id\":\"https:\\\/\\\/www.altercampagne.net\\\/?p=3564\"},\"wordCount\":126,\"image\":{\"@id\":\"https:\\\/\\\/www.altercampagne.net\\\/?p=3564#primaryimage\"},\"thumbnailUrl\":\"http:\\\/\\\/altercampagne.free.fr\\\/pages\\\/2008\\\/AlterTour\\\/pic\\\/AT2013-CER-1-682x1024.jpg\",\"keywords\":[\"Festival Effet de CER\",\"Disco Soupe\",\"R\u00e9emploi\",\"Recyclage\",\"LES MOISSONS DU FUTUR\"],\"inLanguage\":\"fr-FR\"},{\"@type\":\"WebPage\",\"@id\":\"https:\\\/\\\/www.altercampagne.net\\\/?p=3564\",\"url\":\"https:\\\/\\\/www.altercampagne.net\\\/?p=3564\",\"name\":\"Festival Effet de CER - AlterTour\",\"isPartOf\":{\"@id\":\"https:\\\/\\\/www.altercampagne.net\\\/#website\"},\"primaryImageOfPage\":{\"@id\":\"https:\\\/\\\/www.altercampagne.net\\\/?p=3564#primaryimage\"},\"image\":{\"@id\":\"https:\\\/\\\/www.altercampagne.net\\\/?p=3564#primaryimage\"},\"thumbnailUrl\":\"http:\\\/\\\/altercampagne.free.fr\\\/pages\\\/2008\\\/AlterTour\\\/pic\\\/AT2013-CER-1-682x1024.jpg\",\"datePublished\":\"2013-03-13T15:36:49+00:00\",\"dateModified\":\"2016-04-06T14:38:37+00:00\",\"author\":{\"@id\":\"https:\\\/\\\/www.altercampagne.net\\\/#\\\/schema\\\/person\\\/0f261460c09e430caa0f9bcffa319109\"},\"breadcrumb\":{\"@id\":\"https:\\\/\\\/www.altercampagne.net\\\/?p=3564#breadcrumb\"},\"inLanguage\":\"fr-FR\",\"potentialAction\":[{\"@type\":\"ReadAction\",\"target\":[\"https:\\\/\\\/www.altercampagne.net\\\/?p=3564\"]}]},{\"@type\":\"ImageObject\",\"inLanguage\":\"fr-FR\",\"@id\":\"https:\\\/\\\/www.altercampagne.net\\\/?p=3564#primaryimage\",\"url\":\"http:\\\/\\\/altercampagne.free.fr\\\/pages\\\/2008\\\/AlterTour\\\/pic\\\/AT2013-CER-1-682x1024.jpg\",\"contentUrl\":\"http:\\\/\\\/altercampagne.free.fr\\\/pages\\\/2008\\\/AlterTour\\\/pic\\\/AT2013-CER-1-682x1024.jpg\"},{\"@type\":\"BreadcrumbList\",\"@id\":\"https:\\\/\\\/www.altercampagne.net\\\/?p=3564#breadcrumb\",\"itemListElement\":[{\"@type\":\"ListItem\",\"position\":1,\"name\":\"Accueil\",\"item\":\"https:\\\/\\\/www.altercampagne.net\\\/\"},{\"@type\":\"ListItem\",\"position\":2,\"name\":\"Festival Effet de CER\"}]},{\"@type\":\"WebSite\",\"@id\":\"https:\\\/\\\/www.altercampagne.net\\\/#website\",\"url\":\"https:\\\/\\\/www.altercampagne.net\\\/\",\"name\":\"AlterTour\",\"description\":\"Reliez les Alternatives \u00e0 v\u00e9lo\",\"potentialAction\":[{\"@type\":\"SearchAction\",\"target\":{\"@type\":\"EntryPoint\",\"urlTemplate\":\"https:\\\/\\\/www.altercampagne.net\\\/?s={search_term_string}\"},\"query-input\":{\"@type\":\"PropertyValueSpecification\",\"valueRequired\":true,\"valueName\":\"search_term_string\"}}],\"inLanguage\":\"fr-FR\"},{\"@type\":\"Person\",\"@id\":\"https:\\\/\\\/www.altercampagne.net\\\/#\\\/schema\\\/person\\\/0f261460c09e430caa0f9bcffa319109\",\"name\":\"Mathieu\",\"image\":{\"@type\":\"ImageObject\",\"inLanguage\":\"fr-FR\",\"@id\":\"https:\\\/\\\/secure.gravatar.com\\\/avatar\\\/aa9d3d24c83f2141e5e2709d0f63d09a99f6be6bb7a50abc4915838d9f54501a?s=96&d=mm&r=g\",\"url\":\"https:\\\/\\\/secure.gravatar.com\\\/avatar\\\/aa9d3d24c83f2141e5e2709d0f63d09a99f6be6bb7a50abc4915838d9f54501a?s=96&d=mm&r=g\",\"contentUrl\":\"https:\\\/\\\/secure.gravatar.com\\\/avatar\\\/aa9d3d24c83f2141e5e2709d0f63d09a99f6be6bb7a50abc4915838d9f54501a?s=96&d=mm&r=g\",\"caption\":\"Mathieu\"},\"url\":\"https:\\\/\\\/www.altercampagne.net\\\/?author=214\"}]}<\/script>\n<!-- \/ Yoast SEO plugin. -->","yoast_head_json":{"title":"Festival Effet de CER - AlterTour","robots":{"index":"index","follow":"follow","max-snippet":"max-snippet:-1","max-image-preview":"max-image-preview:large","max-video-preview":"max-video-preview:-1"},"canonical":"https:\/\/www.altercampagne.net\/?p=3564","og_locale":"fr_FR","og_type":"article","og_title":"Festival Effet de CER - AlterTour","og_description":"3 jours de Cin\u00e9ma, D\u00e9bats, Rencontres, D\u00e9dicaces, Concerts, Disco Soupe 2 th\u00e9matiques : Agriculture Urbaine \/ R\u00e9emploi et Recyclage \u00e0 l&rsquo;Ile-Saint-Denis (\u00e0 20 min de la Gare de Lyon en RER) du vendredi 22 au dimanche 24 mars Vendredi 22 mars &#8211; 10h00 : PATATE ET LE JARDIN POTAGER &#8211; ... Read More","og_url":"https:\/\/www.altercampagne.net\/?p=3564","og_site_name":"AlterTour","article_published_time":"2013-03-13T15:36:49+00:00","article_modified_time":"2016-04-06T14:38:37+00:00","og_image":[{"url":"http:\/\/altercampagne.free.fr\/pages\/2008\/AlterTour\/pic\/AT2013-CER-1-682x1024.jpg","type":"","width":"","height":""}],"author":"Mathieu","twitter_card":"summary_large_image","twitter_misc":{"\u00c9crit par":"Mathieu","Dur\u00e9e de lecture estim\u00e9e":"1 minute"},"schema":{"@context":"https:\/\/schema.org","@graph":[{"@type":"Article","@id":"https:\/\/www.altercampagne.net\/?p=3564#article","isPartOf":{"@id":"https:\/\/www.altercampagne.net\/?p=3564"},"author":{"name":"Mathieu","@id":"https:\/\/www.altercampagne.net\/#\/schema\/person\/0f261460c09e430caa0f9bcffa319109"},"headline":"Festival Effet de CER","datePublished":"2013-03-13T15:36:49+00:00","dateModified":"2016-04-06T14:38:37+00:00","mainEntityOfPage":{"@id":"https:\/\/www.altercampagne.net\/?p=3564"},"wordCount":126,"image":{"@id":"https:\/\/www.altercampagne.net\/?p=3564#primaryimage"},"thumbnailUrl":"http:\/\/altercampagne.free.fr\/pages\/2008\/AlterTour\/pic\/AT2013-CER-1-682x1024.jpg","keywords":["Festival Effet de CER","Disco Soupe","R\u00e9emploi","Recyclage","LES MOISSONS DU FUTUR"],"inLanguage":"fr-FR"},{"@type":"WebPage","@id":"https:\/\/www.altercampagne.net\/?p=3564","url":"https:\/\/www.altercampagne.net\/?p=3564","name":"Festival Effet de CER - AlterTour","isPartOf":{"@id":"https:\/\/www.altercampagne.net\/#website"},"primaryImageOfPage":{"@id":"https:\/\/www.altercampagne.net\/?p=3564#primaryimage"},"image":{"@id":"https:\/\/www.altercampagne.net\/?p=3564#primaryimage"},"thumbnailUrl":"http:\/\/altercampagne.free.fr\/pages\/2008\/AlterTour\/pic\/AT2013-CER-1-682x1024.jpg","datePublished":"2013-03-13T15:36:49+00:00","dateModified":"2016-04-06T14:38:37+00:00","author":{"@id":"https:\/\/www.altercampagne.net\/#\/schema\/person\/0f261460c09e430caa0f9bcffa319109"},"breadcrumb":{"@id":"https:\/\/www.altercampagne.net\/?p=3564#breadcrumb"},"inLanguage":"fr-FR","potentialAction":[{"@type":"ReadAction","target":["https:\/\/www.altercampagne.net\/?p=3564"]}]},{"@type":"ImageObject","inLanguage":"fr-FR","@id":"https:\/\/www.altercampagne.net\/?p=3564#primaryimage","url":"http:\/\/altercampagne.free.fr\/pages\/2008\/AlterTour\/pic\/AT2013-CER-1-682x1024.jpg","contentUrl":"http:\/\/altercampagne.free.fr\/pages\/2008\/AlterTour\/pic\/AT2013-CER-1-682x1024.jpg"},{"@type":"BreadcrumbList","@id":"https:\/\/www.altercampagne.net\/?p=3564#breadcrumb","itemListElement":[{"@type":"ListItem","position":1,"name":"Accueil","item":"https:\/\/www.altercampagne.net\/"},{"@type":"ListItem","position":2,"name":"Festival Effet de CER"}]},{"@type":"WebSite","@id":"https:\/\/www.altercampagne.net\/#website","url":"https:\/\/www.altercampagne.net\/","name":"AlterTour","description":"Reliez les Alternatives \u00e0 v\u00e9lo","potentialAction":[{"@type":"SearchAction","target":{"@type":"EntryPoint","urlTemplate":"https:\/\/www.altercampagne.net\/?s={search_term_string}"},"query-input":{"@type":"PropertyValueSpecification","valueRequired":true,"valueName":"search_term_string"}}],"inLanguage":"fr-FR"},{"@type":"Person","@id":"https:\/\/www.altercampagne.net\/#\/schema\/person\/0f261460c09e430caa0f9bcffa319109","name":"Mathieu","image":{"@type":"ImageObject","inLanguage":"fr-FR","@id":"https:\/\/secure.gravatar.com\/avatar\/aa9d3d24c83f2141e5e2709d0f63d09a99f6be6bb7a50abc4915838d9f54501a?s=96&d=mm&r=g","url":"https:\/\/secure.gravatar.com\/avatar\/aa9d3d24c83f2141e5e2709d0f63d09a99f6be6bb7a50abc4915838d9f54501a?s=96&d=mm&r=g","contentUrl":"https:\/\/secure.gravatar.com\/avatar\/aa9d3d24c83f2141e5e2709d0f63d09a99f6be6bb7a50abc4915838d9f54501a?s=96&d=mm&r=g","caption":"Mathieu"},"url":"https:\/\/www.altercampagne.net\/?author=214"}]}},"_links":{"self":[{"href":"https:\/\/www.altercampagne.net\/index.php?rest_route=\/wp\/v2\/posts\/3564","targetHints":{"allow":["GET"]}}],"collection":[{"href":"https:\/\/www.altercampagne.net\/index.php?rest_route=\/wp\/v2\/posts"}],"about":[{"href":"https:\/\/www.altercampagne.net\/index.php?rest_route=\/wp\/v2\/types\/post"}],"author":[{"embeddable":true,"href":"https:\/\/www.altercampagne.net\/index.php?rest_route=\/wp\/v2\/users\/214"}],"replies":[{"embeddable":true,"href":"https:\/\/www.altercampagne.net\/index.php?rest_route=%2Fwp%2Fv2%2Fcomments&post=3564"}],"version-history":[{"count":0,"href":"https:\/\/www.altercampagne.net\/index.php?rest_route=\/wp\/v2\/posts\/3564\/revisions"}],"wp:attachment":[{"href":"https:\/\/www.altercampagne.net\/index.php?rest_route=%2Fwp%2Fv2%2Fmedia&parent=3564"}],"wp:term":[{"taxonomy":"category","embeddable":true,"href":"https:\/\/www.altercampagne.net\/index.php?rest_route=%2Fwp%2Fv2%2Fcategories&post=3564"},{"taxonomy":"post_tag","embeddable":true,"href":"https:\/\/www.altercampagne.net\/index.php?rest_route=%2Fwp%2Fv2%2Ftags&post=3564"}],"curies":[{"name":"wp","href":"https:\/\/api.w.org\/{rel}","templated":true}]}}