{"id":3566,"date":"2013-03-12T16:38:56","date_gmt":"2013-03-12T15:38:56","guid":{"rendered":"http:\/\/www.altercampagne.net\/?p=3566"},"modified":"2016-04-06T16:41:01","modified_gmt":"2016-04-06T14:41:01","slug":"rencontres-internationales-des-mouvements-contre-les-ogm","status":"publish","type":"post","link":"https:\/\/www.altercampagne.net\/?p=3566","title":{"rendered":"Rencontres Internationales des Mouvements contre les OGM"},"content":{"rendered":"<p class=\"Style271 Style138 Style152\" align=\"justify\"><img loading=\"lazy\" decoding=\"async\" class=\" alignleft\" src=\"http:\/\/altercampagne.free.fr\/pages\/2008\/AlterTour\/pic\/AT2013-RIMCO.jpg\" alt=\"\" width=\"330\" height=\"477\" \/>Samedi 20 et dimanche 21 juillet 2013 \u00e0 Bouzy la For\u00eat dans le Loiret<\/p>\n<p class=\"Style271 Style138 Style152\" align=\"justify\">Les Faucheurs Volontaires f\u00eatent leurs dix ans cette ann\u00e9e<\/p>\n<p class=\"Style271 Style138 Style152\" align=\"justify\">A cette occasion ils organisent les 20 et 21 juillet \u00e0 Bouzy la For\u00eat dans le Loiret des rencontres internationales des mouvements anti-OGM avec des intervenants et militants de divers pays.<\/p>\n<p class=\"Style271 Style138 Style152\" align=\"justify\">Le programme complet sera pr\u00eat en avril.<\/p>\n<p class=\"Style271 Style138 Style152\" align=\"justify\">Pour toute question : <a href=\"mailto:10ansfv@laposte.net\">10ansfv@laposte.net<\/a><\/p>\n<p class=\"Style271 Style138 Style152\" align=\"justify\">Les Rencontres Internationales des Mouvements contre les OGM constitueront la deuxi\u00e8me \u00e9tape de l&rsquo;AlterTour 2013.<\/p>\n<p class=\"Style271 Style138 Style152\" align=\"justify\">Elles seront l&rsquo;occasion de revenir aux sources de l&rsquo;AlterTour : la lutte contre les OGM.<\/p>\n<p class=\"Style271 Style138 Style152\" align=\"justify\">Nous participerons aux deux jours de rencontres et de d\u00e9bat puis nous prendrons la direction de Toucy pour une journ\u00e9e consacr\u00e9e \u00e0 la r\u00e9appropriation citoyenne de l&rsquo;\u00e9nergie.<\/p>\n","protected":false},"excerpt":{"rendered":"<p>Samedi 20 et dimanche 21 juillet 2013 \u00e0 Bouzy la For\u00eat dans le Loiret Les Faucheurs Volontaires f\u00eatent leurs dix ans cette ann\u00e9e A cette occasion ils organisent les 20 et 21 juillet \u00e0 Bouzy la For\u00eat dans le Loiret des rencontres internationales des mouvements anti-OGM avec des intervenants et &#8230; <\/p>\n<div><a href=\"https:\/\/www.altercampagne.net\/?p=3566\" class=\"more-link\">Read More<\/a><\/div>\n","protected":false},"author":214,"featured_media":0,"comment_status":"closed","ping_status":"closed","sticky":false,"template":"","format":"standard","meta":{"footnotes":""},"categories":[1],"tags":[143,694,879,984,1046,1047],"class_list":["post-3566","post","type-post","status-publish","format-standard","hentry","category-non-classe","tag-ogm","tag-altertour-2013","tag-faucheurs-volontaires","tag-toucy","tag-bouzy-la-foret","tag-loiret","no-post-thumbnail"],"yoast_head":"<!-- This site is optimized with the Yoast SEO plugin v27.3 - https:\/\/yoast.com\/product\/yoast-seo-wordpress\/ -->\n<title>Rencontres Internationales des Mouvements contre les OGM - AlterTour<\/title>\n<meta name=\"robots\" content=\"index, follow, max-snippet:-1, max-image-preview:large, max-video-preview:-1\" \/>\n<link rel=\"canonical\" href=\"https:\/\/www.altercampagne.net\/?p=3566\" \/>\n<meta property=\"og:locale\" content=\"fr_FR\" \/>\n<meta property=\"og:type\" content=\"article\" \/>\n<meta property=\"og:title\" content=\"Rencontres Internationales des Mouvements contre les OGM - AlterTour\" \/>\n<meta property=\"og:description\" content=\"Samedi 20 et dimanche 21 juillet 2013 \u00e0 Bouzy la For\u00eat dans le Loiret Les Faucheurs Volontaires f\u00eatent leurs dix ans cette ann\u00e9e A cette occasion ils organisent les 20 et 21 juillet \u00e0 Bouzy la For\u00eat dans le Loiret des rencontres internationales des mouvements anti-OGM avec des intervenants et ... Read More\" \/>\n<meta property=\"og:url\" content=\"https:\/\/www.altercampagne.net\/?p=3566\" \/>\n<meta property=\"og:site_name\" content=\"AlterTour\" \/>\n<meta property=\"article:published_time\" content=\"2013-03-12T15:38:56+00:00\" \/>\n<meta property=\"article:modified_time\" content=\"2016-04-06T14:41:01+00:00\" \/>\n<meta property=\"og:image\" content=\"http:\/\/altercampagne.free.fr\/pages\/2008\/AlterTour\/pic\/AT2013-RIMCO.jpg\" \/>\n<meta name=\"author\" content=\"Mathieu\" \/>\n<meta name=\"twitter:card\" content=\"summary_large_image\" \/>\n<meta name=\"twitter:label1\" content=\"\u00c9crit par\" \/>\n\t<meta name=\"twitter:data1\" content=\"Mathieu\" \/>\n\t<meta name=\"twitter:label2\" content=\"Dur\u00e9e de lecture estim\u00e9e\" \/>\n\t<meta name=\"twitter:data2\" content=\"1 minute\" \/>\n<script type=\"application\/ld+json\" class=\"yoast-schema-graph\">{\"@context\":\"https:\\\/\\\/schema.org\",\"@graph\":[{\"@type\":\"Article\",\"@id\":\"https:\\\/\\\/www.altercampagne.net\\\/?p=3566#article\",\"isPartOf\":{\"@id\":\"https:\\\/\\\/www.altercampagne.net\\\/?p=3566\"},\"author\":{\"name\":\"Mathieu\",\"@id\":\"https:\\\/\\\/www.altercampagne.net\\\/#\\\/schema\\\/person\\\/0f261460c09e430caa0f9bcffa319109\"},\"headline\":\"Rencontres Internationales des Mouvements contre les OGM\",\"datePublished\":\"2013-03-12T15:38:56+00:00\",\"dateModified\":\"2016-04-06T14:41:01+00:00\",\"mainEntityOfPage\":{\"@id\":\"https:\\\/\\\/www.altercampagne.net\\\/?p=3566\"},\"wordCount\":135,\"image\":{\"@id\":\"https:\\\/\\\/www.altercampagne.net\\\/?p=3566#primaryimage\"},\"thumbnailUrl\":\"http:\\\/\\\/altercampagne.free.fr\\\/pages\\\/2008\\\/AlterTour\\\/pic\\\/AT2013-RIMCO.jpg\",\"keywords\":[\"ogm\",\"AlterTour 2013\",\"Faucheurs Volontaires\",\"Toucy\",\"Bouzy la For\u00eat\",\"Loiret\"],\"inLanguage\":\"fr-FR\"},{\"@type\":\"WebPage\",\"@id\":\"https:\\\/\\\/www.altercampagne.net\\\/?p=3566\",\"url\":\"https:\\\/\\\/www.altercampagne.net\\\/?p=3566\",\"name\":\"Rencontres Internationales des Mouvements contre les OGM - AlterTour\",\"isPartOf\":{\"@id\":\"https:\\\/\\\/www.altercampagne.net\\\/#website\"},\"primaryImageOfPage\":{\"@id\":\"https:\\\/\\\/www.altercampagne.net\\\/?p=3566#primaryimage\"},\"image\":{\"@id\":\"https:\\\/\\\/www.altercampagne.net\\\/?p=3566#primaryimage\"},\"thumbnailUrl\":\"http:\\\/\\\/altercampagne.free.fr\\\/pages\\\/2008\\\/AlterTour\\\/pic\\\/AT2013-RIMCO.jpg\",\"datePublished\":\"2013-03-12T15:38:56+00:00\",\"dateModified\":\"2016-04-06T14:41:01+00:00\",\"author\":{\"@id\":\"https:\\\/\\\/www.altercampagne.net\\\/#\\\/schema\\\/person\\\/0f261460c09e430caa0f9bcffa319109\"},\"breadcrumb\":{\"@id\":\"https:\\\/\\\/www.altercampagne.net\\\/?p=3566#breadcrumb\"},\"inLanguage\":\"fr-FR\",\"potentialAction\":[{\"@type\":\"ReadAction\",\"target\":[\"https:\\\/\\\/www.altercampagne.net\\\/?p=3566\"]}]},{\"@type\":\"ImageObject\",\"inLanguage\":\"fr-FR\",\"@id\":\"https:\\\/\\\/www.altercampagne.net\\\/?p=3566#primaryimage\",\"url\":\"http:\\\/\\\/altercampagne.free.fr\\\/pages\\\/2008\\\/AlterTour\\\/pic\\\/AT2013-RIMCO.jpg\",\"contentUrl\":\"http:\\\/\\\/altercampagne.free.fr\\\/pages\\\/2008\\\/AlterTour\\\/pic\\\/AT2013-RIMCO.jpg\"},{\"@type\":\"BreadcrumbList\",\"@id\":\"https:\\\/\\\/www.altercampagne.net\\\/?p=3566#breadcrumb\",\"itemListElement\":[{\"@type\":\"ListItem\",\"position\":1,\"name\":\"Accueil\",\"item\":\"https:\\\/\\\/www.altercampagne.net\\\/\"},{\"@type\":\"ListItem\",\"position\":2,\"name\":\"Rencontres Internationales des Mouvements contre les OGM\"}]},{\"@type\":\"WebSite\",\"@id\":\"https:\\\/\\\/www.altercampagne.net\\\/#website\",\"url\":\"https:\\\/\\\/www.altercampagne.net\\\/\",\"name\":\"AlterTour\",\"description\":\"Reliez les Alternatives \u00e0 v\u00e9lo\",\"potentialAction\":[{\"@type\":\"SearchAction\",\"target\":{\"@type\":\"EntryPoint\",\"urlTemplate\":\"https:\\\/\\\/www.altercampagne.net\\\/?s={search_term_string}\"},\"query-input\":{\"@type\":\"PropertyValueSpecification\",\"valueRequired\":true,\"valueName\":\"search_term_string\"}}],\"inLanguage\":\"fr-FR\"},{\"@type\":\"Person\",\"@id\":\"https:\\\/\\\/www.altercampagne.net\\\/#\\\/schema\\\/person\\\/0f261460c09e430caa0f9bcffa319109\",\"name\":\"Mathieu\",\"image\":{\"@type\":\"ImageObject\",\"inLanguage\":\"fr-FR\",\"@id\":\"https:\\\/\\\/secure.gravatar.com\\\/avatar\\\/aa9d3d24c83f2141e5e2709d0f63d09a99f6be6bb7a50abc4915838d9f54501a?s=96&d=mm&r=g\",\"url\":\"https:\\\/\\\/secure.gravatar.com\\\/avatar\\\/aa9d3d24c83f2141e5e2709d0f63d09a99f6be6bb7a50abc4915838d9f54501a?s=96&d=mm&r=g\",\"contentUrl\":\"https:\\\/\\\/secure.gravatar.com\\\/avatar\\\/aa9d3d24c83f2141e5e2709d0f63d09a99f6be6bb7a50abc4915838d9f54501a?s=96&d=mm&r=g\",\"caption\":\"Mathieu\"},\"url\":\"https:\\\/\\\/www.altercampagne.net\\\/?author=214\"}]}<\/script>\n<!-- \/ Yoast SEO plugin. -->","yoast_head_json":{"title":"Rencontres Internationales des Mouvements contre les OGM - AlterTour","robots":{"index":"index","follow":"follow","max-snippet":"max-snippet:-1","max-image-preview":"max-image-preview:large","max-video-preview":"max-video-preview:-1"},"canonical":"https:\/\/www.altercampagne.net\/?p=3566","og_locale":"fr_FR","og_type":"article","og_title":"Rencontres Internationales des Mouvements contre les OGM - AlterTour","og_description":"Samedi 20 et dimanche 21 juillet 2013 \u00e0 Bouzy la For\u00eat dans le Loiret Les Faucheurs Volontaires f\u00eatent leurs dix ans cette ann\u00e9e A cette occasion ils organisent les 20 et 21 juillet \u00e0 Bouzy la For\u00eat dans le Loiret des rencontres internationales des mouvements anti-OGM avec des intervenants et ... Read More","og_url":"https:\/\/www.altercampagne.net\/?p=3566","og_site_name":"AlterTour","article_published_time":"2013-03-12T15:38:56+00:00","article_modified_time":"2016-04-06T14:41:01+00:00","og_image":[{"url":"http:\/\/altercampagne.free.fr\/pages\/2008\/AlterTour\/pic\/AT2013-RIMCO.jpg","type":"","width":"","height":""}],"author":"Mathieu","twitter_card":"summary_large_image","twitter_misc":{"\u00c9crit par":"Mathieu","Dur\u00e9e de lecture estim\u00e9e":"1 minute"},"schema":{"@context":"https:\/\/schema.org","@graph":[{"@type":"Article","@id":"https:\/\/www.altercampagne.net\/?p=3566#article","isPartOf":{"@id":"https:\/\/www.altercampagne.net\/?p=3566"},"author":{"name":"Mathieu","@id":"https:\/\/www.altercampagne.net\/#\/schema\/person\/0f261460c09e430caa0f9bcffa319109"},"headline":"Rencontres Internationales des Mouvements contre les OGM","datePublished":"2013-03-12T15:38:56+00:00","dateModified":"2016-04-06T14:41:01+00:00","mainEntityOfPage":{"@id":"https:\/\/www.altercampagne.net\/?p=3566"},"wordCount":135,"image":{"@id":"https:\/\/www.altercampagne.net\/?p=3566#primaryimage"},"thumbnailUrl":"http:\/\/altercampagne.free.fr\/pages\/2008\/AlterTour\/pic\/AT2013-RIMCO.jpg","keywords":["ogm","AlterTour 2013","Faucheurs Volontaires","Toucy","Bouzy la For\u00eat","Loiret"],"inLanguage":"fr-FR"},{"@type":"WebPage","@id":"https:\/\/www.altercampagne.net\/?p=3566","url":"https:\/\/www.altercampagne.net\/?p=3566","name":"Rencontres Internationales des Mouvements contre les OGM - AlterTour","isPartOf":{"@id":"https:\/\/www.altercampagne.net\/#website"},"primaryImageOfPage":{"@id":"https:\/\/www.altercampagne.net\/?p=3566#primaryimage"},"image":{"@id":"https:\/\/www.altercampagne.net\/?p=3566#primaryimage"},"thumbnailUrl":"http:\/\/altercampagne.free.fr\/pages\/2008\/AlterTour\/pic\/AT2013-RIMCO.jpg","datePublished":"2013-03-12T15:38:56+00:00","dateModified":"2016-04-06T14:41:01+00:00","author":{"@id":"https:\/\/www.altercampagne.net\/#\/schema\/person\/0f261460c09e430caa0f9bcffa319109"},"breadcrumb":{"@id":"https:\/\/www.altercampagne.net\/?p=3566#breadcrumb"},"inLanguage":"fr-FR","potentialAction":[{"@type":"ReadAction","target":["https:\/\/www.altercampagne.net\/?p=3566"]}]},{"@type":"ImageObject","inLanguage":"fr-FR","@id":"https:\/\/www.altercampagne.net\/?p=3566#primaryimage","url":"http:\/\/altercampagne.free.fr\/pages\/2008\/AlterTour\/pic\/AT2013-RIMCO.jpg","contentUrl":"http:\/\/altercampagne.free.fr\/pages\/2008\/AlterTour\/pic\/AT2013-RIMCO.jpg"},{"@type":"BreadcrumbList","@id":"https:\/\/www.altercampagne.net\/?p=3566#breadcrumb","itemListElement":[{"@type":"ListItem","position":1,"name":"Accueil","item":"https:\/\/www.altercampagne.net\/"},{"@type":"ListItem","position":2,"name":"Rencontres Internationales des Mouvements contre les OGM"}]},{"@type":"WebSite","@id":"https:\/\/www.altercampagne.net\/#website","url":"https:\/\/www.altercampagne.net\/","name":"AlterTour","description":"Reliez les Alternatives \u00e0 v\u00e9lo","potentialAction":[{"@type":"SearchAction","target":{"@type":"EntryPoint","urlTemplate":"https:\/\/www.altercampagne.net\/?s={search_term_string}"},"query-input":{"@type":"PropertyValueSpecification","valueRequired":true,"valueName":"search_term_string"}}],"inLanguage":"fr-FR"},{"@type":"Person","@id":"https:\/\/www.altercampagne.net\/#\/schema\/person\/0f261460c09e430caa0f9bcffa319109","name":"Mathieu","image":{"@type":"ImageObject","inLanguage":"fr-FR","@id":"https:\/\/secure.gravatar.com\/avatar\/aa9d3d24c83f2141e5e2709d0f63d09a99f6be6bb7a50abc4915838d9f54501a?s=96&d=mm&r=g","url":"https:\/\/secure.gravatar.com\/avatar\/aa9d3d24c83f2141e5e2709d0f63d09a99f6be6bb7a50abc4915838d9f54501a?s=96&d=mm&r=g","contentUrl":"https:\/\/secure.gravatar.com\/avatar\/aa9d3d24c83f2141e5e2709d0f63d09a99f6be6bb7a50abc4915838d9f54501a?s=96&d=mm&r=g","caption":"Mathieu"},"url":"https:\/\/www.altercampagne.net\/?author=214"}]}},"_links":{"self":[{"href":"https:\/\/www.altercampagne.net\/index.php?rest_route=\/wp\/v2\/posts\/3566","targetHints":{"allow":["GET"]}}],"collection":[{"href":"https:\/\/www.altercampagne.net\/index.php?rest_route=\/wp\/v2\/posts"}],"about":[{"href":"https:\/\/www.altercampagne.net\/index.php?rest_route=\/wp\/v2\/types\/post"}],"author":[{"embeddable":true,"href":"https:\/\/www.altercampagne.net\/index.php?rest_route=\/wp\/v2\/users\/214"}],"replies":[{"embeddable":true,"href":"https:\/\/www.altercampagne.net\/index.php?rest_route=%2Fwp%2Fv2%2Fcomments&post=3566"}],"version-history":[{"count":0,"href":"https:\/\/www.altercampagne.net\/index.php?rest_route=\/wp\/v2\/posts\/3566\/revisions"}],"wp:attachment":[{"href":"https:\/\/www.altercampagne.net\/index.php?rest_route=%2Fwp%2Fv2%2Fmedia&parent=3566"}],"wp:term":[{"taxonomy":"category","embeddable":true,"href":"https:\/\/www.altercampagne.net\/index.php?rest_route=%2Fwp%2Fv2%2Fcategories&post=3566"},{"taxonomy":"post_tag","embeddable":true,"href":"https:\/\/www.altercampagne.net\/index.php?rest_route=%2Fwp%2Fv2%2Ftags&post=3566"}],"curies":[{"name":"wp","href":"https:\/\/api.w.org\/{rel}","templated":true}]}}