{"id":3570,"date":"2013-02-28T16:46:10","date_gmt":"2013-02-28T15:46:10","guid":{"rendered":"http:\/\/www.altercampagne.net\/?p=3570"},"modified":"2020-02-24T16:53:34","modified_gmt":"2020-02-24T15:53:34","slug":"parcours-previsionnel-2013","status":"publish","type":"post","link":"https:\/\/www.altercampagne.net\/?p=3570","title":{"rendered":"Parcours pr\u00e9visionnel 2013 !"},"content":{"rendered":"<p><img loading=\"lazy\" decoding=\"async\" class=\" alignleft\" src=\"http:\/\/altercampagne.free.fr\/pages\/2008\/AlterTour\/pic\/AT2013-Parcours.jpg\" alt=\"\" width=\"600\" height=\"764\">A l&rsquo;issu de la 5\u00e8me r\u00e9union de pr\u00e9paration de l&rsquo;AlterTour 2013 nous avons \u00e9tablit un parcours pr\u00e9visionnel passant par le Loiret 45, la Ni\u00e8vre 58, l&rsquo;Yonne 89, la C\u00f4te d\u2019Or 21, la Sa\u00f4ne et Loire 71, le Jura 39 et le Doubs 25.<\/p>\n<p class=\"Style271 Style138 Style152\" align=\"justify\">Voici quelques points de passage :<\/p>\n<p class=\"Style271 Style138 Style152\" align=\"justify\">&#8211; D\u00e9part de Gien (45) le 18 juillet<\/p>\n<p class=\"Style271 Style138 Style152\" align=\"justify\">&#8211; Bouzy-la-For\u00eat (45) le 20 juillet aux <a href=\"http:\/\/www.lespaniersduvaldeloire.fr\/NewsDetails.aspx?id=3080863\" target=\"_blank\" rel=\"noopener noreferrer\">rencontres internationales des mouvements anti-OGM<\/a><\/p>\n<p class=\"Style271 Style138 Style152\" align=\"justify\">&#8211; la Bussi\u00e8re-sur-Ouche (21) le 29 juillet \u00e0 la <a href=\"http:\/\/www.goshen.fr\/\" target=\"_blank\" rel=\"noopener noreferrer\">Ferme de la Chaux <\/a><\/p>\n<p class=\"Style271 Style138 Style152\" align=\"justify\">&#8211; La Chapelle sous Uchon (71) les 1er et 2 ao\u00fbt \u00e0 <a href=\"http:\/\/www.passerelleco.info\/\" target=\"_blank\" rel=\"noopener noreferrer\">Passerelle&rsquo;Eco<\/a><\/p>\n<p class=\"Style271 Style138 Style152\" align=\"justify\">&#8211; Torpes (71) les 5 et 6 ao\u00fbt \u00e0 la l&rsquo;<a href=\"http:\/\/tri-lingual-farming.blogspot.fr\/p\/eco-lieu.html\" target=\"_blank\" rel=\"noopener noreferrer\">Ecolieu du Portail <\/a><\/p>\n<p class=\"Style271 Style138 Style152\" align=\"justify\">&#8211; Besain (39) le 10 ao\u00fbt aux <a href=\"http:\/\/collectifcitoyens.posterous.com\/\" target=\"_blank\" rel=\"noopener noreferrer\">R\u00e9sistives<\/a><\/p>\n<p class=\"Style271 Style138 Style152\" align=\"justify\">&#8211; Saint-Maur (39) le 13 ao\u00fbt au <a href=\"http:\/\/www.theatre-biolopin.com\/biolopin.htm\" target=\"_blank\" rel=\"noopener noreferrer\">Biolopin<\/a><\/p>\n<p class=\"Style271 Style138 Style152\" align=\"justify\">&#8211; Arriv\u00e9e \u00e0 la <a href=\"http:\/\/www.claj-batailleuse.com\/\" target=\"_blank\" rel=\"noopener noreferrer\">Batailleuse<\/a> \u00e0 Rochejean (25) le 20 ao\u00fbt \u00e0 l&rsquo;<a href=\"http:\/\/www.france.attac.org\/evenement\/6eme-altervillage-dattac\" target=\"_blank\" rel=\"noopener noreferrer\">AlterVillage d&rsquo;ATTAC<\/a><\/p>\n","protected":false},"excerpt":{"rendered":"<p>A l&rsquo;issu de la 5\u00e8me r\u00e9union de pr\u00e9paration de l&rsquo;AlterTour 2013 nous avons \u00e9tablit un parcours pr\u00e9visionnel passant par le Loiret 45, la Ni\u00e8vre 58, l&rsquo;Yonne 89, la C\u00f4te d\u2019Or 21, la Sa\u00f4ne et Loire 71, le Jura 39 et le Doubs 25. Voici quelques points de passage : &#8211; &#8230; <\/p>\n<div><a href=\"https:\/\/www.altercampagne.net\/?p=3570\" class=\"more-link\">Read More<\/a><\/div>\n","protected":false},"author":214,"featured_media":0,"comment_status":"closed","ping_status":"closed","sticky":false,"template":"","format":"standard","meta":{"footnotes":""},"categories":[3495,3469,3462],"tags":[2926,1656,1668,1812,2864,2865,2866,2867,2868,2869,2870,2871,2925,1062,2927,2928,2929,2930,2931,2932,2933,2934,2935,2936,2937,991,252,253,520,547,597,659,660,679,694,827,912,946,46,995,1007,1008,1038,1047,1056,1057,1058,1059,1060,1061],"class_list":["post-3570","post","type-post","status-publish","format-standard","hentry","category-bourgogne-franche-comte","category-programmes","category-edition-2013","tag-tour-de-france-ecologique","tag-1656","tag-cyclo-militant","tag-tour-de-france-des-alternatives","tag-tour-velo-ecolo","tag-tour-velo-ecologique","tag-tour-cyclomilitant","tag-cyclomilitant","tag-tour-a-velo","tag-tour-a-velo-ecolo","tag-tour-a-velo-ecologique","tag-ecolo","tag-tour-de-france-ecolo","tag-altervillage","tag-tour-de-france-agroecologie","tag-tour-de-france-transition","tag-tour-de-france-ecolieux","tag-tour-de-france-permaculture","tag-tour-de-france-ecologie","tag-tour-de-france-climat","tag-tour-de-france-bio","tag-tour-de-france-alternatives","tag-relier-les-alternatives-a-velo","tag-relions-les-alternatives-a-velo","tag-tour-de-france-micro-brasserie","tag-ferme-de-la-chaux","tag-reliez-les-alternatives-a-velo","tag-autre-tour-de-france","tag-parcours","tag-tour-cyclo-militant","tag-doubs","tag-anti-tour-de-france","tag-tour-de-france","tag-ecologique","tag-altertour-2013","tag-velo","tag-biolopin","tag-croqueurs-de-pommes-jura-val-dor","tag-tour","tag-resistives","tag-batailleuse","tag-attac","tag-cote-dor","tag-loiret","tag-nievre","tag-yonne","tag-saone-et-loire","tag-rencontres-internationales-des-mouvements-anti-ogm","tag-passerelleeco","tag-ecolieu-du-portail","no-post-thumbnail"],"yoast_head":"<!-- This site is optimized with the Yoast SEO plugin v27.3 - https:\/\/yoast.com\/product\/yoast-seo-wordpress\/ -->\n<title>Parcours pr\u00e9visionnel 2013 ! - AlterTour<\/title>\n<meta name=\"robots\" content=\"index, follow, max-snippet:-1, max-image-preview:large, max-video-preview:-1\" \/>\n<link rel=\"canonical\" href=\"https:\/\/www.altercampagne.net\/?p=3570\" \/>\n<meta property=\"og:locale\" content=\"fr_FR\" \/>\n<meta property=\"og:type\" content=\"article\" \/>\n<meta property=\"og:title\" content=\"Parcours pr\u00e9visionnel 2013 ! - AlterTour\" \/>\n<meta property=\"og:description\" content=\"A l&rsquo;issu de la 5\u00e8me r\u00e9union de pr\u00e9paration de l&rsquo;AlterTour 2013 nous avons \u00e9tablit un parcours pr\u00e9visionnel passant par le Loiret 45, la Ni\u00e8vre 58, l&rsquo;Yonne 89, la C\u00f4te d\u2019Or 21, la Sa\u00f4ne et Loire 71, le Jura 39 et le Doubs 25. Voici quelques points de passage : &#8211; ... Read More\" \/>\n<meta property=\"og:url\" content=\"https:\/\/www.altercampagne.net\/?p=3570\" \/>\n<meta property=\"og:site_name\" content=\"AlterTour\" \/>\n<meta property=\"article:published_time\" content=\"2013-02-28T15:46:10+00:00\" \/>\n<meta property=\"article:modified_time\" content=\"2020-02-24T15:53:34+00:00\" \/>\n<meta property=\"og:image\" content=\"http:\/\/altercampagne.free.fr\/pages\/2008\/AlterTour\/pic\/AT2013-Parcours.jpg\" \/>\n<meta name=\"author\" content=\"Mathieu\" \/>\n<meta name=\"twitter:card\" content=\"summary_large_image\" \/>\n<meta name=\"twitter:label1\" content=\"\u00c9crit par\" \/>\n\t<meta name=\"twitter:data1\" content=\"Mathieu\" \/>\n\t<meta name=\"twitter:label2\" content=\"Dur\u00e9e de lecture estim\u00e9e\" \/>\n\t<meta name=\"twitter:data2\" content=\"1 minute\" \/>\n<script type=\"application\/ld+json\" class=\"yoast-schema-graph\">{\"@context\":\"https:\\\/\\\/schema.org\",\"@graph\":[{\"@type\":\"Article\",\"@id\":\"https:\\\/\\\/www.altercampagne.net\\\/?p=3570#article\",\"isPartOf\":{\"@id\":\"https:\\\/\\\/www.altercampagne.net\\\/?p=3570\"},\"author\":{\"name\":\"Mathieu\",\"@id\":\"https:\\\/\\\/www.altercampagne.net\\\/#\\\/schema\\\/person\\\/0f261460c09e430caa0f9bcffa319109\"},\"headline\":\"Parcours pr\u00e9visionnel 2013 !\",\"datePublished\":\"2013-02-28T15:46:10+00:00\",\"dateModified\":\"2020-02-24T15:53:34+00:00\",\"mainEntityOfPage\":{\"@id\":\"https:\\\/\\\/www.altercampagne.net\\\/?p=3570\"},\"wordCount\":133,\"image\":{\"@id\":\"https:\\\/\\\/www.altercampagne.net\\\/?p=3570#primaryimage\"},\"thumbnailUrl\":\"http:\\\/\\\/altercampagne.free.fr\\\/pages\\\/2008\\\/AlterTour\\\/pic\\\/AT2013-Parcours.jpg\",\"keywords\":[\"tour de france \u00e9cologique\",\"2013\",\"cyclo-militant\",\"tour de France des Alternatives\",\"tour v\u00e9lo \u00e9colo\",\"tour v\u00e9lo \u00e9cologique\",\"tour cyclomilitant\",\"cyclomilitant\",\"tour \u00e0 v\u00e9lo\",\"tour \u00e0 v\u00e9lo \u00e9colo\",\"tour \u00e0 v\u00e9lo \u00e9cologique\",\"\u00e9colo\",\"tour de france \u00e9colo\",\"AlterVillage\",\"tour de france agro\u00e9cologie\",\"tour de france transition\",\"tour de france \u00e9colieux\",\"tour de france permaculture\",\"tour de france \u00e9cologie\",\"tour de france climat\",\"tour de France bio\",\"tour de France alternatives\",\"relier les alternatives \u00e0 v\u00e9lo\",\"relions les alternatives \u00e0 v\u00e9lo\",\"tour de France micro-brasserie\",\"Ferme de la Chaux\",\"reliez les alternatives \u00e0 v\u00e9lo\",\"autre tour de France\",\"parcours\",\"tour cyclo-militant\",\"Doubs\",\"anti-Tour de France\",\"Tour de France\",\"\u00e9cologique\",\"AlterTour 2013\",\"v\u00e9lo\",\"Biolopin\",\"Croqueurs de Pommes Jura Val d'or\",\"tour\",\"R\u00e9SiSTiVeS\",\"Batailleuse\",\"Attac\",\"c\u00f4te-d'or\",\"Loiret\",\"ni\u00e8vre\",\"yonne\",\"sa\u00f4ne et loire\",\"rencontres internationales des mouvements anti-OGM\",\"Passerelle'Eco\",\"Ecolieu du Portail\"],\"articleSection\":[\"Bourgogne-Franche-Comt\u00e9\",\"Programmes\",\"\u00c9dition 2013\"],\"inLanguage\":\"fr-FR\"},{\"@type\":\"WebPage\",\"@id\":\"https:\\\/\\\/www.altercampagne.net\\\/?p=3570\",\"url\":\"https:\\\/\\\/www.altercampagne.net\\\/?p=3570\",\"name\":\"Parcours pr\u00e9visionnel 2013 ! - AlterTour\",\"isPartOf\":{\"@id\":\"https:\\\/\\\/www.altercampagne.net\\\/#website\"},\"primaryImageOfPage\":{\"@id\":\"https:\\\/\\\/www.altercampagne.net\\\/?p=3570#primaryimage\"},\"image\":{\"@id\":\"https:\\\/\\\/www.altercampagne.net\\\/?p=3570#primaryimage\"},\"thumbnailUrl\":\"http:\\\/\\\/altercampagne.free.fr\\\/pages\\\/2008\\\/AlterTour\\\/pic\\\/AT2013-Parcours.jpg\",\"datePublished\":\"2013-02-28T15:46:10+00:00\",\"dateModified\":\"2020-02-24T15:53:34+00:00\",\"author\":{\"@id\":\"https:\\\/\\\/www.altercampagne.net\\\/#\\\/schema\\\/person\\\/0f261460c09e430caa0f9bcffa319109\"},\"breadcrumb\":{\"@id\":\"https:\\\/\\\/www.altercampagne.net\\\/?p=3570#breadcrumb\"},\"inLanguage\":\"fr-FR\",\"potentialAction\":[{\"@type\":\"ReadAction\",\"target\":[\"https:\\\/\\\/www.altercampagne.net\\\/?p=3570\"]}]},{\"@type\":\"ImageObject\",\"inLanguage\":\"fr-FR\",\"@id\":\"https:\\\/\\\/www.altercampagne.net\\\/?p=3570#primaryimage\",\"url\":\"http:\\\/\\\/altercampagne.free.fr\\\/pages\\\/2008\\\/AlterTour\\\/pic\\\/AT2013-Parcours.jpg\",\"contentUrl\":\"http:\\\/\\\/altercampagne.free.fr\\\/pages\\\/2008\\\/AlterTour\\\/pic\\\/AT2013-Parcours.jpg\"},{\"@type\":\"BreadcrumbList\",\"@id\":\"https:\\\/\\\/www.altercampagne.net\\\/?p=3570#breadcrumb\",\"itemListElement\":[{\"@type\":\"ListItem\",\"position\":1,\"name\":\"Accueil\",\"item\":\"https:\\\/\\\/www.altercampagne.net\\\/\"},{\"@type\":\"ListItem\",\"position\":2,\"name\":\"Parcours pr\u00e9visionnel 2013 !\"}]},{\"@type\":\"WebSite\",\"@id\":\"https:\\\/\\\/www.altercampagne.net\\\/#website\",\"url\":\"https:\\\/\\\/www.altercampagne.net\\\/\",\"name\":\"AlterTour\",\"description\":\"Reliez les Alternatives \u00e0 v\u00e9lo\",\"potentialAction\":[{\"@type\":\"SearchAction\",\"target\":{\"@type\":\"EntryPoint\",\"urlTemplate\":\"https:\\\/\\\/www.altercampagne.net\\\/?s={search_term_string}\"},\"query-input\":{\"@type\":\"PropertyValueSpecification\",\"valueRequired\":true,\"valueName\":\"search_term_string\"}}],\"inLanguage\":\"fr-FR\"},{\"@type\":\"Person\",\"@id\":\"https:\\\/\\\/www.altercampagne.net\\\/#\\\/schema\\\/person\\\/0f261460c09e430caa0f9bcffa319109\",\"name\":\"Mathieu\",\"image\":{\"@type\":\"ImageObject\",\"inLanguage\":\"fr-FR\",\"@id\":\"https:\\\/\\\/secure.gravatar.com\\\/avatar\\\/aa9d3d24c83f2141e5e2709d0f63d09a99f6be6bb7a50abc4915838d9f54501a?s=96&d=mm&r=g\",\"url\":\"https:\\\/\\\/secure.gravatar.com\\\/avatar\\\/aa9d3d24c83f2141e5e2709d0f63d09a99f6be6bb7a50abc4915838d9f54501a?s=96&d=mm&r=g\",\"contentUrl\":\"https:\\\/\\\/secure.gravatar.com\\\/avatar\\\/aa9d3d24c83f2141e5e2709d0f63d09a99f6be6bb7a50abc4915838d9f54501a?s=96&d=mm&r=g\",\"caption\":\"Mathieu\"},\"url\":\"https:\\\/\\\/www.altercampagne.net\\\/?author=214\"}]}<\/script>\n<!-- \/ Yoast SEO plugin. -->","yoast_head_json":{"title":"Parcours pr\u00e9visionnel 2013 ! - AlterTour","robots":{"index":"index","follow":"follow","max-snippet":"max-snippet:-1","max-image-preview":"max-image-preview:large","max-video-preview":"max-video-preview:-1"},"canonical":"https:\/\/www.altercampagne.net\/?p=3570","og_locale":"fr_FR","og_type":"article","og_title":"Parcours pr\u00e9visionnel 2013 ! - AlterTour","og_description":"A l&rsquo;issu de la 5\u00e8me r\u00e9union de pr\u00e9paration de l&rsquo;AlterTour 2013 nous avons \u00e9tablit un parcours pr\u00e9visionnel passant par le Loiret 45, la Ni\u00e8vre 58, l&rsquo;Yonne 89, la C\u00f4te d\u2019Or 21, la Sa\u00f4ne et Loire 71, le Jura 39 et le Doubs 25. Voici quelques points de passage : &#8211; ... Read More","og_url":"https:\/\/www.altercampagne.net\/?p=3570","og_site_name":"AlterTour","article_published_time":"2013-02-28T15:46:10+00:00","article_modified_time":"2020-02-24T15:53:34+00:00","og_image":[{"url":"http:\/\/altercampagne.free.fr\/pages\/2008\/AlterTour\/pic\/AT2013-Parcours.jpg","type":"","width":"","height":""}],"author":"Mathieu","twitter_card":"summary_large_image","twitter_misc":{"\u00c9crit par":"Mathieu","Dur\u00e9e de lecture estim\u00e9e":"1 minute"},"schema":{"@context":"https:\/\/schema.org","@graph":[{"@type":"Article","@id":"https:\/\/www.altercampagne.net\/?p=3570#article","isPartOf":{"@id":"https:\/\/www.altercampagne.net\/?p=3570"},"author":{"name":"Mathieu","@id":"https:\/\/www.altercampagne.net\/#\/schema\/person\/0f261460c09e430caa0f9bcffa319109"},"headline":"Parcours pr\u00e9visionnel 2013 !","datePublished":"2013-02-28T15:46:10+00:00","dateModified":"2020-02-24T15:53:34+00:00","mainEntityOfPage":{"@id":"https:\/\/www.altercampagne.net\/?p=3570"},"wordCount":133,"image":{"@id":"https:\/\/www.altercampagne.net\/?p=3570#primaryimage"},"thumbnailUrl":"http:\/\/altercampagne.free.fr\/pages\/2008\/AlterTour\/pic\/AT2013-Parcours.jpg","keywords":["tour de france \u00e9cologique","2013","cyclo-militant","tour de France des Alternatives","tour v\u00e9lo \u00e9colo","tour v\u00e9lo \u00e9cologique","tour cyclomilitant","cyclomilitant","tour \u00e0 v\u00e9lo","tour \u00e0 v\u00e9lo \u00e9colo","tour \u00e0 v\u00e9lo \u00e9cologique","\u00e9colo","tour de france \u00e9colo","AlterVillage","tour de france agro\u00e9cologie","tour de france transition","tour de france \u00e9colieux","tour de france permaculture","tour de france \u00e9cologie","tour de france climat","tour de France bio","tour de France alternatives","relier les alternatives \u00e0 v\u00e9lo","relions les alternatives \u00e0 v\u00e9lo","tour de France micro-brasserie","Ferme de la Chaux","reliez les alternatives \u00e0 v\u00e9lo","autre tour de France","parcours","tour cyclo-militant","Doubs","anti-Tour de France","Tour de France","\u00e9cologique","AlterTour 2013","v\u00e9lo","Biolopin","Croqueurs de Pommes Jura Val d'or","tour","R\u00e9SiSTiVeS","Batailleuse","Attac","c\u00f4te-d'or","Loiret","ni\u00e8vre","yonne","sa\u00f4ne et loire","rencontres internationales des mouvements anti-OGM","Passerelle'Eco","Ecolieu du Portail"],"articleSection":["Bourgogne-Franche-Comt\u00e9","Programmes","\u00c9dition 2013"],"inLanguage":"fr-FR"},{"@type":"WebPage","@id":"https:\/\/www.altercampagne.net\/?p=3570","url":"https:\/\/www.altercampagne.net\/?p=3570","name":"Parcours pr\u00e9visionnel 2013 ! - AlterTour","isPartOf":{"@id":"https:\/\/www.altercampagne.net\/#website"},"primaryImageOfPage":{"@id":"https:\/\/www.altercampagne.net\/?p=3570#primaryimage"},"image":{"@id":"https:\/\/www.altercampagne.net\/?p=3570#primaryimage"},"thumbnailUrl":"http:\/\/altercampagne.free.fr\/pages\/2008\/AlterTour\/pic\/AT2013-Parcours.jpg","datePublished":"2013-02-28T15:46:10+00:00","dateModified":"2020-02-24T15:53:34+00:00","author":{"@id":"https:\/\/www.altercampagne.net\/#\/schema\/person\/0f261460c09e430caa0f9bcffa319109"},"breadcrumb":{"@id":"https:\/\/www.altercampagne.net\/?p=3570#breadcrumb"},"inLanguage":"fr-FR","potentialAction":[{"@type":"ReadAction","target":["https:\/\/www.altercampagne.net\/?p=3570"]}]},{"@type":"ImageObject","inLanguage":"fr-FR","@id":"https:\/\/www.altercampagne.net\/?p=3570#primaryimage","url":"http:\/\/altercampagne.free.fr\/pages\/2008\/AlterTour\/pic\/AT2013-Parcours.jpg","contentUrl":"http:\/\/altercampagne.free.fr\/pages\/2008\/AlterTour\/pic\/AT2013-Parcours.jpg"},{"@type":"BreadcrumbList","@id":"https:\/\/www.altercampagne.net\/?p=3570#breadcrumb","itemListElement":[{"@type":"ListItem","position":1,"name":"Accueil","item":"https:\/\/www.altercampagne.net\/"},{"@type":"ListItem","position":2,"name":"Parcours pr\u00e9visionnel 2013 !"}]},{"@type":"WebSite","@id":"https:\/\/www.altercampagne.net\/#website","url":"https:\/\/www.altercampagne.net\/","name":"AlterTour","description":"Reliez les Alternatives \u00e0 v\u00e9lo","potentialAction":[{"@type":"SearchAction","target":{"@type":"EntryPoint","urlTemplate":"https:\/\/www.altercampagne.net\/?s={search_term_string}"},"query-input":{"@type":"PropertyValueSpecification","valueRequired":true,"valueName":"search_term_string"}}],"inLanguage":"fr-FR"},{"@type":"Person","@id":"https:\/\/www.altercampagne.net\/#\/schema\/person\/0f261460c09e430caa0f9bcffa319109","name":"Mathieu","image":{"@type":"ImageObject","inLanguage":"fr-FR","@id":"https:\/\/secure.gravatar.com\/avatar\/aa9d3d24c83f2141e5e2709d0f63d09a99f6be6bb7a50abc4915838d9f54501a?s=96&d=mm&r=g","url":"https:\/\/secure.gravatar.com\/avatar\/aa9d3d24c83f2141e5e2709d0f63d09a99f6be6bb7a50abc4915838d9f54501a?s=96&d=mm&r=g","contentUrl":"https:\/\/secure.gravatar.com\/avatar\/aa9d3d24c83f2141e5e2709d0f63d09a99f6be6bb7a50abc4915838d9f54501a?s=96&d=mm&r=g","caption":"Mathieu"},"url":"https:\/\/www.altercampagne.net\/?author=214"}]}},"_links":{"self":[{"href":"https:\/\/www.altercampagne.net\/index.php?rest_route=\/wp\/v2\/posts\/3570","targetHints":{"allow":["GET"]}}],"collection":[{"href":"https:\/\/www.altercampagne.net\/index.php?rest_route=\/wp\/v2\/posts"}],"about":[{"href":"https:\/\/www.altercampagne.net\/index.php?rest_route=\/wp\/v2\/types\/post"}],"author":[{"embeddable":true,"href":"https:\/\/www.altercampagne.net\/index.php?rest_route=\/wp\/v2\/users\/214"}],"replies":[{"embeddable":true,"href":"https:\/\/www.altercampagne.net\/index.php?rest_route=%2Fwp%2Fv2%2Fcomments&post=3570"}],"version-history":[{"count":1,"href":"https:\/\/www.altercampagne.net\/index.php?rest_route=\/wp\/v2\/posts\/3570\/revisions"}],"predecessor-version":[{"id":17400,"href":"https:\/\/www.altercampagne.net\/index.php?rest_route=\/wp\/v2\/posts\/3570\/revisions\/17400"}],"wp:attachment":[{"href":"https:\/\/www.altercampagne.net\/index.php?rest_route=%2Fwp%2Fv2%2Fmedia&parent=3570"}],"wp:term":[{"taxonomy":"category","embeddable":true,"href":"https:\/\/www.altercampagne.net\/index.php?rest_route=%2Fwp%2Fv2%2Fcategories&post=3570"},{"taxonomy":"post_tag","embeddable":true,"href":"https:\/\/www.altercampagne.net\/index.php?rest_route=%2Fwp%2Fv2%2Ftags&post=3570"}],"curies":[{"name":"wp","href":"https:\/\/api.w.org\/{rel}","templated":true}]}}