{"id":3579,"date":"2013-01-29T16:58:01","date_gmt":"2013-01-29T15:58:01","guid":{"rendered":"http:\/\/www.altercampagne.net\/?p=3579"},"modified":"2020-02-24T16:54:54","modified_gmt":"2020-02-24T15:54:54","slug":"habitat-partage","status":"publish","type":"post","link":"https:\/\/www.altercampagne.net\/?p=3579","title":{"rendered":"Habitat partag\u00e9"},"content":{"rendered":"<p class=\"Style271 Style138\" align=\"justify\"><img loading=\"lazy\" decoding=\"async\" class=\" alignleft\" src=\"http:\/\/altercampagne.free.fr\/pages\/2008\/AlterTour\/pic\/AT2012-Ariane.jpg\" alt=\"\" width=\"342\" height=\"492\">Ariane, participante de l&rsquo;AlterTour 2012 tente de monter, avec ses parents, un habitat partag\u00e9 dans le Gard, au pied des C\u00e9vennes, \u00e0 St Hippolyte du Fort.<\/p>\n<p class=\"Style271 Style138\" align=\"justify\">Ils disposent pour cela d&rsquo;une maison de village attenant \u00e0 un terrain d&rsquo;un 1 hectare et ils sont aider par la soci\u00e9t\u00e9 <a href=\"http:\/\/www.toitsdechoix.com\/\" target=\"_blank\" rel=\"noopener noreferrer\">Toit de choix<\/a>, qui les aide sur le montage de ce projet.<\/p>\n<p class=\"Style271 Style138\" align=\"justify\">Ils souhaiteraient voir s&rsquo;y \u00e9tablir des personnes pour y vivre, des personnes pour y travailler (ateliers artisanaux, biocoop, atelier de r\u00e9paration de v\u00e9lo, boulangers&#8230;.).<\/p>\n<p class=\"Style271 Style138\" align=\"justify\">Pour ceux qui \u00e9taient pr\u00e9sent \u00e0 Ramonville l&rsquo;\u00e9t\u00e9 dernier&#8230; et \u00e0 d\u00e9faut d&rsquo;une grande for\u00eat, ils r\u00eavent d&rsquo;un jardin comme celui de l&rsquo;habitat group\u00e9 que nous avons visit\u00e9 l\u00e0 bas&#8230;.m\u00e9lange de labyrinthe et de potager&#8230;<\/p>\n<p class=\"Style271 Style138\" align=\"justify\">Bref c&rsquo;est tr\u00e8s bien parti et ils organisent une r\u00e9union d&rsquo;information pour tous ceux que cela int\u00e9ressent le jeudi 31 janvier \u00e0 18h30 \u00e0 la salle des f\u00eates de St Hippolyte du Fort.<\/p>\n<p class=\"Style271 Style138\" align=\"justify\">Si des Altercyclistes du coin ou d&rsquo;ailleurs sont int\u00e9ress\u00e9s pour en savoir plus, n&rsquo;h\u00e9sitez pas \u00e0 contacter <a href=\"mailto:arianouch@gmail.com\">Ariane<\/a>.<\/p>\n","protected":false},"excerpt":{"rendered":"<p>Ariane, participante de l&rsquo;AlterTour 2012 tente de monter, avec ses parents, un habitat partag\u00e9 dans le Gard, au pied des C\u00e9vennes, \u00e0 St Hippolyte du Fort. Ils disposent pour cela d&rsquo;une maison de village attenant \u00e0 un terrain d&rsquo;un 1 hectare et ils sont aider par la soci\u00e9t\u00e9 Toit de &#8230; <\/p>\n<div><a href=\"https:\/\/www.altercampagne.net\/?p=3579\" class=\"more-link\">Read More<\/a><\/div>\n","protected":false},"author":214,"featured_media":0,"comment_status":"closed","ping_status":"closed","sticky":false,"template":"","format":"standard","meta":{"footnotes":""},"categories":[3485,4054],"tags":[852,1074,1075,1076,1077],"class_list":["post-3579","post","type-post","status-publish","format-standard","hentry","category-habitat","category-temoignages","tag-altertour-2012","tag-habitat-partage","tag-gard","tag-cevennes","tag-st-hippolyte-du-fort","no-post-thumbnail"],"yoast_head":"<!-- This site is optimized with the Yoast SEO plugin v27.3 - https:\/\/yoast.com\/product\/yoast-seo-wordpress\/ -->\n<title>Habitat partag\u00e9 - AlterTour<\/title>\n<meta name=\"robots\" content=\"index, follow, max-snippet:-1, max-image-preview:large, max-video-preview:-1\" \/>\n<link rel=\"canonical\" href=\"https:\/\/www.altercampagne.net\/?p=3579\" \/>\n<meta property=\"og:locale\" content=\"fr_FR\" \/>\n<meta property=\"og:type\" content=\"article\" \/>\n<meta property=\"og:title\" content=\"Habitat partag\u00e9 - AlterTour\" \/>\n<meta property=\"og:description\" content=\"Ariane, participante de l&rsquo;AlterTour 2012 tente de monter, avec ses parents, un habitat partag\u00e9 dans le Gard, au pied des C\u00e9vennes, \u00e0 St Hippolyte du Fort. Ils disposent pour cela d&rsquo;une maison de village attenant \u00e0 un terrain d&rsquo;un 1 hectare et ils sont aider par la soci\u00e9t\u00e9 Toit de ... Read More\" \/>\n<meta property=\"og:url\" content=\"https:\/\/www.altercampagne.net\/?p=3579\" \/>\n<meta property=\"og:site_name\" content=\"AlterTour\" \/>\n<meta property=\"article:published_time\" content=\"2013-01-29T15:58:01+00:00\" \/>\n<meta property=\"article:modified_time\" content=\"2020-02-24T15:54:54+00:00\" \/>\n<meta property=\"og:image\" content=\"http:\/\/altercampagne.free.fr\/pages\/2008\/AlterTour\/pic\/AT2012-Ariane.jpg\" \/>\n<meta name=\"author\" content=\"Mathieu\" \/>\n<meta name=\"twitter:card\" content=\"summary_large_image\" \/>\n<meta name=\"twitter:label1\" content=\"\u00c9crit par\" \/>\n\t<meta name=\"twitter:data1\" content=\"Mathieu\" \/>\n\t<meta name=\"twitter:label2\" content=\"Dur\u00e9e de lecture estim\u00e9e\" \/>\n\t<meta name=\"twitter:data2\" content=\"1 minute\" \/>\n<script type=\"application\/ld+json\" class=\"yoast-schema-graph\">{\"@context\":\"https:\\\/\\\/schema.org\",\"@graph\":[{\"@type\":\"Article\",\"@id\":\"https:\\\/\\\/www.altercampagne.net\\\/?p=3579#article\",\"isPartOf\":{\"@id\":\"https:\\\/\\\/www.altercampagne.net\\\/?p=3579\"},\"author\":{\"name\":\"Mathieu\",\"@id\":\"https:\\\/\\\/www.altercampagne.net\\\/#\\\/schema\\\/person\\\/0f261460c09e430caa0f9bcffa319109\"},\"headline\":\"Habitat partag\u00e9\",\"datePublished\":\"2013-01-29T15:58:01+00:00\",\"dateModified\":\"2020-02-24T15:54:54+00:00\",\"mainEntityOfPage\":{\"@id\":\"https:\\\/\\\/www.altercampagne.net\\\/?p=3579\"},\"wordCount\":191,\"image\":{\"@id\":\"https:\\\/\\\/www.altercampagne.net\\\/?p=3579#primaryimage\"},\"thumbnailUrl\":\"http:\\\/\\\/altercampagne.free.fr\\\/pages\\\/2008\\\/AlterTour\\\/pic\\\/AT2012-Ariane.jpg\",\"keywords\":[\"AlterTour 2012\",\"habitat partag\u00e9\",\"Gard\",\"C\u00e9vennes\",\"St Hippolyte du Fort\"],\"articleSection\":[\"Habitat\",\"T\u00e9moignages\"],\"inLanguage\":\"fr-FR\"},{\"@type\":\"WebPage\",\"@id\":\"https:\\\/\\\/www.altercampagne.net\\\/?p=3579\",\"url\":\"https:\\\/\\\/www.altercampagne.net\\\/?p=3579\",\"name\":\"Habitat partag\u00e9 - AlterTour\",\"isPartOf\":{\"@id\":\"https:\\\/\\\/www.altercampagne.net\\\/#website\"},\"primaryImageOfPage\":{\"@id\":\"https:\\\/\\\/www.altercampagne.net\\\/?p=3579#primaryimage\"},\"image\":{\"@id\":\"https:\\\/\\\/www.altercampagne.net\\\/?p=3579#primaryimage\"},\"thumbnailUrl\":\"http:\\\/\\\/altercampagne.free.fr\\\/pages\\\/2008\\\/AlterTour\\\/pic\\\/AT2012-Ariane.jpg\",\"datePublished\":\"2013-01-29T15:58:01+00:00\",\"dateModified\":\"2020-02-24T15:54:54+00:00\",\"author\":{\"@id\":\"https:\\\/\\\/www.altercampagne.net\\\/#\\\/schema\\\/person\\\/0f261460c09e430caa0f9bcffa319109\"},\"breadcrumb\":{\"@id\":\"https:\\\/\\\/www.altercampagne.net\\\/?p=3579#breadcrumb\"},\"inLanguage\":\"fr-FR\",\"potentialAction\":[{\"@type\":\"ReadAction\",\"target\":[\"https:\\\/\\\/www.altercampagne.net\\\/?p=3579\"]}]},{\"@type\":\"ImageObject\",\"inLanguage\":\"fr-FR\",\"@id\":\"https:\\\/\\\/www.altercampagne.net\\\/?p=3579#primaryimage\",\"url\":\"http:\\\/\\\/altercampagne.free.fr\\\/pages\\\/2008\\\/AlterTour\\\/pic\\\/AT2012-Ariane.jpg\",\"contentUrl\":\"http:\\\/\\\/altercampagne.free.fr\\\/pages\\\/2008\\\/AlterTour\\\/pic\\\/AT2012-Ariane.jpg\"},{\"@type\":\"BreadcrumbList\",\"@id\":\"https:\\\/\\\/www.altercampagne.net\\\/?p=3579#breadcrumb\",\"itemListElement\":[{\"@type\":\"ListItem\",\"position\":1,\"name\":\"Accueil\",\"item\":\"https:\\\/\\\/www.altercampagne.net\\\/\"},{\"@type\":\"ListItem\",\"position\":2,\"name\":\"Habitat partag\u00e9\"}]},{\"@type\":\"WebSite\",\"@id\":\"https:\\\/\\\/www.altercampagne.net\\\/#website\",\"url\":\"https:\\\/\\\/www.altercampagne.net\\\/\",\"name\":\"AlterTour\",\"description\":\"Reliez les Alternatives \u00e0 v\u00e9lo\",\"potentialAction\":[{\"@type\":\"SearchAction\",\"target\":{\"@type\":\"EntryPoint\",\"urlTemplate\":\"https:\\\/\\\/www.altercampagne.net\\\/?s={search_term_string}\"},\"query-input\":{\"@type\":\"PropertyValueSpecification\",\"valueRequired\":true,\"valueName\":\"search_term_string\"}}],\"inLanguage\":\"fr-FR\"},{\"@type\":\"Person\",\"@id\":\"https:\\\/\\\/www.altercampagne.net\\\/#\\\/schema\\\/person\\\/0f261460c09e430caa0f9bcffa319109\",\"name\":\"Mathieu\",\"image\":{\"@type\":\"ImageObject\",\"inLanguage\":\"fr-FR\",\"@id\":\"https:\\\/\\\/secure.gravatar.com\\\/avatar\\\/aa9d3d24c83f2141e5e2709d0f63d09a99f6be6bb7a50abc4915838d9f54501a?s=96&d=mm&r=g\",\"url\":\"https:\\\/\\\/secure.gravatar.com\\\/avatar\\\/aa9d3d24c83f2141e5e2709d0f63d09a99f6be6bb7a50abc4915838d9f54501a?s=96&d=mm&r=g\",\"contentUrl\":\"https:\\\/\\\/secure.gravatar.com\\\/avatar\\\/aa9d3d24c83f2141e5e2709d0f63d09a99f6be6bb7a50abc4915838d9f54501a?s=96&d=mm&r=g\",\"caption\":\"Mathieu\"},\"url\":\"https:\\\/\\\/www.altercampagne.net\\\/?author=214\"}]}<\/script>\n<!-- \/ Yoast SEO plugin. -->","yoast_head_json":{"title":"Habitat partag\u00e9 - AlterTour","robots":{"index":"index","follow":"follow","max-snippet":"max-snippet:-1","max-image-preview":"max-image-preview:large","max-video-preview":"max-video-preview:-1"},"canonical":"https:\/\/www.altercampagne.net\/?p=3579","og_locale":"fr_FR","og_type":"article","og_title":"Habitat partag\u00e9 - AlterTour","og_description":"Ariane, participante de l&rsquo;AlterTour 2012 tente de monter, avec ses parents, un habitat partag\u00e9 dans le Gard, au pied des C\u00e9vennes, \u00e0 St Hippolyte du Fort. Ils disposent pour cela d&rsquo;une maison de village attenant \u00e0 un terrain d&rsquo;un 1 hectare et ils sont aider par la soci\u00e9t\u00e9 Toit de ... Read More","og_url":"https:\/\/www.altercampagne.net\/?p=3579","og_site_name":"AlterTour","article_published_time":"2013-01-29T15:58:01+00:00","article_modified_time":"2020-02-24T15:54:54+00:00","og_image":[{"url":"http:\/\/altercampagne.free.fr\/pages\/2008\/AlterTour\/pic\/AT2012-Ariane.jpg","type":"","width":"","height":""}],"author":"Mathieu","twitter_card":"summary_large_image","twitter_misc":{"\u00c9crit par":"Mathieu","Dur\u00e9e de lecture estim\u00e9e":"1 minute"},"schema":{"@context":"https:\/\/schema.org","@graph":[{"@type":"Article","@id":"https:\/\/www.altercampagne.net\/?p=3579#article","isPartOf":{"@id":"https:\/\/www.altercampagne.net\/?p=3579"},"author":{"name":"Mathieu","@id":"https:\/\/www.altercampagne.net\/#\/schema\/person\/0f261460c09e430caa0f9bcffa319109"},"headline":"Habitat partag\u00e9","datePublished":"2013-01-29T15:58:01+00:00","dateModified":"2020-02-24T15:54:54+00:00","mainEntityOfPage":{"@id":"https:\/\/www.altercampagne.net\/?p=3579"},"wordCount":191,"image":{"@id":"https:\/\/www.altercampagne.net\/?p=3579#primaryimage"},"thumbnailUrl":"http:\/\/altercampagne.free.fr\/pages\/2008\/AlterTour\/pic\/AT2012-Ariane.jpg","keywords":["AlterTour 2012","habitat partag\u00e9","Gard","C\u00e9vennes","St Hippolyte du Fort"],"articleSection":["Habitat","T\u00e9moignages"],"inLanguage":"fr-FR"},{"@type":"WebPage","@id":"https:\/\/www.altercampagne.net\/?p=3579","url":"https:\/\/www.altercampagne.net\/?p=3579","name":"Habitat partag\u00e9 - AlterTour","isPartOf":{"@id":"https:\/\/www.altercampagne.net\/#website"},"primaryImageOfPage":{"@id":"https:\/\/www.altercampagne.net\/?p=3579#primaryimage"},"image":{"@id":"https:\/\/www.altercampagne.net\/?p=3579#primaryimage"},"thumbnailUrl":"http:\/\/altercampagne.free.fr\/pages\/2008\/AlterTour\/pic\/AT2012-Ariane.jpg","datePublished":"2013-01-29T15:58:01+00:00","dateModified":"2020-02-24T15:54:54+00:00","author":{"@id":"https:\/\/www.altercampagne.net\/#\/schema\/person\/0f261460c09e430caa0f9bcffa319109"},"breadcrumb":{"@id":"https:\/\/www.altercampagne.net\/?p=3579#breadcrumb"},"inLanguage":"fr-FR","potentialAction":[{"@type":"ReadAction","target":["https:\/\/www.altercampagne.net\/?p=3579"]}]},{"@type":"ImageObject","inLanguage":"fr-FR","@id":"https:\/\/www.altercampagne.net\/?p=3579#primaryimage","url":"http:\/\/altercampagne.free.fr\/pages\/2008\/AlterTour\/pic\/AT2012-Ariane.jpg","contentUrl":"http:\/\/altercampagne.free.fr\/pages\/2008\/AlterTour\/pic\/AT2012-Ariane.jpg"},{"@type":"BreadcrumbList","@id":"https:\/\/www.altercampagne.net\/?p=3579#breadcrumb","itemListElement":[{"@type":"ListItem","position":1,"name":"Accueil","item":"https:\/\/www.altercampagne.net\/"},{"@type":"ListItem","position":2,"name":"Habitat partag\u00e9"}]},{"@type":"WebSite","@id":"https:\/\/www.altercampagne.net\/#website","url":"https:\/\/www.altercampagne.net\/","name":"AlterTour","description":"Reliez les Alternatives \u00e0 v\u00e9lo","potentialAction":[{"@type":"SearchAction","target":{"@type":"EntryPoint","urlTemplate":"https:\/\/www.altercampagne.net\/?s={search_term_string}"},"query-input":{"@type":"PropertyValueSpecification","valueRequired":true,"valueName":"search_term_string"}}],"inLanguage":"fr-FR"},{"@type":"Person","@id":"https:\/\/www.altercampagne.net\/#\/schema\/person\/0f261460c09e430caa0f9bcffa319109","name":"Mathieu","image":{"@type":"ImageObject","inLanguage":"fr-FR","@id":"https:\/\/secure.gravatar.com\/avatar\/aa9d3d24c83f2141e5e2709d0f63d09a99f6be6bb7a50abc4915838d9f54501a?s=96&d=mm&r=g","url":"https:\/\/secure.gravatar.com\/avatar\/aa9d3d24c83f2141e5e2709d0f63d09a99f6be6bb7a50abc4915838d9f54501a?s=96&d=mm&r=g","contentUrl":"https:\/\/secure.gravatar.com\/avatar\/aa9d3d24c83f2141e5e2709d0f63d09a99f6be6bb7a50abc4915838d9f54501a?s=96&d=mm&r=g","caption":"Mathieu"},"url":"https:\/\/www.altercampagne.net\/?author=214"}]}},"_links":{"self":[{"href":"https:\/\/www.altercampagne.net\/index.php?rest_route=\/wp\/v2\/posts\/3579","targetHints":{"allow":["GET"]}}],"collection":[{"href":"https:\/\/www.altercampagne.net\/index.php?rest_route=\/wp\/v2\/posts"}],"about":[{"href":"https:\/\/www.altercampagne.net\/index.php?rest_route=\/wp\/v2\/types\/post"}],"author":[{"embeddable":true,"href":"https:\/\/www.altercampagne.net\/index.php?rest_route=\/wp\/v2\/users\/214"}],"replies":[{"embeddable":true,"href":"https:\/\/www.altercampagne.net\/index.php?rest_route=%2Fwp%2Fv2%2Fcomments&post=3579"}],"version-history":[{"count":1,"href":"https:\/\/www.altercampagne.net\/index.php?rest_route=\/wp\/v2\/posts\/3579\/revisions"}],"predecessor-version":[{"id":17402,"href":"https:\/\/www.altercampagne.net\/index.php?rest_route=\/wp\/v2\/posts\/3579\/revisions\/17402"}],"wp:attachment":[{"href":"https:\/\/www.altercampagne.net\/index.php?rest_route=%2Fwp%2Fv2%2Fmedia&parent=3579"}],"wp:term":[{"taxonomy":"category","embeddable":true,"href":"https:\/\/www.altercampagne.net\/index.php?rest_route=%2Fwp%2Fv2%2Fcategories&post=3579"},{"taxonomy":"post_tag","embeddable":true,"href":"https:\/\/www.altercampagne.net\/index.php?rest_route=%2Fwp%2Fv2%2Ftags&post=3579"}],"curies":[{"name":"wp","href":"https:\/\/api.w.org\/{rel}","templated":true}]}}