{"id":3585,"date":"2013-01-25T17:05:22","date_gmt":"2013-01-25T16:05:22","guid":{"rendered":"http:\/\/www.altercampagne.net\/?p=3585"},"modified":"2016-04-06T17:06:56","modified_gmt":"2016-04-06T15:06:56","slug":"la-batailleuse-recrute","status":"publish","type":"post","link":"https:\/\/www.altercampagne.net\/?p=3585","title":{"rendered":"La Batailleuse recrute !"},"content":{"rendered":"<p class=\"Style271 Style138\" align=\"justify\"><img loading=\"lazy\" decoding=\"async\" class=\" alignleft\" src=\"http:\/\/altercampagne.free.fr\/pages\/2008\/AlterTour\/pic\/AT2013-logo-batailleuse-grand.jpg\" alt=\"\" width=\"378\" height=\"305\" \/>L\u2019<a href=\"http:\/\/www.claj-batailleuse.com\/\" target=\"_blank\">association C.L.A.J La batailleuse<\/a>, collectif en autogestion, recherche 3 salari\u00e9s pour sa ferme p\u00e9dagogique :<\/p>\n<p class=\"Style271 Style138\" align=\"justify\">Un(e) responsable de fromagerie \u00e0 pourvoir d\u00e9but f\u00e9vrier<\/p>\n<p class=\"Style271 Style138\" align=\"justify\">Un(e) co-responsable de l\u2019atelier vaches laiti\u00e8res \u00e0 pourvoir d\u00e9but avril.<\/p>\n<p class=\"Style271 Style138\" align=\"justify\">Un(e) co-responsable de l\u2019animation et de la coordination classe d\u00e9couverte et s\u00e9jour vacances.<\/p>\n<p class=\"Style271 Style138\" align=\"justify\">*Ces trois postes ont comme point commun, et ce afin de favoriser la coh\u00e9sion de l\u2019\u00e9quipe, une part de leur temps de travail effectu\u00e9 au centre d\u2019accueil Le Souleret (repas, m\u00e9nage, entretien, administratif).<\/p>\n<p class=\"Style271 Style138\" align=\"justify\">*Nous proposons pour la ferme deux CDD \u00e0 temps plein de 9 mois \u00e9volutif pay\u00e9 au smic.<\/p>\n<p class=\"Style271 Style138\" align=\"justify\">*L\u2019exp\u00e9rience souhait\u00e9 et\/ ou la motivation porte surtout sur l\u2019engagement dans un projet et le travail en collectif. Les formations techniques pourront \u00eatre assur\u00e9es en interne.<\/p>\n<p class=\"Style271 Style138\" align=\"justify\">*Pour le poste d\u2019animation nous souhaitons en plus de l\u2019exp\u00e9rience que vous disposiez du BAFA. Nous proposons un CDD de 6 mois \u00e0 compter du 25 mars 2013. Merci de faire suivre ce mail \u00e0 vos r\u00e9seaux.<\/p>\n<p class=\"Style271 Style138\" align=\"justify\">Contacter <a href=\"mailto:baboo80@laposte.net\">Ang\u00e9lique<\/a> pour le Claj La Batailleuse<\/p>\n","protected":false},"excerpt":{"rendered":"<p>L\u2019association C.L.A.J La batailleuse, collectif en autogestion, recherche 3 salari\u00e9s pour sa ferme p\u00e9dagogique : Un(e) responsable de fromagerie \u00e0 pourvoir d\u00e9but f\u00e9vrier Un(e) co-responsable de l\u2019atelier vaches laiti\u00e8res \u00e0 pourvoir d\u00e9but avril. Un(e) co-responsable de l\u2019animation et de la coordination classe d\u00e9couverte et s\u00e9jour vacances. *Ces trois postes ont &#8230; <\/p>\n<div><a href=\"https:\/\/www.altercampagne.net\/?p=3585\" class=\"more-link\">Read More<\/a><\/div>\n","protected":false},"author":214,"featured_media":0,"comment_status":"closed","ping_status":"closed","sticky":false,"template":"","format":"standard","meta":{"footnotes":""},"categories":[1],"tags":[694,904,1007,1083,1084],"class_list":["post-3585","post","type-post","status-publish","format-standard","hentry","category-non-classe","tag-altertour-2013","tag-rochejean","tag-batailleuse","tag-claj","tag-le-souleret","no-post-thumbnail"],"yoast_head":"<!-- This site is optimized with the Yoast SEO plugin v27.3 - https:\/\/yoast.com\/product\/yoast-seo-wordpress\/ -->\n<title>La Batailleuse recrute ! - AlterTour<\/title>\n<meta name=\"robots\" content=\"index, follow, max-snippet:-1, max-image-preview:large, max-video-preview:-1\" \/>\n<link rel=\"canonical\" href=\"https:\/\/www.altercampagne.net\/?p=3585\" \/>\n<meta property=\"og:locale\" content=\"fr_FR\" \/>\n<meta property=\"og:type\" content=\"article\" \/>\n<meta property=\"og:title\" content=\"La Batailleuse recrute ! - AlterTour\" \/>\n<meta property=\"og:description\" content=\"L\u2019association C.L.A.J La batailleuse, collectif en autogestion, recherche 3 salari\u00e9s pour sa ferme p\u00e9dagogique : Un(e) responsable de fromagerie \u00e0 pourvoir d\u00e9but f\u00e9vrier Un(e) co-responsable de l\u2019atelier vaches laiti\u00e8res \u00e0 pourvoir d\u00e9but avril. Un(e) co-responsable de l\u2019animation et de la coordination classe d\u00e9couverte et s\u00e9jour vacances. *Ces trois postes ont ... Read More\" \/>\n<meta property=\"og:url\" content=\"https:\/\/www.altercampagne.net\/?p=3585\" \/>\n<meta property=\"og:site_name\" content=\"AlterTour\" \/>\n<meta property=\"article:published_time\" content=\"2013-01-25T16:05:22+00:00\" \/>\n<meta property=\"article:modified_time\" content=\"2016-04-06T15:06:56+00:00\" \/>\n<meta property=\"og:image\" content=\"http:\/\/altercampagne.free.fr\/pages\/2008\/AlterTour\/pic\/AT2013-logo-batailleuse-grand.jpg\" \/>\n<meta name=\"author\" content=\"Mathieu\" \/>\n<meta name=\"twitter:card\" content=\"summary_large_image\" \/>\n<meta name=\"twitter:label1\" content=\"\u00c9crit par\" \/>\n\t<meta name=\"twitter:data1\" content=\"Mathieu\" \/>\n\t<meta name=\"twitter:label2\" content=\"Dur\u00e9e de lecture estim\u00e9e\" \/>\n\t<meta name=\"twitter:data2\" content=\"1 minute\" \/>\n<script type=\"application\/ld+json\" class=\"yoast-schema-graph\">{\"@context\":\"https:\\\/\\\/schema.org\",\"@graph\":[{\"@type\":\"Article\",\"@id\":\"https:\\\/\\\/www.altercampagne.net\\\/?p=3585#article\",\"isPartOf\":{\"@id\":\"https:\\\/\\\/www.altercampagne.net\\\/?p=3585\"},\"author\":{\"name\":\"Mathieu\",\"@id\":\"https:\\\/\\\/www.altercampagne.net\\\/#\\\/schema\\\/person\\\/0f261460c09e430caa0f9bcffa319109\"},\"headline\":\"La Batailleuse recrute !\",\"datePublished\":\"2013-01-25T16:05:22+00:00\",\"dateModified\":\"2016-04-06T15:06:56+00:00\",\"mainEntityOfPage\":{\"@id\":\"https:\\\/\\\/www.altercampagne.net\\\/?p=3585\"},\"wordCount\":188,\"image\":{\"@id\":\"https:\\\/\\\/www.altercampagne.net\\\/?p=3585#primaryimage\"},\"thumbnailUrl\":\"http:\\\/\\\/altercampagne.free.fr\\\/pages\\\/2008\\\/AlterTour\\\/pic\\\/AT2013-logo-batailleuse-grand.jpg\",\"keywords\":[\"AlterTour 2013\",\"rochejean\",\"Batailleuse\",\"CLAJ\",\"Le Souleret\"],\"inLanguage\":\"fr-FR\"},{\"@type\":\"WebPage\",\"@id\":\"https:\\\/\\\/www.altercampagne.net\\\/?p=3585\",\"url\":\"https:\\\/\\\/www.altercampagne.net\\\/?p=3585\",\"name\":\"La Batailleuse recrute ! - AlterTour\",\"isPartOf\":{\"@id\":\"https:\\\/\\\/www.altercampagne.net\\\/#website\"},\"primaryImageOfPage\":{\"@id\":\"https:\\\/\\\/www.altercampagne.net\\\/?p=3585#primaryimage\"},\"image\":{\"@id\":\"https:\\\/\\\/www.altercampagne.net\\\/?p=3585#primaryimage\"},\"thumbnailUrl\":\"http:\\\/\\\/altercampagne.free.fr\\\/pages\\\/2008\\\/AlterTour\\\/pic\\\/AT2013-logo-batailleuse-grand.jpg\",\"datePublished\":\"2013-01-25T16:05:22+00:00\",\"dateModified\":\"2016-04-06T15:06:56+00:00\",\"author\":{\"@id\":\"https:\\\/\\\/www.altercampagne.net\\\/#\\\/schema\\\/person\\\/0f261460c09e430caa0f9bcffa319109\"},\"breadcrumb\":{\"@id\":\"https:\\\/\\\/www.altercampagne.net\\\/?p=3585#breadcrumb\"},\"inLanguage\":\"fr-FR\",\"potentialAction\":[{\"@type\":\"ReadAction\",\"target\":[\"https:\\\/\\\/www.altercampagne.net\\\/?p=3585\"]}]},{\"@type\":\"ImageObject\",\"inLanguage\":\"fr-FR\",\"@id\":\"https:\\\/\\\/www.altercampagne.net\\\/?p=3585#primaryimage\",\"url\":\"http:\\\/\\\/altercampagne.free.fr\\\/pages\\\/2008\\\/AlterTour\\\/pic\\\/AT2013-logo-batailleuse-grand.jpg\",\"contentUrl\":\"http:\\\/\\\/altercampagne.free.fr\\\/pages\\\/2008\\\/AlterTour\\\/pic\\\/AT2013-logo-batailleuse-grand.jpg\"},{\"@type\":\"BreadcrumbList\",\"@id\":\"https:\\\/\\\/www.altercampagne.net\\\/?p=3585#breadcrumb\",\"itemListElement\":[{\"@type\":\"ListItem\",\"position\":1,\"name\":\"Accueil\",\"item\":\"https:\\\/\\\/www.altercampagne.net\\\/\"},{\"@type\":\"ListItem\",\"position\":2,\"name\":\"La Batailleuse recrute !\"}]},{\"@type\":\"WebSite\",\"@id\":\"https:\\\/\\\/www.altercampagne.net\\\/#website\",\"url\":\"https:\\\/\\\/www.altercampagne.net\\\/\",\"name\":\"AlterTour\",\"description\":\"Reliez les Alternatives \u00e0 v\u00e9lo\",\"potentialAction\":[{\"@type\":\"SearchAction\",\"target\":{\"@type\":\"EntryPoint\",\"urlTemplate\":\"https:\\\/\\\/www.altercampagne.net\\\/?s={search_term_string}\"},\"query-input\":{\"@type\":\"PropertyValueSpecification\",\"valueRequired\":true,\"valueName\":\"search_term_string\"}}],\"inLanguage\":\"fr-FR\"},{\"@type\":\"Person\",\"@id\":\"https:\\\/\\\/www.altercampagne.net\\\/#\\\/schema\\\/person\\\/0f261460c09e430caa0f9bcffa319109\",\"name\":\"Mathieu\",\"image\":{\"@type\":\"ImageObject\",\"inLanguage\":\"fr-FR\",\"@id\":\"https:\\\/\\\/secure.gravatar.com\\\/avatar\\\/aa9d3d24c83f2141e5e2709d0f63d09a99f6be6bb7a50abc4915838d9f54501a?s=96&d=mm&r=g\",\"url\":\"https:\\\/\\\/secure.gravatar.com\\\/avatar\\\/aa9d3d24c83f2141e5e2709d0f63d09a99f6be6bb7a50abc4915838d9f54501a?s=96&d=mm&r=g\",\"contentUrl\":\"https:\\\/\\\/secure.gravatar.com\\\/avatar\\\/aa9d3d24c83f2141e5e2709d0f63d09a99f6be6bb7a50abc4915838d9f54501a?s=96&d=mm&r=g\",\"caption\":\"Mathieu\"},\"url\":\"https:\\\/\\\/www.altercampagne.net\\\/?author=214\"}]}<\/script>\n<!-- \/ Yoast SEO plugin. -->","yoast_head_json":{"title":"La Batailleuse recrute ! - AlterTour","robots":{"index":"index","follow":"follow","max-snippet":"max-snippet:-1","max-image-preview":"max-image-preview:large","max-video-preview":"max-video-preview:-1"},"canonical":"https:\/\/www.altercampagne.net\/?p=3585","og_locale":"fr_FR","og_type":"article","og_title":"La Batailleuse recrute ! - AlterTour","og_description":"L\u2019association C.L.A.J La batailleuse, collectif en autogestion, recherche 3 salari\u00e9s pour sa ferme p\u00e9dagogique : Un(e) responsable de fromagerie \u00e0 pourvoir d\u00e9but f\u00e9vrier Un(e) co-responsable de l\u2019atelier vaches laiti\u00e8res \u00e0 pourvoir d\u00e9but avril. Un(e) co-responsable de l\u2019animation et de la coordination classe d\u00e9couverte et s\u00e9jour vacances. *Ces trois postes ont ... Read More","og_url":"https:\/\/www.altercampagne.net\/?p=3585","og_site_name":"AlterTour","article_published_time":"2013-01-25T16:05:22+00:00","article_modified_time":"2016-04-06T15:06:56+00:00","og_image":[{"url":"http:\/\/altercampagne.free.fr\/pages\/2008\/AlterTour\/pic\/AT2013-logo-batailleuse-grand.jpg","type":"","width":"","height":""}],"author":"Mathieu","twitter_card":"summary_large_image","twitter_misc":{"\u00c9crit par":"Mathieu","Dur\u00e9e de lecture estim\u00e9e":"1 minute"},"schema":{"@context":"https:\/\/schema.org","@graph":[{"@type":"Article","@id":"https:\/\/www.altercampagne.net\/?p=3585#article","isPartOf":{"@id":"https:\/\/www.altercampagne.net\/?p=3585"},"author":{"name":"Mathieu","@id":"https:\/\/www.altercampagne.net\/#\/schema\/person\/0f261460c09e430caa0f9bcffa319109"},"headline":"La Batailleuse recrute !","datePublished":"2013-01-25T16:05:22+00:00","dateModified":"2016-04-06T15:06:56+00:00","mainEntityOfPage":{"@id":"https:\/\/www.altercampagne.net\/?p=3585"},"wordCount":188,"image":{"@id":"https:\/\/www.altercampagne.net\/?p=3585#primaryimage"},"thumbnailUrl":"http:\/\/altercampagne.free.fr\/pages\/2008\/AlterTour\/pic\/AT2013-logo-batailleuse-grand.jpg","keywords":["AlterTour 2013","rochejean","Batailleuse","CLAJ","Le Souleret"],"inLanguage":"fr-FR"},{"@type":"WebPage","@id":"https:\/\/www.altercampagne.net\/?p=3585","url":"https:\/\/www.altercampagne.net\/?p=3585","name":"La Batailleuse recrute ! - AlterTour","isPartOf":{"@id":"https:\/\/www.altercampagne.net\/#website"},"primaryImageOfPage":{"@id":"https:\/\/www.altercampagne.net\/?p=3585#primaryimage"},"image":{"@id":"https:\/\/www.altercampagne.net\/?p=3585#primaryimage"},"thumbnailUrl":"http:\/\/altercampagne.free.fr\/pages\/2008\/AlterTour\/pic\/AT2013-logo-batailleuse-grand.jpg","datePublished":"2013-01-25T16:05:22+00:00","dateModified":"2016-04-06T15:06:56+00:00","author":{"@id":"https:\/\/www.altercampagne.net\/#\/schema\/person\/0f261460c09e430caa0f9bcffa319109"},"breadcrumb":{"@id":"https:\/\/www.altercampagne.net\/?p=3585#breadcrumb"},"inLanguage":"fr-FR","potentialAction":[{"@type":"ReadAction","target":["https:\/\/www.altercampagne.net\/?p=3585"]}]},{"@type":"ImageObject","inLanguage":"fr-FR","@id":"https:\/\/www.altercampagne.net\/?p=3585#primaryimage","url":"http:\/\/altercampagne.free.fr\/pages\/2008\/AlterTour\/pic\/AT2013-logo-batailleuse-grand.jpg","contentUrl":"http:\/\/altercampagne.free.fr\/pages\/2008\/AlterTour\/pic\/AT2013-logo-batailleuse-grand.jpg"},{"@type":"BreadcrumbList","@id":"https:\/\/www.altercampagne.net\/?p=3585#breadcrumb","itemListElement":[{"@type":"ListItem","position":1,"name":"Accueil","item":"https:\/\/www.altercampagne.net\/"},{"@type":"ListItem","position":2,"name":"La Batailleuse recrute !"}]},{"@type":"WebSite","@id":"https:\/\/www.altercampagne.net\/#website","url":"https:\/\/www.altercampagne.net\/","name":"AlterTour","description":"Reliez les Alternatives \u00e0 v\u00e9lo","potentialAction":[{"@type":"SearchAction","target":{"@type":"EntryPoint","urlTemplate":"https:\/\/www.altercampagne.net\/?s={search_term_string}"},"query-input":{"@type":"PropertyValueSpecification","valueRequired":true,"valueName":"search_term_string"}}],"inLanguage":"fr-FR"},{"@type":"Person","@id":"https:\/\/www.altercampagne.net\/#\/schema\/person\/0f261460c09e430caa0f9bcffa319109","name":"Mathieu","image":{"@type":"ImageObject","inLanguage":"fr-FR","@id":"https:\/\/secure.gravatar.com\/avatar\/aa9d3d24c83f2141e5e2709d0f63d09a99f6be6bb7a50abc4915838d9f54501a?s=96&d=mm&r=g","url":"https:\/\/secure.gravatar.com\/avatar\/aa9d3d24c83f2141e5e2709d0f63d09a99f6be6bb7a50abc4915838d9f54501a?s=96&d=mm&r=g","contentUrl":"https:\/\/secure.gravatar.com\/avatar\/aa9d3d24c83f2141e5e2709d0f63d09a99f6be6bb7a50abc4915838d9f54501a?s=96&d=mm&r=g","caption":"Mathieu"},"url":"https:\/\/www.altercampagne.net\/?author=214"}]}},"_links":{"self":[{"href":"https:\/\/www.altercampagne.net\/index.php?rest_route=\/wp\/v2\/posts\/3585","targetHints":{"allow":["GET"]}}],"collection":[{"href":"https:\/\/www.altercampagne.net\/index.php?rest_route=\/wp\/v2\/posts"}],"about":[{"href":"https:\/\/www.altercampagne.net\/index.php?rest_route=\/wp\/v2\/types\/post"}],"author":[{"embeddable":true,"href":"https:\/\/www.altercampagne.net\/index.php?rest_route=\/wp\/v2\/users\/214"}],"replies":[{"embeddable":true,"href":"https:\/\/www.altercampagne.net\/index.php?rest_route=%2Fwp%2Fv2%2Fcomments&post=3585"}],"version-history":[{"count":0,"href":"https:\/\/www.altercampagne.net\/index.php?rest_route=\/wp\/v2\/posts\/3585\/revisions"}],"wp:attachment":[{"href":"https:\/\/www.altercampagne.net\/index.php?rest_route=%2Fwp%2Fv2%2Fmedia&parent=3585"}],"wp:term":[{"taxonomy":"category","embeddable":true,"href":"https:\/\/www.altercampagne.net\/index.php?rest_route=%2Fwp%2Fv2%2Fcategories&post=3585"},{"taxonomy":"post_tag","embeddable":true,"href":"https:\/\/www.altercampagne.net\/index.php?rest_route=%2Fwp%2Fv2%2Ftags&post=3585"}],"curies":[{"name":"wp","href":"https:\/\/api.w.org\/{rel}","templated":true}]}}