{"id":3587,"date":"2013-01-09T17:07:37","date_gmt":"2013-01-09T16:07:37","guid":{"rendered":"http:\/\/www.altercampagne.net\/?p=3587"},"modified":"2016-04-20T14:59:07","modified_gmt":"2016-04-20T12:59:07","slug":"les-11emes-rencontres-de-lecologie-du-19-janvier-au-9-fevrier-2013","status":"publish","type":"post","link":"https:\/\/www.altercampagne.net\/?p=3587","title":{"rendered":"Les 11\u00e8mes Rencontres de l&rsquo;Ecologie du 19 janvier au 9 f\u00e9vrier 2013"},"content":{"rendered":"<p class=\"Style271 Style138\" align=\"justify\"><img loading=\"lazy\" decoding=\"async\" class=\" alignleft\" src=\"http:\/\/altercampagne.free.fr\/pages\/2008\/AlterTour\/pic\/AT2013-affiche-ecologie-au-quotidien.jpg\" alt=\"\" width=\"362\" height=\"512\" \/>L&rsquo;association <a href=\"http:\/\/www.ecologieauquotidien.fr\/\" target=\"_blank\">Ecologie au Quotidien<\/a> a re\u00e7u l&rsquo;AlterTour le <a href=\"http:\/\/altercampagne.free.fr\/pages\/2008\/AlterTour\/Journal-2011-Trimestr3.html#ecologieauquotidien\">15 juillet 2011 sur la Ferme biodynamique du Bez<\/a> de Dominique et Jean-Marie Verdet \u00e0 Saint-Romans en Diois (26).<\/p>\n<p class=\"Style271 Style138\" align=\"justify\"><a href=\"http:\/\/www.ecologieauquotidien.fr\/\" target=\"_blank\">Ecologie au Quotidien<\/a> organise les 11\u00e8mes Rencontres de l&rsquo;Ecologie, au programme : conf\u00e9rences\/d\u00e9bats, table-ronde, films, ateliers d&rsquo;\u00e9changes ateliers d\u00e9couverte, visites de sites, expositions, concert, bal folk&#8230;<\/p>\n<p class=\"Style271 Style138\" align=\"justify\">Du samedi 19 janvier au samedi 9 f\u00e9vrier 2013 dans la Biovall\u00e9e en Dr\u00f4me et du vendredi 25 janvier au lundi 4 f\u00e9vrier 2013 \u00e0 la Salle Polyvalente de Die, Bd du Ballon<\/p>\n<p class=\"Style271 Style138\" align=\"justify\">Cette ann\u00e9e, le th\u00e8me est \u00ab\u00a0Les Utopies en Marche\u00a0\u00bb<\/p>\n<p class=\"Style271 Style138\" align=\"justify\">L&rsquo;\u00e9quipe d&rsquo;Ecologie au quotidien vous accueillera pour cette nouvelle aventure \u00e9cologique et humaniste.<\/p>\n<p class=\"Style271 Style138\" align=\"justify\">Les Rh\u00f4nalpins peuvent se procurer des programmes et affiches en nombre dans les endroits suivants :<\/p>\n<p class=\"Style271 Style138\" align=\"justify\">A LYON : Silence Ecologie &#8211; Alternatives &#8211; Non Violence 9, rue Dumenge<\/p>\n<p class=\"Style271 Style138\" align=\"justify\">A VALENCE : Artisans du Monde 1 place du Temple 04 75 56 34 27<\/p>\n<p class=\"Style271 Style138\" align=\"justify\">A ROMANS : Comptoir \u00e0 Part Magasin de Destockage des marques de mode \u00c9thique 49, avenue Gambetta<\/p>\n<div align=\"center\">\n<p class=\"Style271 Style138\" align=\"justify\">A CHABEUIL Boulangerie L&rsquo; artisan de la Bio, 14, Rue Gustave Andr\u00e9<\/p>\n<p class=\"Style271 Style138\" align=\"justify\">A CREST &#8211; Caf\u00e9 Associatif L&rsquo;Arr\u00eat Public &#8211; Rue de la R\u00e9publique &#8211; La Viennoiserie Bio 49 r Emile Loubet et L&rsquo; \u00c9picerie Nouvelle Bio, Rue E.Branly &#8211; Etincelle Magasin Bio, 10 Cours Verdun<\/p>\n<p class=\"Style271 Style138\" align=\"justify\">A SAILLANS &#8211; H\u00e9liotrope Magasin Bio, Grande Rue &#8211; Caf\u00e9 L\u2019Oignon, Grande Rue A DIE : &#8211; La Carline Epicerie Biologique 21,rue du Viaduc &#8211; Hibiscus, Rue du Viaduc<\/p>\n<p class=\"Style271 Style138\" align=\"justify\">Retrouverez le programme complet sur <a href=\"http:\/\/www.ecologieauquotidien.fr\/\" target=\"_blank\">www.ecologieauquotidien.fr<\/a><\/p>\n<\/div>\n","protected":false},"excerpt":{"rendered":"<p>L&rsquo;association Ecologie au Quotidien a re\u00e7u l&rsquo;AlterTour le 15 juillet 2011 sur la Ferme biodynamique du Bez de Dominique et Jean-Marie Verdet \u00e0 Saint-Romans en Diois (26). Ecologie au Quotidien organise les 11\u00e8mes Rencontres de l&rsquo;Ecologie, au programme : conf\u00e9rences\/d\u00e9bats, table-ronde, films, ateliers d&rsquo;\u00e9changes ateliers d\u00e9couverte, visites de sites, expositions, &#8230; <\/p>\n<div><a href=\"https:\/\/www.altercampagne.net\/?p=3587\" class=\"more-link\">Read More<\/a><\/div>\n","protected":false},"author":214,"featured_media":0,"comment_status":"closed","ping_status":"closed","sticky":false,"template":"","format":"standard","meta":{"footnotes":""},"categories":[1],"tags":[1085,1086,1087,1088,1089,1090,1091,1092,1093,1094,1489,1650],"class_list":["post-3587","post","type-post","status-publish","format-standard","hentry","category-non-classe","tag-ecologie-au-quotidien","tag-ferme-biodynamique-du-bez","tag-jean-marie-verdet","tag-saint-romans-en-diois","tag-dominique-verdet","tag-rencontres-de-lecologie","tag-drome","tag-biovallee","tag-die","tag-les-utopies-en-marche","tag-auvergne-rhone-alpes","tag-rhone-alpes","no-post-thumbnail"],"yoast_head":"<!-- This site is optimized with the Yoast SEO plugin v27.3 - https:\/\/yoast.com\/product\/yoast-seo-wordpress\/ -->\n<title>Les 11\u00e8mes Rencontres de l&#039;Ecologie du 19 janvier au 9 f\u00e9vrier 2013 - AlterTour<\/title>\n<meta name=\"robots\" content=\"index, follow, max-snippet:-1, max-image-preview:large, max-video-preview:-1\" \/>\n<link rel=\"canonical\" href=\"https:\/\/www.altercampagne.net\/?p=3587\" \/>\n<meta property=\"og:locale\" content=\"fr_FR\" \/>\n<meta property=\"og:type\" content=\"article\" \/>\n<meta property=\"og:title\" content=\"Les 11\u00e8mes Rencontres de l&#039;Ecologie du 19 janvier au 9 f\u00e9vrier 2013 - AlterTour\" \/>\n<meta property=\"og:description\" content=\"L&rsquo;association Ecologie au Quotidien a re\u00e7u l&rsquo;AlterTour le 15 juillet 2011 sur la Ferme biodynamique du Bez de Dominique et Jean-Marie Verdet \u00e0 Saint-Romans en Diois (26). Ecologie au Quotidien organise les 11\u00e8mes Rencontres de l&rsquo;Ecologie, au programme : conf\u00e9rences\/d\u00e9bats, table-ronde, films, ateliers d&rsquo;\u00e9changes ateliers d\u00e9couverte, visites de sites, expositions, ... Read More\" \/>\n<meta property=\"og:url\" content=\"https:\/\/www.altercampagne.net\/?p=3587\" \/>\n<meta property=\"og:site_name\" content=\"AlterTour\" \/>\n<meta property=\"article:published_time\" content=\"2013-01-09T16:07:37+00:00\" \/>\n<meta property=\"article:modified_time\" content=\"2016-04-20T12:59:07+00:00\" \/>\n<meta property=\"og:image\" content=\"http:\/\/altercampagne.free.fr\/pages\/2008\/AlterTour\/pic\/AT2013-affiche-ecologie-au-quotidien.jpg\" \/>\n<meta name=\"author\" content=\"Mathieu\" \/>\n<meta name=\"twitter:card\" content=\"summary_large_image\" \/>\n<meta name=\"twitter:label1\" content=\"\u00c9crit par\" \/>\n\t<meta name=\"twitter:data1\" content=\"Mathieu\" \/>\n\t<meta name=\"twitter:label2\" content=\"Dur\u00e9e de lecture estim\u00e9e\" \/>\n\t<meta name=\"twitter:data2\" content=\"1 minute\" \/>\n<script type=\"application\/ld+json\" class=\"yoast-schema-graph\">{\"@context\":\"https:\\\/\\\/schema.org\",\"@graph\":[{\"@type\":\"Article\",\"@id\":\"https:\\\/\\\/www.altercampagne.net\\\/?p=3587#article\",\"isPartOf\":{\"@id\":\"https:\\\/\\\/www.altercampagne.net\\\/?p=3587\"},\"author\":{\"name\":\"Mathieu\",\"@id\":\"https:\\\/\\\/www.altercampagne.net\\\/#\\\/schema\\\/person\\\/0f261460c09e430caa0f9bcffa319109\"},\"headline\":\"Les 11\u00e8mes Rencontres de l&rsquo;Ecologie du 19 janvier au 9 f\u00e9vrier 2013\",\"datePublished\":\"2013-01-09T16:07:37+00:00\",\"dateModified\":\"2016-04-20T12:59:07+00:00\",\"mainEntityOfPage\":{\"@id\":\"https:\\\/\\\/www.altercampagne.net\\\/?p=3587\"},\"wordCount\":258,\"image\":{\"@id\":\"https:\\\/\\\/www.altercampagne.net\\\/?p=3587#primaryimage\"},\"thumbnailUrl\":\"http:\\\/\\\/altercampagne.free.fr\\\/pages\\\/2008\\\/AlterTour\\\/pic\\\/AT2013-affiche-ecologie-au-quotidien.jpg\",\"keywords\":[\"Ecologie au Quotidien\",\"Ferme biodynamique du Bez\",\"Jean-Marie Verdet\",\"Saint-Romans en Diois\",\"Dominique Verdet\",\"Rencontres de l'Ecologie\",\"Dr\u00f4me\",\"Biovall\u00e9e\",\"Die\",\"Les Utopies en Marche\",\"Auvergne-Rh\u00f4ne-Alpes\",\"Rhone-Alpes\"],\"inLanguage\":\"fr-FR\"},{\"@type\":\"WebPage\",\"@id\":\"https:\\\/\\\/www.altercampagne.net\\\/?p=3587\",\"url\":\"https:\\\/\\\/www.altercampagne.net\\\/?p=3587\",\"name\":\"Les 11\u00e8mes Rencontres de l'Ecologie du 19 janvier au 9 f\u00e9vrier 2013 - AlterTour\",\"isPartOf\":{\"@id\":\"https:\\\/\\\/www.altercampagne.net\\\/#website\"},\"primaryImageOfPage\":{\"@id\":\"https:\\\/\\\/www.altercampagne.net\\\/?p=3587#primaryimage\"},\"image\":{\"@id\":\"https:\\\/\\\/www.altercampagne.net\\\/?p=3587#primaryimage\"},\"thumbnailUrl\":\"http:\\\/\\\/altercampagne.free.fr\\\/pages\\\/2008\\\/AlterTour\\\/pic\\\/AT2013-affiche-ecologie-au-quotidien.jpg\",\"datePublished\":\"2013-01-09T16:07:37+00:00\",\"dateModified\":\"2016-04-20T12:59:07+00:00\",\"author\":{\"@id\":\"https:\\\/\\\/www.altercampagne.net\\\/#\\\/schema\\\/person\\\/0f261460c09e430caa0f9bcffa319109\"},\"breadcrumb\":{\"@id\":\"https:\\\/\\\/www.altercampagne.net\\\/?p=3587#breadcrumb\"},\"inLanguage\":\"fr-FR\",\"potentialAction\":[{\"@type\":\"ReadAction\",\"target\":[\"https:\\\/\\\/www.altercampagne.net\\\/?p=3587\"]}]},{\"@type\":\"ImageObject\",\"inLanguage\":\"fr-FR\",\"@id\":\"https:\\\/\\\/www.altercampagne.net\\\/?p=3587#primaryimage\",\"url\":\"http:\\\/\\\/altercampagne.free.fr\\\/pages\\\/2008\\\/AlterTour\\\/pic\\\/AT2013-affiche-ecologie-au-quotidien.jpg\",\"contentUrl\":\"http:\\\/\\\/altercampagne.free.fr\\\/pages\\\/2008\\\/AlterTour\\\/pic\\\/AT2013-affiche-ecologie-au-quotidien.jpg\"},{\"@type\":\"BreadcrumbList\",\"@id\":\"https:\\\/\\\/www.altercampagne.net\\\/?p=3587#breadcrumb\",\"itemListElement\":[{\"@type\":\"ListItem\",\"position\":1,\"name\":\"Accueil\",\"item\":\"https:\\\/\\\/www.altercampagne.net\\\/\"},{\"@type\":\"ListItem\",\"position\":2,\"name\":\"Les 11\u00e8mes Rencontres de l&rsquo;Ecologie du 19 janvier au 9 f\u00e9vrier 2013\"}]},{\"@type\":\"WebSite\",\"@id\":\"https:\\\/\\\/www.altercampagne.net\\\/#website\",\"url\":\"https:\\\/\\\/www.altercampagne.net\\\/\",\"name\":\"AlterTour\",\"description\":\"Reliez les Alternatives \u00e0 v\u00e9lo\",\"potentialAction\":[{\"@type\":\"SearchAction\",\"target\":{\"@type\":\"EntryPoint\",\"urlTemplate\":\"https:\\\/\\\/www.altercampagne.net\\\/?s={search_term_string}\"},\"query-input\":{\"@type\":\"PropertyValueSpecification\",\"valueRequired\":true,\"valueName\":\"search_term_string\"}}],\"inLanguage\":\"fr-FR\"},{\"@type\":\"Person\",\"@id\":\"https:\\\/\\\/www.altercampagne.net\\\/#\\\/schema\\\/person\\\/0f261460c09e430caa0f9bcffa319109\",\"name\":\"Mathieu\",\"image\":{\"@type\":\"ImageObject\",\"inLanguage\":\"fr-FR\",\"@id\":\"https:\\\/\\\/secure.gravatar.com\\\/avatar\\\/aa9d3d24c83f2141e5e2709d0f63d09a99f6be6bb7a50abc4915838d9f54501a?s=96&d=mm&r=g\",\"url\":\"https:\\\/\\\/secure.gravatar.com\\\/avatar\\\/aa9d3d24c83f2141e5e2709d0f63d09a99f6be6bb7a50abc4915838d9f54501a?s=96&d=mm&r=g\",\"contentUrl\":\"https:\\\/\\\/secure.gravatar.com\\\/avatar\\\/aa9d3d24c83f2141e5e2709d0f63d09a99f6be6bb7a50abc4915838d9f54501a?s=96&d=mm&r=g\",\"caption\":\"Mathieu\"},\"url\":\"https:\\\/\\\/www.altercampagne.net\\\/?author=214\"}]}<\/script>\n<!-- \/ Yoast SEO plugin. -->","yoast_head_json":{"title":"Les 11\u00e8mes Rencontres de l'Ecologie du 19 janvier au 9 f\u00e9vrier 2013 - AlterTour","robots":{"index":"index","follow":"follow","max-snippet":"max-snippet:-1","max-image-preview":"max-image-preview:large","max-video-preview":"max-video-preview:-1"},"canonical":"https:\/\/www.altercampagne.net\/?p=3587","og_locale":"fr_FR","og_type":"article","og_title":"Les 11\u00e8mes Rencontres de l'Ecologie du 19 janvier au 9 f\u00e9vrier 2013 - AlterTour","og_description":"L&rsquo;association Ecologie au Quotidien a re\u00e7u l&rsquo;AlterTour le 15 juillet 2011 sur la Ferme biodynamique du Bez de Dominique et Jean-Marie Verdet \u00e0 Saint-Romans en Diois (26). Ecologie au Quotidien organise les 11\u00e8mes Rencontres de l&rsquo;Ecologie, au programme : conf\u00e9rences\/d\u00e9bats, table-ronde, films, ateliers d&rsquo;\u00e9changes ateliers d\u00e9couverte, visites de sites, expositions, ... Read More","og_url":"https:\/\/www.altercampagne.net\/?p=3587","og_site_name":"AlterTour","article_published_time":"2013-01-09T16:07:37+00:00","article_modified_time":"2016-04-20T12:59:07+00:00","og_image":[{"url":"http:\/\/altercampagne.free.fr\/pages\/2008\/AlterTour\/pic\/AT2013-affiche-ecologie-au-quotidien.jpg","type":"","width":"","height":""}],"author":"Mathieu","twitter_card":"summary_large_image","twitter_misc":{"\u00c9crit par":"Mathieu","Dur\u00e9e de lecture estim\u00e9e":"1 minute"},"schema":{"@context":"https:\/\/schema.org","@graph":[{"@type":"Article","@id":"https:\/\/www.altercampagne.net\/?p=3587#article","isPartOf":{"@id":"https:\/\/www.altercampagne.net\/?p=3587"},"author":{"name":"Mathieu","@id":"https:\/\/www.altercampagne.net\/#\/schema\/person\/0f261460c09e430caa0f9bcffa319109"},"headline":"Les 11\u00e8mes Rencontres de l&rsquo;Ecologie du 19 janvier au 9 f\u00e9vrier 2013","datePublished":"2013-01-09T16:07:37+00:00","dateModified":"2016-04-20T12:59:07+00:00","mainEntityOfPage":{"@id":"https:\/\/www.altercampagne.net\/?p=3587"},"wordCount":258,"image":{"@id":"https:\/\/www.altercampagne.net\/?p=3587#primaryimage"},"thumbnailUrl":"http:\/\/altercampagne.free.fr\/pages\/2008\/AlterTour\/pic\/AT2013-affiche-ecologie-au-quotidien.jpg","keywords":["Ecologie au Quotidien","Ferme biodynamique du Bez","Jean-Marie Verdet","Saint-Romans en Diois","Dominique Verdet","Rencontres de l'Ecologie","Dr\u00f4me","Biovall\u00e9e","Die","Les Utopies en Marche","Auvergne-Rh\u00f4ne-Alpes","Rhone-Alpes"],"inLanguage":"fr-FR"},{"@type":"WebPage","@id":"https:\/\/www.altercampagne.net\/?p=3587","url":"https:\/\/www.altercampagne.net\/?p=3587","name":"Les 11\u00e8mes Rencontres de l'Ecologie du 19 janvier au 9 f\u00e9vrier 2013 - AlterTour","isPartOf":{"@id":"https:\/\/www.altercampagne.net\/#website"},"primaryImageOfPage":{"@id":"https:\/\/www.altercampagne.net\/?p=3587#primaryimage"},"image":{"@id":"https:\/\/www.altercampagne.net\/?p=3587#primaryimage"},"thumbnailUrl":"http:\/\/altercampagne.free.fr\/pages\/2008\/AlterTour\/pic\/AT2013-affiche-ecologie-au-quotidien.jpg","datePublished":"2013-01-09T16:07:37+00:00","dateModified":"2016-04-20T12:59:07+00:00","author":{"@id":"https:\/\/www.altercampagne.net\/#\/schema\/person\/0f261460c09e430caa0f9bcffa319109"},"breadcrumb":{"@id":"https:\/\/www.altercampagne.net\/?p=3587#breadcrumb"},"inLanguage":"fr-FR","potentialAction":[{"@type":"ReadAction","target":["https:\/\/www.altercampagne.net\/?p=3587"]}]},{"@type":"ImageObject","inLanguage":"fr-FR","@id":"https:\/\/www.altercampagne.net\/?p=3587#primaryimage","url":"http:\/\/altercampagne.free.fr\/pages\/2008\/AlterTour\/pic\/AT2013-affiche-ecologie-au-quotidien.jpg","contentUrl":"http:\/\/altercampagne.free.fr\/pages\/2008\/AlterTour\/pic\/AT2013-affiche-ecologie-au-quotidien.jpg"},{"@type":"BreadcrumbList","@id":"https:\/\/www.altercampagne.net\/?p=3587#breadcrumb","itemListElement":[{"@type":"ListItem","position":1,"name":"Accueil","item":"https:\/\/www.altercampagne.net\/"},{"@type":"ListItem","position":2,"name":"Les 11\u00e8mes Rencontres de l&rsquo;Ecologie du 19 janvier au 9 f\u00e9vrier 2013"}]},{"@type":"WebSite","@id":"https:\/\/www.altercampagne.net\/#website","url":"https:\/\/www.altercampagne.net\/","name":"AlterTour","description":"Reliez les Alternatives \u00e0 v\u00e9lo","potentialAction":[{"@type":"SearchAction","target":{"@type":"EntryPoint","urlTemplate":"https:\/\/www.altercampagne.net\/?s={search_term_string}"},"query-input":{"@type":"PropertyValueSpecification","valueRequired":true,"valueName":"search_term_string"}}],"inLanguage":"fr-FR"},{"@type":"Person","@id":"https:\/\/www.altercampagne.net\/#\/schema\/person\/0f261460c09e430caa0f9bcffa319109","name":"Mathieu","image":{"@type":"ImageObject","inLanguage":"fr-FR","@id":"https:\/\/secure.gravatar.com\/avatar\/aa9d3d24c83f2141e5e2709d0f63d09a99f6be6bb7a50abc4915838d9f54501a?s=96&d=mm&r=g","url":"https:\/\/secure.gravatar.com\/avatar\/aa9d3d24c83f2141e5e2709d0f63d09a99f6be6bb7a50abc4915838d9f54501a?s=96&d=mm&r=g","contentUrl":"https:\/\/secure.gravatar.com\/avatar\/aa9d3d24c83f2141e5e2709d0f63d09a99f6be6bb7a50abc4915838d9f54501a?s=96&d=mm&r=g","caption":"Mathieu"},"url":"https:\/\/www.altercampagne.net\/?author=214"}]}},"_links":{"self":[{"href":"https:\/\/www.altercampagne.net\/index.php?rest_route=\/wp\/v2\/posts\/3587","targetHints":{"allow":["GET"]}}],"collection":[{"href":"https:\/\/www.altercampagne.net\/index.php?rest_route=\/wp\/v2\/posts"}],"about":[{"href":"https:\/\/www.altercampagne.net\/index.php?rest_route=\/wp\/v2\/types\/post"}],"author":[{"embeddable":true,"href":"https:\/\/www.altercampagne.net\/index.php?rest_route=\/wp\/v2\/users\/214"}],"replies":[{"embeddable":true,"href":"https:\/\/www.altercampagne.net\/index.php?rest_route=%2Fwp%2Fv2%2Fcomments&post=3587"}],"version-history":[{"count":0,"href":"https:\/\/www.altercampagne.net\/index.php?rest_route=\/wp\/v2\/posts\/3587\/revisions"}],"wp:attachment":[{"href":"https:\/\/www.altercampagne.net\/index.php?rest_route=%2Fwp%2Fv2%2Fmedia&parent=3587"}],"wp:term":[{"taxonomy":"category","embeddable":true,"href":"https:\/\/www.altercampagne.net\/index.php?rest_route=%2Fwp%2Fv2%2Fcategories&post=3587"},{"taxonomy":"post_tag","embeddable":true,"href":"https:\/\/www.altercampagne.net\/index.php?rest_route=%2Fwp%2Fv2%2Ftags&post=3587"}],"curies":[{"name":"wp","href":"https:\/\/api.w.org\/{rel}","templated":true}]}}