{"id":3593,"date":"2013-01-02T17:21:04","date_gmt":"2013-01-02T16:21:04","guid":{"rendered":"http:\/\/www.altercampagne.net\/?p=3593"},"modified":"2016-04-06T17:23:34","modified_gmt":"2016-04-06T15:23:34","slug":"du-passe-a-lavenir-des-ogm-a-lagroecologie","status":"publish","type":"post","link":"https:\/\/www.altercampagne.net\/?p=3593","title":{"rendered":"Du pass\u00e9 \u00e0 l\u2019avenir, des \u201cOgm\u201d \u00e0 l\u2019agro\u00e9cologie"},"content":{"rendered":"<div style=\"width: 650px\" class=\"wp-caption alignleft\"><img loading=\"lazy\" decoding=\"async\" class=\"\" src=\"http:\/\/altercampagne.free.fr\/\/pages\/2008\/AlterTour\/pic\/2011-07-24_22.17.59_8961.jpg\" alt=\"\" width=\"640\" height=\"429\" \/><p class=\"wp-caption-text\">Jean-Pierre Berlan, AlterTour 2011, cr\u00e9dit photo : G de Crop<\/p><\/div>\n<p>Jean-Pierre Berlan, parrain de l&rsquo;AlterTour 2009 et ancien directeur de recherches INRA, \u00e9tait interview\u00e9 dans M\u00e9diapart, voici l&rsquo;article :<\/p>\n<p class=\"Style271 Style138\" align=\"justify\">Il y a deux g\u00e9n\u00e9rations, le paysan \u00e9levait ses chevaux de trait, les nourrissait avec son avoine, fertilisait ses champs avec leur fumier, semait le grain qu\u2019il r\u00e9coltait, produisait ce qu\u2019il mangeait, cachait ses \u00e9conomies sous son matelas et nourrissait ses compatriotes.<\/p>\n<p class=\"Style271 Style138\" align=\"justify\">Avec sa ligne de cr\u00e9dit au Cr\u00e9dit Agricole, l\u2019exploitant, terme significatif, ach\u00e8te ses chevaux \u00e0 John Deere, son avoine \u00e0 Total, ses engrais \u00e0 AZF, ses semences et biocides \u00e0 Monsanto, l\u2019essentiel de sa nourriture \u00e0 Casino, mais sachant \u00e0 quoi s\u2019en tenir, pr\u00e9f\u00e8re pour son usage personnel les l\u00e9gumes de son potager \u201cbio\u201det les volailles de son poulailler.<\/p>\n<div align=\"center\">\n<p class=\"Style271 Style138\" align=\"justify\">Devenu un rouage d\u2019un syst\u00e8me technique global, ce technoserf, que l\u2019Etat a habilement transform\u00e9 en rec\u00e9leur des subventions publiques destin\u00e9es aux industriels, a pour t\u00e2che d\u2019en nourrir les actionnaires et dirigeants.<\/p>\n<p class=\"Style271 Style138\" align=\"justify\">Mais il se pr\u00e9sente comme \u2018paysan\u2019 devant le public et son minist\u00e8re reste celui de \u2018l\u2019agriculture\u2019. Ainsi, le langage mystifie-t-il le \u201cgrand chambardement\u201d (F. Braudel) de civilisation que constituent l\u2019industrialisation de l\u2019agriculture et du vivant et l\u2019av\u00e8nement d\u2019une humanit\u00e9 \u201chors sol\u201d.<\/p>\n<p class=\"Style271 Style138\" align=\"justify\">Les soi disant \u201cOgm\u201d approfondissent cette industrialisation de l\u2019agriculture et de l\u2019alimentation. Les officines de relations publiques ont fait et font bon usage des 52 millions de dollars destin\u00e9s depuis 2000 \u00e0 nous tromper : dix ans de luttes contre ces chim\u00e8res g\u00e9n\u00e9tiques brevet\u00e9es ont \u00e0 peine entam\u00e9 la collusion technocratique entre le cartel des \u201cOgm\u201d, les biotechniciens et les politiques.<\/p>\n<p class=\"Style271 Style138\" align=\"justify\">Pourtant, d\u00e8s 1998, il suffisait de lire le contrat que Monsanto faisait signer aux producteurs canadiens de colza transg\u00e9nique tol\u00e9rant \u00e0 son herbicide Roundup pour savoir pr\u00e9cis\u00e9ment ses objectifs. Ce chef de file des fabricants de bio-cides int\u00e9gr\u00e9s d\u00e9sormais aux semences, c\u2019est-\u00e0-dire \u00e0 la Vie, est en train de devenir avec le soutien de son gouvernement le \u201cMicrosoft du vivant\u201d. Il d\u00e9tient 90% des semences transg\u00e9niques dans le monde. Son contrat vaut pour ses concurrents-alli\u00e9s du cartel, DuPont, Syngenta, Dow, ou Bayer. Il r\u00e9v\u00e8le un projet commun. En voici quelques articles comment\u00e9s [<a href=\"http:\/\/blogs.mediapart.fr\/edition\/ogm\/article\/020113\/du-passe-l-avenir-des-ogm-l-agroecologie-de-jean-pierre-berlan-ancie\" target=\"_blank\">Lire la suite<\/a>]\n<\/div>\n","protected":false},"excerpt":{"rendered":"<p>Jean-Pierre Berlan, parrain de l&rsquo;AlterTour 2009 et ancien directeur de recherches INRA, \u00e9tait interview\u00e9 dans M\u00e9diapart, voici l&rsquo;article : Il y a deux g\u00e9n\u00e9rations, le paysan \u00e9levait ses chevaux de trait, les nourrissait avec son avoine, fertilisait ses champs avec leur fumier, semait le grain qu\u2019il r\u00e9coltait, produisait ce qu\u2019il &#8230; <\/p>\n<div><a href=\"https:\/\/www.altercampagne.net\/?p=3593\" class=\"more-link\">Read More<\/a><\/div>\n","protected":false},"author":214,"featured_media":0,"comment_status":"closed","ping_status":"closed","sticky":false,"template":"","format":"standard","meta":{"footnotes":""},"categories":[1],"tags":[143,831,836,889,1030,1106],"class_list":["post-3593","post","type-post","status-publish","format-standard","hentry","category-non-classe","tag-ogm","tag-altertour-2009","tag-altertour-2011","tag-jean-pierre-berlan","tag-agro-ecologie","tag-mediapart","no-post-thumbnail"],"yoast_head":"<!-- This site is optimized with the Yoast SEO plugin v27.3 - https:\/\/yoast.com\/product\/yoast-seo-wordpress\/ -->\n<title>Du pass\u00e9 \u00e0 l\u2019avenir, des \u201cOgm\u201d \u00e0 l\u2019agro\u00e9cologie - AlterTour<\/title>\n<meta name=\"robots\" content=\"index, follow, max-snippet:-1, max-image-preview:large, max-video-preview:-1\" \/>\n<link rel=\"canonical\" href=\"https:\/\/www.altercampagne.net\/?p=3593\" \/>\n<meta property=\"og:locale\" content=\"fr_FR\" \/>\n<meta property=\"og:type\" content=\"article\" \/>\n<meta property=\"og:title\" content=\"Du pass\u00e9 \u00e0 l\u2019avenir, des \u201cOgm\u201d \u00e0 l\u2019agro\u00e9cologie - AlterTour\" \/>\n<meta property=\"og:description\" content=\"Jean-Pierre Berlan, parrain de l&rsquo;AlterTour 2009 et ancien directeur de recherches INRA, \u00e9tait interview\u00e9 dans M\u00e9diapart, voici l&rsquo;article : Il y a deux g\u00e9n\u00e9rations, le paysan \u00e9levait ses chevaux de trait, les nourrissait avec son avoine, fertilisait ses champs avec leur fumier, semait le grain qu\u2019il r\u00e9coltait, produisait ce qu\u2019il ... Read More\" \/>\n<meta property=\"og:url\" content=\"https:\/\/www.altercampagne.net\/?p=3593\" \/>\n<meta property=\"og:site_name\" content=\"AlterTour\" \/>\n<meta property=\"article:published_time\" content=\"2013-01-02T16:21:04+00:00\" \/>\n<meta property=\"article:modified_time\" content=\"2016-04-06T15:23:34+00:00\" \/>\n<meta property=\"og:image\" content=\"http:\/\/altercampagne.free.fr\/\/pages\/2008\/AlterTour\/pic\/2011-07-24_22.17.59_8961.jpg\" \/>\n<meta name=\"author\" content=\"Mathieu\" \/>\n<meta name=\"twitter:card\" content=\"summary_large_image\" \/>\n<meta name=\"twitter:label1\" content=\"\u00c9crit par\" \/>\n\t<meta name=\"twitter:data1\" content=\"Mathieu\" \/>\n\t<meta name=\"twitter:label2\" content=\"Dur\u00e9e de lecture estim\u00e9e\" \/>\n\t<meta name=\"twitter:data2\" content=\"2 minutes\" \/>\n<script type=\"application\/ld+json\" class=\"yoast-schema-graph\">{\"@context\":\"https:\\\/\\\/schema.org\",\"@graph\":[{\"@type\":\"Article\",\"@id\":\"https:\\\/\\\/www.altercampagne.net\\\/?p=3593#article\",\"isPartOf\":{\"@id\":\"https:\\\/\\\/www.altercampagne.net\\\/?p=3593\"},\"author\":{\"name\":\"Mathieu\",\"@id\":\"https:\\\/\\\/www.altercampagne.net\\\/#\\\/schema\\\/person\\\/0f261460c09e430caa0f9bcffa319109\"},\"headline\":\"Du pass\u00e9 \u00e0 l\u2019avenir, des \u201cOgm\u201d \u00e0 l\u2019agro\u00e9cologie\",\"datePublished\":\"2013-01-02T16:21:04+00:00\",\"dateModified\":\"2016-04-06T15:23:34+00:00\",\"mainEntityOfPage\":{\"@id\":\"https:\\\/\\\/www.altercampagne.net\\\/?p=3593\"},\"wordCount\":411,\"image\":{\"@id\":\"https:\\\/\\\/www.altercampagne.net\\\/?p=3593#primaryimage\"},\"thumbnailUrl\":\"http:\\\/\\\/altercampagne.free.fr\\\/\\\/pages\\\/2008\\\/AlterTour\\\/pic\\\/2011-07-24_22.17.59_8961.jpg\",\"keywords\":[\"ogm\",\"AlterTour 2009\",\"AlterTour 2011\",\"Jean- Pierre BERLAN\",\"agro-\u00e9cologie\",\"M\u00e9diapart\"],\"inLanguage\":\"fr-FR\"},{\"@type\":\"WebPage\",\"@id\":\"https:\\\/\\\/www.altercampagne.net\\\/?p=3593\",\"url\":\"https:\\\/\\\/www.altercampagne.net\\\/?p=3593\",\"name\":\"Du pass\u00e9 \u00e0 l\u2019avenir, des \u201cOgm\u201d \u00e0 l\u2019agro\u00e9cologie - AlterTour\",\"isPartOf\":{\"@id\":\"https:\\\/\\\/www.altercampagne.net\\\/#website\"},\"primaryImageOfPage\":{\"@id\":\"https:\\\/\\\/www.altercampagne.net\\\/?p=3593#primaryimage\"},\"image\":{\"@id\":\"https:\\\/\\\/www.altercampagne.net\\\/?p=3593#primaryimage\"},\"thumbnailUrl\":\"http:\\\/\\\/altercampagne.free.fr\\\/\\\/pages\\\/2008\\\/AlterTour\\\/pic\\\/2011-07-24_22.17.59_8961.jpg\",\"datePublished\":\"2013-01-02T16:21:04+00:00\",\"dateModified\":\"2016-04-06T15:23:34+00:00\",\"author\":{\"@id\":\"https:\\\/\\\/www.altercampagne.net\\\/#\\\/schema\\\/person\\\/0f261460c09e430caa0f9bcffa319109\"},\"breadcrumb\":{\"@id\":\"https:\\\/\\\/www.altercampagne.net\\\/?p=3593#breadcrumb\"},\"inLanguage\":\"fr-FR\",\"potentialAction\":[{\"@type\":\"ReadAction\",\"target\":[\"https:\\\/\\\/www.altercampagne.net\\\/?p=3593\"]}]},{\"@type\":\"ImageObject\",\"inLanguage\":\"fr-FR\",\"@id\":\"https:\\\/\\\/www.altercampagne.net\\\/?p=3593#primaryimage\",\"url\":\"http:\\\/\\\/altercampagne.free.fr\\\/\\\/pages\\\/2008\\\/AlterTour\\\/pic\\\/2011-07-24_22.17.59_8961.jpg\",\"contentUrl\":\"http:\\\/\\\/altercampagne.free.fr\\\/\\\/pages\\\/2008\\\/AlterTour\\\/pic\\\/2011-07-24_22.17.59_8961.jpg\"},{\"@type\":\"BreadcrumbList\",\"@id\":\"https:\\\/\\\/www.altercampagne.net\\\/?p=3593#breadcrumb\",\"itemListElement\":[{\"@type\":\"ListItem\",\"position\":1,\"name\":\"Accueil\",\"item\":\"https:\\\/\\\/www.altercampagne.net\\\/\"},{\"@type\":\"ListItem\",\"position\":2,\"name\":\"Du pass\u00e9 \u00e0 l\u2019avenir, des \u201cOgm\u201d \u00e0 l\u2019agro\u00e9cologie\"}]},{\"@type\":\"WebSite\",\"@id\":\"https:\\\/\\\/www.altercampagne.net\\\/#website\",\"url\":\"https:\\\/\\\/www.altercampagne.net\\\/\",\"name\":\"AlterTour\",\"description\":\"Reliez les Alternatives \u00e0 v\u00e9lo\",\"potentialAction\":[{\"@type\":\"SearchAction\",\"target\":{\"@type\":\"EntryPoint\",\"urlTemplate\":\"https:\\\/\\\/www.altercampagne.net\\\/?s={search_term_string}\"},\"query-input\":{\"@type\":\"PropertyValueSpecification\",\"valueRequired\":true,\"valueName\":\"search_term_string\"}}],\"inLanguage\":\"fr-FR\"},{\"@type\":\"Person\",\"@id\":\"https:\\\/\\\/www.altercampagne.net\\\/#\\\/schema\\\/person\\\/0f261460c09e430caa0f9bcffa319109\",\"name\":\"Mathieu\",\"image\":{\"@type\":\"ImageObject\",\"inLanguage\":\"fr-FR\",\"@id\":\"https:\\\/\\\/secure.gravatar.com\\\/avatar\\\/aa9d3d24c83f2141e5e2709d0f63d09a99f6be6bb7a50abc4915838d9f54501a?s=96&d=mm&r=g\",\"url\":\"https:\\\/\\\/secure.gravatar.com\\\/avatar\\\/aa9d3d24c83f2141e5e2709d0f63d09a99f6be6bb7a50abc4915838d9f54501a?s=96&d=mm&r=g\",\"contentUrl\":\"https:\\\/\\\/secure.gravatar.com\\\/avatar\\\/aa9d3d24c83f2141e5e2709d0f63d09a99f6be6bb7a50abc4915838d9f54501a?s=96&d=mm&r=g\",\"caption\":\"Mathieu\"},\"url\":\"https:\\\/\\\/www.altercampagne.net\\\/?author=214\"}]}<\/script>\n<!-- \/ Yoast SEO plugin. -->","yoast_head_json":{"title":"Du pass\u00e9 \u00e0 l\u2019avenir, des \u201cOgm\u201d \u00e0 l\u2019agro\u00e9cologie - AlterTour","robots":{"index":"index","follow":"follow","max-snippet":"max-snippet:-1","max-image-preview":"max-image-preview:large","max-video-preview":"max-video-preview:-1"},"canonical":"https:\/\/www.altercampagne.net\/?p=3593","og_locale":"fr_FR","og_type":"article","og_title":"Du pass\u00e9 \u00e0 l\u2019avenir, des \u201cOgm\u201d \u00e0 l\u2019agro\u00e9cologie - AlterTour","og_description":"Jean-Pierre Berlan, parrain de l&rsquo;AlterTour 2009 et ancien directeur de recherches INRA, \u00e9tait interview\u00e9 dans M\u00e9diapart, voici l&rsquo;article : Il y a deux g\u00e9n\u00e9rations, le paysan \u00e9levait ses chevaux de trait, les nourrissait avec son avoine, fertilisait ses champs avec leur fumier, semait le grain qu\u2019il r\u00e9coltait, produisait ce qu\u2019il ... Read More","og_url":"https:\/\/www.altercampagne.net\/?p=3593","og_site_name":"AlterTour","article_published_time":"2013-01-02T16:21:04+00:00","article_modified_time":"2016-04-06T15:23:34+00:00","og_image":[{"url":"http:\/\/altercampagne.free.fr\/\/pages\/2008\/AlterTour\/pic\/2011-07-24_22.17.59_8961.jpg","type":"","width":"","height":""}],"author":"Mathieu","twitter_card":"summary_large_image","twitter_misc":{"\u00c9crit par":"Mathieu","Dur\u00e9e de lecture estim\u00e9e":"2 minutes"},"schema":{"@context":"https:\/\/schema.org","@graph":[{"@type":"Article","@id":"https:\/\/www.altercampagne.net\/?p=3593#article","isPartOf":{"@id":"https:\/\/www.altercampagne.net\/?p=3593"},"author":{"name":"Mathieu","@id":"https:\/\/www.altercampagne.net\/#\/schema\/person\/0f261460c09e430caa0f9bcffa319109"},"headline":"Du pass\u00e9 \u00e0 l\u2019avenir, des \u201cOgm\u201d \u00e0 l\u2019agro\u00e9cologie","datePublished":"2013-01-02T16:21:04+00:00","dateModified":"2016-04-06T15:23:34+00:00","mainEntityOfPage":{"@id":"https:\/\/www.altercampagne.net\/?p=3593"},"wordCount":411,"image":{"@id":"https:\/\/www.altercampagne.net\/?p=3593#primaryimage"},"thumbnailUrl":"http:\/\/altercampagne.free.fr\/\/pages\/2008\/AlterTour\/pic\/2011-07-24_22.17.59_8961.jpg","keywords":["ogm","AlterTour 2009","AlterTour 2011","Jean- Pierre BERLAN","agro-\u00e9cologie","M\u00e9diapart"],"inLanguage":"fr-FR"},{"@type":"WebPage","@id":"https:\/\/www.altercampagne.net\/?p=3593","url":"https:\/\/www.altercampagne.net\/?p=3593","name":"Du pass\u00e9 \u00e0 l\u2019avenir, des \u201cOgm\u201d \u00e0 l\u2019agro\u00e9cologie - AlterTour","isPartOf":{"@id":"https:\/\/www.altercampagne.net\/#website"},"primaryImageOfPage":{"@id":"https:\/\/www.altercampagne.net\/?p=3593#primaryimage"},"image":{"@id":"https:\/\/www.altercampagne.net\/?p=3593#primaryimage"},"thumbnailUrl":"http:\/\/altercampagne.free.fr\/\/pages\/2008\/AlterTour\/pic\/2011-07-24_22.17.59_8961.jpg","datePublished":"2013-01-02T16:21:04+00:00","dateModified":"2016-04-06T15:23:34+00:00","author":{"@id":"https:\/\/www.altercampagne.net\/#\/schema\/person\/0f261460c09e430caa0f9bcffa319109"},"breadcrumb":{"@id":"https:\/\/www.altercampagne.net\/?p=3593#breadcrumb"},"inLanguage":"fr-FR","potentialAction":[{"@type":"ReadAction","target":["https:\/\/www.altercampagne.net\/?p=3593"]}]},{"@type":"ImageObject","inLanguage":"fr-FR","@id":"https:\/\/www.altercampagne.net\/?p=3593#primaryimage","url":"http:\/\/altercampagne.free.fr\/\/pages\/2008\/AlterTour\/pic\/2011-07-24_22.17.59_8961.jpg","contentUrl":"http:\/\/altercampagne.free.fr\/\/pages\/2008\/AlterTour\/pic\/2011-07-24_22.17.59_8961.jpg"},{"@type":"BreadcrumbList","@id":"https:\/\/www.altercampagne.net\/?p=3593#breadcrumb","itemListElement":[{"@type":"ListItem","position":1,"name":"Accueil","item":"https:\/\/www.altercampagne.net\/"},{"@type":"ListItem","position":2,"name":"Du pass\u00e9 \u00e0 l\u2019avenir, des \u201cOgm\u201d \u00e0 l\u2019agro\u00e9cologie"}]},{"@type":"WebSite","@id":"https:\/\/www.altercampagne.net\/#website","url":"https:\/\/www.altercampagne.net\/","name":"AlterTour","description":"Reliez les Alternatives \u00e0 v\u00e9lo","potentialAction":[{"@type":"SearchAction","target":{"@type":"EntryPoint","urlTemplate":"https:\/\/www.altercampagne.net\/?s={search_term_string}"},"query-input":{"@type":"PropertyValueSpecification","valueRequired":true,"valueName":"search_term_string"}}],"inLanguage":"fr-FR"},{"@type":"Person","@id":"https:\/\/www.altercampagne.net\/#\/schema\/person\/0f261460c09e430caa0f9bcffa319109","name":"Mathieu","image":{"@type":"ImageObject","inLanguage":"fr-FR","@id":"https:\/\/secure.gravatar.com\/avatar\/aa9d3d24c83f2141e5e2709d0f63d09a99f6be6bb7a50abc4915838d9f54501a?s=96&d=mm&r=g","url":"https:\/\/secure.gravatar.com\/avatar\/aa9d3d24c83f2141e5e2709d0f63d09a99f6be6bb7a50abc4915838d9f54501a?s=96&d=mm&r=g","contentUrl":"https:\/\/secure.gravatar.com\/avatar\/aa9d3d24c83f2141e5e2709d0f63d09a99f6be6bb7a50abc4915838d9f54501a?s=96&d=mm&r=g","caption":"Mathieu"},"url":"https:\/\/www.altercampagne.net\/?author=214"}]}},"_links":{"self":[{"href":"https:\/\/www.altercampagne.net\/index.php?rest_route=\/wp\/v2\/posts\/3593","targetHints":{"allow":["GET"]}}],"collection":[{"href":"https:\/\/www.altercampagne.net\/index.php?rest_route=\/wp\/v2\/posts"}],"about":[{"href":"https:\/\/www.altercampagne.net\/index.php?rest_route=\/wp\/v2\/types\/post"}],"author":[{"embeddable":true,"href":"https:\/\/www.altercampagne.net\/index.php?rest_route=\/wp\/v2\/users\/214"}],"replies":[{"embeddable":true,"href":"https:\/\/www.altercampagne.net\/index.php?rest_route=%2Fwp%2Fv2%2Fcomments&post=3593"}],"version-history":[{"count":0,"href":"https:\/\/www.altercampagne.net\/index.php?rest_route=\/wp\/v2\/posts\/3593\/revisions"}],"wp:attachment":[{"href":"https:\/\/www.altercampagne.net\/index.php?rest_route=%2Fwp%2Fv2%2Fmedia&parent=3593"}],"wp:term":[{"taxonomy":"category","embeddable":true,"href":"https:\/\/www.altercampagne.net\/index.php?rest_route=%2Fwp%2Fv2%2Fcategories&post=3593"},{"taxonomy":"post_tag","embeddable":true,"href":"https:\/\/www.altercampagne.net\/index.php?rest_route=%2Fwp%2Fv2%2Ftags&post=3593"}],"curies":[{"name":"wp","href":"https:\/\/api.w.org\/{rel}","templated":true}]}}