{"id":3597,"date":"2012-12-24T17:25:08","date_gmt":"2012-12-24T16:25:08","guid":{"rendered":"http:\/\/www.altercampagne.net\/?p=3597"},"modified":"2020-02-24T16:55:25","modified_gmt":"2020-02-24T15:55:25","slug":"nous-cherchons-des-alternatives-pour-2013","status":"publish","type":"post","link":"https:\/\/www.altercampagne.net\/?p=3597","title":{"rendered":"Nous cherchons des Alternatives pour 2013"},"content":{"rendered":"<p class=\"Style143 Style138\" align=\"justify\"><img loading=\"lazy\" decoding=\"async\" class=\" alignright\" src=\"http:\/\/altercampagne.free.fr\/pages\/2008\/AlterTour\/pic\/AT2013-Carte-des-AlterTour.jpg\" alt=\"\" width=\"500\" height=\"507\">Depuis la cr\u00e9ation de l&rsquo;AlterTour en 2008 nous avons eu le plaisir de visiter un grand nombre de territoires dans lesquels les Alternatives fleurissent.<\/p>\n<p class=\"Style143 Style138\" align=\"justify\">Il reste encore beaucoup de zones blanches \u00e0 explorer !<\/p>\n<p class=\"Style143 Style138\" align=\"justify\">Le passage de l&rsquo;AlterTour est l&rsquo;occasion d&rsquo;organiser une conf\u00e9rence, un concert, une action de rue, une diffusion de film \u00e0 destination des habitants, des vacanciers&#8230;<\/p>\n<p class=\"Style143 Style138\" align=\"justify\">Les sujets de discussion sont vari\u00e9s : entre les OGM, la permaculture, le bio, l&rsquo;acc\u00e8s \u00e0 la terre, la relocalisation, le nucl\u00e9aire, les luttes sociales, l&rsquo;eau&#8230; le choix est vaste.<\/p>\n<p class=\"Style143 Style138\" align=\"justify\">Pour la 6\u00e8me \u00e9dition, nous recherchons des Alternatives, des collectifs, des communes, des particuliers et des \u00e9v\u00e8nements alternatifs susceptibles d&rsquo;accueillir l&rsquo;AlterTour.<\/p>\n<p class=\"Style143 Style138\" align=\"justify\">A l&rsquo;issu de la 3\u00e8me r\u00e9union de pr\u00e9paration de l&rsquo;AlterTour 2013 des 15 et 16 d\u00e9cembre, nous avons cibl\u00e9 les d\u00e9partements suivant :<\/p>\n<p class=\"Style143 Style138\" align=\"justify\">Le Loiret 45, la Ni\u00e8vre 58, l&rsquo;Yonne 89, la C\u00f4te d\u2019Or 21, la Sa\u00f4ne et Loire 71, le Jura 39.<\/p>\n<p class=\"Style143 Style138\" align=\"justify\">Vous avez la possibilit\u00e9 de proposer des Alternatives, des lieux de passage en participants aux r\u00e9unions de pr\u00e9paration ou en nous envoyant vos propositions sur la <a href=\"mailto:altertour@gmail.com\">boite mail de l&rsquo;AlterTour<\/a>.<\/p>\n","protected":false},"excerpt":{"rendered":"<p>Depuis la cr\u00e9ation de l&rsquo;AlterTour en 2008 nous avons eu le plaisir de visiter un grand nombre de territoires dans lesquels les Alternatives fleurissent. Il reste encore beaucoup de zones blanches \u00e0 explorer ! Le passage de l&rsquo;AlterTour est l&rsquo;occasion d&rsquo;organiser une conf\u00e9rence, un concert, une action de rue, une &#8230; <\/p>\n<div><a href=\"https:\/\/www.altercampagne.net\/?p=3597\" class=\"more-link\">Read More<\/a><\/div>\n","protected":false},"author":214,"featured_media":0,"comment_status":"closed","ping_status":"closed","sticky":false,"template":"","format":"standard","meta":{"footnotes":""},"categories":[3462],"tags":[143,232,256,294,694,1107,1108,1109],"class_list":["post-3597","post","type-post","status-publish","format-standard","hentry","category-edition-2013","tag-ogm","tag-nucleaire","tag-bio","tag-permaculture","tag-altertour-2013","tag-relocalisation","tag-luttes-sociales","tag-eau","no-post-thumbnail"],"yoast_head":"<!-- This site is optimized with the Yoast SEO plugin v27.3 - https:\/\/yoast.com\/product\/yoast-seo-wordpress\/ -->\n<title>Nous cherchons des Alternatives pour 2013 - AlterTour<\/title>\n<meta name=\"robots\" content=\"index, follow, max-snippet:-1, max-image-preview:large, max-video-preview:-1\" \/>\n<link rel=\"canonical\" href=\"https:\/\/www.altercampagne.net\/?p=3597\" \/>\n<meta property=\"og:locale\" content=\"fr_FR\" \/>\n<meta property=\"og:type\" content=\"article\" \/>\n<meta property=\"og:title\" content=\"Nous cherchons des Alternatives pour 2013 - AlterTour\" \/>\n<meta property=\"og:description\" content=\"Depuis la cr\u00e9ation de l&rsquo;AlterTour en 2008 nous avons eu le plaisir de visiter un grand nombre de territoires dans lesquels les Alternatives fleurissent. Il reste encore beaucoup de zones blanches \u00e0 explorer ! Le passage de l&rsquo;AlterTour est l&rsquo;occasion d&rsquo;organiser une conf\u00e9rence, un concert, une action de rue, une ... Read More\" \/>\n<meta property=\"og:url\" content=\"https:\/\/www.altercampagne.net\/?p=3597\" \/>\n<meta property=\"og:site_name\" content=\"AlterTour\" \/>\n<meta property=\"article:published_time\" content=\"2012-12-24T16:25:08+00:00\" \/>\n<meta property=\"article:modified_time\" content=\"2020-02-24T15:55:25+00:00\" \/>\n<meta property=\"og:image\" content=\"http:\/\/altercampagne.free.fr\/pages\/2008\/AlterTour\/pic\/AT2013-Carte-des-AlterTour.jpg\" \/>\n<meta name=\"author\" content=\"Mathieu\" \/>\n<meta name=\"twitter:card\" content=\"summary_large_image\" \/>\n<meta name=\"twitter:label1\" content=\"\u00c9crit par\" \/>\n\t<meta name=\"twitter:data1\" content=\"Mathieu\" \/>\n\t<meta name=\"twitter:label2\" content=\"Dur\u00e9e de lecture estim\u00e9e\" \/>\n\t<meta name=\"twitter:data2\" content=\"1 minute\" \/>\n<script type=\"application\/ld+json\" class=\"yoast-schema-graph\">{\"@context\":\"https:\\\/\\\/schema.org\",\"@graph\":[{\"@type\":\"Article\",\"@id\":\"https:\\\/\\\/www.altercampagne.net\\\/?p=3597#article\",\"isPartOf\":{\"@id\":\"https:\\\/\\\/www.altercampagne.net\\\/?p=3597\"},\"author\":{\"name\":\"Mathieu\",\"@id\":\"https:\\\/\\\/www.altercampagne.net\\\/#\\\/schema\\\/person\\\/0f261460c09e430caa0f9bcffa319109\"},\"headline\":\"Nous cherchons des Alternatives pour 2013\",\"datePublished\":\"2012-12-24T16:25:08+00:00\",\"dateModified\":\"2020-02-24T15:55:25+00:00\",\"mainEntityOfPage\":{\"@id\":\"https:\\\/\\\/www.altercampagne.net\\\/?p=3597\"},\"wordCount\":200,\"image\":{\"@id\":\"https:\\\/\\\/www.altercampagne.net\\\/?p=3597#primaryimage\"},\"thumbnailUrl\":\"http:\\\/\\\/altercampagne.free.fr\\\/pages\\\/2008\\\/AlterTour\\\/pic\\\/AT2013-Carte-des-AlterTour.jpg\",\"keywords\":[\"ogm\",\"nucl\u00e9aire\",\"bio\",\"permaculture\",\"AlterTour 2013\",\"relocalisation\",\"luttes sociales\",\"eau\"],\"articleSection\":[\"\u00c9dition 2013\"],\"inLanguage\":\"fr-FR\"},{\"@type\":\"WebPage\",\"@id\":\"https:\\\/\\\/www.altercampagne.net\\\/?p=3597\",\"url\":\"https:\\\/\\\/www.altercampagne.net\\\/?p=3597\",\"name\":\"Nous cherchons des Alternatives pour 2013 - AlterTour\",\"isPartOf\":{\"@id\":\"https:\\\/\\\/www.altercampagne.net\\\/#website\"},\"primaryImageOfPage\":{\"@id\":\"https:\\\/\\\/www.altercampagne.net\\\/?p=3597#primaryimage\"},\"image\":{\"@id\":\"https:\\\/\\\/www.altercampagne.net\\\/?p=3597#primaryimage\"},\"thumbnailUrl\":\"http:\\\/\\\/altercampagne.free.fr\\\/pages\\\/2008\\\/AlterTour\\\/pic\\\/AT2013-Carte-des-AlterTour.jpg\",\"datePublished\":\"2012-12-24T16:25:08+00:00\",\"dateModified\":\"2020-02-24T15:55:25+00:00\",\"author\":{\"@id\":\"https:\\\/\\\/www.altercampagne.net\\\/#\\\/schema\\\/person\\\/0f261460c09e430caa0f9bcffa319109\"},\"breadcrumb\":{\"@id\":\"https:\\\/\\\/www.altercampagne.net\\\/?p=3597#breadcrumb\"},\"inLanguage\":\"fr-FR\",\"potentialAction\":[{\"@type\":\"ReadAction\",\"target\":[\"https:\\\/\\\/www.altercampagne.net\\\/?p=3597\"]}]},{\"@type\":\"ImageObject\",\"inLanguage\":\"fr-FR\",\"@id\":\"https:\\\/\\\/www.altercampagne.net\\\/?p=3597#primaryimage\",\"url\":\"http:\\\/\\\/altercampagne.free.fr\\\/pages\\\/2008\\\/AlterTour\\\/pic\\\/AT2013-Carte-des-AlterTour.jpg\",\"contentUrl\":\"http:\\\/\\\/altercampagne.free.fr\\\/pages\\\/2008\\\/AlterTour\\\/pic\\\/AT2013-Carte-des-AlterTour.jpg\"},{\"@type\":\"BreadcrumbList\",\"@id\":\"https:\\\/\\\/www.altercampagne.net\\\/?p=3597#breadcrumb\",\"itemListElement\":[{\"@type\":\"ListItem\",\"position\":1,\"name\":\"Accueil\",\"item\":\"https:\\\/\\\/www.altercampagne.net\\\/\"},{\"@type\":\"ListItem\",\"position\":2,\"name\":\"Nous cherchons des Alternatives pour 2013\"}]},{\"@type\":\"WebSite\",\"@id\":\"https:\\\/\\\/www.altercampagne.net\\\/#website\",\"url\":\"https:\\\/\\\/www.altercampagne.net\\\/\",\"name\":\"AlterTour\",\"description\":\"Reliez les Alternatives \u00e0 v\u00e9lo\",\"potentialAction\":[{\"@type\":\"SearchAction\",\"target\":{\"@type\":\"EntryPoint\",\"urlTemplate\":\"https:\\\/\\\/www.altercampagne.net\\\/?s={search_term_string}\"},\"query-input\":{\"@type\":\"PropertyValueSpecification\",\"valueRequired\":true,\"valueName\":\"search_term_string\"}}],\"inLanguage\":\"fr-FR\"},{\"@type\":\"Person\",\"@id\":\"https:\\\/\\\/www.altercampagne.net\\\/#\\\/schema\\\/person\\\/0f261460c09e430caa0f9bcffa319109\",\"name\":\"Mathieu\",\"image\":{\"@type\":\"ImageObject\",\"inLanguage\":\"fr-FR\",\"@id\":\"https:\\\/\\\/secure.gravatar.com\\\/avatar\\\/aa9d3d24c83f2141e5e2709d0f63d09a99f6be6bb7a50abc4915838d9f54501a?s=96&d=mm&r=g\",\"url\":\"https:\\\/\\\/secure.gravatar.com\\\/avatar\\\/aa9d3d24c83f2141e5e2709d0f63d09a99f6be6bb7a50abc4915838d9f54501a?s=96&d=mm&r=g\",\"contentUrl\":\"https:\\\/\\\/secure.gravatar.com\\\/avatar\\\/aa9d3d24c83f2141e5e2709d0f63d09a99f6be6bb7a50abc4915838d9f54501a?s=96&d=mm&r=g\",\"caption\":\"Mathieu\"},\"url\":\"https:\\\/\\\/www.altercampagne.net\\\/?author=214\"}]}<\/script>\n<!-- \/ Yoast SEO plugin. -->","yoast_head_json":{"title":"Nous cherchons des Alternatives pour 2013 - AlterTour","robots":{"index":"index","follow":"follow","max-snippet":"max-snippet:-1","max-image-preview":"max-image-preview:large","max-video-preview":"max-video-preview:-1"},"canonical":"https:\/\/www.altercampagne.net\/?p=3597","og_locale":"fr_FR","og_type":"article","og_title":"Nous cherchons des Alternatives pour 2013 - AlterTour","og_description":"Depuis la cr\u00e9ation de l&rsquo;AlterTour en 2008 nous avons eu le plaisir de visiter un grand nombre de territoires dans lesquels les Alternatives fleurissent. Il reste encore beaucoup de zones blanches \u00e0 explorer ! Le passage de l&rsquo;AlterTour est l&rsquo;occasion d&rsquo;organiser une conf\u00e9rence, un concert, une action de rue, une ... Read More","og_url":"https:\/\/www.altercampagne.net\/?p=3597","og_site_name":"AlterTour","article_published_time":"2012-12-24T16:25:08+00:00","article_modified_time":"2020-02-24T15:55:25+00:00","og_image":[{"url":"http:\/\/altercampagne.free.fr\/pages\/2008\/AlterTour\/pic\/AT2013-Carte-des-AlterTour.jpg","type":"","width":"","height":""}],"author":"Mathieu","twitter_card":"summary_large_image","twitter_misc":{"\u00c9crit par":"Mathieu","Dur\u00e9e de lecture estim\u00e9e":"1 minute"},"schema":{"@context":"https:\/\/schema.org","@graph":[{"@type":"Article","@id":"https:\/\/www.altercampagne.net\/?p=3597#article","isPartOf":{"@id":"https:\/\/www.altercampagne.net\/?p=3597"},"author":{"name":"Mathieu","@id":"https:\/\/www.altercampagne.net\/#\/schema\/person\/0f261460c09e430caa0f9bcffa319109"},"headline":"Nous cherchons des Alternatives pour 2013","datePublished":"2012-12-24T16:25:08+00:00","dateModified":"2020-02-24T15:55:25+00:00","mainEntityOfPage":{"@id":"https:\/\/www.altercampagne.net\/?p=3597"},"wordCount":200,"image":{"@id":"https:\/\/www.altercampagne.net\/?p=3597#primaryimage"},"thumbnailUrl":"http:\/\/altercampagne.free.fr\/pages\/2008\/AlterTour\/pic\/AT2013-Carte-des-AlterTour.jpg","keywords":["ogm","nucl\u00e9aire","bio","permaculture","AlterTour 2013","relocalisation","luttes sociales","eau"],"articleSection":["\u00c9dition 2013"],"inLanguage":"fr-FR"},{"@type":"WebPage","@id":"https:\/\/www.altercampagne.net\/?p=3597","url":"https:\/\/www.altercampagne.net\/?p=3597","name":"Nous cherchons des Alternatives pour 2013 - AlterTour","isPartOf":{"@id":"https:\/\/www.altercampagne.net\/#website"},"primaryImageOfPage":{"@id":"https:\/\/www.altercampagne.net\/?p=3597#primaryimage"},"image":{"@id":"https:\/\/www.altercampagne.net\/?p=3597#primaryimage"},"thumbnailUrl":"http:\/\/altercampagne.free.fr\/pages\/2008\/AlterTour\/pic\/AT2013-Carte-des-AlterTour.jpg","datePublished":"2012-12-24T16:25:08+00:00","dateModified":"2020-02-24T15:55:25+00:00","author":{"@id":"https:\/\/www.altercampagne.net\/#\/schema\/person\/0f261460c09e430caa0f9bcffa319109"},"breadcrumb":{"@id":"https:\/\/www.altercampagne.net\/?p=3597#breadcrumb"},"inLanguage":"fr-FR","potentialAction":[{"@type":"ReadAction","target":["https:\/\/www.altercampagne.net\/?p=3597"]}]},{"@type":"ImageObject","inLanguage":"fr-FR","@id":"https:\/\/www.altercampagne.net\/?p=3597#primaryimage","url":"http:\/\/altercampagne.free.fr\/pages\/2008\/AlterTour\/pic\/AT2013-Carte-des-AlterTour.jpg","contentUrl":"http:\/\/altercampagne.free.fr\/pages\/2008\/AlterTour\/pic\/AT2013-Carte-des-AlterTour.jpg"},{"@type":"BreadcrumbList","@id":"https:\/\/www.altercampagne.net\/?p=3597#breadcrumb","itemListElement":[{"@type":"ListItem","position":1,"name":"Accueil","item":"https:\/\/www.altercampagne.net\/"},{"@type":"ListItem","position":2,"name":"Nous cherchons des Alternatives pour 2013"}]},{"@type":"WebSite","@id":"https:\/\/www.altercampagne.net\/#website","url":"https:\/\/www.altercampagne.net\/","name":"AlterTour","description":"Reliez les Alternatives \u00e0 v\u00e9lo","potentialAction":[{"@type":"SearchAction","target":{"@type":"EntryPoint","urlTemplate":"https:\/\/www.altercampagne.net\/?s={search_term_string}"},"query-input":{"@type":"PropertyValueSpecification","valueRequired":true,"valueName":"search_term_string"}}],"inLanguage":"fr-FR"},{"@type":"Person","@id":"https:\/\/www.altercampagne.net\/#\/schema\/person\/0f261460c09e430caa0f9bcffa319109","name":"Mathieu","image":{"@type":"ImageObject","inLanguage":"fr-FR","@id":"https:\/\/secure.gravatar.com\/avatar\/aa9d3d24c83f2141e5e2709d0f63d09a99f6be6bb7a50abc4915838d9f54501a?s=96&d=mm&r=g","url":"https:\/\/secure.gravatar.com\/avatar\/aa9d3d24c83f2141e5e2709d0f63d09a99f6be6bb7a50abc4915838d9f54501a?s=96&d=mm&r=g","contentUrl":"https:\/\/secure.gravatar.com\/avatar\/aa9d3d24c83f2141e5e2709d0f63d09a99f6be6bb7a50abc4915838d9f54501a?s=96&d=mm&r=g","caption":"Mathieu"},"url":"https:\/\/www.altercampagne.net\/?author=214"}]}},"_links":{"self":[{"href":"https:\/\/www.altercampagne.net\/index.php?rest_route=\/wp\/v2\/posts\/3597","targetHints":{"allow":["GET"]}}],"collection":[{"href":"https:\/\/www.altercampagne.net\/index.php?rest_route=\/wp\/v2\/posts"}],"about":[{"href":"https:\/\/www.altercampagne.net\/index.php?rest_route=\/wp\/v2\/types\/post"}],"author":[{"embeddable":true,"href":"https:\/\/www.altercampagne.net\/index.php?rest_route=\/wp\/v2\/users\/214"}],"replies":[{"embeddable":true,"href":"https:\/\/www.altercampagne.net\/index.php?rest_route=%2Fwp%2Fv2%2Fcomments&post=3597"}],"version-history":[{"count":1,"href":"https:\/\/www.altercampagne.net\/index.php?rest_route=\/wp\/v2\/posts\/3597\/revisions"}],"predecessor-version":[{"id":17403,"href":"https:\/\/www.altercampagne.net\/index.php?rest_route=\/wp\/v2\/posts\/3597\/revisions\/17403"}],"wp:attachment":[{"href":"https:\/\/www.altercampagne.net\/index.php?rest_route=%2Fwp%2Fv2%2Fmedia&parent=3597"}],"wp:term":[{"taxonomy":"category","embeddable":true,"href":"https:\/\/www.altercampagne.net\/index.php?rest_route=%2Fwp%2Fv2%2Fcategories&post=3597"},{"taxonomy":"post_tag","embeddable":true,"href":"https:\/\/www.altercampagne.net\/index.php?rest_route=%2Fwp%2Fv2%2Ftags&post=3597"}],"curies":[{"name":"wp","href":"https:\/\/api.w.org\/{rel}","templated":true}]}}