{"id":3601,"date":"2012-11-21T17:29:46","date_gmt":"2012-11-21T16:29:46","guid":{"rendered":"http:\/\/www.altercampagne.net\/?p=3601"},"modified":"2016-04-11T16:14:10","modified_gmt":"2016-04-11T14:14:10","slug":"retour-sur-la-mobilisation-de-samedi-a-notre-dame-des-landes","status":"publish","type":"post","link":"https:\/\/www.altercampagne.net\/?p=3601","title":{"rendered":"Retour sur la mobilisation de samedi \u00e0 Notre-Dame-des-Landes"},"content":{"rendered":"<p><a href=\"http:\/\/www.altercampagne.net\/wp-content\/uploads\/2012\/11\/P1030785.jpg\"><img loading=\"lazy\" decoding=\"async\" class=\" size-medium wp-image-4020 alignleft\" src=\"http:\/\/www.altercampagne.net\/wp-content\/uploads\/2012\/11\/P1030785-300x225.jpg\" alt=\"Notre-Dame-des-Landes\" width=\"300\" height=\"225\" srcset=\"https:\/\/www.altercampagne.net\/wp-content\/uploads\/2012\/11\/P1030785-300x225.jpg 300w, https:\/\/www.altercampagne.net\/wp-content\/uploads\/2012\/11\/P1030785-1024x768.jpg 1024w\" sizes=\"auto, (max-width: 300px) 100vw, 300px\" \/><\/a>Impression \u00e0 chaud : une fourmili\u00e8re, des cha\u00eenes humaines, une d\u00e9termination \u00e0 reconstruire avec les moyens du bord, un humour d\u00e9capant et cadeau sur la prairie humide : ils avaient eu le temps \u00a0de construire des sculptures en\u00a0Land-art en guise d\u2019accueil pour les tr\u00e8s nombreuxSES manifestantEs mal coiff\u00e9Es et chiffonn\u00e9Es apr\u00e8s une nuit de car pour rejoindre le village Gaulois qui r\u00e9siste. Les prises de parole se sont vite \u00e9tendues aux luttes \u00a0semblables contre les projets inutiles et loin de l&rsquo;int\u00e9r\u00eat commun.<\/p>\n<p>Qu\u2019est-ce-que c&rsquo;\u00e9tait \u00a0bon d&rsquo;\u00eatre juste une simple personne humaine sans \u00e9tiquette parmi toute cette foule ! C&rsquo;\u00e9tait une toute petite place mais chacun-E aurait manqu\u00e9E si il avait renonc\u00e9 \u00e0 venir alors qu\u2019il en avait envie et la possibilit\u00e9.<\/p>\n<p>Genevi\u00e8ve d&rsquo;Orl\u00e9ans<\/p>\n","protected":false},"excerpt":{"rendered":"<p>Impression \u00e0 chaud : une fourmili\u00e8re, des cha\u00eenes humaines, une d\u00e9termination \u00e0 reconstruire avec les moyens du bord, un humour d\u00e9capant et cadeau sur la prairie humide : ils avaient eu le temps \u00a0de construire des sculptures en\u00a0Land-art en guise d\u2019accueil pour les tr\u00e8s nombreuxSES manifestantEs mal coiff\u00e9Es et chiffonn\u00e9Es &#8230; <\/p>\n<div><a href=\"https:\/\/www.altercampagne.net\/?p=3601\" class=\"more-link\">Read More<\/a><\/div>\n","protected":false},"author":214,"featured_media":0,"comment_status":"closed","ping_status":"closed","sticky":false,"template":"","format":"standard","meta":{"footnotes":""},"categories":[1],"tags":[144,484,1111,1112],"class_list":["post-3601","post","type-post","status-publish","format-standard","hentry","category-non-classe","tag-notre-dame-des-landes","tag-zad","tag-village-gaulois","tag-chaines-humaines","no-post-thumbnail"],"yoast_head":"<!-- This site is optimized with the Yoast SEO plugin v27.3 - https:\/\/yoast.com\/product\/yoast-seo-wordpress\/ -->\n<title>Retour sur la mobilisation de samedi \u00e0 Notre-Dame-des-Landes - AlterTour<\/title>\n<meta name=\"robots\" content=\"index, follow, max-snippet:-1, max-image-preview:large, max-video-preview:-1\" \/>\n<link rel=\"canonical\" href=\"https:\/\/www.altercampagne.net\/?p=3601\" \/>\n<meta property=\"og:locale\" content=\"fr_FR\" \/>\n<meta property=\"og:type\" content=\"article\" \/>\n<meta property=\"og:title\" content=\"Retour sur la mobilisation de samedi \u00e0 Notre-Dame-des-Landes - AlterTour\" \/>\n<meta property=\"og:description\" content=\"Impression \u00e0 chaud : une fourmili\u00e8re, des cha\u00eenes humaines, une d\u00e9termination \u00e0 reconstruire avec les moyens du bord, un humour d\u00e9capant et cadeau sur la prairie humide : ils avaient eu le temps \u00a0de construire des sculptures en\u00a0Land-art en guise d\u2019accueil pour les tr\u00e8s nombreuxSES manifestantEs mal coiff\u00e9Es et chiffonn\u00e9Es ... Read More\" \/>\n<meta property=\"og:url\" content=\"https:\/\/www.altercampagne.net\/?p=3601\" \/>\n<meta property=\"og:site_name\" content=\"AlterTour\" \/>\n<meta property=\"article:published_time\" content=\"2012-11-21T16:29:46+00:00\" \/>\n<meta property=\"article:modified_time\" content=\"2016-04-11T14:14:10+00:00\" \/>\n<meta property=\"og:image\" content=\"http:\/\/www.altercampagne.net\/wp-content\/uploads\/2012\/11\/P1030785-300x225.jpg\" \/>\n<meta name=\"author\" content=\"Mathieu\" \/>\n<meta name=\"twitter:card\" content=\"summary_large_image\" \/>\n<meta name=\"twitter:label1\" content=\"\u00c9crit par\" \/>\n\t<meta name=\"twitter:data1\" content=\"Mathieu\" \/>\n\t<meta name=\"twitter:label2\" content=\"Dur\u00e9e de lecture estim\u00e9e\" \/>\n\t<meta name=\"twitter:data2\" content=\"1 minute\" \/>\n<script type=\"application\/ld+json\" class=\"yoast-schema-graph\">{\"@context\":\"https:\\\/\\\/schema.org\",\"@graph\":[{\"@type\":\"Article\",\"@id\":\"https:\\\/\\\/www.altercampagne.net\\\/?p=3601#article\",\"isPartOf\":{\"@id\":\"https:\\\/\\\/www.altercampagne.net\\\/?p=3601\"},\"author\":{\"name\":\"Mathieu\",\"@id\":\"https:\\\/\\\/www.altercampagne.net\\\/#\\\/schema\\\/person\\\/0f261460c09e430caa0f9bcffa319109\"},\"headline\":\"Retour sur la mobilisation de samedi \u00e0 Notre-Dame-des-Landes\",\"datePublished\":\"2012-11-21T16:29:46+00:00\",\"dateModified\":\"2016-04-11T14:14:10+00:00\",\"mainEntityOfPage\":{\"@id\":\"https:\\\/\\\/www.altercampagne.net\\\/?p=3601\"},\"wordCount\":147,\"image\":{\"@id\":\"https:\\\/\\\/www.altercampagne.net\\\/?p=3601#primaryimage\"},\"thumbnailUrl\":\"http:\\\/\\\/www.altercampagne.net\\\/wp-content\\\/uploads\\\/2012\\\/11\\\/P1030785-300x225.jpg\",\"keywords\":[\"Notre Dame des Landes\",\"zad\",\"village Gaulois\",\"cha\u00eenes humaines\"],\"inLanguage\":\"fr-FR\"},{\"@type\":\"WebPage\",\"@id\":\"https:\\\/\\\/www.altercampagne.net\\\/?p=3601\",\"url\":\"https:\\\/\\\/www.altercampagne.net\\\/?p=3601\",\"name\":\"Retour sur la mobilisation de samedi \u00e0 Notre-Dame-des-Landes - AlterTour\",\"isPartOf\":{\"@id\":\"https:\\\/\\\/www.altercampagne.net\\\/#website\"},\"primaryImageOfPage\":{\"@id\":\"https:\\\/\\\/www.altercampagne.net\\\/?p=3601#primaryimage\"},\"image\":{\"@id\":\"https:\\\/\\\/www.altercampagne.net\\\/?p=3601#primaryimage\"},\"thumbnailUrl\":\"http:\\\/\\\/www.altercampagne.net\\\/wp-content\\\/uploads\\\/2012\\\/11\\\/P1030785-300x225.jpg\",\"datePublished\":\"2012-11-21T16:29:46+00:00\",\"dateModified\":\"2016-04-11T14:14:10+00:00\",\"author\":{\"@id\":\"https:\\\/\\\/www.altercampagne.net\\\/#\\\/schema\\\/person\\\/0f261460c09e430caa0f9bcffa319109\"},\"breadcrumb\":{\"@id\":\"https:\\\/\\\/www.altercampagne.net\\\/?p=3601#breadcrumb\"},\"inLanguage\":\"fr-FR\",\"potentialAction\":[{\"@type\":\"ReadAction\",\"target\":[\"https:\\\/\\\/www.altercampagne.net\\\/?p=3601\"]}]},{\"@type\":\"ImageObject\",\"inLanguage\":\"fr-FR\",\"@id\":\"https:\\\/\\\/www.altercampagne.net\\\/?p=3601#primaryimage\",\"url\":\"https:\\\/\\\/www.altercampagne.net\\\/wp-content\\\/uploads\\\/2012\\\/11\\\/P1030785.jpg\",\"contentUrl\":\"https:\\\/\\\/www.altercampagne.net\\\/wp-content\\\/uploads\\\/2012\\\/11\\\/P1030785.jpg\",\"width\":3072,\"height\":2304},{\"@type\":\"BreadcrumbList\",\"@id\":\"https:\\\/\\\/www.altercampagne.net\\\/?p=3601#breadcrumb\",\"itemListElement\":[{\"@type\":\"ListItem\",\"position\":1,\"name\":\"Accueil\",\"item\":\"https:\\\/\\\/www.altercampagne.net\\\/\"},{\"@type\":\"ListItem\",\"position\":2,\"name\":\"Retour sur la mobilisation de samedi \u00e0 Notre-Dame-des-Landes\"}]},{\"@type\":\"WebSite\",\"@id\":\"https:\\\/\\\/www.altercampagne.net\\\/#website\",\"url\":\"https:\\\/\\\/www.altercampagne.net\\\/\",\"name\":\"AlterTour\",\"description\":\"Reliez les Alternatives \u00e0 v\u00e9lo\",\"potentialAction\":[{\"@type\":\"SearchAction\",\"target\":{\"@type\":\"EntryPoint\",\"urlTemplate\":\"https:\\\/\\\/www.altercampagne.net\\\/?s={search_term_string}\"},\"query-input\":{\"@type\":\"PropertyValueSpecification\",\"valueRequired\":true,\"valueName\":\"search_term_string\"}}],\"inLanguage\":\"fr-FR\"},{\"@type\":\"Person\",\"@id\":\"https:\\\/\\\/www.altercampagne.net\\\/#\\\/schema\\\/person\\\/0f261460c09e430caa0f9bcffa319109\",\"name\":\"Mathieu\",\"image\":{\"@type\":\"ImageObject\",\"inLanguage\":\"fr-FR\",\"@id\":\"https:\\\/\\\/secure.gravatar.com\\\/avatar\\\/aa9d3d24c83f2141e5e2709d0f63d09a99f6be6bb7a50abc4915838d9f54501a?s=96&d=mm&r=g\",\"url\":\"https:\\\/\\\/secure.gravatar.com\\\/avatar\\\/aa9d3d24c83f2141e5e2709d0f63d09a99f6be6bb7a50abc4915838d9f54501a?s=96&d=mm&r=g\",\"contentUrl\":\"https:\\\/\\\/secure.gravatar.com\\\/avatar\\\/aa9d3d24c83f2141e5e2709d0f63d09a99f6be6bb7a50abc4915838d9f54501a?s=96&d=mm&r=g\",\"caption\":\"Mathieu\"},\"url\":\"https:\\\/\\\/www.altercampagne.net\\\/?author=214\"}]}<\/script>\n<!-- \/ Yoast SEO plugin. -->","yoast_head_json":{"title":"Retour sur la mobilisation de samedi \u00e0 Notre-Dame-des-Landes - AlterTour","robots":{"index":"index","follow":"follow","max-snippet":"max-snippet:-1","max-image-preview":"max-image-preview:large","max-video-preview":"max-video-preview:-1"},"canonical":"https:\/\/www.altercampagne.net\/?p=3601","og_locale":"fr_FR","og_type":"article","og_title":"Retour sur la mobilisation de samedi \u00e0 Notre-Dame-des-Landes - AlterTour","og_description":"Impression \u00e0 chaud : une fourmili\u00e8re, des cha\u00eenes humaines, une d\u00e9termination \u00e0 reconstruire avec les moyens du bord, un humour d\u00e9capant et cadeau sur la prairie humide : ils avaient eu le temps \u00a0de construire des sculptures en\u00a0Land-art en guise d\u2019accueil pour les tr\u00e8s nombreuxSES manifestantEs mal coiff\u00e9Es et chiffonn\u00e9Es ... Read More","og_url":"https:\/\/www.altercampagne.net\/?p=3601","og_site_name":"AlterTour","article_published_time":"2012-11-21T16:29:46+00:00","article_modified_time":"2016-04-11T14:14:10+00:00","og_image":[{"url":"http:\/\/www.altercampagne.net\/wp-content\/uploads\/2012\/11\/P1030785-300x225.jpg","type":"","width":"","height":""}],"author":"Mathieu","twitter_card":"summary_large_image","twitter_misc":{"\u00c9crit par":"Mathieu","Dur\u00e9e de lecture estim\u00e9e":"1 minute"},"schema":{"@context":"https:\/\/schema.org","@graph":[{"@type":"Article","@id":"https:\/\/www.altercampagne.net\/?p=3601#article","isPartOf":{"@id":"https:\/\/www.altercampagne.net\/?p=3601"},"author":{"name":"Mathieu","@id":"https:\/\/www.altercampagne.net\/#\/schema\/person\/0f261460c09e430caa0f9bcffa319109"},"headline":"Retour sur la mobilisation de samedi \u00e0 Notre-Dame-des-Landes","datePublished":"2012-11-21T16:29:46+00:00","dateModified":"2016-04-11T14:14:10+00:00","mainEntityOfPage":{"@id":"https:\/\/www.altercampagne.net\/?p=3601"},"wordCount":147,"image":{"@id":"https:\/\/www.altercampagne.net\/?p=3601#primaryimage"},"thumbnailUrl":"http:\/\/www.altercampagne.net\/wp-content\/uploads\/2012\/11\/P1030785-300x225.jpg","keywords":["Notre Dame des Landes","zad","village Gaulois","cha\u00eenes humaines"],"inLanguage":"fr-FR"},{"@type":"WebPage","@id":"https:\/\/www.altercampagne.net\/?p=3601","url":"https:\/\/www.altercampagne.net\/?p=3601","name":"Retour sur la mobilisation de samedi \u00e0 Notre-Dame-des-Landes - AlterTour","isPartOf":{"@id":"https:\/\/www.altercampagne.net\/#website"},"primaryImageOfPage":{"@id":"https:\/\/www.altercampagne.net\/?p=3601#primaryimage"},"image":{"@id":"https:\/\/www.altercampagne.net\/?p=3601#primaryimage"},"thumbnailUrl":"http:\/\/www.altercampagne.net\/wp-content\/uploads\/2012\/11\/P1030785-300x225.jpg","datePublished":"2012-11-21T16:29:46+00:00","dateModified":"2016-04-11T14:14:10+00:00","author":{"@id":"https:\/\/www.altercampagne.net\/#\/schema\/person\/0f261460c09e430caa0f9bcffa319109"},"breadcrumb":{"@id":"https:\/\/www.altercampagne.net\/?p=3601#breadcrumb"},"inLanguage":"fr-FR","potentialAction":[{"@type":"ReadAction","target":["https:\/\/www.altercampagne.net\/?p=3601"]}]},{"@type":"ImageObject","inLanguage":"fr-FR","@id":"https:\/\/www.altercampagne.net\/?p=3601#primaryimage","url":"https:\/\/www.altercampagne.net\/wp-content\/uploads\/2012\/11\/P1030785.jpg","contentUrl":"https:\/\/www.altercampagne.net\/wp-content\/uploads\/2012\/11\/P1030785.jpg","width":3072,"height":2304},{"@type":"BreadcrumbList","@id":"https:\/\/www.altercampagne.net\/?p=3601#breadcrumb","itemListElement":[{"@type":"ListItem","position":1,"name":"Accueil","item":"https:\/\/www.altercampagne.net\/"},{"@type":"ListItem","position":2,"name":"Retour sur la mobilisation de samedi \u00e0 Notre-Dame-des-Landes"}]},{"@type":"WebSite","@id":"https:\/\/www.altercampagne.net\/#website","url":"https:\/\/www.altercampagne.net\/","name":"AlterTour","description":"Reliez les Alternatives \u00e0 v\u00e9lo","potentialAction":[{"@type":"SearchAction","target":{"@type":"EntryPoint","urlTemplate":"https:\/\/www.altercampagne.net\/?s={search_term_string}"},"query-input":{"@type":"PropertyValueSpecification","valueRequired":true,"valueName":"search_term_string"}}],"inLanguage":"fr-FR"},{"@type":"Person","@id":"https:\/\/www.altercampagne.net\/#\/schema\/person\/0f261460c09e430caa0f9bcffa319109","name":"Mathieu","image":{"@type":"ImageObject","inLanguage":"fr-FR","@id":"https:\/\/secure.gravatar.com\/avatar\/aa9d3d24c83f2141e5e2709d0f63d09a99f6be6bb7a50abc4915838d9f54501a?s=96&d=mm&r=g","url":"https:\/\/secure.gravatar.com\/avatar\/aa9d3d24c83f2141e5e2709d0f63d09a99f6be6bb7a50abc4915838d9f54501a?s=96&d=mm&r=g","contentUrl":"https:\/\/secure.gravatar.com\/avatar\/aa9d3d24c83f2141e5e2709d0f63d09a99f6be6bb7a50abc4915838d9f54501a?s=96&d=mm&r=g","caption":"Mathieu"},"url":"https:\/\/www.altercampagne.net\/?author=214"}]}},"_links":{"self":[{"href":"https:\/\/www.altercampagne.net\/index.php?rest_route=\/wp\/v2\/posts\/3601","targetHints":{"allow":["GET"]}}],"collection":[{"href":"https:\/\/www.altercampagne.net\/index.php?rest_route=\/wp\/v2\/posts"}],"about":[{"href":"https:\/\/www.altercampagne.net\/index.php?rest_route=\/wp\/v2\/types\/post"}],"author":[{"embeddable":true,"href":"https:\/\/www.altercampagne.net\/index.php?rest_route=\/wp\/v2\/users\/214"}],"replies":[{"embeddable":true,"href":"https:\/\/www.altercampagne.net\/index.php?rest_route=%2Fwp%2Fv2%2Fcomments&post=3601"}],"version-history":[{"count":0,"href":"https:\/\/www.altercampagne.net\/index.php?rest_route=\/wp\/v2\/posts\/3601\/revisions"}],"wp:attachment":[{"href":"https:\/\/www.altercampagne.net\/index.php?rest_route=%2Fwp%2Fv2%2Fmedia&parent=3601"}],"wp:term":[{"taxonomy":"category","embeddable":true,"href":"https:\/\/www.altercampagne.net\/index.php?rest_route=%2Fwp%2Fv2%2Fcategories&post=3601"},{"taxonomy":"post_tag","embeddable":true,"href":"https:\/\/www.altercampagne.net\/index.php?rest_route=%2Fwp%2Fv2%2Ftags&post=3601"}],"curies":[{"name":"wp","href":"https:\/\/api.w.org\/{rel}","templated":true}]}}