{"id":3603,"date":"2012-11-15T17:33:55","date_gmt":"2012-11-15T16:33:55","guid":{"rendered":"http:\/\/www.altercampagne.net\/?p=3603"},"modified":"2020-02-24T16:55:48","modified_gmt":"2020-02-24T15:55:48","slug":"un-altercycliste-sur-grand-ecran","status":"publish","type":"post","link":"https:\/\/www.altercampagne.net\/?p=3603","title":{"rendered":"Un Altercycliste sur grand \u00e9cran"},"content":{"rendered":"<p class=\"Style138 Style271\" align=\"justify\">Bruno a particip\u00e9 \u00e0 l&rsquo;AlterTour 2011, il est devenu coordinateur des \u00e9tapes ari\u00e9geoises avec Justine pour l&rsquo;AlterTour 2012.<\/p>\n<p class=\"Style138 Style271\" align=\"justify\">Eric Blanc a r\u00e9alis\u00e9 son premier court m\u00e9trage sur les diff\u00e9rentes aventures de Bruno et de son handbike. Bruno Sans se revendique lui-m\u00eame comme un \u00ab stakhanoviste de l\u2019autonomie \u00bb. Parapl\u00e9gique, il voyage en handbike depuis pr\u00e8s de 30 ans. En 2010, il a voyag\u00e9 de Montr\u00e9al \u00e0 Boston (Canada &#8211; \u00c9tats-Unis), un parcours o\u00f9 les difficult\u00e9s et les rencontres ont \u00e9t\u00e9 aussi nombreuses que chaleureuses.<\/p>\n<p class=\"Style138 Style271\" align=\"justify\">Ce film de 28 min : \u00ab\u00a0Bruno et la Force\u00a0\u00bb a \u00e9t\u00e9 retenu pour le 28i\u00e8me festival du voyage \u00e0 v\u00e9lo, organis\u00e9 par <a href=\"http:\/\/www.cci.asso.fr\/\" target=\"_blank\" rel=\"noopener noreferrer\">Cyclo-Camping International<\/a>. Il est programm\u00e9 le samedi 19 janvier \u00e0 18h20 :<\/p>\n<p class=\"Style138 Style271\" align=\"justify\">St Denis &#8211; Bourse du travail de Saint-Denis &#8211; 11, rue G\u00e9nin &#8211; 93200 Saint-Denis &#8211; Entr\u00e9e 5 \u20ac pour 2 films<\/p>\n<p class=\"Style138 Style271\" align=\"justify\">Il sera \u00e9galement programm\u00e9 \u00e0 l&rsquo;Espace Louis Feuillade \u00e0 Lunel (34), le jeudi 24 janvier 2013 \u00e0 18h30. La projection sera suivi d&rsquo;une conf\u00e9rence de Bruno Sans.<\/p>\n<p class=\"Style138 Style271\" align=\"justify\">Entr\u00e9e LIBRE<\/p>\n","protected":false},"excerpt":{"rendered":"<p>Bruno a particip\u00e9 \u00e0 l&rsquo;AlterTour 2011, il est devenu coordinateur des \u00e9tapes ari\u00e9geoises avec Justine pour l&rsquo;AlterTour 2012. Eric Blanc a r\u00e9alis\u00e9 son premier court m\u00e9trage sur les diff\u00e9rentes aventures de Bruno et de son handbike. Bruno Sans se revendique lui-m\u00eame comme un \u00ab stakhanoviste de l\u2019autonomie \u00bb. Parapl\u00e9gique, il &#8230; <\/p>\n<div><a href=\"https:\/\/www.altercampagne.net\/?p=3603\" class=\"more-link\">Read More<\/a><\/div>\n","protected":false},"author":214,"featured_media":0,"comment_status":"closed","ping_status":"closed","sticky":false,"template":"","format":"standard","meta":{"footnotes":""},"categories":[4054],"tags":[481,1113,1114,1115,1116,1117,1118],"class_list":["post-3603","post","type-post","status-publish","format-standard","hentry","category-temoignages","tag-cyclo-camping-international","tag-bruno-sans","tag-eric-blanc","tag-court-metrage","tag-handbike","tag-bruno-et-la-force","tag-festival-du-voyage-a-velo","no-post-thumbnail"],"yoast_head":"<!-- This site is optimized with the Yoast SEO plugin v27.3 - https:\/\/yoast.com\/product\/yoast-seo-wordpress\/ -->\n<title>Un Altercycliste sur grand \u00e9cran - AlterTour<\/title>\n<meta name=\"robots\" content=\"index, follow, max-snippet:-1, max-image-preview:large, max-video-preview:-1\" \/>\n<link rel=\"canonical\" href=\"https:\/\/www.altercampagne.net\/?p=3603\" \/>\n<meta property=\"og:locale\" content=\"fr_FR\" \/>\n<meta property=\"og:type\" content=\"article\" \/>\n<meta property=\"og:title\" content=\"Un Altercycliste sur grand \u00e9cran - AlterTour\" \/>\n<meta property=\"og:description\" content=\"Bruno a particip\u00e9 \u00e0 l&rsquo;AlterTour 2011, il est devenu coordinateur des \u00e9tapes ari\u00e9geoises avec Justine pour l&rsquo;AlterTour 2012. Eric Blanc a r\u00e9alis\u00e9 son premier court m\u00e9trage sur les diff\u00e9rentes aventures de Bruno et de son handbike. Bruno Sans se revendique lui-m\u00eame comme un \u00ab stakhanoviste de l\u2019autonomie \u00bb. Parapl\u00e9gique, il ... Read More\" \/>\n<meta property=\"og:url\" content=\"https:\/\/www.altercampagne.net\/?p=3603\" \/>\n<meta property=\"og:site_name\" content=\"AlterTour\" \/>\n<meta property=\"article:published_time\" content=\"2012-11-15T16:33:55+00:00\" \/>\n<meta property=\"article:modified_time\" content=\"2020-02-24T15:55:48+00:00\" \/>\n<meta name=\"author\" content=\"Mathieu\" \/>\n<meta name=\"twitter:card\" content=\"summary_large_image\" \/>\n<meta name=\"twitter:label1\" content=\"\u00c9crit par\" \/>\n\t<meta name=\"twitter:data1\" content=\"Mathieu\" \/>\n\t<meta name=\"twitter:label2\" content=\"Dur\u00e9e de lecture estim\u00e9e\" \/>\n\t<meta name=\"twitter:data2\" content=\"1 minute\" \/>\n<script type=\"application\/ld+json\" class=\"yoast-schema-graph\">{\"@context\":\"https:\\\/\\\/schema.org\",\"@graph\":[{\"@type\":\"Article\",\"@id\":\"https:\\\/\\\/www.altercampagne.net\\\/?p=3603#article\",\"isPartOf\":{\"@id\":\"https:\\\/\\\/www.altercampagne.net\\\/?p=3603\"},\"author\":{\"name\":\"Mathieu\",\"@id\":\"https:\\\/\\\/www.altercampagne.net\\\/#\\\/schema\\\/person\\\/0f261460c09e430caa0f9bcffa319109\"},\"headline\":\"Un Altercycliste sur grand \u00e9cran\",\"datePublished\":\"2012-11-15T16:33:55+00:00\",\"dateModified\":\"2020-02-24T15:55:48+00:00\",\"mainEntityOfPage\":{\"@id\":\"https:\\\/\\\/www.altercampagne.net\\\/?p=3603\"},\"wordCount\":170,\"keywords\":[\"cyclo-camping international\",\"Bruno sans\",\"Eric Blanc\",\"court m\u00e9trage\",\"handbike\",\"Bruno et la Force\",\"festival du voyage \u00e0 v\u00e9lo\"],\"articleSection\":[\"T\u00e9moignages\"],\"inLanguage\":\"fr-FR\"},{\"@type\":\"WebPage\",\"@id\":\"https:\\\/\\\/www.altercampagne.net\\\/?p=3603\",\"url\":\"https:\\\/\\\/www.altercampagne.net\\\/?p=3603\",\"name\":\"Un Altercycliste sur grand \u00e9cran - AlterTour\",\"isPartOf\":{\"@id\":\"https:\\\/\\\/www.altercampagne.net\\\/#website\"},\"datePublished\":\"2012-11-15T16:33:55+00:00\",\"dateModified\":\"2020-02-24T15:55:48+00:00\",\"author\":{\"@id\":\"https:\\\/\\\/www.altercampagne.net\\\/#\\\/schema\\\/person\\\/0f261460c09e430caa0f9bcffa319109\"},\"breadcrumb\":{\"@id\":\"https:\\\/\\\/www.altercampagne.net\\\/?p=3603#breadcrumb\"},\"inLanguage\":\"fr-FR\",\"potentialAction\":[{\"@type\":\"ReadAction\",\"target\":[\"https:\\\/\\\/www.altercampagne.net\\\/?p=3603\"]}]},{\"@type\":\"BreadcrumbList\",\"@id\":\"https:\\\/\\\/www.altercampagne.net\\\/?p=3603#breadcrumb\",\"itemListElement\":[{\"@type\":\"ListItem\",\"position\":1,\"name\":\"Accueil\",\"item\":\"https:\\\/\\\/www.altercampagne.net\\\/\"},{\"@type\":\"ListItem\",\"position\":2,\"name\":\"Un Altercycliste sur grand \u00e9cran\"}]},{\"@type\":\"WebSite\",\"@id\":\"https:\\\/\\\/www.altercampagne.net\\\/#website\",\"url\":\"https:\\\/\\\/www.altercampagne.net\\\/\",\"name\":\"AlterTour\",\"description\":\"Reliez les Alternatives \u00e0 v\u00e9lo\",\"potentialAction\":[{\"@type\":\"SearchAction\",\"target\":{\"@type\":\"EntryPoint\",\"urlTemplate\":\"https:\\\/\\\/www.altercampagne.net\\\/?s={search_term_string}\"},\"query-input\":{\"@type\":\"PropertyValueSpecification\",\"valueRequired\":true,\"valueName\":\"search_term_string\"}}],\"inLanguage\":\"fr-FR\"},{\"@type\":\"Person\",\"@id\":\"https:\\\/\\\/www.altercampagne.net\\\/#\\\/schema\\\/person\\\/0f261460c09e430caa0f9bcffa319109\",\"name\":\"Mathieu\",\"image\":{\"@type\":\"ImageObject\",\"inLanguage\":\"fr-FR\",\"@id\":\"https:\\\/\\\/secure.gravatar.com\\\/avatar\\\/aa9d3d24c83f2141e5e2709d0f63d09a99f6be6bb7a50abc4915838d9f54501a?s=96&d=mm&r=g\",\"url\":\"https:\\\/\\\/secure.gravatar.com\\\/avatar\\\/aa9d3d24c83f2141e5e2709d0f63d09a99f6be6bb7a50abc4915838d9f54501a?s=96&d=mm&r=g\",\"contentUrl\":\"https:\\\/\\\/secure.gravatar.com\\\/avatar\\\/aa9d3d24c83f2141e5e2709d0f63d09a99f6be6bb7a50abc4915838d9f54501a?s=96&d=mm&r=g\",\"caption\":\"Mathieu\"},\"url\":\"https:\\\/\\\/www.altercampagne.net\\\/?author=214\"}]}<\/script>\n<!-- \/ Yoast SEO plugin. -->","yoast_head_json":{"title":"Un Altercycliste sur grand \u00e9cran - AlterTour","robots":{"index":"index","follow":"follow","max-snippet":"max-snippet:-1","max-image-preview":"max-image-preview:large","max-video-preview":"max-video-preview:-1"},"canonical":"https:\/\/www.altercampagne.net\/?p=3603","og_locale":"fr_FR","og_type":"article","og_title":"Un Altercycliste sur grand \u00e9cran - AlterTour","og_description":"Bruno a particip\u00e9 \u00e0 l&rsquo;AlterTour 2011, il est devenu coordinateur des \u00e9tapes ari\u00e9geoises avec Justine pour l&rsquo;AlterTour 2012. Eric Blanc a r\u00e9alis\u00e9 son premier court m\u00e9trage sur les diff\u00e9rentes aventures de Bruno et de son handbike. Bruno Sans se revendique lui-m\u00eame comme un \u00ab stakhanoviste de l\u2019autonomie \u00bb. Parapl\u00e9gique, il ... Read More","og_url":"https:\/\/www.altercampagne.net\/?p=3603","og_site_name":"AlterTour","article_published_time":"2012-11-15T16:33:55+00:00","article_modified_time":"2020-02-24T15:55:48+00:00","author":"Mathieu","twitter_card":"summary_large_image","twitter_misc":{"\u00c9crit par":"Mathieu","Dur\u00e9e de lecture estim\u00e9e":"1 minute"},"schema":{"@context":"https:\/\/schema.org","@graph":[{"@type":"Article","@id":"https:\/\/www.altercampagne.net\/?p=3603#article","isPartOf":{"@id":"https:\/\/www.altercampagne.net\/?p=3603"},"author":{"name":"Mathieu","@id":"https:\/\/www.altercampagne.net\/#\/schema\/person\/0f261460c09e430caa0f9bcffa319109"},"headline":"Un Altercycliste sur grand \u00e9cran","datePublished":"2012-11-15T16:33:55+00:00","dateModified":"2020-02-24T15:55:48+00:00","mainEntityOfPage":{"@id":"https:\/\/www.altercampagne.net\/?p=3603"},"wordCount":170,"keywords":["cyclo-camping international","Bruno sans","Eric Blanc","court m\u00e9trage","handbike","Bruno et la Force","festival du voyage \u00e0 v\u00e9lo"],"articleSection":["T\u00e9moignages"],"inLanguage":"fr-FR"},{"@type":"WebPage","@id":"https:\/\/www.altercampagne.net\/?p=3603","url":"https:\/\/www.altercampagne.net\/?p=3603","name":"Un Altercycliste sur grand \u00e9cran - AlterTour","isPartOf":{"@id":"https:\/\/www.altercampagne.net\/#website"},"datePublished":"2012-11-15T16:33:55+00:00","dateModified":"2020-02-24T15:55:48+00:00","author":{"@id":"https:\/\/www.altercampagne.net\/#\/schema\/person\/0f261460c09e430caa0f9bcffa319109"},"breadcrumb":{"@id":"https:\/\/www.altercampagne.net\/?p=3603#breadcrumb"},"inLanguage":"fr-FR","potentialAction":[{"@type":"ReadAction","target":["https:\/\/www.altercampagne.net\/?p=3603"]}]},{"@type":"BreadcrumbList","@id":"https:\/\/www.altercampagne.net\/?p=3603#breadcrumb","itemListElement":[{"@type":"ListItem","position":1,"name":"Accueil","item":"https:\/\/www.altercampagne.net\/"},{"@type":"ListItem","position":2,"name":"Un Altercycliste sur grand \u00e9cran"}]},{"@type":"WebSite","@id":"https:\/\/www.altercampagne.net\/#website","url":"https:\/\/www.altercampagne.net\/","name":"AlterTour","description":"Reliez les Alternatives \u00e0 v\u00e9lo","potentialAction":[{"@type":"SearchAction","target":{"@type":"EntryPoint","urlTemplate":"https:\/\/www.altercampagne.net\/?s={search_term_string}"},"query-input":{"@type":"PropertyValueSpecification","valueRequired":true,"valueName":"search_term_string"}}],"inLanguage":"fr-FR"},{"@type":"Person","@id":"https:\/\/www.altercampagne.net\/#\/schema\/person\/0f261460c09e430caa0f9bcffa319109","name":"Mathieu","image":{"@type":"ImageObject","inLanguage":"fr-FR","@id":"https:\/\/secure.gravatar.com\/avatar\/aa9d3d24c83f2141e5e2709d0f63d09a99f6be6bb7a50abc4915838d9f54501a?s=96&d=mm&r=g","url":"https:\/\/secure.gravatar.com\/avatar\/aa9d3d24c83f2141e5e2709d0f63d09a99f6be6bb7a50abc4915838d9f54501a?s=96&d=mm&r=g","contentUrl":"https:\/\/secure.gravatar.com\/avatar\/aa9d3d24c83f2141e5e2709d0f63d09a99f6be6bb7a50abc4915838d9f54501a?s=96&d=mm&r=g","caption":"Mathieu"},"url":"https:\/\/www.altercampagne.net\/?author=214"}]}},"_links":{"self":[{"href":"https:\/\/www.altercampagne.net\/index.php?rest_route=\/wp\/v2\/posts\/3603","targetHints":{"allow":["GET"]}}],"collection":[{"href":"https:\/\/www.altercampagne.net\/index.php?rest_route=\/wp\/v2\/posts"}],"about":[{"href":"https:\/\/www.altercampagne.net\/index.php?rest_route=\/wp\/v2\/types\/post"}],"author":[{"embeddable":true,"href":"https:\/\/www.altercampagne.net\/index.php?rest_route=\/wp\/v2\/users\/214"}],"replies":[{"embeddable":true,"href":"https:\/\/www.altercampagne.net\/index.php?rest_route=%2Fwp%2Fv2%2Fcomments&post=3603"}],"version-history":[{"count":1,"href":"https:\/\/www.altercampagne.net\/index.php?rest_route=\/wp\/v2\/posts\/3603\/revisions"}],"predecessor-version":[{"id":17404,"href":"https:\/\/www.altercampagne.net\/index.php?rest_route=\/wp\/v2\/posts\/3603\/revisions\/17404"}],"wp:attachment":[{"href":"https:\/\/www.altercampagne.net\/index.php?rest_route=%2Fwp%2Fv2%2Fmedia&parent=3603"}],"wp:term":[{"taxonomy":"category","embeddable":true,"href":"https:\/\/www.altercampagne.net\/index.php?rest_route=%2Fwp%2Fv2%2Fcategories&post=3603"},{"taxonomy":"post_tag","embeddable":true,"href":"https:\/\/www.altercampagne.net\/index.php?rest_route=%2Fwp%2Fv2%2Ftags&post=3603"}],"curies":[{"name":"wp","href":"https:\/\/api.w.org\/{rel}","templated":true}]}}