{"id":3605,"date":"2012-11-14T17:35:56","date_gmt":"2012-11-14T16:35:56","guid":{"rendered":"http:\/\/www.altercampagne.net\/?p=3605"},"modified":"2020-02-24T18:02:33","modified_gmt":"2020-02-24T17:02:33","slug":"2-dates-a-reserver","status":"publish","type":"post","link":"https:\/\/www.altercampagne.net\/?p=3605","title":{"rendered":"2 dates \u00e0 r\u00e9server"},"content":{"rendered":"<p><strong>Chers Altercyclistes, voici 2 dates \u00e0 r\u00e9server pour nous retrouver et pr\u00e9parer la suite&nbsp;de&nbsp;nos aventures &#8230;<\/strong><\/p>\n<p><span style=\"text-decoration: underline;\"><strong>La 3\u00e8me r\u00e9union pl\u00e9ni\u00e8re et l&rsquo;assembl\u00e9e g\u00e9n\u00e9rale&nbsp;2012&nbsp;de&nbsp;l&rsquo;association &nbsp;auront lieu \u00e0 la&nbsp;maison&nbsp;du v\u00e9lo \u00e0 Paris les 15 et 16 d\u00e9cembre<\/strong><\/span><br \/>\n<span style=\"color: #000000;\">&nbsp;La pl\u00e9ni\u00e8re aura lieu le samedi de 9h \u00e0 12h et le dimanche de 9h \u00e0 17h<\/span><br \/>\n<span style=\"color: #000000;\">L&rsquo;AG se tiendra le samedi de 14h \u00e0 18h, au menu de l&rsquo;AG :<\/span><\/p>\n<p><span style=\"color: #000000;\">1\/ bilan&nbsp;de&nbsp;l&rsquo;ann\u00e9e et priorit\u00e9s pour 2013<\/span><br \/>\n<span style=\"color: #000000;\"> 2\/ \u00e9lection du nouveau coll\u00e8ge solidaire auquel vous pouvez pr\u00e9senter d\u00e8s \u00e0 pr\u00e9sent votre candidature sur la fiche&nbsp;de&nbsp;pr\u00e9paration&nbsp;de&nbsp;cette r\u00e9union accessible das l&rsquo;<\/span><a href=\"http:\/\/altercampagne.free.fr\/administrateur\/espace_collaboratif\/Orga_AlterTour_2013.html\"><span style=\"color: #000000;\">espace membre<\/span> <\/a><\/p>\n<p><span style=\"text-decoration: underline;\"><strong>La prochaine r\u00e9union&nbsp;de&nbsp;pr\u00e9paration&nbsp;de&nbsp;l&rsquo;AlterTour 2013&nbsp;<\/strong><br \/>\n<strong>aura lieu \u00e0 Villejuif (chez Claire Bretou) du 24 et 25 novembre&nbsp;<\/strong><\/span><\/p>\n<p><span class=\"Style273\"><span style=\"color: #000000;\">C&rsquo;est ouvert \u00e0 tous et c&rsquo;est plut\u00f4t sympa, vous pouvez vous inscrire sur l&rsquo;<\/span><a href=\"http:\/\/altercampagne.free.fr\/administrateur\/espace_collaboratif\/Orga_AlterTour_2013.html\">espace membre<\/a>. &nbsp;<\/span><\/p>\n","protected":false},"excerpt":{"rendered":"<p>Chers Altercyclistes, voici 2 dates \u00e0 r\u00e9server pour nous retrouver et pr\u00e9parer la suite&nbsp;de&nbsp;nos aventures &#8230; La 3\u00e8me r\u00e9union pl\u00e9ni\u00e8re et l&rsquo;assembl\u00e9e g\u00e9n\u00e9rale&nbsp;2012&nbsp;de&nbsp;l&rsquo;association &nbsp;auront lieu \u00e0 la&nbsp;maison&nbsp;du v\u00e9lo \u00e0 Paris les 15 et 16 d\u00e9cembre &nbsp;La pl\u00e9ni\u00e8re aura lieu le samedi de 9h \u00e0 12h et le dimanche de 9h &#8230; <\/p>\n<div><a href=\"https:\/\/www.altercampagne.net\/?p=3605\" class=\"more-link\">Read More<\/a><\/div>\n","protected":false},"author":214,"featured_media":0,"comment_status":"closed","ping_status":"closed","sticky":false,"template":"","format":"standard","meta":{"footnotes":""},"categories":[3539],"tags":[48,694,1119],"class_list":["post-3605","post","type-post","status-publish","format-standard","hentry","category-we-de-preparation","tag-ag","tag-altertour-2013","tag-maison-du-velo","no-post-thumbnail"],"yoast_head":"<!-- This site is optimized with the Yoast SEO plugin v27.3 - https:\/\/yoast.com\/product\/yoast-seo-wordpress\/ -->\n<title>2 dates \u00e0 r\u00e9server - AlterTour<\/title>\n<meta name=\"robots\" content=\"index, follow, max-snippet:-1, max-image-preview:large, max-video-preview:-1\" \/>\n<link rel=\"canonical\" href=\"https:\/\/www.altercampagne.net\/?p=3605\" \/>\n<meta property=\"og:locale\" content=\"fr_FR\" \/>\n<meta property=\"og:type\" content=\"article\" \/>\n<meta property=\"og:title\" content=\"2 dates \u00e0 r\u00e9server - AlterTour\" \/>\n<meta property=\"og:description\" content=\"Chers Altercyclistes, voici 2 dates \u00e0 r\u00e9server pour nous retrouver et pr\u00e9parer la suite&nbsp;de&nbsp;nos aventures &#8230; La 3\u00e8me r\u00e9union pl\u00e9ni\u00e8re et l&rsquo;assembl\u00e9e g\u00e9n\u00e9rale&nbsp;2012&nbsp;de&nbsp;l&rsquo;association &nbsp;auront lieu \u00e0 la&nbsp;maison&nbsp;du v\u00e9lo \u00e0 Paris les 15 et 16 d\u00e9cembre &nbsp;La pl\u00e9ni\u00e8re aura lieu le samedi de 9h \u00e0 12h et le dimanche de 9h ... Read More\" \/>\n<meta property=\"og:url\" content=\"https:\/\/www.altercampagne.net\/?p=3605\" \/>\n<meta property=\"og:site_name\" content=\"AlterTour\" \/>\n<meta property=\"article:published_time\" content=\"2012-11-14T16:35:56+00:00\" \/>\n<meta property=\"article:modified_time\" content=\"2020-02-24T17:02:33+00:00\" \/>\n<meta name=\"author\" content=\"Mathieu\" \/>\n<meta name=\"twitter:card\" content=\"summary_large_image\" \/>\n<meta name=\"twitter:label1\" content=\"\u00c9crit par\" \/>\n\t<meta name=\"twitter:data1\" content=\"Mathieu\" \/>\n\t<meta name=\"twitter:label2\" content=\"Dur\u00e9e de lecture estim\u00e9e\" \/>\n\t<meta name=\"twitter:data2\" content=\"1 minute\" \/>\n<script type=\"application\/ld+json\" class=\"yoast-schema-graph\">{\"@context\":\"https:\\\/\\\/schema.org\",\"@graph\":[{\"@type\":\"Article\",\"@id\":\"https:\\\/\\\/www.altercampagne.net\\\/?p=3605#article\",\"isPartOf\":{\"@id\":\"https:\\\/\\\/www.altercampagne.net\\\/?p=3605\"},\"author\":{\"name\":\"Mathieu\",\"@id\":\"https:\\\/\\\/www.altercampagne.net\\\/#\\\/schema\\\/person\\\/0f261460c09e430caa0f9bcffa319109\"},\"headline\":\"2 dates \u00e0 r\u00e9server\",\"datePublished\":\"2012-11-14T16:35:56+00:00\",\"dateModified\":\"2020-02-24T17:02:33+00:00\",\"mainEntityOfPage\":{\"@id\":\"https:\\\/\\\/www.altercampagne.net\\\/?p=3605\"},\"wordCount\":180,\"keywords\":[\"AG\",\"AlterTour 2013\",\"maison du v\u00e9lo\"],\"articleSection\":[\"WE de pr\u00e9paration\"],\"inLanguage\":\"fr-FR\"},{\"@type\":\"WebPage\",\"@id\":\"https:\\\/\\\/www.altercampagne.net\\\/?p=3605\",\"url\":\"https:\\\/\\\/www.altercampagne.net\\\/?p=3605\",\"name\":\"2 dates \u00e0 r\u00e9server - AlterTour\",\"isPartOf\":{\"@id\":\"https:\\\/\\\/www.altercampagne.net\\\/#website\"},\"datePublished\":\"2012-11-14T16:35:56+00:00\",\"dateModified\":\"2020-02-24T17:02:33+00:00\",\"author\":{\"@id\":\"https:\\\/\\\/www.altercampagne.net\\\/#\\\/schema\\\/person\\\/0f261460c09e430caa0f9bcffa319109\"},\"breadcrumb\":{\"@id\":\"https:\\\/\\\/www.altercampagne.net\\\/?p=3605#breadcrumb\"},\"inLanguage\":\"fr-FR\",\"potentialAction\":[{\"@type\":\"ReadAction\",\"target\":[\"https:\\\/\\\/www.altercampagne.net\\\/?p=3605\"]}]},{\"@type\":\"BreadcrumbList\",\"@id\":\"https:\\\/\\\/www.altercampagne.net\\\/?p=3605#breadcrumb\",\"itemListElement\":[{\"@type\":\"ListItem\",\"position\":1,\"name\":\"Accueil\",\"item\":\"https:\\\/\\\/www.altercampagne.net\\\/\"},{\"@type\":\"ListItem\",\"position\":2,\"name\":\"2 dates \u00e0 r\u00e9server\"}]},{\"@type\":\"WebSite\",\"@id\":\"https:\\\/\\\/www.altercampagne.net\\\/#website\",\"url\":\"https:\\\/\\\/www.altercampagne.net\\\/\",\"name\":\"AlterTour\",\"description\":\"Reliez les Alternatives \u00e0 v\u00e9lo\",\"potentialAction\":[{\"@type\":\"SearchAction\",\"target\":{\"@type\":\"EntryPoint\",\"urlTemplate\":\"https:\\\/\\\/www.altercampagne.net\\\/?s={search_term_string}\"},\"query-input\":{\"@type\":\"PropertyValueSpecification\",\"valueRequired\":true,\"valueName\":\"search_term_string\"}}],\"inLanguage\":\"fr-FR\"},{\"@type\":\"Person\",\"@id\":\"https:\\\/\\\/www.altercampagne.net\\\/#\\\/schema\\\/person\\\/0f261460c09e430caa0f9bcffa319109\",\"name\":\"Mathieu\",\"image\":{\"@type\":\"ImageObject\",\"inLanguage\":\"fr-FR\",\"@id\":\"https:\\\/\\\/secure.gravatar.com\\\/avatar\\\/aa9d3d24c83f2141e5e2709d0f63d09a99f6be6bb7a50abc4915838d9f54501a?s=96&d=mm&r=g\",\"url\":\"https:\\\/\\\/secure.gravatar.com\\\/avatar\\\/aa9d3d24c83f2141e5e2709d0f63d09a99f6be6bb7a50abc4915838d9f54501a?s=96&d=mm&r=g\",\"contentUrl\":\"https:\\\/\\\/secure.gravatar.com\\\/avatar\\\/aa9d3d24c83f2141e5e2709d0f63d09a99f6be6bb7a50abc4915838d9f54501a?s=96&d=mm&r=g\",\"caption\":\"Mathieu\"},\"url\":\"https:\\\/\\\/www.altercampagne.net\\\/?author=214\"}]}<\/script>\n<!-- \/ Yoast SEO plugin. -->","yoast_head_json":{"title":"2 dates \u00e0 r\u00e9server - AlterTour","robots":{"index":"index","follow":"follow","max-snippet":"max-snippet:-1","max-image-preview":"max-image-preview:large","max-video-preview":"max-video-preview:-1"},"canonical":"https:\/\/www.altercampagne.net\/?p=3605","og_locale":"fr_FR","og_type":"article","og_title":"2 dates \u00e0 r\u00e9server - AlterTour","og_description":"Chers Altercyclistes, voici 2 dates \u00e0 r\u00e9server pour nous retrouver et pr\u00e9parer la suite&nbsp;de&nbsp;nos aventures &#8230; La 3\u00e8me r\u00e9union pl\u00e9ni\u00e8re et l&rsquo;assembl\u00e9e g\u00e9n\u00e9rale&nbsp;2012&nbsp;de&nbsp;l&rsquo;association &nbsp;auront lieu \u00e0 la&nbsp;maison&nbsp;du v\u00e9lo \u00e0 Paris les 15 et 16 d\u00e9cembre &nbsp;La pl\u00e9ni\u00e8re aura lieu le samedi de 9h \u00e0 12h et le dimanche de 9h ... Read More","og_url":"https:\/\/www.altercampagne.net\/?p=3605","og_site_name":"AlterTour","article_published_time":"2012-11-14T16:35:56+00:00","article_modified_time":"2020-02-24T17:02:33+00:00","author":"Mathieu","twitter_card":"summary_large_image","twitter_misc":{"\u00c9crit par":"Mathieu","Dur\u00e9e de lecture estim\u00e9e":"1 minute"},"schema":{"@context":"https:\/\/schema.org","@graph":[{"@type":"Article","@id":"https:\/\/www.altercampagne.net\/?p=3605#article","isPartOf":{"@id":"https:\/\/www.altercampagne.net\/?p=3605"},"author":{"name":"Mathieu","@id":"https:\/\/www.altercampagne.net\/#\/schema\/person\/0f261460c09e430caa0f9bcffa319109"},"headline":"2 dates \u00e0 r\u00e9server","datePublished":"2012-11-14T16:35:56+00:00","dateModified":"2020-02-24T17:02:33+00:00","mainEntityOfPage":{"@id":"https:\/\/www.altercampagne.net\/?p=3605"},"wordCount":180,"keywords":["AG","AlterTour 2013","maison du v\u00e9lo"],"articleSection":["WE de pr\u00e9paration"],"inLanguage":"fr-FR"},{"@type":"WebPage","@id":"https:\/\/www.altercampagne.net\/?p=3605","url":"https:\/\/www.altercampagne.net\/?p=3605","name":"2 dates \u00e0 r\u00e9server - AlterTour","isPartOf":{"@id":"https:\/\/www.altercampagne.net\/#website"},"datePublished":"2012-11-14T16:35:56+00:00","dateModified":"2020-02-24T17:02:33+00:00","author":{"@id":"https:\/\/www.altercampagne.net\/#\/schema\/person\/0f261460c09e430caa0f9bcffa319109"},"breadcrumb":{"@id":"https:\/\/www.altercampagne.net\/?p=3605#breadcrumb"},"inLanguage":"fr-FR","potentialAction":[{"@type":"ReadAction","target":["https:\/\/www.altercampagne.net\/?p=3605"]}]},{"@type":"BreadcrumbList","@id":"https:\/\/www.altercampagne.net\/?p=3605#breadcrumb","itemListElement":[{"@type":"ListItem","position":1,"name":"Accueil","item":"https:\/\/www.altercampagne.net\/"},{"@type":"ListItem","position":2,"name":"2 dates \u00e0 r\u00e9server"}]},{"@type":"WebSite","@id":"https:\/\/www.altercampagne.net\/#website","url":"https:\/\/www.altercampagne.net\/","name":"AlterTour","description":"Reliez les Alternatives \u00e0 v\u00e9lo","potentialAction":[{"@type":"SearchAction","target":{"@type":"EntryPoint","urlTemplate":"https:\/\/www.altercampagne.net\/?s={search_term_string}"},"query-input":{"@type":"PropertyValueSpecification","valueRequired":true,"valueName":"search_term_string"}}],"inLanguage":"fr-FR"},{"@type":"Person","@id":"https:\/\/www.altercampagne.net\/#\/schema\/person\/0f261460c09e430caa0f9bcffa319109","name":"Mathieu","image":{"@type":"ImageObject","inLanguage":"fr-FR","@id":"https:\/\/secure.gravatar.com\/avatar\/aa9d3d24c83f2141e5e2709d0f63d09a99f6be6bb7a50abc4915838d9f54501a?s=96&d=mm&r=g","url":"https:\/\/secure.gravatar.com\/avatar\/aa9d3d24c83f2141e5e2709d0f63d09a99f6be6bb7a50abc4915838d9f54501a?s=96&d=mm&r=g","contentUrl":"https:\/\/secure.gravatar.com\/avatar\/aa9d3d24c83f2141e5e2709d0f63d09a99f6be6bb7a50abc4915838d9f54501a?s=96&d=mm&r=g","caption":"Mathieu"},"url":"https:\/\/www.altercampagne.net\/?author=214"}]}},"_links":{"self":[{"href":"https:\/\/www.altercampagne.net\/index.php?rest_route=\/wp\/v2\/posts\/3605","targetHints":{"allow":["GET"]}}],"collection":[{"href":"https:\/\/www.altercampagne.net\/index.php?rest_route=\/wp\/v2\/posts"}],"about":[{"href":"https:\/\/www.altercampagne.net\/index.php?rest_route=\/wp\/v2\/types\/post"}],"author":[{"embeddable":true,"href":"https:\/\/www.altercampagne.net\/index.php?rest_route=\/wp\/v2\/users\/214"}],"replies":[{"embeddable":true,"href":"https:\/\/www.altercampagne.net\/index.php?rest_route=%2Fwp%2Fv2%2Fcomments&post=3605"}],"version-history":[{"count":1,"href":"https:\/\/www.altercampagne.net\/index.php?rest_route=\/wp\/v2\/posts\/3605\/revisions"}],"predecessor-version":[{"id":17507,"href":"https:\/\/www.altercampagne.net\/index.php?rest_route=\/wp\/v2\/posts\/3605\/revisions\/17507"}],"wp:attachment":[{"href":"https:\/\/www.altercampagne.net\/index.php?rest_route=%2Fwp%2Fv2%2Fmedia&parent=3605"}],"wp:term":[{"taxonomy":"category","embeddable":true,"href":"https:\/\/www.altercampagne.net\/index.php?rest_route=%2Fwp%2Fv2%2Fcategories&post=3605"},{"taxonomy":"post_tag","embeddable":true,"href":"https:\/\/www.altercampagne.net\/index.php?rest_route=%2Fwp%2Fv2%2Ftags&post=3605"}],"curies":[{"name":"wp","href":"https:\/\/api.w.org\/{rel}","templated":true}]}}