{"id":3619,"date":"2012-10-12T17:52:44","date_gmt":"2012-10-12T15:52:44","guid":{"rendered":"http:\/\/www.altercampagne.net\/?p=3619"},"modified":"2020-02-24T16:56:38","modified_gmt":"2020-02-24T15:56:38","slug":"presentation-de-laltertour-a-lecume-du-jour-a-beauvais","status":"publish","type":"post","link":"https:\/\/www.altercampagne.net\/?p=3619","title":{"rendered":"Pr\u00e9sentation de l&rsquo;AlterTour \u00e0 l&rsquo;Ecume du jour \u00e0 Beauvais"},"content":{"rendered":"<p class=\"Style138 Style271\" align=\"justify\">Conso fr\u00e9n\u00e9tique ?<\/p>\n<p class=\"Style138 Style271\" align=\"justify\">Qu\u2019est-ce qui pousse dans une fr\u00e9n\u00e9sie de la consommation ? Est-ce par plaisir ou par n\u00e9cessit\u00e9 ? Une soir\u00e9e conviviale pour en d\u00e9battre simplement<\/p>\n<p class=\"Style138 Style271\" align=\"justify\">Vendredi 12 octobre, \u00e0 18h \u00e0 l&rsquo;<a href=\"http:\/\/www.ecumedujour.org\/\" target=\"_blank\" rel=\"noopener noreferrer\">Ecume du jour<\/a> (\u00e0 Beauvais) vous propose une soir\u00e9e conviviale pour en d\u00e9battre simplement<\/p>\n<p class=\"Style138 Style271\" align=\"justify\">En lien avec l&rsquo;exposition \u00ab\u00a0<a href=\"http:\/\/emile.loreaux.book.picturetank.com\/___\/series\/c439128802ccec363904e66ae9a27176\/a\/LOE_La_caravane_passe.html\" target=\"_blank\" rel=\"noopener noreferrer\">La caravane passe<\/a>\u00a0\u00bb d\u2019Emile Loreaux, Mathieu pr\u00e9sentera l&rsquo;AlterTour et quelques Alternatives rencontr\u00e9 au cours des 5 \u00e9ditions de l&rsquo;AlterTour.<\/p>\n","protected":false},"excerpt":{"rendered":"<p>Conso fr\u00e9n\u00e9tique ? Qu\u2019est-ce qui pousse dans une fr\u00e9n\u00e9sie de la consommation ? Est-ce par plaisir ou par n\u00e9cessit\u00e9 ? Une soir\u00e9e conviviale pour en d\u00e9battre simplement Vendredi 12 octobre, \u00e0 18h \u00e0 l&rsquo;Ecume du jour (\u00e0 Beauvais) vous propose une soir\u00e9e conviviale pour en d\u00e9battre simplement En lien avec &#8230; <\/p>\n<div><a href=\"https:\/\/www.altercampagne.net\/?p=3619\" class=\"more-link\">Read More<\/a><\/div>\n","protected":false},"author":214,"featured_media":0,"comment_status":"closed","ping_status":"closed","sticky":false,"template":"","format":"standard","meta":{"footnotes":""},"categories":[3462],"tags":[53,1135,1136,1137,1138,1139],"class_list":["post-3619","post","type-post","status-publish","format-standard","hentry","category-edition-2013","tag-alternatives","tag-conso-frenetique","tag-ecume-du-jour","tag-beauvais","tag-la-caravane-passe","tag-emile-loreaux","no-post-thumbnail"],"yoast_head":"<!-- This site is optimized with the Yoast SEO plugin v27.3 - https:\/\/yoast.com\/product\/yoast-seo-wordpress\/ -->\n<title>Pr\u00e9sentation de l&#039;AlterTour \u00e0 l&#039;Ecume du jour \u00e0 Beauvais - AlterTour<\/title>\n<meta name=\"robots\" content=\"index, follow, max-snippet:-1, max-image-preview:large, max-video-preview:-1\" \/>\n<link rel=\"canonical\" href=\"https:\/\/www.altercampagne.net\/?p=3619\" \/>\n<meta property=\"og:locale\" content=\"fr_FR\" \/>\n<meta property=\"og:type\" content=\"article\" \/>\n<meta property=\"og:title\" content=\"Pr\u00e9sentation de l&#039;AlterTour \u00e0 l&#039;Ecume du jour \u00e0 Beauvais - AlterTour\" \/>\n<meta property=\"og:description\" content=\"Conso fr\u00e9n\u00e9tique ? Qu\u2019est-ce qui pousse dans une fr\u00e9n\u00e9sie de la consommation ? Est-ce par plaisir ou par n\u00e9cessit\u00e9 ? Une soir\u00e9e conviviale pour en d\u00e9battre simplement Vendredi 12 octobre, \u00e0 18h \u00e0 l&rsquo;Ecume du jour (\u00e0 Beauvais) vous propose une soir\u00e9e conviviale pour en d\u00e9battre simplement En lien avec ... Read More\" \/>\n<meta property=\"og:url\" content=\"https:\/\/www.altercampagne.net\/?p=3619\" \/>\n<meta property=\"og:site_name\" content=\"AlterTour\" \/>\n<meta property=\"article:published_time\" content=\"2012-10-12T15:52:44+00:00\" \/>\n<meta property=\"article:modified_time\" content=\"2020-02-24T15:56:38+00:00\" \/>\n<meta name=\"author\" content=\"Mathieu\" \/>\n<meta name=\"twitter:card\" content=\"summary_large_image\" \/>\n<meta name=\"twitter:label1\" content=\"\u00c9crit par\" \/>\n\t<meta name=\"twitter:data1\" content=\"Mathieu\" \/>\n<script type=\"application\/ld+json\" class=\"yoast-schema-graph\">{\"@context\":\"https:\\\/\\\/schema.org\",\"@graph\":[{\"@type\":\"Article\",\"@id\":\"https:\\\/\\\/www.altercampagne.net\\\/?p=3619#article\",\"isPartOf\":{\"@id\":\"https:\\\/\\\/www.altercampagne.net\\\/?p=3619\"},\"author\":{\"name\":\"Mathieu\",\"@id\":\"https:\\\/\\\/www.altercampagne.net\\\/#\\\/schema\\\/person\\\/0f261460c09e430caa0f9bcffa319109\"},\"headline\":\"Pr\u00e9sentation de l&rsquo;AlterTour \u00e0 l&rsquo;Ecume du jour \u00e0 Beauvais\",\"datePublished\":\"2012-10-12T15:52:44+00:00\",\"dateModified\":\"2020-02-24T15:56:38+00:00\",\"mainEntityOfPage\":{\"@id\":\"https:\\\/\\\/www.altercampagne.net\\\/?p=3619\"},\"wordCount\":88,\"keywords\":[\"Alternatives\",\"conso fr\u00e9n\u00e9tique\",\"\u00e9cume du jour\",\"beauvais\",\"la caravane passe\",\"Emile Loreaux\"],\"articleSection\":[\"\u00c9dition 2013\"],\"inLanguage\":\"fr-FR\"},{\"@type\":\"WebPage\",\"@id\":\"https:\\\/\\\/www.altercampagne.net\\\/?p=3619\",\"url\":\"https:\\\/\\\/www.altercampagne.net\\\/?p=3619\",\"name\":\"Pr\u00e9sentation de l'AlterTour \u00e0 l'Ecume du jour \u00e0 Beauvais - AlterTour\",\"isPartOf\":{\"@id\":\"https:\\\/\\\/www.altercampagne.net\\\/#website\"},\"datePublished\":\"2012-10-12T15:52:44+00:00\",\"dateModified\":\"2020-02-24T15:56:38+00:00\",\"author\":{\"@id\":\"https:\\\/\\\/www.altercampagne.net\\\/#\\\/schema\\\/person\\\/0f261460c09e430caa0f9bcffa319109\"},\"breadcrumb\":{\"@id\":\"https:\\\/\\\/www.altercampagne.net\\\/?p=3619#breadcrumb\"},\"inLanguage\":\"fr-FR\",\"potentialAction\":[{\"@type\":\"ReadAction\",\"target\":[\"https:\\\/\\\/www.altercampagne.net\\\/?p=3619\"]}]},{\"@type\":\"BreadcrumbList\",\"@id\":\"https:\\\/\\\/www.altercampagne.net\\\/?p=3619#breadcrumb\",\"itemListElement\":[{\"@type\":\"ListItem\",\"position\":1,\"name\":\"Accueil\",\"item\":\"https:\\\/\\\/www.altercampagne.net\\\/\"},{\"@type\":\"ListItem\",\"position\":2,\"name\":\"Pr\u00e9sentation de l&rsquo;AlterTour \u00e0 l&rsquo;Ecume du jour \u00e0 Beauvais\"}]},{\"@type\":\"WebSite\",\"@id\":\"https:\\\/\\\/www.altercampagne.net\\\/#website\",\"url\":\"https:\\\/\\\/www.altercampagne.net\\\/\",\"name\":\"AlterTour\",\"description\":\"Reliez les Alternatives \u00e0 v\u00e9lo\",\"potentialAction\":[{\"@type\":\"SearchAction\",\"target\":{\"@type\":\"EntryPoint\",\"urlTemplate\":\"https:\\\/\\\/www.altercampagne.net\\\/?s={search_term_string}\"},\"query-input\":{\"@type\":\"PropertyValueSpecification\",\"valueRequired\":true,\"valueName\":\"search_term_string\"}}],\"inLanguage\":\"fr-FR\"},{\"@type\":\"Person\",\"@id\":\"https:\\\/\\\/www.altercampagne.net\\\/#\\\/schema\\\/person\\\/0f261460c09e430caa0f9bcffa319109\",\"name\":\"Mathieu\",\"image\":{\"@type\":\"ImageObject\",\"inLanguage\":\"fr-FR\",\"@id\":\"https:\\\/\\\/secure.gravatar.com\\\/avatar\\\/aa9d3d24c83f2141e5e2709d0f63d09a99f6be6bb7a50abc4915838d9f54501a?s=96&d=mm&r=g\",\"url\":\"https:\\\/\\\/secure.gravatar.com\\\/avatar\\\/aa9d3d24c83f2141e5e2709d0f63d09a99f6be6bb7a50abc4915838d9f54501a?s=96&d=mm&r=g\",\"contentUrl\":\"https:\\\/\\\/secure.gravatar.com\\\/avatar\\\/aa9d3d24c83f2141e5e2709d0f63d09a99f6be6bb7a50abc4915838d9f54501a?s=96&d=mm&r=g\",\"caption\":\"Mathieu\"},\"url\":\"https:\\\/\\\/www.altercampagne.net\\\/?author=214\"}]}<\/script>\n<!-- \/ Yoast SEO plugin. -->","yoast_head_json":{"title":"Pr\u00e9sentation de l'AlterTour \u00e0 l'Ecume du jour \u00e0 Beauvais - AlterTour","robots":{"index":"index","follow":"follow","max-snippet":"max-snippet:-1","max-image-preview":"max-image-preview:large","max-video-preview":"max-video-preview:-1"},"canonical":"https:\/\/www.altercampagne.net\/?p=3619","og_locale":"fr_FR","og_type":"article","og_title":"Pr\u00e9sentation de l'AlterTour \u00e0 l'Ecume du jour \u00e0 Beauvais - AlterTour","og_description":"Conso fr\u00e9n\u00e9tique ? Qu\u2019est-ce qui pousse dans une fr\u00e9n\u00e9sie de la consommation ? Est-ce par plaisir ou par n\u00e9cessit\u00e9 ? Une soir\u00e9e conviviale pour en d\u00e9battre simplement Vendredi 12 octobre, \u00e0 18h \u00e0 l&rsquo;Ecume du jour (\u00e0 Beauvais) vous propose une soir\u00e9e conviviale pour en d\u00e9battre simplement En lien avec ... Read More","og_url":"https:\/\/www.altercampagne.net\/?p=3619","og_site_name":"AlterTour","article_published_time":"2012-10-12T15:52:44+00:00","article_modified_time":"2020-02-24T15:56:38+00:00","author":"Mathieu","twitter_card":"summary_large_image","twitter_misc":{"\u00c9crit par":"Mathieu"},"schema":{"@context":"https:\/\/schema.org","@graph":[{"@type":"Article","@id":"https:\/\/www.altercampagne.net\/?p=3619#article","isPartOf":{"@id":"https:\/\/www.altercampagne.net\/?p=3619"},"author":{"name":"Mathieu","@id":"https:\/\/www.altercampagne.net\/#\/schema\/person\/0f261460c09e430caa0f9bcffa319109"},"headline":"Pr\u00e9sentation de l&rsquo;AlterTour \u00e0 l&rsquo;Ecume du jour \u00e0 Beauvais","datePublished":"2012-10-12T15:52:44+00:00","dateModified":"2020-02-24T15:56:38+00:00","mainEntityOfPage":{"@id":"https:\/\/www.altercampagne.net\/?p=3619"},"wordCount":88,"keywords":["Alternatives","conso fr\u00e9n\u00e9tique","\u00e9cume du jour","beauvais","la caravane passe","Emile Loreaux"],"articleSection":["\u00c9dition 2013"],"inLanguage":"fr-FR"},{"@type":"WebPage","@id":"https:\/\/www.altercampagne.net\/?p=3619","url":"https:\/\/www.altercampagne.net\/?p=3619","name":"Pr\u00e9sentation de l'AlterTour \u00e0 l'Ecume du jour \u00e0 Beauvais - AlterTour","isPartOf":{"@id":"https:\/\/www.altercampagne.net\/#website"},"datePublished":"2012-10-12T15:52:44+00:00","dateModified":"2020-02-24T15:56:38+00:00","author":{"@id":"https:\/\/www.altercampagne.net\/#\/schema\/person\/0f261460c09e430caa0f9bcffa319109"},"breadcrumb":{"@id":"https:\/\/www.altercampagne.net\/?p=3619#breadcrumb"},"inLanguage":"fr-FR","potentialAction":[{"@type":"ReadAction","target":["https:\/\/www.altercampagne.net\/?p=3619"]}]},{"@type":"BreadcrumbList","@id":"https:\/\/www.altercampagne.net\/?p=3619#breadcrumb","itemListElement":[{"@type":"ListItem","position":1,"name":"Accueil","item":"https:\/\/www.altercampagne.net\/"},{"@type":"ListItem","position":2,"name":"Pr\u00e9sentation de l&rsquo;AlterTour \u00e0 l&rsquo;Ecume du jour \u00e0 Beauvais"}]},{"@type":"WebSite","@id":"https:\/\/www.altercampagne.net\/#website","url":"https:\/\/www.altercampagne.net\/","name":"AlterTour","description":"Reliez les Alternatives \u00e0 v\u00e9lo","potentialAction":[{"@type":"SearchAction","target":{"@type":"EntryPoint","urlTemplate":"https:\/\/www.altercampagne.net\/?s={search_term_string}"},"query-input":{"@type":"PropertyValueSpecification","valueRequired":true,"valueName":"search_term_string"}}],"inLanguage":"fr-FR"},{"@type":"Person","@id":"https:\/\/www.altercampagne.net\/#\/schema\/person\/0f261460c09e430caa0f9bcffa319109","name":"Mathieu","image":{"@type":"ImageObject","inLanguage":"fr-FR","@id":"https:\/\/secure.gravatar.com\/avatar\/aa9d3d24c83f2141e5e2709d0f63d09a99f6be6bb7a50abc4915838d9f54501a?s=96&d=mm&r=g","url":"https:\/\/secure.gravatar.com\/avatar\/aa9d3d24c83f2141e5e2709d0f63d09a99f6be6bb7a50abc4915838d9f54501a?s=96&d=mm&r=g","contentUrl":"https:\/\/secure.gravatar.com\/avatar\/aa9d3d24c83f2141e5e2709d0f63d09a99f6be6bb7a50abc4915838d9f54501a?s=96&d=mm&r=g","caption":"Mathieu"},"url":"https:\/\/www.altercampagne.net\/?author=214"}]}},"_links":{"self":[{"href":"https:\/\/www.altercampagne.net\/index.php?rest_route=\/wp\/v2\/posts\/3619","targetHints":{"allow":["GET"]}}],"collection":[{"href":"https:\/\/www.altercampagne.net\/index.php?rest_route=\/wp\/v2\/posts"}],"about":[{"href":"https:\/\/www.altercampagne.net\/index.php?rest_route=\/wp\/v2\/types\/post"}],"author":[{"embeddable":true,"href":"https:\/\/www.altercampagne.net\/index.php?rest_route=\/wp\/v2\/users\/214"}],"replies":[{"embeddable":true,"href":"https:\/\/www.altercampagne.net\/index.php?rest_route=%2Fwp%2Fv2%2Fcomments&post=3619"}],"version-history":[{"count":1,"href":"https:\/\/www.altercampagne.net\/index.php?rest_route=\/wp\/v2\/posts\/3619\/revisions"}],"predecessor-version":[{"id":17405,"href":"https:\/\/www.altercampagne.net\/index.php?rest_route=\/wp\/v2\/posts\/3619\/revisions\/17405"}],"wp:attachment":[{"href":"https:\/\/www.altercampagne.net\/index.php?rest_route=%2Fwp%2Fv2%2Fmedia&parent=3619"}],"wp:term":[{"taxonomy":"category","embeddable":true,"href":"https:\/\/www.altercampagne.net\/index.php?rest_route=%2Fwp%2Fv2%2Fcategories&post=3619"},{"taxonomy":"post_tag","embeddable":true,"href":"https:\/\/www.altercampagne.net\/index.php?rest_route=%2Fwp%2Fv2%2Ftags&post=3619"}],"curies":[{"name":"wp","href":"https:\/\/api.w.org\/{rel}","templated":true}]}}