{"id":3625,"date":"2012-10-05T17:57:37","date_gmt":"2012-10-05T15:57:37","guid":{"rendered":"http:\/\/www.altercampagne.net\/?p=3625"},"modified":"2020-02-24T16:57:01","modified_gmt":"2020-02-24T15:57:01","slug":"1ere-reunion-de-preparation-de-laltertour-2013","status":"publish","type":"post","link":"https:\/\/www.altercampagne.net\/?p=3625","title":{"rendered":"1\u00e8re r\u00e9union de pr\u00e9paration de l&rsquo;AlterTour 2013 !"},"content":{"rendered":"<div style=\"width: 245px\" class=\"wp-caption alignright\"><img loading=\"lazy\" decoding=\"async\" class=\"\" src=\"http:\/\/altercampagne.free.fr\/pages\/2008\/AlterTour\/pic\/AT2012-Claire.jpg\" alt=\"\" width=\"235\" height=\"512\"><p class=\"wp-caption-text\">Claire avec son casque bio-future ou punk des champs, sur l&rsquo;AlterTour 2012<\/p><\/div>\n<p class=\"Style138 Style271\" align=\"justify\">Les 13 et 14 octobre prochain, Claire Bretou accueille la 1\u00e8re r\u00e9union de pr\u00e9paration de l&rsquo;AlterTour 2013, chez elle, \u00e0 Villejuif.<\/p>\n<p class=\"Style138 Style271\" align=\"justify\">Ce temps d&rsquo;\u00e9change et de formation est ouvert \u00e0 toutes et \u00e0 tous : curieux, adh\u00e9rents, sympathisants&#8230;<\/p>\n<p class=\"Style138 Style271\" align=\"justify\">Nous d\u00e9buterons samedi matin \u00e0 9h par un cercle de parole dans lequel nous \u00e9voquerons le bilan de Bedous, les envies de chacun vis-\u00e0-vis de l&rsquo;AlterTour 2013.<\/p>\n<p class=\"Style138 Style271\" align=\"justify\">De 10h \u00e0 12h nous mettrons en place une formation sur les fondamentaux : qu&rsquo;est-ce que l&rsquo;AlterTour? Quels sont les outils de communication interne ? Comment les utiliser ? Comment pr\u00e9parer une \u00e9tape ? Comment constituer l&rsquo;inventaire des Alternatives ? A l&rsquo;issue de ce temps de formation nous d\u00e9finirons collectivement une m\u00e9thode de travail pour la pr\u00e9paration de l&rsquo;AlterTour 2013.<\/p>\n<p class=\"Style138 Style271\" align=\"justify\">De 12h \u00e0 14h nous partagerons un repas \u00ab\u00a0auberge espagnole\u00a0\u00bb (chacun emm\u00e8ne de quoi manger et on partage !)<\/p>\n<p class=\"Style138 Style271\" align=\"justify\">A partir de 14h nous nous pencherons sur le parcours 2013 : quelles Alternatives visit\u00e9es ? Avec quelles manifestations amies ? Quels d\u00e9partements travers\u00e9s ? Quel kilom\u00e9trage journalier ?<\/p>\n<p class=\"Style138 Style271\" align=\"justify\">Apr\u00e8s 18h nous retrouverons nos ami-E-S du <a href=\"http:\/\/www.partipourladecroissance.net\/?cat=3\" target=\"_blank\" rel=\"noopener noreferrer\">Parti Pour La D\u00e9croissance<\/a> pour soir\u00e9e une festive et un repas partag\u00e9.<\/p>\n<p class=\"Style138 Style271\" align=\"justify\">Dimanche matin nous reprendrons \u00e0 9h pour parler du partenariat avec la <a href=\"http:\/\/www.revuesilence.net\/\" target=\"_blank\" rel=\"noopener noreferrer\">Revue S!lence<\/a> et nous pr\u00e9parerons l&rsquo;AG.<\/p>\n<p class=\"Style138 Style271\" align=\"justify\">Apr\u00e8s notre dernier repas partag\u00e9 du dimanche midi nous parlerons des v\u00e9hicules et du Mini-AlterTour en Franche-Comt\u00e9 avec la <a href=\"http:\/\/www.mfr-morreformation.com\/\" target=\"_blank\" rel=\"noopener noreferrer\">MFR de Morre<\/a><\/p>\n","protected":false},"excerpt":{"rendered":"<p>Les 13 et 14 octobre prochain, Claire Bretou accueille la 1\u00e8re r\u00e9union de pr\u00e9paration de l&rsquo;AlterTour 2013, chez elle, \u00e0 Villejuif. Ce temps d&rsquo;\u00e9change et de formation est ouvert \u00e0 toutes et \u00e0 tous : curieux, adh\u00e9rents, sympathisants&#8230; Nous d\u00e9buterons samedi matin \u00e0 9h par un cercle de parole dans &#8230; <\/p>\n<div><a href=\"https:\/\/www.altercampagne.net\/?p=3625\" class=\"more-link\">Read More<\/a><\/div>\n","protected":false},"author":214,"featured_media":0,"comment_status":"closed","ping_status":"closed","sticky":false,"template":"","format":"standard","meta":{"footnotes":""},"categories":[3539],"tags":[13,53,482,596,694,878,1141,1142,1143,1144],"class_list":["post-3625","post","type-post","status-publish","format-standard","hentry","category-we-de-preparation","tag-revue-silence","tag-alternatives","tag-mini-altertour","tag-mfr-de-morre","tag-altertour-2013","tag-parti-pour-la-decroissance","tag-claire-bretou","tag-auberge-espagnole","tag-punk-des-champs","tag-bio-future","no-post-thumbnail"],"yoast_head":"<!-- This site is optimized with the Yoast SEO plugin v27.3 - https:\/\/yoast.com\/product\/yoast-seo-wordpress\/ -->\n<title>1\u00e8re r\u00e9union de pr\u00e9paration de l&#039;AlterTour 2013 ! - AlterTour<\/title>\n<meta name=\"robots\" content=\"index, follow, max-snippet:-1, max-image-preview:large, max-video-preview:-1\" \/>\n<link rel=\"canonical\" href=\"https:\/\/www.altercampagne.net\/?p=3625\" \/>\n<meta property=\"og:locale\" content=\"fr_FR\" \/>\n<meta property=\"og:type\" content=\"article\" \/>\n<meta property=\"og:title\" content=\"1\u00e8re r\u00e9union de pr\u00e9paration de l&#039;AlterTour 2013 ! - AlterTour\" \/>\n<meta property=\"og:description\" content=\"Les 13 et 14 octobre prochain, Claire Bretou accueille la 1\u00e8re r\u00e9union de pr\u00e9paration de l&rsquo;AlterTour 2013, chez elle, \u00e0 Villejuif. Ce temps d&rsquo;\u00e9change et de formation est ouvert \u00e0 toutes et \u00e0 tous : curieux, adh\u00e9rents, sympathisants&#8230; Nous d\u00e9buterons samedi matin \u00e0 9h par un cercle de parole dans ... Read More\" \/>\n<meta property=\"og:url\" content=\"https:\/\/www.altercampagne.net\/?p=3625\" \/>\n<meta property=\"og:site_name\" content=\"AlterTour\" \/>\n<meta property=\"article:published_time\" content=\"2012-10-05T15:57:37+00:00\" \/>\n<meta property=\"article:modified_time\" content=\"2020-02-24T15:57:01+00:00\" \/>\n<meta property=\"og:image\" content=\"http:\/\/altercampagne.free.fr\/pages\/2008\/AlterTour\/pic\/AT2012-Claire.jpg\" \/>\n<meta name=\"author\" content=\"Mathieu\" \/>\n<meta name=\"twitter:card\" content=\"summary_large_image\" \/>\n<meta name=\"twitter:label1\" content=\"\u00c9crit par\" \/>\n\t<meta name=\"twitter:data1\" content=\"Mathieu\" \/>\n\t<meta name=\"twitter:label2\" content=\"Dur\u00e9e de lecture estim\u00e9e\" \/>\n\t<meta name=\"twitter:data2\" content=\"1 minute\" \/>\n<script type=\"application\/ld+json\" class=\"yoast-schema-graph\">{\"@context\":\"https:\\\/\\\/schema.org\",\"@graph\":[{\"@type\":\"Article\",\"@id\":\"https:\\\/\\\/www.altercampagne.net\\\/?p=3625#article\",\"isPartOf\":{\"@id\":\"https:\\\/\\\/www.altercampagne.net\\\/?p=3625\"},\"author\":{\"name\":\"Mathieu\",\"@id\":\"https:\\\/\\\/www.altercampagne.net\\\/#\\\/schema\\\/person\\\/0f261460c09e430caa0f9bcffa319109\"},\"headline\":\"1\u00e8re r\u00e9union de pr\u00e9paration de l&rsquo;AlterTour 2013 !\",\"datePublished\":\"2012-10-05T15:57:37+00:00\",\"dateModified\":\"2020-02-24T15:57:01+00:00\",\"mainEntityOfPage\":{\"@id\":\"https:\\\/\\\/www.altercampagne.net\\\/?p=3625\"},\"wordCount\":264,\"image\":{\"@id\":\"https:\\\/\\\/www.altercampagne.net\\\/?p=3625#primaryimage\"},\"thumbnailUrl\":\"http:\\\/\\\/altercampagne.free.fr\\\/pages\\\/2008\\\/AlterTour\\\/pic\\\/AT2012-Claire.jpg\",\"keywords\":[\"revue Silence\",\"Alternatives\",\"Mini-AlterTour\",\"MFR de Morre\",\"AlterTour 2013\",\"parti pour la d\u00e9croissance\",\"Claire Bretou\",\"auberge espagnole\",\"punk des champs\",\"bio-future\"],\"articleSection\":[\"WE de pr\u00e9paration\"],\"inLanguage\":\"fr-FR\"},{\"@type\":\"WebPage\",\"@id\":\"https:\\\/\\\/www.altercampagne.net\\\/?p=3625\",\"url\":\"https:\\\/\\\/www.altercampagne.net\\\/?p=3625\",\"name\":\"1\u00e8re r\u00e9union de pr\u00e9paration de l'AlterTour 2013 ! - AlterTour\",\"isPartOf\":{\"@id\":\"https:\\\/\\\/www.altercampagne.net\\\/#website\"},\"primaryImageOfPage\":{\"@id\":\"https:\\\/\\\/www.altercampagne.net\\\/?p=3625#primaryimage\"},\"image\":{\"@id\":\"https:\\\/\\\/www.altercampagne.net\\\/?p=3625#primaryimage\"},\"thumbnailUrl\":\"http:\\\/\\\/altercampagne.free.fr\\\/pages\\\/2008\\\/AlterTour\\\/pic\\\/AT2012-Claire.jpg\",\"datePublished\":\"2012-10-05T15:57:37+00:00\",\"dateModified\":\"2020-02-24T15:57:01+00:00\",\"author\":{\"@id\":\"https:\\\/\\\/www.altercampagne.net\\\/#\\\/schema\\\/person\\\/0f261460c09e430caa0f9bcffa319109\"},\"breadcrumb\":{\"@id\":\"https:\\\/\\\/www.altercampagne.net\\\/?p=3625#breadcrumb\"},\"inLanguage\":\"fr-FR\",\"potentialAction\":[{\"@type\":\"ReadAction\",\"target\":[\"https:\\\/\\\/www.altercampagne.net\\\/?p=3625\"]}]},{\"@type\":\"ImageObject\",\"inLanguage\":\"fr-FR\",\"@id\":\"https:\\\/\\\/www.altercampagne.net\\\/?p=3625#primaryimage\",\"url\":\"http:\\\/\\\/altercampagne.free.fr\\\/pages\\\/2008\\\/AlterTour\\\/pic\\\/AT2012-Claire.jpg\",\"contentUrl\":\"http:\\\/\\\/altercampagne.free.fr\\\/pages\\\/2008\\\/AlterTour\\\/pic\\\/AT2012-Claire.jpg\"},{\"@type\":\"BreadcrumbList\",\"@id\":\"https:\\\/\\\/www.altercampagne.net\\\/?p=3625#breadcrumb\",\"itemListElement\":[{\"@type\":\"ListItem\",\"position\":1,\"name\":\"Accueil\",\"item\":\"https:\\\/\\\/www.altercampagne.net\\\/\"},{\"@type\":\"ListItem\",\"position\":2,\"name\":\"1\u00e8re r\u00e9union de pr\u00e9paration de l&rsquo;AlterTour 2013 !\"}]},{\"@type\":\"WebSite\",\"@id\":\"https:\\\/\\\/www.altercampagne.net\\\/#website\",\"url\":\"https:\\\/\\\/www.altercampagne.net\\\/\",\"name\":\"AlterTour\",\"description\":\"Reliez les Alternatives \u00e0 v\u00e9lo\",\"potentialAction\":[{\"@type\":\"SearchAction\",\"target\":{\"@type\":\"EntryPoint\",\"urlTemplate\":\"https:\\\/\\\/www.altercampagne.net\\\/?s={search_term_string}\"},\"query-input\":{\"@type\":\"PropertyValueSpecification\",\"valueRequired\":true,\"valueName\":\"search_term_string\"}}],\"inLanguage\":\"fr-FR\"},{\"@type\":\"Person\",\"@id\":\"https:\\\/\\\/www.altercampagne.net\\\/#\\\/schema\\\/person\\\/0f261460c09e430caa0f9bcffa319109\",\"name\":\"Mathieu\",\"image\":{\"@type\":\"ImageObject\",\"inLanguage\":\"fr-FR\",\"@id\":\"https:\\\/\\\/secure.gravatar.com\\\/avatar\\\/aa9d3d24c83f2141e5e2709d0f63d09a99f6be6bb7a50abc4915838d9f54501a?s=96&d=mm&r=g\",\"url\":\"https:\\\/\\\/secure.gravatar.com\\\/avatar\\\/aa9d3d24c83f2141e5e2709d0f63d09a99f6be6bb7a50abc4915838d9f54501a?s=96&d=mm&r=g\",\"contentUrl\":\"https:\\\/\\\/secure.gravatar.com\\\/avatar\\\/aa9d3d24c83f2141e5e2709d0f63d09a99f6be6bb7a50abc4915838d9f54501a?s=96&d=mm&r=g\",\"caption\":\"Mathieu\"},\"url\":\"https:\\\/\\\/www.altercampagne.net\\\/?author=214\"}]}<\/script>\n<!-- \/ Yoast SEO plugin. -->","yoast_head_json":{"title":"1\u00e8re r\u00e9union de pr\u00e9paration de l'AlterTour 2013 ! - AlterTour","robots":{"index":"index","follow":"follow","max-snippet":"max-snippet:-1","max-image-preview":"max-image-preview:large","max-video-preview":"max-video-preview:-1"},"canonical":"https:\/\/www.altercampagne.net\/?p=3625","og_locale":"fr_FR","og_type":"article","og_title":"1\u00e8re r\u00e9union de pr\u00e9paration de l'AlterTour 2013 ! - AlterTour","og_description":"Les 13 et 14 octobre prochain, Claire Bretou accueille la 1\u00e8re r\u00e9union de pr\u00e9paration de l&rsquo;AlterTour 2013, chez elle, \u00e0 Villejuif. Ce temps d&rsquo;\u00e9change et de formation est ouvert \u00e0 toutes et \u00e0 tous : curieux, adh\u00e9rents, sympathisants&#8230; Nous d\u00e9buterons samedi matin \u00e0 9h par un cercle de parole dans ... Read More","og_url":"https:\/\/www.altercampagne.net\/?p=3625","og_site_name":"AlterTour","article_published_time":"2012-10-05T15:57:37+00:00","article_modified_time":"2020-02-24T15:57:01+00:00","og_image":[{"url":"http:\/\/altercampagne.free.fr\/pages\/2008\/AlterTour\/pic\/AT2012-Claire.jpg","type":"","width":"","height":""}],"author":"Mathieu","twitter_card":"summary_large_image","twitter_misc":{"\u00c9crit par":"Mathieu","Dur\u00e9e de lecture estim\u00e9e":"1 minute"},"schema":{"@context":"https:\/\/schema.org","@graph":[{"@type":"Article","@id":"https:\/\/www.altercampagne.net\/?p=3625#article","isPartOf":{"@id":"https:\/\/www.altercampagne.net\/?p=3625"},"author":{"name":"Mathieu","@id":"https:\/\/www.altercampagne.net\/#\/schema\/person\/0f261460c09e430caa0f9bcffa319109"},"headline":"1\u00e8re r\u00e9union de pr\u00e9paration de l&rsquo;AlterTour 2013 !","datePublished":"2012-10-05T15:57:37+00:00","dateModified":"2020-02-24T15:57:01+00:00","mainEntityOfPage":{"@id":"https:\/\/www.altercampagne.net\/?p=3625"},"wordCount":264,"image":{"@id":"https:\/\/www.altercampagne.net\/?p=3625#primaryimage"},"thumbnailUrl":"http:\/\/altercampagne.free.fr\/pages\/2008\/AlterTour\/pic\/AT2012-Claire.jpg","keywords":["revue Silence","Alternatives","Mini-AlterTour","MFR de Morre","AlterTour 2013","parti pour la d\u00e9croissance","Claire Bretou","auberge espagnole","punk des champs","bio-future"],"articleSection":["WE de pr\u00e9paration"],"inLanguage":"fr-FR"},{"@type":"WebPage","@id":"https:\/\/www.altercampagne.net\/?p=3625","url":"https:\/\/www.altercampagne.net\/?p=3625","name":"1\u00e8re r\u00e9union de pr\u00e9paration de l'AlterTour 2013 ! - AlterTour","isPartOf":{"@id":"https:\/\/www.altercampagne.net\/#website"},"primaryImageOfPage":{"@id":"https:\/\/www.altercampagne.net\/?p=3625#primaryimage"},"image":{"@id":"https:\/\/www.altercampagne.net\/?p=3625#primaryimage"},"thumbnailUrl":"http:\/\/altercampagne.free.fr\/pages\/2008\/AlterTour\/pic\/AT2012-Claire.jpg","datePublished":"2012-10-05T15:57:37+00:00","dateModified":"2020-02-24T15:57:01+00:00","author":{"@id":"https:\/\/www.altercampagne.net\/#\/schema\/person\/0f261460c09e430caa0f9bcffa319109"},"breadcrumb":{"@id":"https:\/\/www.altercampagne.net\/?p=3625#breadcrumb"},"inLanguage":"fr-FR","potentialAction":[{"@type":"ReadAction","target":["https:\/\/www.altercampagne.net\/?p=3625"]}]},{"@type":"ImageObject","inLanguage":"fr-FR","@id":"https:\/\/www.altercampagne.net\/?p=3625#primaryimage","url":"http:\/\/altercampagne.free.fr\/pages\/2008\/AlterTour\/pic\/AT2012-Claire.jpg","contentUrl":"http:\/\/altercampagne.free.fr\/pages\/2008\/AlterTour\/pic\/AT2012-Claire.jpg"},{"@type":"BreadcrumbList","@id":"https:\/\/www.altercampagne.net\/?p=3625#breadcrumb","itemListElement":[{"@type":"ListItem","position":1,"name":"Accueil","item":"https:\/\/www.altercampagne.net\/"},{"@type":"ListItem","position":2,"name":"1\u00e8re r\u00e9union de pr\u00e9paration de l&rsquo;AlterTour 2013 !"}]},{"@type":"WebSite","@id":"https:\/\/www.altercampagne.net\/#website","url":"https:\/\/www.altercampagne.net\/","name":"AlterTour","description":"Reliez les Alternatives \u00e0 v\u00e9lo","potentialAction":[{"@type":"SearchAction","target":{"@type":"EntryPoint","urlTemplate":"https:\/\/www.altercampagne.net\/?s={search_term_string}"},"query-input":{"@type":"PropertyValueSpecification","valueRequired":true,"valueName":"search_term_string"}}],"inLanguage":"fr-FR"},{"@type":"Person","@id":"https:\/\/www.altercampagne.net\/#\/schema\/person\/0f261460c09e430caa0f9bcffa319109","name":"Mathieu","image":{"@type":"ImageObject","inLanguage":"fr-FR","@id":"https:\/\/secure.gravatar.com\/avatar\/aa9d3d24c83f2141e5e2709d0f63d09a99f6be6bb7a50abc4915838d9f54501a?s=96&d=mm&r=g","url":"https:\/\/secure.gravatar.com\/avatar\/aa9d3d24c83f2141e5e2709d0f63d09a99f6be6bb7a50abc4915838d9f54501a?s=96&d=mm&r=g","contentUrl":"https:\/\/secure.gravatar.com\/avatar\/aa9d3d24c83f2141e5e2709d0f63d09a99f6be6bb7a50abc4915838d9f54501a?s=96&d=mm&r=g","caption":"Mathieu"},"url":"https:\/\/www.altercampagne.net\/?author=214"}]}},"_links":{"self":[{"href":"https:\/\/www.altercampagne.net\/index.php?rest_route=\/wp\/v2\/posts\/3625","targetHints":{"allow":["GET"]}}],"collection":[{"href":"https:\/\/www.altercampagne.net\/index.php?rest_route=\/wp\/v2\/posts"}],"about":[{"href":"https:\/\/www.altercampagne.net\/index.php?rest_route=\/wp\/v2\/types\/post"}],"author":[{"embeddable":true,"href":"https:\/\/www.altercampagne.net\/index.php?rest_route=\/wp\/v2\/users\/214"}],"replies":[{"embeddable":true,"href":"https:\/\/www.altercampagne.net\/index.php?rest_route=%2Fwp%2Fv2%2Fcomments&post=3625"}],"version-history":[{"count":1,"href":"https:\/\/www.altercampagne.net\/index.php?rest_route=\/wp\/v2\/posts\/3625\/revisions"}],"predecessor-version":[{"id":17406,"href":"https:\/\/www.altercampagne.net\/index.php?rest_route=\/wp\/v2\/posts\/3625\/revisions\/17406"}],"wp:attachment":[{"href":"https:\/\/www.altercampagne.net\/index.php?rest_route=%2Fwp%2Fv2%2Fmedia&parent=3625"}],"wp:term":[{"taxonomy":"category","embeddable":true,"href":"https:\/\/www.altercampagne.net\/index.php?rest_route=%2Fwp%2Fv2%2Fcategories&post=3625"},{"taxonomy":"post_tag","embeddable":true,"href":"https:\/\/www.altercampagne.net\/index.php?rest_route=%2Fwp%2Fv2%2Ftags&post=3625"}],"curies":[{"name":"wp","href":"https:\/\/api.w.org\/{rel}","templated":true}]}}