{"id":3629,"date":"2012-08-18T18:03:30","date_gmt":"2012-08-18T16:03:30","guid":{"rendered":"http:\/\/www.altercampagne.net\/?p=3629"},"modified":"2019-09-16T15:43:43","modified_gmt":"2019-09-16T13:43:43","slug":"etape-du-18-aout-2012-final-de-laltertour","status":"publish","type":"post","link":"https:\/\/www.altercampagne.net\/?p=3629","title":{"rendered":"Etape du 18 ao\u00fbt 2012 : final de l&rsquo;AlterTour"},"content":{"rendered":"<p class=\"Style138 Style271\" align=\"justify\">Lever \u00e0 6h, au milieu des activit\u00e9s habituelles, au revoir \u00e0 Ainhoa et Tania. Tout le monde semble un peu ralenti et nous partons vers 8h30 apr\u00e8s avoir aussi dit au revoir \u00e0 Philippe. Tr\u00e9s joli parcours qui monte un peu bien sur&#8230; nous nous arr\u00eatons \u00e0 GEY o\u00f9 les plus courageux montent en v\u00e9lo une cote de 3kms \u00e0 15% par moments sans mettre pied \u00e0 terre. Nous visitons la ferme de Jean-Jo qui s&rsquo;installe gr\u00e2ce au GFAM (groupement foncier agricole mutuel) dont on a d\u00e9j\u00e0 parl\u00e9 hier.<\/p>\n<p class=\"Style138 Style271\" align=\"justify\">Nous repartons pour Bedous o\u00f9 nous nous installons autour de la salle des sports en d\u00e9but d&rsquo;apr\u00e8s-midi. Il fait tr\u00e8s chaud, apr\u00e8s le repas sieste g\u00e9n\u00e9rale&#8230; Mais Genevi\u00e8ve veille et r\u00e9veille tout le monde pour notre rendez-vous \u00e0 Bedous \u00e0 18h : nous arrivons \u00e0 moins 4 !!!!<\/p>\n<p class=\"Style138 Style271\">Accueil sous les arcades et pr\u00e9sentation des diff\u00e9rentes associations :<\/p>\n<p class=\"Style138 Style271\">Les Phonies Berg\u00e8res asso culturelle qui organise un festival dans la vall\u00e9e.<\/p>\n<p class=\"Style138 Style271\">Aspe Solidaire qui organise des pr\u00eats pour des activit\u00e9s \u00e9conomiques n&rsquo;ayant pas eu de financement bancaire.<\/p>\n<p class=\"Style138 Style271\">Un syst\u00e8me de parrainage pour des activit\u00e9s agricoles permettant\u00a0 une exp\u00e9rimentation et un suivi par un tuteur.<\/p>\n<p class=\"Style138 Style271\">Le GFAM avec une expo photos.<\/p>\n<p class=\"Style138 Style271\">Puis musique, danse et repas&#8230;..<\/p>\n","protected":false},"excerpt":{"rendered":"<p>Lever \u00e0 6h, au milieu des activit\u00e9s habituelles, au revoir \u00e0 Ainhoa et Tania. Tout le monde semble un peu ralenti et nous partons vers 8h30 apr\u00e8s avoir aussi dit au revoir \u00e0 Philippe. Tr\u00e9s joli parcours qui monte un peu bien sur&#8230; nous nous arr\u00eatons \u00e0 GEY o\u00f9 les &#8230; <\/p>\n<div><a href=\"https:\/\/www.altercampagne.net\/?p=3629\" class=\"more-link\">Read More<\/a><\/div>\n","protected":false},"author":214,"featured_media":15756,"comment_status":"closed","ping_status":"closed","sticky":false,"template":"","format":"standard","meta":{"footnotes":""},"categories":[3483,3479,3463],"tags":[852,1148,1149,1150],"class_list":["post-3629","post","type-post","status-publish","format-standard","has-post-thumbnail","hentry","category-agriculture","category-nouvelle-aquitaine","category-edition-2012","tag-altertour-2012","tag-bedous","tag-gfam","tag-phonies-bergeres"],"yoast_head":"<!-- This site is optimized with the Yoast SEO plugin v27.3 - https:\/\/yoast.com\/product\/yoast-seo-wordpress\/ -->\n<title>Etape du 18 ao\u00fbt 2012 : final de l&#039;AlterTour - AlterTour<\/title>\n<meta name=\"robots\" content=\"index, follow, max-snippet:-1, max-image-preview:large, max-video-preview:-1\" \/>\n<link rel=\"canonical\" href=\"https:\/\/www.altercampagne.net\/?p=3629\" \/>\n<meta property=\"og:locale\" content=\"fr_FR\" \/>\n<meta property=\"og:type\" content=\"article\" \/>\n<meta property=\"og:title\" content=\"Etape du 18 ao\u00fbt 2012 : final de l&#039;AlterTour - AlterTour\" \/>\n<meta property=\"og:description\" content=\"Lever \u00e0 6h, au milieu des activit\u00e9s habituelles, au revoir \u00e0 Ainhoa et Tania. Tout le monde semble un peu ralenti et nous partons vers 8h30 apr\u00e8s avoir aussi dit au revoir \u00e0 Philippe. Tr\u00e9s joli parcours qui monte un peu bien sur&#8230; nous nous arr\u00eatons \u00e0 GEY o\u00f9 les ... Read More\" \/>\n<meta property=\"og:url\" content=\"https:\/\/www.altercampagne.net\/?p=3629\" \/>\n<meta property=\"og:site_name\" content=\"AlterTour\" \/>\n<meta property=\"article:published_time\" content=\"2012-08-18T16:03:30+00:00\" \/>\n<meta property=\"article:modified_time\" content=\"2019-09-16T13:43:43+00:00\" \/>\n<meta property=\"og:image\" content=\"https:\/\/www.altercampagne.net\/wp-content\/uploads\/2012\/08\/2012-08-18_20.16.jpg\" \/>\n\t<meta property=\"og:image:width\" content=\"907\" \/>\n\t<meta property=\"og:image:height\" content=\"474\" \/>\n\t<meta property=\"og:image:type\" content=\"image\/jpeg\" \/>\n<meta name=\"author\" content=\"Mathieu\" \/>\n<meta name=\"twitter:card\" content=\"summary_large_image\" \/>\n<meta name=\"twitter:label1\" content=\"\u00c9crit par\" \/>\n\t<meta name=\"twitter:data1\" content=\"Mathieu\" \/>\n\t<meta name=\"twitter:label2\" content=\"Dur\u00e9e de lecture estim\u00e9e\" \/>\n\t<meta name=\"twitter:data2\" content=\"1 minute\" \/>\n<script type=\"application\/ld+json\" class=\"yoast-schema-graph\">{\"@context\":\"https:\\\/\\\/schema.org\",\"@graph\":[{\"@type\":\"Article\",\"@id\":\"https:\\\/\\\/www.altercampagne.net\\\/?p=3629#article\",\"isPartOf\":{\"@id\":\"https:\\\/\\\/www.altercampagne.net\\\/?p=3629\"},\"author\":{\"name\":\"Mathieu\",\"@id\":\"https:\\\/\\\/www.altercampagne.net\\\/#\\\/schema\\\/person\\\/0f261460c09e430caa0f9bcffa319109\"},\"headline\":\"Etape du 18 ao\u00fbt 2012 : final de l&rsquo;AlterTour\",\"datePublished\":\"2012-08-18T16:03:30+00:00\",\"dateModified\":\"2019-09-16T13:43:43+00:00\",\"mainEntityOfPage\":{\"@id\":\"https:\\\/\\\/www.altercampagne.net\\\/?p=3629\"},\"wordCount\":224,\"image\":{\"@id\":\"https:\\\/\\\/www.altercampagne.net\\\/?p=3629#primaryimage\"},\"thumbnailUrl\":\"https:\\\/\\\/www.altercampagne.net\\\/wp-content\\\/uploads\\\/2012\\\/08\\\/2012-08-18_20.16.jpg\",\"keywords\":[\"AlterTour 2012\",\"Bedous\",\"GFAM\",\"Phonies Berg\u00e8res\"],\"articleSection\":[\"Agriculture\",\"Nouvelle-Aquitaine\",\"\u00c9dition 2012\"],\"inLanguage\":\"fr-FR\"},{\"@type\":\"WebPage\",\"@id\":\"https:\\\/\\\/www.altercampagne.net\\\/?p=3629\",\"url\":\"https:\\\/\\\/www.altercampagne.net\\\/?p=3629\",\"name\":\"Etape du 18 ao\u00fbt 2012 : final de l'AlterTour - AlterTour\",\"isPartOf\":{\"@id\":\"https:\\\/\\\/www.altercampagne.net\\\/#website\"},\"primaryImageOfPage\":{\"@id\":\"https:\\\/\\\/www.altercampagne.net\\\/?p=3629#primaryimage\"},\"image\":{\"@id\":\"https:\\\/\\\/www.altercampagne.net\\\/?p=3629#primaryimage\"},\"thumbnailUrl\":\"https:\\\/\\\/www.altercampagne.net\\\/wp-content\\\/uploads\\\/2012\\\/08\\\/2012-08-18_20.16.jpg\",\"datePublished\":\"2012-08-18T16:03:30+00:00\",\"dateModified\":\"2019-09-16T13:43:43+00:00\",\"author\":{\"@id\":\"https:\\\/\\\/www.altercampagne.net\\\/#\\\/schema\\\/person\\\/0f261460c09e430caa0f9bcffa319109\"},\"breadcrumb\":{\"@id\":\"https:\\\/\\\/www.altercampagne.net\\\/?p=3629#breadcrumb\"},\"inLanguage\":\"fr-FR\",\"potentialAction\":[{\"@type\":\"ReadAction\",\"target\":[\"https:\\\/\\\/www.altercampagne.net\\\/?p=3629\"]}]},{\"@type\":\"ImageObject\",\"inLanguage\":\"fr-FR\",\"@id\":\"https:\\\/\\\/www.altercampagne.net\\\/?p=3629#primaryimage\",\"url\":\"https:\\\/\\\/www.altercampagne.net\\\/wp-content\\\/uploads\\\/2012\\\/08\\\/2012-08-18_20.16.jpg\",\"contentUrl\":\"https:\\\/\\\/www.altercampagne.net\\\/wp-content\\\/uploads\\\/2012\\\/08\\\/2012-08-18_20.16.jpg\",\"width\":907,\"height\":474},{\"@type\":\"BreadcrumbList\",\"@id\":\"https:\\\/\\\/www.altercampagne.net\\\/?p=3629#breadcrumb\",\"itemListElement\":[{\"@type\":\"ListItem\",\"position\":1,\"name\":\"Accueil\",\"item\":\"https:\\\/\\\/www.altercampagne.net\\\/\"},{\"@type\":\"ListItem\",\"position\":2,\"name\":\"Etape du 18 ao\u00fbt 2012 : final de l&rsquo;AlterTour\"}]},{\"@type\":\"WebSite\",\"@id\":\"https:\\\/\\\/www.altercampagne.net\\\/#website\",\"url\":\"https:\\\/\\\/www.altercampagne.net\\\/\",\"name\":\"AlterTour\",\"description\":\"Reliez les Alternatives \u00e0 v\u00e9lo\",\"potentialAction\":[{\"@type\":\"SearchAction\",\"target\":{\"@type\":\"EntryPoint\",\"urlTemplate\":\"https:\\\/\\\/www.altercampagne.net\\\/?s={search_term_string}\"},\"query-input\":{\"@type\":\"PropertyValueSpecification\",\"valueRequired\":true,\"valueName\":\"search_term_string\"}}],\"inLanguage\":\"fr-FR\"},{\"@type\":\"Person\",\"@id\":\"https:\\\/\\\/www.altercampagne.net\\\/#\\\/schema\\\/person\\\/0f261460c09e430caa0f9bcffa319109\",\"name\":\"Mathieu\",\"image\":{\"@type\":\"ImageObject\",\"inLanguage\":\"fr-FR\",\"@id\":\"https:\\\/\\\/secure.gravatar.com\\\/avatar\\\/aa9d3d24c83f2141e5e2709d0f63d09a99f6be6bb7a50abc4915838d9f54501a?s=96&d=mm&r=g\",\"url\":\"https:\\\/\\\/secure.gravatar.com\\\/avatar\\\/aa9d3d24c83f2141e5e2709d0f63d09a99f6be6bb7a50abc4915838d9f54501a?s=96&d=mm&r=g\",\"contentUrl\":\"https:\\\/\\\/secure.gravatar.com\\\/avatar\\\/aa9d3d24c83f2141e5e2709d0f63d09a99f6be6bb7a50abc4915838d9f54501a?s=96&d=mm&r=g\",\"caption\":\"Mathieu\"},\"url\":\"https:\\\/\\\/www.altercampagne.net\\\/?author=214\"}]}<\/script>\n<!-- \/ Yoast SEO plugin. -->","yoast_head_json":{"title":"Etape du 18 ao\u00fbt 2012 : final de l'AlterTour - AlterTour","robots":{"index":"index","follow":"follow","max-snippet":"max-snippet:-1","max-image-preview":"max-image-preview:large","max-video-preview":"max-video-preview:-1"},"canonical":"https:\/\/www.altercampagne.net\/?p=3629","og_locale":"fr_FR","og_type":"article","og_title":"Etape du 18 ao\u00fbt 2012 : final de l'AlterTour - AlterTour","og_description":"Lever \u00e0 6h, au milieu des activit\u00e9s habituelles, au revoir \u00e0 Ainhoa et Tania. Tout le monde semble un peu ralenti et nous partons vers 8h30 apr\u00e8s avoir aussi dit au revoir \u00e0 Philippe. Tr\u00e9s joli parcours qui monte un peu bien sur&#8230; nous nous arr\u00eatons \u00e0 GEY o\u00f9 les ... Read More","og_url":"https:\/\/www.altercampagne.net\/?p=3629","og_site_name":"AlterTour","article_published_time":"2012-08-18T16:03:30+00:00","article_modified_time":"2019-09-16T13:43:43+00:00","og_image":[{"width":907,"height":474,"url":"https:\/\/www.altercampagne.net\/wp-content\/uploads\/2012\/08\/2012-08-18_20.16.jpg","type":"image\/jpeg"}],"author":"Mathieu","twitter_card":"summary_large_image","twitter_misc":{"\u00c9crit par":"Mathieu","Dur\u00e9e de lecture estim\u00e9e":"1 minute"},"schema":{"@context":"https:\/\/schema.org","@graph":[{"@type":"Article","@id":"https:\/\/www.altercampagne.net\/?p=3629#article","isPartOf":{"@id":"https:\/\/www.altercampagne.net\/?p=3629"},"author":{"name":"Mathieu","@id":"https:\/\/www.altercampagne.net\/#\/schema\/person\/0f261460c09e430caa0f9bcffa319109"},"headline":"Etape du 18 ao\u00fbt 2012 : final de l&rsquo;AlterTour","datePublished":"2012-08-18T16:03:30+00:00","dateModified":"2019-09-16T13:43:43+00:00","mainEntityOfPage":{"@id":"https:\/\/www.altercampagne.net\/?p=3629"},"wordCount":224,"image":{"@id":"https:\/\/www.altercampagne.net\/?p=3629#primaryimage"},"thumbnailUrl":"https:\/\/www.altercampagne.net\/wp-content\/uploads\/2012\/08\/2012-08-18_20.16.jpg","keywords":["AlterTour 2012","Bedous","GFAM","Phonies Berg\u00e8res"],"articleSection":["Agriculture","Nouvelle-Aquitaine","\u00c9dition 2012"],"inLanguage":"fr-FR"},{"@type":"WebPage","@id":"https:\/\/www.altercampagne.net\/?p=3629","url":"https:\/\/www.altercampagne.net\/?p=3629","name":"Etape du 18 ao\u00fbt 2012 : final de l'AlterTour - AlterTour","isPartOf":{"@id":"https:\/\/www.altercampagne.net\/#website"},"primaryImageOfPage":{"@id":"https:\/\/www.altercampagne.net\/?p=3629#primaryimage"},"image":{"@id":"https:\/\/www.altercampagne.net\/?p=3629#primaryimage"},"thumbnailUrl":"https:\/\/www.altercampagne.net\/wp-content\/uploads\/2012\/08\/2012-08-18_20.16.jpg","datePublished":"2012-08-18T16:03:30+00:00","dateModified":"2019-09-16T13:43:43+00:00","author":{"@id":"https:\/\/www.altercampagne.net\/#\/schema\/person\/0f261460c09e430caa0f9bcffa319109"},"breadcrumb":{"@id":"https:\/\/www.altercampagne.net\/?p=3629#breadcrumb"},"inLanguage":"fr-FR","potentialAction":[{"@type":"ReadAction","target":["https:\/\/www.altercampagne.net\/?p=3629"]}]},{"@type":"ImageObject","inLanguage":"fr-FR","@id":"https:\/\/www.altercampagne.net\/?p=3629#primaryimage","url":"https:\/\/www.altercampagne.net\/wp-content\/uploads\/2012\/08\/2012-08-18_20.16.jpg","contentUrl":"https:\/\/www.altercampagne.net\/wp-content\/uploads\/2012\/08\/2012-08-18_20.16.jpg","width":907,"height":474},{"@type":"BreadcrumbList","@id":"https:\/\/www.altercampagne.net\/?p=3629#breadcrumb","itemListElement":[{"@type":"ListItem","position":1,"name":"Accueil","item":"https:\/\/www.altercampagne.net\/"},{"@type":"ListItem","position":2,"name":"Etape du 18 ao\u00fbt 2012 : final de l&rsquo;AlterTour"}]},{"@type":"WebSite","@id":"https:\/\/www.altercampagne.net\/#website","url":"https:\/\/www.altercampagne.net\/","name":"AlterTour","description":"Reliez les Alternatives \u00e0 v\u00e9lo","potentialAction":[{"@type":"SearchAction","target":{"@type":"EntryPoint","urlTemplate":"https:\/\/www.altercampagne.net\/?s={search_term_string}"},"query-input":{"@type":"PropertyValueSpecification","valueRequired":true,"valueName":"search_term_string"}}],"inLanguage":"fr-FR"},{"@type":"Person","@id":"https:\/\/www.altercampagne.net\/#\/schema\/person\/0f261460c09e430caa0f9bcffa319109","name":"Mathieu","image":{"@type":"ImageObject","inLanguage":"fr-FR","@id":"https:\/\/secure.gravatar.com\/avatar\/aa9d3d24c83f2141e5e2709d0f63d09a99f6be6bb7a50abc4915838d9f54501a?s=96&d=mm&r=g","url":"https:\/\/secure.gravatar.com\/avatar\/aa9d3d24c83f2141e5e2709d0f63d09a99f6be6bb7a50abc4915838d9f54501a?s=96&d=mm&r=g","contentUrl":"https:\/\/secure.gravatar.com\/avatar\/aa9d3d24c83f2141e5e2709d0f63d09a99f6be6bb7a50abc4915838d9f54501a?s=96&d=mm&r=g","caption":"Mathieu"},"url":"https:\/\/www.altercampagne.net\/?author=214"}]}},"_links":{"self":[{"href":"https:\/\/www.altercampagne.net\/index.php?rest_route=\/wp\/v2\/posts\/3629","targetHints":{"allow":["GET"]}}],"collection":[{"href":"https:\/\/www.altercampagne.net\/index.php?rest_route=\/wp\/v2\/posts"}],"about":[{"href":"https:\/\/www.altercampagne.net\/index.php?rest_route=\/wp\/v2\/types\/post"}],"author":[{"embeddable":true,"href":"https:\/\/www.altercampagne.net\/index.php?rest_route=\/wp\/v2\/users\/214"}],"replies":[{"embeddable":true,"href":"https:\/\/www.altercampagne.net\/index.php?rest_route=%2Fwp%2Fv2%2Fcomments&post=3629"}],"version-history":[{"count":0,"href":"https:\/\/www.altercampagne.net\/index.php?rest_route=\/wp\/v2\/posts\/3629\/revisions"}],"wp:featuredmedia":[{"embeddable":true,"href":"https:\/\/www.altercampagne.net\/index.php?rest_route=\/wp\/v2\/media\/15756"}],"wp:attachment":[{"href":"https:\/\/www.altercampagne.net\/index.php?rest_route=%2Fwp%2Fv2%2Fmedia&parent=3629"}],"wp:term":[{"taxonomy":"category","embeddable":true,"href":"https:\/\/www.altercampagne.net\/index.php?rest_route=%2Fwp%2Fv2%2Fcategories&post=3629"},{"taxonomy":"post_tag","embeddable":true,"href":"https:\/\/www.altercampagne.net\/index.php?rest_route=%2Fwp%2Fv2%2Ftags&post=3629"}],"curies":[{"name":"wp","href":"https:\/\/api.w.org\/{rel}","templated":true}]}}