{"id":3637,"date":"2012-08-16T13:12:57","date_gmt":"2012-08-16T11:12:57","guid":{"rendered":"http:\/\/www.altercampagne.net\/?p=3637"},"modified":"2016-04-07T00:15:18","modified_gmt":"2016-04-06T22:15:18","slug":"recette-du-far-au-pruneaux-recette-vendeenne-originale","status":"publish","type":"post","link":"https:\/\/www.altercampagne.net\/?p=3637","title":{"rendered":"Recette du far au pruneaux &#8211; recette vend\u00e9enne (originale)"},"content":{"rendered":"<p class=\"Style138 Style271\" align=\"justify\">Cette recette a tellement plut que nous avons d\u00e9cid\u00e9 de vous la faire partager :<\/p>\n<p class=\"Style138 Style271\" align=\"justify\">Ingr\u00e9dients pour 6 personnes<br \/>\n200g de pruneaux d\u00e9noyaut\u00e9s<br \/>\n50cl de lait<br \/>\n100g de farine<br \/>\n130g de sucre<br \/>\n5 \u0153ufs<br \/>\n1 sachet de sucre vanill\u00e9 ou extrait de vanille ou une demi gousse de vanille<\/p>\n<p class=\"Style138 Style271\" align=\"justify\">Pr\u00e9paration<br \/>\nFaites gonfler les pruneaux 1h dans du th\u00e9 chaud et \u00e9gouttez-les.<br \/>\nM\u00e9langez la farine et le sucre puis incorporez les \u0153ufs un par un.<br \/>\nAjoutez le lait et remuez jusqu&rsquo;\u00e0 obtenir une p\u00e2te homog\u00e8ne .<br \/>\nPr\u00e9chauffez le four (th 6 ) et beurrez-farinez (chemiser\u00a0!) un moule ,<br \/>\nRemplissez-le de la pr\u00e9paration puis ajoutez les pruneaux.<br \/>\nFaites cuire 10mn \u00e0 th 6 puis finir 45mn en baissant le th \u00e0 4<br \/>\nV\u00e9rifiez avec la pointe d&rsquo;un couteau s&rsquo;il y a encore de la p\u00e2te liquide sur le couteau<br \/>\nPoursuivre la cuisson jusqu&rsquo;\u00e0 sa disparition ,<br \/>\nOn peut diminuer un peu la quantit\u00e9 de sucre et d&rsquo;un \u0153uf<\/p>\n<p class=\"Style138 Style271\" align=\"justify\">Recette far au pruneaux AlterTour A 4 mains Genevi\u00e8ve et Pierrot<\/p>\n<p class=\"Style138 Style271\" align=\"justify\">Ingr\u00e9dients pour 6 personnes (Pour 40 personnes faire une r\u00e8gle de 3 avec les quantit\u00e9s)<\/p>\n<p class=\"Style138 Style271\" align=\"justify\">200g de pruneaux pas d\u00e9noyaut\u00e9s<br \/>\n50cl de cr\u00e8me de soja<br \/>\n100 g de farine<br \/>\n130g de sucre<br \/>\n5 \u0153ufs<br \/>\nce qui vous tombe sous la main un peu d&rsquo;extrait de vanille de l&rsquo;extrait de fleur d&rsquo;oranger<\/p>\n<p class=\"Style138 Style271\" align=\"justify\">Pr\u00e9paration<br \/>\nFaire gonfler les pruneaux 1h dans du th\u00e9 chaud et \u00e9gouttez-les<br \/>\nM\u00e9langez la farine et le sucre puis incorporez les \u0153ufs un par un<br \/>\nAjoutez la cr\u00e8me de soja et remuez jusqu&rsquo;\u00e0 obtenir une p\u00e2te homog\u00e8ne<br \/>\nPr\u00e9chauffez le four (th6) chemisez un moule \u00e0 l&rsquo;huile d&rsquo;olive et \u00e0 la farine<br \/>\nRemplissez le moule avec la pr\u00e9paration puis ajoutez les pruneaux<\/p>\n<p class=\"Style138 Style271\" align=\"justify\">Faite cuire 10mn \u00e0 th6 puis finir en baissant le th a 4 pendant 45mn v\u00e9rifiez avec la pointe d&rsquo;un couteau s&rsquo;il y&rsquo;a encore de la p\u00e2te liquide sur la couteau poursuivre la cuisson pendant la cri\u00e9e et l&rsquo;oublier, \u00e0 la fin de la cri\u00e9e c&rsquo;est cuit \u00e0 point\u00a0!!<\/p>\n","protected":false},"excerpt":{"rendered":"<p>Cette recette a tellement plut que nous avons d\u00e9cid\u00e9 de vous la faire partager : Ingr\u00e9dients pour 6 personnes 200g de pruneaux d\u00e9noyaut\u00e9s 50cl de lait 100g de farine 130g de sucre 5 \u0153ufs 1 sachet de sucre vanill\u00e9 ou extrait de vanille ou une demi gousse de vanille Pr\u00e9paration &#8230; <\/p>\n<div><a href=\"https:\/\/www.altercampagne.net\/?p=3637\" class=\"more-link\">Read More<\/a><\/div>\n","protected":false},"author":214,"featured_media":0,"comment_status":"closed","ping_status":"closed","sticky":false,"template":"","format":"standard","meta":{"footnotes":""},"categories":[1],"tags":[852,1161],"class_list":["post-3637","post","type-post","status-publish","format-standard","hentry","category-non-classe","tag-altertour-2012","tag-far-au-pruneaux","no-post-thumbnail"],"yoast_head":"<!-- This site is optimized with the Yoast SEO plugin v27.3 - https:\/\/yoast.com\/product\/yoast-seo-wordpress\/ -->\n<title>Recette du far au pruneaux - recette vend\u00e9enne (originale) - AlterTour<\/title>\n<meta name=\"robots\" content=\"index, follow, max-snippet:-1, max-image-preview:large, max-video-preview:-1\" \/>\n<link rel=\"canonical\" href=\"https:\/\/www.altercampagne.net\/?p=3637\" \/>\n<meta property=\"og:locale\" content=\"fr_FR\" \/>\n<meta property=\"og:type\" content=\"article\" \/>\n<meta property=\"og:title\" content=\"Recette du far au pruneaux - recette vend\u00e9enne (originale) - AlterTour\" \/>\n<meta property=\"og:description\" content=\"Cette recette a tellement plut que nous avons d\u00e9cid\u00e9 de vous la faire partager : Ingr\u00e9dients pour 6 personnes 200g de pruneaux d\u00e9noyaut\u00e9s 50cl de lait 100g de farine 130g de sucre 5 \u0153ufs 1 sachet de sucre vanill\u00e9 ou extrait de vanille ou une demi gousse de vanille Pr\u00e9paration ... Read More\" \/>\n<meta property=\"og:url\" content=\"https:\/\/www.altercampagne.net\/?p=3637\" \/>\n<meta property=\"og:site_name\" content=\"AlterTour\" \/>\n<meta property=\"article:published_time\" content=\"2012-08-16T11:12:57+00:00\" \/>\n<meta property=\"article:modified_time\" content=\"2016-04-06T22:15:18+00:00\" \/>\n<meta name=\"author\" content=\"Mathieu\" \/>\n<meta name=\"twitter:card\" content=\"summary_large_image\" \/>\n<meta name=\"twitter:label1\" content=\"\u00c9crit par\" \/>\n\t<meta name=\"twitter:data1\" content=\"Mathieu\" \/>\n\t<meta name=\"twitter:label2\" content=\"Dur\u00e9e de lecture estim\u00e9e\" \/>\n\t<meta name=\"twitter:data2\" content=\"2 minutes\" \/>\n<script type=\"application\/ld+json\" class=\"yoast-schema-graph\">{\"@context\":\"https:\\\/\\\/schema.org\",\"@graph\":[{\"@type\":\"Article\",\"@id\":\"https:\\\/\\\/www.altercampagne.net\\\/?p=3637#article\",\"isPartOf\":{\"@id\":\"https:\\\/\\\/www.altercampagne.net\\\/?p=3637\"},\"author\":{\"name\":\"Mathieu\",\"@id\":\"https:\\\/\\\/www.altercampagne.net\\\/#\\\/schema\\\/person\\\/0f261460c09e430caa0f9bcffa319109\"},\"headline\":\"Recette du far au pruneaux &#8211; recette vend\u00e9enne (originale)\",\"datePublished\":\"2012-08-16T11:12:57+00:00\",\"dateModified\":\"2016-04-06T22:15:18+00:00\",\"mainEntityOfPage\":{\"@id\":\"https:\\\/\\\/www.altercampagne.net\\\/?p=3637\"},\"wordCount\":356,\"keywords\":[\"AlterTour 2012\",\"far au pruneaux\"],\"inLanguage\":\"fr-FR\"},{\"@type\":\"WebPage\",\"@id\":\"https:\\\/\\\/www.altercampagne.net\\\/?p=3637\",\"url\":\"https:\\\/\\\/www.altercampagne.net\\\/?p=3637\",\"name\":\"Recette du far au pruneaux - recette vend\u00e9enne (originale) - AlterTour\",\"isPartOf\":{\"@id\":\"https:\\\/\\\/www.altercampagne.net\\\/#website\"},\"datePublished\":\"2012-08-16T11:12:57+00:00\",\"dateModified\":\"2016-04-06T22:15:18+00:00\",\"author\":{\"@id\":\"https:\\\/\\\/www.altercampagne.net\\\/#\\\/schema\\\/person\\\/0f261460c09e430caa0f9bcffa319109\"},\"breadcrumb\":{\"@id\":\"https:\\\/\\\/www.altercampagne.net\\\/?p=3637#breadcrumb\"},\"inLanguage\":\"fr-FR\",\"potentialAction\":[{\"@type\":\"ReadAction\",\"target\":[\"https:\\\/\\\/www.altercampagne.net\\\/?p=3637\"]}]},{\"@type\":\"BreadcrumbList\",\"@id\":\"https:\\\/\\\/www.altercampagne.net\\\/?p=3637#breadcrumb\",\"itemListElement\":[{\"@type\":\"ListItem\",\"position\":1,\"name\":\"Accueil\",\"item\":\"https:\\\/\\\/www.altercampagne.net\\\/\"},{\"@type\":\"ListItem\",\"position\":2,\"name\":\"Recette du far au pruneaux &#8211; recette vend\u00e9enne (originale)\"}]},{\"@type\":\"WebSite\",\"@id\":\"https:\\\/\\\/www.altercampagne.net\\\/#website\",\"url\":\"https:\\\/\\\/www.altercampagne.net\\\/\",\"name\":\"AlterTour\",\"description\":\"Reliez les Alternatives \u00e0 v\u00e9lo\",\"potentialAction\":[{\"@type\":\"SearchAction\",\"target\":{\"@type\":\"EntryPoint\",\"urlTemplate\":\"https:\\\/\\\/www.altercampagne.net\\\/?s={search_term_string}\"},\"query-input\":{\"@type\":\"PropertyValueSpecification\",\"valueRequired\":true,\"valueName\":\"search_term_string\"}}],\"inLanguage\":\"fr-FR\"},{\"@type\":\"Person\",\"@id\":\"https:\\\/\\\/www.altercampagne.net\\\/#\\\/schema\\\/person\\\/0f261460c09e430caa0f9bcffa319109\",\"name\":\"Mathieu\",\"image\":{\"@type\":\"ImageObject\",\"inLanguage\":\"fr-FR\",\"@id\":\"https:\\\/\\\/secure.gravatar.com\\\/avatar\\\/aa9d3d24c83f2141e5e2709d0f63d09a99f6be6bb7a50abc4915838d9f54501a?s=96&d=mm&r=g\",\"url\":\"https:\\\/\\\/secure.gravatar.com\\\/avatar\\\/aa9d3d24c83f2141e5e2709d0f63d09a99f6be6bb7a50abc4915838d9f54501a?s=96&d=mm&r=g\",\"contentUrl\":\"https:\\\/\\\/secure.gravatar.com\\\/avatar\\\/aa9d3d24c83f2141e5e2709d0f63d09a99f6be6bb7a50abc4915838d9f54501a?s=96&d=mm&r=g\",\"caption\":\"Mathieu\"},\"url\":\"https:\\\/\\\/www.altercampagne.net\\\/?author=214\"}]}<\/script>\n<!-- \/ Yoast SEO plugin. -->","yoast_head_json":{"title":"Recette du far au pruneaux - recette vend\u00e9enne (originale) - AlterTour","robots":{"index":"index","follow":"follow","max-snippet":"max-snippet:-1","max-image-preview":"max-image-preview:large","max-video-preview":"max-video-preview:-1"},"canonical":"https:\/\/www.altercampagne.net\/?p=3637","og_locale":"fr_FR","og_type":"article","og_title":"Recette du far au pruneaux - recette vend\u00e9enne (originale) - AlterTour","og_description":"Cette recette a tellement plut que nous avons d\u00e9cid\u00e9 de vous la faire partager : Ingr\u00e9dients pour 6 personnes 200g de pruneaux d\u00e9noyaut\u00e9s 50cl de lait 100g de farine 130g de sucre 5 \u0153ufs 1 sachet de sucre vanill\u00e9 ou extrait de vanille ou une demi gousse de vanille Pr\u00e9paration ... Read More","og_url":"https:\/\/www.altercampagne.net\/?p=3637","og_site_name":"AlterTour","article_published_time":"2012-08-16T11:12:57+00:00","article_modified_time":"2016-04-06T22:15:18+00:00","author":"Mathieu","twitter_card":"summary_large_image","twitter_misc":{"\u00c9crit par":"Mathieu","Dur\u00e9e de lecture estim\u00e9e":"2 minutes"},"schema":{"@context":"https:\/\/schema.org","@graph":[{"@type":"Article","@id":"https:\/\/www.altercampagne.net\/?p=3637#article","isPartOf":{"@id":"https:\/\/www.altercampagne.net\/?p=3637"},"author":{"name":"Mathieu","@id":"https:\/\/www.altercampagne.net\/#\/schema\/person\/0f261460c09e430caa0f9bcffa319109"},"headline":"Recette du far au pruneaux &#8211; recette vend\u00e9enne (originale)","datePublished":"2012-08-16T11:12:57+00:00","dateModified":"2016-04-06T22:15:18+00:00","mainEntityOfPage":{"@id":"https:\/\/www.altercampagne.net\/?p=3637"},"wordCount":356,"keywords":["AlterTour 2012","far au pruneaux"],"inLanguage":"fr-FR"},{"@type":"WebPage","@id":"https:\/\/www.altercampagne.net\/?p=3637","url":"https:\/\/www.altercampagne.net\/?p=3637","name":"Recette du far au pruneaux - recette vend\u00e9enne (originale) - AlterTour","isPartOf":{"@id":"https:\/\/www.altercampagne.net\/#website"},"datePublished":"2012-08-16T11:12:57+00:00","dateModified":"2016-04-06T22:15:18+00:00","author":{"@id":"https:\/\/www.altercampagne.net\/#\/schema\/person\/0f261460c09e430caa0f9bcffa319109"},"breadcrumb":{"@id":"https:\/\/www.altercampagne.net\/?p=3637#breadcrumb"},"inLanguage":"fr-FR","potentialAction":[{"@type":"ReadAction","target":["https:\/\/www.altercampagne.net\/?p=3637"]}]},{"@type":"BreadcrumbList","@id":"https:\/\/www.altercampagne.net\/?p=3637#breadcrumb","itemListElement":[{"@type":"ListItem","position":1,"name":"Accueil","item":"https:\/\/www.altercampagne.net\/"},{"@type":"ListItem","position":2,"name":"Recette du far au pruneaux &#8211; recette vend\u00e9enne (originale)"}]},{"@type":"WebSite","@id":"https:\/\/www.altercampagne.net\/#website","url":"https:\/\/www.altercampagne.net\/","name":"AlterTour","description":"Reliez les Alternatives \u00e0 v\u00e9lo","potentialAction":[{"@type":"SearchAction","target":{"@type":"EntryPoint","urlTemplate":"https:\/\/www.altercampagne.net\/?s={search_term_string}"},"query-input":{"@type":"PropertyValueSpecification","valueRequired":true,"valueName":"search_term_string"}}],"inLanguage":"fr-FR"},{"@type":"Person","@id":"https:\/\/www.altercampagne.net\/#\/schema\/person\/0f261460c09e430caa0f9bcffa319109","name":"Mathieu","image":{"@type":"ImageObject","inLanguage":"fr-FR","@id":"https:\/\/secure.gravatar.com\/avatar\/aa9d3d24c83f2141e5e2709d0f63d09a99f6be6bb7a50abc4915838d9f54501a?s=96&d=mm&r=g","url":"https:\/\/secure.gravatar.com\/avatar\/aa9d3d24c83f2141e5e2709d0f63d09a99f6be6bb7a50abc4915838d9f54501a?s=96&d=mm&r=g","contentUrl":"https:\/\/secure.gravatar.com\/avatar\/aa9d3d24c83f2141e5e2709d0f63d09a99f6be6bb7a50abc4915838d9f54501a?s=96&d=mm&r=g","caption":"Mathieu"},"url":"https:\/\/www.altercampagne.net\/?author=214"}]}},"_links":{"self":[{"href":"https:\/\/www.altercampagne.net\/index.php?rest_route=\/wp\/v2\/posts\/3637","targetHints":{"allow":["GET"]}}],"collection":[{"href":"https:\/\/www.altercampagne.net\/index.php?rest_route=\/wp\/v2\/posts"}],"about":[{"href":"https:\/\/www.altercampagne.net\/index.php?rest_route=\/wp\/v2\/types\/post"}],"author":[{"embeddable":true,"href":"https:\/\/www.altercampagne.net\/index.php?rest_route=\/wp\/v2\/users\/214"}],"replies":[{"embeddable":true,"href":"https:\/\/www.altercampagne.net\/index.php?rest_route=%2Fwp%2Fv2%2Fcomments&post=3637"}],"version-history":[{"count":0,"href":"https:\/\/www.altercampagne.net\/index.php?rest_route=\/wp\/v2\/posts\/3637\/revisions"}],"wp:attachment":[{"href":"https:\/\/www.altercampagne.net\/index.php?rest_route=%2Fwp%2Fv2%2Fmedia&parent=3637"}],"wp:term":[{"taxonomy":"category","embeddable":true,"href":"https:\/\/www.altercampagne.net\/index.php?rest_route=%2Fwp%2Fv2%2Fcategories&post=3637"},{"taxonomy":"post_tag","embeddable":true,"href":"https:\/\/www.altercampagne.net\/index.php?rest_route=%2Fwp%2Fv2%2Ftags&post=3637"}],"curies":[{"name":"wp","href":"https:\/\/api.w.org\/{rel}","templated":true}]}}