{"id":3639,"date":"2012-08-15T19:15:35","date_gmt":"2012-08-15T17:15:35","guid":{"rendered":"http:\/\/www.altercampagne.net\/?p=3639"},"modified":"2019-09-16T15:56:47","modified_gmt":"2019-09-16T13:56:47","slug":"etape-du-15-aout-le-centre-pierre-et-terre-a-riscle","status":"publish","type":"post","link":"https:\/\/www.altercampagne.net\/?p=3639","title":{"rendered":"\u00c9tape du 15 ao\u00fbt : La Ferme des Guillaumets et l&rsquo;\u00c9cocentre Pierre et Terre"},"content":{"rendered":"<p class=\"Style138 Style271\" align=\"justify\"><img loading=\"lazy\" decoding=\"async\" class=\" alignright\" src=\"https:\/\/lh6.googleusercontent.com\/-wn8DmIZbvpQ\/UC06qo026PI\/AAAAAAAAKnk\/NKslH7V8DaU\/s512\/2012-08-15_11.56.24_5947.jpg\" alt=\"\" width=\"200\" height=\"298\" \/>D\u00e9part du village de Montaut apr\u00e8s une nuit chez les cr\u00e9ateurs d\u2019Astarac (voir article du 14 ao\u00fbt). Petit parcours vallonn\u00e9 de 20 kms avant une pause cookies\/melon salvatrice. Yome cherche deux clefs plates de 10 pour r\u00e9parer le J9\u2026<\/p>\n<p class=\"Style138 Style271\" align=\"justify\">Adrien a droit \u00e0 son c\u00e2lin collectif pour son d\u00e9part, bonne route ! Arriv\u00e9e \u00e0 11h \u00e0 la <a href=\"http:\/\/lafermedeguillaumet.free.fr\/\" target=\"_blank\" rel=\"noopener noreferrer\"><strong>Ferme des Guillaumets<\/strong><\/a> \u00e0 c\u00f4t\u00e9 de Baussus. Barbara nous accueille avec ses trois fils : L\u00e9o 13 ans, Gari 10 ans et Colin 7 ans ainsi que leurs trois chiens et leur chat. Le mari de Barbara \u00e9tant absent puisqu\u2019il est sur les march\u00e9s.<\/p>\n<p class=\"Style138 Style271\" align=\"justify\">Install\u00e9e depuis sept ans, la <strong><a href=\"http:\/\/lafermedeguillaumet.free.fr\/\" target=\"_blank\" rel=\"noopener noreferrer\">Ferme du Guillaumet<\/a><\/strong> est une petite exploitation de 25 ha en partie reconnue en biologique. Leur activit\u00e9 principale concerne l\u2019\u00e9levage de porcs gascons, une centaine actuellement. Ils ont \u00e9galement quelques brebis et ch\u00e8vres, oies, canards, lapins, chevaux et poulets ainsi qu\u2019un jardin potager.<\/p>\n<p class=\"Style138 Style271\" align=\"justify\">Leur principale source de revenu est l\u2019<a href=\"http:\/\/www.la-bataillouse.org\/notre-amap\/\" target=\"_blank\" rel=\"noopener noreferrer\"><strong>Amap de La Batallouise<\/strong><\/a> avec laquelle ils travaillent et coop\u00e8rent chaleureusement. Ils leur fournissent des paniers mixtes (viande et l\u00e9gumes). Ils vendent \u00e9galement leurs produits sur les march\u00e9s locaux, en livraison \u00e0 domicile chez des particuliers et se rendent une fois par an \u00e0 Bordeaux et \u00e0 Toulouse. Nous repartons vers 14h30 apr\u00e8s un festin pr\u00e9par\u00e9 par Barbara. Merci !<\/p>\n<p class=\"Style138 Style271\" align=\"justify\"><img loading=\"lazy\" decoding=\"async\" class=\"aligncenter size-full wp-image-15766\" src=\"http:\/\/www.altercampagne.net\/wp-content\/uploads\/2012\/08\/2012-08-15_18.51.jpg\" alt=\"\" width=\"907\" height=\"474\" srcset=\"https:\/\/www.altercampagne.net\/wp-content\/uploads\/2012\/08\/2012-08-15_18.51.jpg 907w, https:\/\/www.altercampagne.net\/wp-content\/uploads\/2012\/08\/2012-08-15_18.51-300x157.jpg 300w, https:\/\/www.altercampagne.net\/wp-content\/uploads\/2012\/08\/2012-08-15_18.51-768x401.jpg 768w, https:\/\/www.altercampagne.net\/wp-content\/uploads\/2012\/08\/2012-08-15_18.51-610x319.jpg 610w, https:\/\/www.altercampagne.net\/wp-content\/uploads\/2012\/08\/2012-08-15_18.51-100x52.jpg 100w, https:\/\/www.altercampagne.net\/wp-content\/uploads\/2012\/08\/2012-08-15_18.51-862x450.jpg 862w\" sizes=\"auto, (max-width: 907px) 100vw, 907px\" \/><\/p>\n<p class=\"Style138 Style271\" align=\"justify\">Ayant appr\u00e9ci\u00e9 une averse de pluie sur le chemin nous menant \u00e0 Riscle nous y arrivons vers 17h. Notre relais du soir est l&rsquo;<a href=\"http:\/\/www.pierreetterre.org\/\" target=\"_blank\" rel=\"noopener noreferrer\"><strong>\u00e9cocentre Pierre et Terre<\/strong><\/a>. Son pr\u00e9sident nous y accueille puis nous emm\u00e8ne dans une visite et pr\u00e9sentation extr\u00eamement claire et inspirante des activit\u00e9s de l\u2019association. Il s\u2019agit donc d\u2019une association vieille de 14 ans dont l\u2019objectif est d\u2019informer sur les alternatives en \u00e9co-construction et d\u2019accompagner les projets sur ce th\u00e8me. Un b\u00e2timent de d\u00e9monstration qui sert \u00e9galement de bureaux \u00e0 l\u2019association a \u00e9t\u00e9 construit en 2010. Il abrite une mat\u00e9riauth\u00e8que et une biblioth\u00e8que. Il f\u00fbt financ\u00e9 \u00e0 35 pour cent par des fonds publics pour ses missions reconnues d\u2019int\u00e9r\u00eat g\u00e9n\u00e9ral. L\u2019association a contribu\u00e9 \u00e0 hauteur de 15 pour cent et est ma\u00eetre d\u2019ouvrage. Le bail convenu avec la mairie est emphyt\u00e9otique sur 35 ans. Ils travaillent donc avec des particuliers pour des projets de constructions, les assainissements individuels, les toilettes s\u00e8ches ainsi qu\u2019avec la Caisse d\u2019Allocations Familiales afin de lutter contre la pr\u00e9carit\u00e9 \u00e9nerg\u00e9tique.<\/p>\n<p class=\"Style138 Style271\" align=\"justify\">Le b\u00e2timent est bioclimatique en paille (bureaux + mat\u00e9riauth\u00e8que). Ils poss\u00e8dent une petite \u00e9olienne, du solaire thermique, photovolta\u00efque, mare de phyto\u00e9puration. Ils r\u00e9cup\u00e8rent l\u2019eau de pluie pour l\u2019usage domestique ; celle-ci \u00e9tant doublement filtr\u00e9e pour l\u2019eau de boisson par rapport \u00e0 celle r\u00e9cup\u00e9r\u00e9e pour les lavages.<\/p>\n<p class=\"Style138 Style271\" align=\"justify\">Le secteur du b\u00e2timent consommant 40 pour cent de l\u2019\u00e9nergie en France on comprend bien l\u2019importance de l\u2019\u00e9co-construction. Nous finissons la soir\u00e9e par des douches chaudes !!!&#8230; un d\u00eener en autonomie et un b\u0153uf musical.<\/p>\n<p class=\"Style138 Style271\" style=\"text-align: right;\" align=\"justify\"><strong>Claire R<\/strong><\/p>\n","protected":false},"excerpt":{"rendered":"<p>D\u00e9part du village de Montaut apr\u00e8s une nuit chez les cr\u00e9ateurs d\u2019Astarac (voir article du 14 ao\u00fbt). Petit parcours vallonn\u00e9 de 20 kms avant une pause cookies\/melon salvatrice. Yome cherche deux clefs plates de 10 pour r\u00e9parer le J9\u2026 Adrien a droit \u00e0 son c\u00e2lin collectif pour son d\u00e9part, bonne &#8230; <\/p>\n<div><a href=\"https:\/\/www.altercampagne.net\/?p=3639\" class=\"more-link\">Read More<\/a><\/div>\n","protected":false},"author":214,"featured_media":15765,"comment_status":"closed","ping_status":"closed","sticky":false,"template":"","format":"standard","meta":{"footnotes":""},"categories":[3483,3486,3485,3479,3463],"tags":[130,852,1162,1163,1165,1166,1168,1169,1814,1844,1855,1862,2369,2370,2371],"class_list":["post-3639","post","type-post","status-publish","format-standard","has-post-thumbnail","hentry","category-agriculture","category-environnement","category-habitat","category-nouvelle-aquitaine","category-edition-2012","tag-paille","tag-altertour-2012","tag-montaut","tag-astarac","tag-amap-de-la-batallouise","tag-riscle","tag-bioclimatique","tag-eco-centre","tag-1814","tag-midi-pyrenees","tag-gers","tag-ecocentre-pierre-et-terre","tag-ferme-des-guillaumets","tag-baussus","tag-ecocentre-pierre-terre"],"yoast_head":"<!-- This site is optimized with the Yoast SEO plugin v27.3 - https:\/\/yoast.com\/product\/yoast-seo-wordpress\/ -->\n<title>\u00c9tape du 15 ao\u00fbt : La Ferme des Guillaumets et l&#039;\u00c9cocentre Pierre et Terre - AlterTour<\/title>\n<meta name=\"robots\" content=\"index, follow, max-snippet:-1, max-image-preview:large, max-video-preview:-1\" \/>\n<link rel=\"canonical\" href=\"https:\/\/www.altercampagne.net\/?p=3639\" \/>\n<meta property=\"og:locale\" content=\"fr_FR\" \/>\n<meta property=\"og:type\" content=\"article\" \/>\n<meta property=\"og:title\" content=\"\u00c9tape du 15 ao\u00fbt : La Ferme des Guillaumets et l&#039;\u00c9cocentre Pierre et Terre - AlterTour\" \/>\n<meta property=\"og:description\" content=\"D\u00e9part du village de Montaut apr\u00e8s une nuit chez les cr\u00e9ateurs d\u2019Astarac (voir article du 14 ao\u00fbt). Petit parcours vallonn\u00e9 de 20 kms avant une pause cookies\/melon salvatrice. Yome cherche deux clefs plates de 10 pour r\u00e9parer le J9\u2026 Adrien a droit \u00e0 son c\u00e2lin collectif pour son d\u00e9part, bonne ... Read More\" \/>\n<meta property=\"og:url\" content=\"https:\/\/www.altercampagne.net\/?p=3639\" \/>\n<meta property=\"og:site_name\" content=\"AlterTour\" \/>\n<meta property=\"article:published_time\" content=\"2012-08-15T17:15:35+00:00\" \/>\n<meta property=\"article:modified_time\" content=\"2019-09-16T13:56:47+00:00\" \/>\n<meta property=\"og:image\" content=\"https:\/\/www.altercampagne.net\/wp-content\/uploads\/2012\/08\/2012-08-15_18.50.jpg\" \/>\n\t<meta property=\"og:image:width\" content=\"907\" \/>\n\t<meta property=\"og:image:height\" content=\"474\" \/>\n\t<meta property=\"og:image:type\" content=\"image\/jpeg\" \/>\n<meta name=\"author\" content=\"Mathieu\" \/>\n<meta name=\"twitter:card\" content=\"summary_large_image\" \/>\n<meta name=\"twitter:label1\" content=\"\u00c9crit par\" \/>\n\t<meta name=\"twitter:data1\" content=\"Mathieu\" \/>\n\t<meta name=\"twitter:label2\" content=\"Dur\u00e9e de lecture estim\u00e9e\" \/>\n\t<meta name=\"twitter:data2\" content=\"3 minutes\" \/>\n<script type=\"application\/ld+json\" class=\"yoast-schema-graph\">{\"@context\":\"https:\\\/\\\/schema.org\",\"@graph\":[{\"@type\":\"Article\",\"@id\":\"https:\\\/\\\/www.altercampagne.net\\\/?p=3639#article\",\"isPartOf\":{\"@id\":\"https:\\\/\\\/www.altercampagne.net\\\/?p=3639\"},\"author\":{\"name\":\"Mathieu\",\"@id\":\"https:\\\/\\\/www.altercampagne.net\\\/#\\\/schema\\\/person\\\/0f261460c09e430caa0f9bcffa319109\"},\"headline\":\"\u00c9tape du 15 ao\u00fbt : La Ferme des Guillaumets et l&rsquo;\u00c9cocentre Pierre et Terre\",\"datePublished\":\"2012-08-15T17:15:35+00:00\",\"dateModified\":\"2019-09-16T13:56:47+00:00\",\"mainEntityOfPage\":{\"@id\":\"https:\\\/\\\/www.altercampagne.net\\\/?p=3639\"},\"wordCount\":529,\"image\":{\"@id\":\"https:\\\/\\\/www.altercampagne.net\\\/?p=3639#primaryimage\"},\"thumbnailUrl\":\"https:\\\/\\\/www.altercampagne.net\\\/wp-content\\\/uploads\\\/2012\\\/08\\\/2012-08-15_18.50.jpg\",\"keywords\":[\"paille\",\"AlterTour 2012\",\"Montaut\",\"Astarac\",\"Amap de La Batallouise\",\"Riscle\",\"bioclimatique\",\"\u00e9co-centre\",\"2012\",\"Midi-Pyr\u00e9n\u00e9es\",\"Gers\",\"\u00e9cocentre Pierre et Terre\",\"Ferme des Guillaumets\",\"Baussus\",\"\u00e9cocentre Pierre &amp; Terre\"],\"articleSection\":[\"Agriculture\",\"Environnement\",\"Habitat\",\"Nouvelle-Aquitaine\",\"\u00c9dition 2012\"],\"inLanguage\":\"fr-FR\"},{\"@type\":\"WebPage\",\"@id\":\"https:\\\/\\\/www.altercampagne.net\\\/?p=3639\",\"url\":\"https:\\\/\\\/www.altercampagne.net\\\/?p=3639\",\"name\":\"\u00c9tape du 15 ao\u00fbt : La Ferme des Guillaumets et l'\u00c9cocentre Pierre et Terre - AlterTour\",\"isPartOf\":{\"@id\":\"https:\\\/\\\/www.altercampagne.net\\\/#website\"},\"primaryImageOfPage\":{\"@id\":\"https:\\\/\\\/www.altercampagne.net\\\/?p=3639#primaryimage\"},\"image\":{\"@id\":\"https:\\\/\\\/www.altercampagne.net\\\/?p=3639#primaryimage\"},\"thumbnailUrl\":\"https:\\\/\\\/www.altercampagne.net\\\/wp-content\\\/uploads\\\/2012\\\/08\\\/2012-08-15_18.50.jpg\",\"datePublished\":\"2012-08-15T17:15:35+00:00\",\"dateModified\":\"2019-09-16T13:56:47+00:00\",\"author\":{\"@id\":\"https:\\\/\\\/www.altercampagne.net\\\/#\\\/schema\\\/person\\\/0f261460c09e430caa0f9bcffa319109\"},\"breadcrumb\":{\"@id\":\"https:\\\/\\\/www.altercampagne.net\\\/?p=3639#breadcrumb\"},\"inLanguage\":\"fr-FR\",\"potentialAction\":[{\"@type\":\"ReadAction\",\"target\":[\"https:\\\/\\\/www.altercampagne.net\\\/?p=3639\"]}]},{\"@type\":\"ImageObject\",\"inLanguage\":\"fr-FR\",\"@id\":\"https:\\\/\\\/www.altercampagne.net\\\/?p=3639#primaryimage\",\"url\":\"https:\\\/\\\/www.altercampagne.net\\\/wp-content\\\/uploads\\\/2012\\\/08\\\/2012-08-15_18.50.jpg\",\"contentUrl\":\"https:\\\/\\\/www.altercampagne.net\\\/wp-content\\\/uploads\\\/2012\\\/08\\\/2012-08-15_18.50.jpg\",\"width\":907,\"height\":474},{\"@type\":\"BreadcrumbList\",\"@id\":\"https:\\\/\\\/www.altercampagne.net\\\/?p=3639#breadcrumb\",\"itemListElement\":[{\"@type\":\"ListItem\",\"position\":1,\"name\":\"Accueil\",\"item\":\"https:\\\/\\\/www.altercampagne.net\\\/\"},{\"@type\":\"ListItem\",\"position\":2,\"name\":\"\u00c9tape du 15 ao\u00fbt : La Ferme des Guillaumets et l&rsquo;\u00c9cocentre Pierre et Terre\"}]},{\"@type\":\"WebSite\",\"@id\":\"https:\\\/\\\/www.altercampagne.net\\\/#website\",\"url\":\"https:\\\/\\\/www.altercampagne.net\\\/\",\"name\":\"AlterTour\",\"description\":\"Reliez les Alternatives \u00e0 v\u00e9lo\",\"potentialAction\":[{\"@type\":\"SearchAction\",\"target\":{\"@type\":\"EntryPoint\",\"urlTemplate\":\"https:\\\/\\\/www.altercampagne.net\\\/?s={search_term_string}\"},\"query-input\":{\"@type\":\"PropertyValueSpecification\",\"valueRequired\":true,\"valueName\":\"search_term_string\"}}],\"inLanguage\":\"fr-FR\"},{\"@type\":\"Person\",\"@id\":\"https:\\\/\\\/www.altercampagne.net\\\/#\\\/schema\\\/person\\\/0f261460c09e430caa0f9bcffa319109\",\"name\":\"Mathieu\",\"image\":{\"@type\":\"ImageObject\",\"inLanguage\":\"fr-FR\",\"@id\":\"https:\\\/\\\/secure.gravatar.com\\\/avatar\\\/aa9d3d24c83f2141e5e2709d0f63d09a99f6be6bb7a50abc4915838d9f54501a?s=96&d=mm&r=g\",\"url\":\"https:\\\/\\\/secure.gravatar.com\\\/avatar\\\/aa9d3d24c83f2141e5e2709d0f63d09a99f6be6bb7a50abc4915838d9f54501a?s=96&d=mm&r=g\",\"contentUrl\":\"https:\\\/\\\/secure.gravatar.com\\\/avatar\\\/aa9d3d24c83f2141e5e2709d0f63d09a99f6be6bb7a50abc4915838d9f54501a?s=96&d=mm&r=g\",\"caption\":\"Mathieu\"},\"url\":\"https:\\\/\\\/www.altercampagne.net\\\/?author=214\"}]}<\/script>\n<!-- \/ Yoast SEO plugin. -->","yoast_head_json":{"title":"\u00c9tape du 15 ao\u00fbt : La Ferme des Guillaumets et l'\u00c9cocentre Pierre et Terre - AlterTour","robots":{"index":"index","follow":"follow","max-snippet":"max-snippet:-1","max-image-preview":"max-image-preview:large","max-video-preview":"max-video-preview:-1"},"canonical":"https:\/\/www.altercampagne.net\/?p=3639","og_locale":"fr_FR","og_type":"article","og_title":"\u00c9tape du 15 ao\u00fbt : La Ferme des Guillaumets et l'\u00c9cocentre Pierre et Terre - AlterTour","og_description":"D\u00e9part du village de Montaut apr\u00e8s une nuit chez les cr\u00e9ateurs d\u2019Astarac (voir article du 14 ao\u00fbt). Petit parcours vallonn\u00e9 de 20 kms avant une pause cookies\/melon salvatrice. Yome cherche deux clefs plates de 10 pour r\u00e9parer le J9\u2026 Adrien a droit \u00e0 son c\u00e2lin collectif pour son d\u00e9part, bonne ... Read More","og_url":"https:\/\/www.altercampagne.net\/?p=3639","og_site_name":"AlterTour","article_published_time":"2012-08-15T17:15:35+00:00","article_modified_time":"2019-09-16T13:56:47+00:00","og_image":[{"width":907,"height":474,"url":"https:\/\/www.altercampagne.net\/wp-content\/uploads\/2012\/08\/2012-08-15_18.50.jpg","type":"image\/jpeg"}],"author":"Mathieu","twitter_card":"summary_large_image","twitter_misc":{"\u00c9crit par":"Mathieu","Dur\u00e9e de lecture estim\u00e9e":"3 minutes"},"schema":{"@context":"https:\/\/schema.org","@graph":[{"@type":"Article","@id":"https:\/\/www.altercampagne.net\/?p=3639#article","isPartOf":{"@id":"https:\/\/www.altercampagne.net\/?p=3639"},"author":{"name":"Mathieu","@id":"https:\/\/www.altercampagne.net\/#\/schema\/person\/0f261460c09e430caa0f9bcffa319109"},"headline":"\u00c9tape du 15 ao\u00fbt : La Ferme des Guillaumets et l&rsquo;\u00c9cocentre Pierre et Terre","datePublished":"2012-08-15T17:15:35+00:00","dateModified":"2019-09-16T13:56:47+00:00","mainEntityOfPage":{"@id":"https:\/\/www.altercampagne.net\/?p=3639"},"wordCount":529,"image":{"@id":"https:\/\/www.altercampagne.net\/?p=3639#primaryimage"},"thumbnailUrl":"https:\/\/www.altercampagne.net\/wp-content\/uploads\/2012\/08\/2012-08-15_18.50.jpg","keywords":["paille","AlterTour 2012","Montaut","Astarac","Amap de La Batallouise","Riscle","bioclimatique","\u00e9co-centre","2012","Midi-Pyr\u00e9n\u00e9es","Gers","\u00e9cocentre Pierre et Terre","Ferme des Guillaumets","Baussus","\u00e9cocentre Pierre &amp; Terre"],"articleSection":["Agriculture","Environnement","Habitat","Nouvelle-Aquitaine","\u00c9dition 2012"],"inLanguage":"fr-FR"},{"@type":"WebPage","@id":"https:\/\/www.altercampagne.net\/?p=3639","url":"https:\/\/www.altercampagne.net\/?p=3639","name":"\u00c9tape du 15 ao\u00fbt : La Ferme des Guillaumets et l'\u00c9cocentre Pierre et Terre - AlterTour","isPartOf":{"@id":"https:\/\/www.altercampagne.net\/#website"},"primaryImageOfPage":{"@id":"https:\/\/www.altercampagne.net\/?p=3639#primaryimage"},"image":{"@id":"https:\/\/www.altercampagne.net\/?p=3639#primaryimage"},"thumbnailUrl":"https:\/\/www.altercampagne.net\/wp-content\/uploads\/2012\/08\/2012-08-15_18.50.jpg","datePublished":"2012-08-15T17:15:35+00:00","dateModified":"2019-09-16T13:56:47+00:00","author":{"@id":"https:\/\/www.altercampagne.net\/#\/schema\/person\/0f261460c09e430caa0f9bcffa319109"},"breadcrumb":{"@id":"https:\/\/www.altercampagne.net\/?p=3639#breadcrumb"},"inLanguage":"fr-FR","potentialAction":[{"@type":"ReadAction","target":["https:\/\/www.altercampagne.net\/?p=3639"]}]},{"@type":"ImageObject","inLanguage":"fr-FR","@id":"https:\/\/www.altercampagne.net\/?p=3639#primaryimage","url":"https:\/\/www.altercampagne.net\/wp-content\/uploads\/2012\/08\/2012-08-15_18.50.jpg","contentUrl":"https:\/\/www.altercampagne.net\/wp-content\/uploads\/2012\/08\/2012-08-15_18.50.jpg","width":907,"height":474},{"@type":"BreadcrumbList","@id":"https:\/\/www.altercampagne.net\/?p=3639#breadcrumb","itemListElement":[{"@type":"ListItem","position":1,"name":"Accueil","item":"https:\/\/www.altercampagne.net\/"},{"@type":"ListItem","position":2,"name":"\u00c9tape du 15 ao\u00fbt : La Ferme des Guillaumets et l&rsquo;\u00c9cocentre Pierre et Terre"}]},{"@type":"WebSite","@id":"https:\/\/www.altercampagne.net\/#website","url":"https:\/\/www.altercampagne.net\/","name":"AlterTour","description":"Reliez les Alternatives \u00e0 v\u00e9lo","potentialAction":[{"@type":"SearchAction","target":{"@type":"EntryPoint","urlTemplate":"https:\/\/www.altercampagne.net\/?s={search_term_string}"},"query-input":{"@type":"PropertyValueSpecification","valueRequired":true,"valueName":"search_term_string"}}],"inLanguage":"fr-FR"},{"@type":"Person","@id":"https:\/\/www.altercampagne.net\/#\/schema\/person\/0f261460c09e430caa0f9bcffa319109","name":"Mathieu","image":{"@type":"ImageObject","inLanguage":"fr-FR","@id":"https:\/\/secure.gravatar.com\/avatar\/aa9d3d24c83f2141e5e2709d0f63d09a99f6be6bb7a50abc4915838d9f54501a?s=96&d=mm&r=g","url":"https:\/\/secure.gravatar.com\/avatar\/aa9d3d24c83f2141e5e2709d0f63d09a99f6be6bb7a50abc4915838d9f54501a?s=96&d=mm&r=g","contentUrl":"https:\/\/secure.gravatar.com\/avatar\/aa9d3d24c83f2141e5e2709d0f63d09a99f6be6bb7a50abc4915838d9f54501a?s=96&d=mm&r=g","caption":"Mathieu"},"url":"https:\/\/www.altercampagne.net\/?author=214"}]}},"_links":{"self":[{"href":"https:\/\/www.altercampagne.net\/index.php?rest_route=\/wp\/v2\/posts\/3639","targetHints":{"allow":["GET"]}}],"collection":[{"href":"https:\/\/www.altercampagne.net\/index.php?rest_route=\/wp\/v2\/posts"}],"about":[{"href":"https:\/\/www.altercampagne.net\/index.php?rest_route=\/wp\/v2\/types\/post"}],"author":[{"embeddable":true,"href":"https:\/\/www.altercampagne.net\/index.php?rest_route=\/wp\/v2\/users\/214"}],"replies":[{"embeddable":true,"href":"https:\/\/www.altercampagne.net\/index.php?rest_route=%2Fwp%2Fv2%2Fcomments&post=3639"}],"version-history":[{"count":0,"href":"https:\/\/www.altercampagne.net\/index.php?rest_route=\/wp\/v2\/posts\/3639\/revisions"}],"wp:featuredmedia":[{"embeddable":true,"href":"https:\/\/www.altercampagne.net\/index.php?rest_route=\/wp\/v2\/media\/15765"}],"wp:attachment":[{"href":"https:\/\/www.altercampagne.net\/index.php?rest_route=%2Fwp%2Fv2%2Fmedia&parent=3639"}],"wp:term":[{"taxonomy":"category","embeddable":true,"href":"https:\/\/www.altercampagne.net\/index.php?rest_route=%2Fwp%2Fv2%2Fcategories&post=3639"},{"taxonomy":"post_tag","embeddable":true,"href":"https:\/\/www.altercampagne.net\/index.php?rest_route=%2Fwp%2Fv2%2Ftags&post=3639"}],"curies":[{"name":"wp","href":"https:\/\/api.w.org\/{rel}","templated":true}]}}