{"id":3643,"date":"2012-08-14T17:26:32","date_gmt":"2012-08-14T15:26:32","guid":{"rendered":"http:\/\/www.altercampagne.net\/?p=3643"},"modified":"2019-09-16T16:06:32","modified_gmt":"2019-09-16T14:06:32","slug":"etape-du-mardi-14-aout-astarac-a-montaut","status":"publish","type":"post","link":"https:\/\/www.altercampagne.net\/?p=3643","title":{"rendered":"\u00c9tape du mardi 14 ao\u00fbt : Astarac \u00e0 Montaut"},"content":{"rendered":"<p class=\"Style271 Style138\" align=\"justify\"><strong>De la terre \u00e0 la terre<\/strong><\/p>\n<p class=\"Style138 Style271\" align=\"justify\">Apr\u00e8s une grasse mat\u2019 jusqu\u2019\u00e0 7 heures et un r\u00e9veil au son de la clarinette et de l\u2019accord\u00e9on, d\u00e9part du lieu magique o\u00f9 nous ont accueillis Martine et G\u00e9rard pour visiter, \u00e0 5 km de l\u00e0 (\u00e0 Juilles), un chantier de restauration d\u2019un b\u00e2timent en pis\u00e9 : une vieille grange datant du XII\u00e8me ou XV\u00e8me si\u00e8cle, de taille impressionnante, avec ses deux \u00e9tages dont le deuxi\u00e8me en encorbellement.<\/p>\n<p class=\"Style138 Style271\" align=\"justify\">Son usage initial \u00e9tait le stockage de grain ; ce n\u2019est qu\u2019au XX\u00e8me si\u00e8cle qu\u2019elle a \u00e9t\u00e9 transform\u00e9e en maison d\u2019habitation, avec le percement d\u2019ouvertures au rez-de-chauss\u00e9e. Habit\u00e9e jusqu\u2019en 1995 par les grands-parents d\u2019Olivier Romegua, le ma\u00e7on qui nous la fait visiter, la restauration a commenc\u00e9 il y a trois ans ; la terre utilis\u00e9e vient de la parcelle d\u2019\u00e0 c\u00f4t\u00e9. A propos de terre, Olivier, de m\u00eame que G\u00e9rard (notre accueillant de la veille) avec qui il a restaure la grange, est aussi cultivateur : G\u00e9rard nous expliquait qu\u2019il ne voyait pas de diff\u00e9rence entre le travail de la terre en tant que paysan et celui de la terre crue en tant que ma\u00e7on. Elle a la m\u00eame odeur.<\/p>\n<p class=\"Style271 Style138\" align=\"justify\"><strong>Rude journ\u00e9e <\/strong><\/p>\n<p class=\"Style138 Style271\" align=\"justify\">L\u2019\u00e9tape du matin faisait 25 km sur le papier\u2026 mais 40 sur la route. R\u00e9sultat : pas de relais, des c\u00f4tes sous le soleil qui cogne, et une bonne heure et demi de retard au repas du midi qui nous a fait zapper la visite de la ch\u00e8vrerie \u00e0 Durban. Apr\u00e8s un d\u00e9jeuner sur l\u2019herbe, on a quand m\u00eame eu droit \u00e0 une baignade dans le lac de l\u2019agriculteur servant \u00e0 l\u2019irrigation (euh\u2026 qui a dit que \u00e7a pourrait nous poser des probl\u00e8mes d\u2019\u00e9thique ?) avant de reprendre la route sous le soleil.<\/p>\n<p class=\"Style138 Style271\" align=\"justify\">Ce fut la journ\u00e9e des chutes : Manuela et Lydia ont inaugur\u00e9 la matin\u00e9e en se ramassant juste apr\u00e8s le d\u00e9part sur des gravillons sournois en descente. Pas trop grave mais douloureux. L\u2019apr\u00e8s-midi, c\u2019est Bruno qui s\u2019est cru sur une piste de bobsleigh et s\u2019est amus\u00e9 \u00e0 tester la r\u00e9sistance de son handbike aux tonneaux, entra\u00eenant Jean-Luc dans sa chute. Il faut dire que les lacets de la descente \u00e9taient serr\u00e9s et la vitesse trop \u00e9lev\u00e9e : la faute au manque de lucidit\u00e9 elle-m\u00eame due \u00e0 la fatigue. Ils s\u2019en sont heureusement bien sortis, et le lendemain Bruno mettait un casque !<\/p>\n<p class=\"Style271 Style138\" align=\"justify\">\u00a0<strong>De l\u2019\u00e9coconstruction au gaz de schiste <\/strong><\/p>\n<p class=\"Style138 Style271\" align=\"justify\">Des fois qu\u2019on s\u2019ennuie, on avait encore deux activit\u00e9s pr\u00e9vues \u00e0 notre arriv\u00e9e \u00e0 Montaut. La premi\u00e8re c\u2019\u00e9tait la visite d\u2019Astarac, une entreprise de mat\u00e9riaux \u00e9cologiques n\u00e9e d\u2019une scierie familiale, qui fournit aux artisans et professionnels des planchers en bois locaux, de la chenevotte (excellent isolant), et commercialise d\u2019autres mat\u00e9riaux de construction ou de d\u00e9coration exclusivement \u00e9cologiques. Ils<\/p>\n<p class=\"Style138 Style271\" align=\"justify\"><img loading=\"lazy\" decoding=\"async\" class=\" alignright\" src=\"http:\/\/altercampagne.free.fr\/pages\/2008\/AlterTour\/pic\/2012-GEDC1369.jpg\" alt=\"\" width=\"260\" height=\"240\" \/><\/p>\n<p class=\"Style138 Style271\" align=\"justify\">construisent \u00e9galement une maison associant des murs en pierre de r\u00e9cup\u00e9ration, de l\u2019ossature bois remplie de terre-chaux-chanvre, et comptent d\u00e9velopper des activit\u00e9s de formation. Pas le temps de s\u2019attarder \u00e0 l\u2019excellent repas fourni par notre h\u00f4te avant de courir en soir\u00e9e assister au d\u00e9bat sur la lutte locale contre les gaz de schiste, jug\u00e9 tr\u00e8s int\u00e9ressant par ceux qui ont eu le courage de rester r\u00e9veill\u00e9s.<\/p>\n<p class=\"Style271 Style138\" align=\"justify\">\u00a0<strong>Question subsidiaire <\/strong><\/p>\n<p class=\"Style138 Style271\" align=\"justify\">Il y avait beaucoup de ma\u00efs irrigu\u00e9 dans les champs \u00e0 c\u00f4t\u00e9 desquels on passait, et on a largement profit\u00e9 des arrosages pour se rafra\u00eechir un peu. Mais au nom de la coh\u00e9rence avec les principes de l\u2019AlterTour qui visent \u00e0 promouvoir un mode d\u2019agriculture moins gourmand en eau, doit-on \u00e9viter sto\u00efquement les gouttes d\u2019eau ? Pire : doit-on s\u2019interdire de se baigner comme on l\u2019a fait avec jouissance (si si, j\u2019ai entendu des cris orgasmiques) dans une retenue collinaire pour ne pas cautionner les syst\u00e8mes qui permettent de cultiver des vari\u00e9t\u00e9s de ma\u00efs inadapt\u00e9es \u00e0 nos climats ? Apr\u00e8s discussion avec Jean-Marc, nous proposons la motion suivante : on ne se baignera plus dans de tels lacs, on ne se mouillera plus sous l\u2019arrosage du ma\u00efs\u2026 jusqu\u2019\u00e0 la prochaine fois !<\/p>\n<p class=\"Style138 Style271\" style=\"text-align: right;\" align=\"justify\"><strong>Laurence<\/strong><\/p>\n","protected":false},"excerpt":{"rendered":"<p>De la terre \u00e0 la terre Apr\u00e8s une grasse mat\u2019 jusqu\u2019\u00e0 7 heures et un r\u00e9veil au son de la clarinette et de l\u2019accord\u00e9on, d\u00e9part du lieu magique o\u00f9 nous ont accueillis Martine et G\u00e9rard pour visiter, \u00e0 5 km de l\u00e0 (\u00e0 Juilles), un chantier de restauration d\u2019un b\u00e2timent &#8230; <\/p>\n<div><a href=\"https:\/\/www.altercampagne.net\/?p=3643\" class=\"more-link\">Read More<\/a><\/div>\n","protected":false},"author":214,"featured_media":15770,"comment_status":"closed","ping_status":"closed","sticky":false,"template":"","format":"standard","meta":{"footnotes":""},"categories":[3485,3479,3463],"tags":[251,287,852,892,1162,1163,1170,1171,1172,1814,1815,1865],"class_list":["post-3643","post","type-post","status-publish","format-standard","has-post-thumbnail","hentry","category-habitat","category-nouvelle-aquitaine","category-edition-2012","tag-eco-construction","tag-gaz-de-schiste","tag-altertour-2012","tag-aquitaine","tag-montaut","tag-astarac","tag-olivier-romegua","tag-chevrerie-a-durban","tag-terre-chaux-chanvre","tag-1814","tag-pyrenees-atlantiques","tag-juilles"],"yoast_head":"<!-- This site is optimized with the Yoast SEO plugin v27.3 - https:\/\/yoast.com\/product\/yoast-seo-wordpress\/ -->\n<title>\u00c9tape du mardi 14 ao\u00fbt : Astarac \u00e0 Montaut - AlterTour<\/title>\n<meta name=\"robots\" content=\"index, follow, max-snippet:-1, max-image-preview:large, max-video-preview:-1\" \/>\n<link rel=\"canonical\" href=\"https:\/\/www.altercampagne.net\/?p=3643\" \/>\n<meta property=\"og:locale\" content=\"fr_FR\" \/>\n<meta property=\"og:type\" content=\"article\" \/>\n<meta property=\"og:title\" content=\"\u00c9tape du mardi 14 ao\u00fbt : Astarac \u00e0 Montaut - AlterTour\" \/>\n<meta property=\"og:description\" content=\"De la terre \u00e0 la terre Apr\u00e8s une grasse mat\u2019 jusqu\u2019\u00e0 7 heures et un r\u00e9veil au son de la clarinette et de l\u2019accord\u00e9on, d\u00e9part du lieu magique o\u00f9 nous ont accueillis Martine et G\u00e9rard pour visiter, \u00e0 5 km de l\u00e0 (\u00e0 Juilles), un chantier de restauration d\u2019un b\u00e2timent ... Read More\" \/>\n<meta property=\"og:url\" content=\"https:\/\/www.altercampagne.net\/?p=3643\" \/>\n<meta property=\"og:site_name\" content=\"AlterTour\" \/>\n<meta property=\"article:published_time\" content=\"2012-08-14T15:26:32+00:00\" \/>\n<meta property=\"article:modified_time\" content=\"2019-09-16T14:06:32+00:00\" \/>\n<meta property=\"og:image\" content=\"https:\/\/www.altercampagne.net\/wp-content\/uploads\/2012\/08\/2012-08-14_11.13.48_99871.jpg\" \/>\n\t<meta property=\"og:image:width\" content=\"720\" \/>\n\t<meta property=\"og:image:height\" content=\"483\" \/>\n\t<meta property=\"og:image:type\" content=\"image\/jpeg\" \/>\n<meta name=\"author\" content=\"Mathieu\" \/>\n<meta name=\"twitter:card\" content=\"summary_large_image\" \/>\n<meta name=\"twitter:label1\" content=\"\u00c9crit par\" \/>\n\t<meta name=\"twitter:data1\" content=\"Mathieu\" \/>\n\t<meta name=\"twitter:label2\" content=\"Dur\u00e9e de lecture estim\u00e9e\" \/>\n\t<meta name=\"twitter:data2\" content=\"4 minutes\" \/>\n<script type=\"application\/ld+json\" class=\"yoast-schema-graph\">{\"@context\":\"https:\\\/\\\/schema.org\",\"@graph\":[{\"@type\":\"Article\",\"@id\":\"https:\\\/\\\/www.altercampagne.net\\\/?p=3643#article\",\"isPartOf\":{\"@id\":\"https:\\\/\\\/www.altercampagne.net\\\/?p=3643\"},\"author\":{\"name\":\"Mathieu\",\"@id\":\"https:\\\/\\\/www.altercampagne.net\\\/#\\\/schema\\\/person\\\/0f261460c09e430caa0f9bcffa319109\"},\"headline\":\"\u00c9tape du mardi 14 ao\u00fbt : Astarac \u00e0 Montaut\",\"datePublished\":\"2012-08-14T15:26:32+00:00\",\"dateModified\":\"2019-09-16T14:06:32+00:00\",\"mainEntityOfPage\":{\"@id\":\"https:\\\/\\\/www.altercampagne.net\\\/?p=3643\"},\"wordCount\":740,\"image\":{\"@id\":\"https:\\\/\\\/www.altercampagne.net\\\/?p=3643#primaryimage\"},\"thumbnailUrl\":\"https:\\\/\\\/www.altercampagne.net\\\/wp-content\\\/uploads\\\/2012\\\/08\\\/2012-08-14_11.13.48_99871.jpg\",\"keywords\":[\"\u00e9co-construction\",\"gaz de schiste\",\"AlterTour 2012\",\"Aquitaine\",\"Montaut\",\"Astarac\",\"Olivier Romegua\",\"ch\u00e8vrerie \u00e0 Durban\",\"terre-chaux-chanvre\",\"2012\",\"Pyr\u00e9n\u00e9es-Atlantiques\",\"Juilles\"],\"articleSection\":[\"Habitat\",\"Nouvelle-Aquitaine\",\"\u00c9dition 2012\"],\"inLanguage\":\"fr-FR\"},{\"@type\":\"WebPage\",\"@id\":\"https:\\\/\\\/www.altercampagne.net\\\/?p=3643\",\"url\":\"https:\\\/\\\/www.altercampagne.net\\\/?p=3643\",\"name\":\"\u00c9tape du mardi 14 ao\u00fbt : Astarac \u00e0 Montaut - AlterTour\",\"isPartOf\":{\"@id\":\"https:\\\/\\\/www.altercampagne.net\\\/#website\"},\"primaryImageOfPage\":{\"@id\":\"https:\\\/\\\/www.altercampagne.net\\\/?p=3643#primaryimage\"},\"image\":{\"@id\":\"https:\\\/\\\/www.altercampagne.net\\\/?p=3643#primaryimage\"},\"thumbnailUrl\":\"https:\\\/\\\/www.altercampagne.net\\\/wp-content\\\/uploads\\\/2012\\\/08\\\/2012-08-14_11.13.48_99871.jpg\",\"datePublished\":\"2012-08-14T15:26:32+00:00\",\"dateModified\":\"2019-09-16T14:06:32+00:00\",\"author\":{\"@id\":\"https:\\\/\\\/www.altercampagne.net\\\/#\\\/schema\\\/person\\\/0f261460c09e430caa0f9bcffa319109\"},\"breadcrumb\":{\"@id\":\"https:\\\/\\\/www.altercampagne.net\\\/?p=3643#breadcrumb\"},\"inLanguage\":\"fr-FR\",\"potentialAction\":[{\"@type\":\"ReadAction\",\"target\":[\"https:\\\/\\\/www.altercampagne.net\\\/?p=3643\"]}]},{\"@type\":\"ImageObject\",\"inLanguage\":\"fr-FR\",\"@id\":\"https:\\\/\\\/www.altercampagne.net\\\/?p=3643#primaryimage\",\"url\":\"https:\\\/\\\/www.altercampagne.net\\\/wp-content\\\/uploads\\\/2012\\\/08\\\/2012-08-14_11.13.48_99871.jpg\",\"contentUrl\":\"https:\\\/\\\/www.altercampagne.net\\\/wp-content\\\/uploads\\\/2012\\\/08\\\/2012-08-14_11.13.48_99871.jpg\",\"width\":720,\"height\":483},{\"@type\":\"BreadcrumbList\",\"@id\":\"https:\\\/\\\/www.altercampagne.net\\\/?p=3643#breadcrumb\",\"itemListElement\":[{\"@type\":\"ListItem\",\"position\":1,\"name\":\"Accueil\",\"item\":\"https:\\\/\\\/www.altercampagne.net\\\/\"},{\"@type\":\"ListItem\",\"position\":2,\"name\":\"\u00c9tape du mardi 14 ao\u00fbt : Astarac \u00e0 Montaut\"}]},{\"@type\":\"WebSite\",\"@id\":\"https:\\\/\\\/www.altercampagne.net\\\/#website\",\"url\":\"https:\\\/\\\/www.altercampagne.net\\\/\",\"name\":\"AlterTour\",\"description\":\"Reliez les Alternatives \u00e0 v\u00e9lo\",\"potentialAction\":[{\"@type\":\"SearchAction\",\"target\":{\"@type\":\"EntryPoint\",\"urlTemplate\":\"https:\\\/\\\/www.altercampagne.net\\\/?s={search_term_string}\"},\"query-input\":{\"@type\":\"PropertyValueSpecification\",\"valueRequired\":true,\"valueName\":\"search_term_string\"}}],\"inLanguage\":\"fr-FR\"},{\"@type\":\"Person\",\"@id\":\"https:\\\/\\\/www.altercampagne.net\\\/#\\\/schema\\\/person\\\/0f261460c09e430caa0f9bcffa319109\",\"name\":\"Mathieu\",\"image\":{\"@type\":\"ImageObject\",\"inLanguage\":\"fr-FR\",\"@id\":\"https:\\\/\\\/secure.gravatar.com\\\/avatar\\\/aa9d3d24c83f2141e5e2709d0f63d09a99f6be6bb7a50abc4915838d9f54501a?s=96&d=mm&r=g\",\"url\":\"https:\\\/\\\/secure.gravatar.com\\\/avatar\\\/aa9d3d24c83f2141e5e2709d0f63d09a99f6be6bb7a50abc4915838d9f54501a?s=96&d=mm&r=g\",\"contentUrl\":\"https:\\\/\\\/secure.gravatar.com\\\/avatar\\\/aa9d3d24c83f2141e5e2709d0f63d09a99f6be6bb7a50abc4915838d9f54501a?s=96&d=mm&r=g\",\"caption\":\"Mathieu\"},\"url\":\"https:\\\/\\\/www.altercampagne.net\\\/?author=214\"}]}<\/script>\n<!-- \/ Yoast SEO plugin. -->","yoast_head_json":{"title":"\u00c9tape du mardi 14 ao\u00fbt : Astarac \u00e0 Montaut - AlterTour","robots":{"index":"index","follow":"follow","max-snippet":"max-snippet:-1","max-image-preview":"max-image-preview:large","max-video-preview":"max-video-preview:-1"},"canonical":"https:\/\/www.altercampagne.net\/?p=3643","og_locale":"fr_FR","og_type":"article","og_title":"\u00c9tape du mardi 14 ao\u00fbt : Astarac \u00e0 Montaut - AlterTour","og_description":"De la terre \u00e0 la terre Apr\u00e8s une grasse mat\u2019 jusqu\u2019\u00e0 7 heures et un r\u00e9veil au son de la clarinette et de l\u2019accord\u00e9on, d\u00e9part du lieu magique o\u00f9 nous ont accueillis Martine et G\u00e9rard pour visiter, \u00e0 5 km de l\u00e0 (\u00e0 Juilles), un chantier de restauration d\u2019un b\u00e2timent ... Read More","og_url":"https:\/\/www.altercampagne.net\/?p=3643","og_site_name":"AlterTour","article_published_time":"2012-08-14T15:26:32+00:00","article_modified_time":"2019-09-16T14:06:32+00:00","og_image":[{"width":720,"height":483,"url":"https:\/\/www.altercampagne.net\/wp-content\/uploads\/2012\/08\/2012-08-14_11.13.48_99871.jpg","type":"image\/jpeg"}],"author":"Mathieu","twitter_card":"summary_large_image","twitter_misc":{"\u00c9crit par":"Mathieu","Dur\u00e9e de lecture estim\u00e9e":"4 minutes"},"schema":{"@context":"https:\/\/schema.org","@graph":[{"@type":"Article","@id":"https:\/\/www.altercampagne.net\/?p=3643#article","isPartOf":{"@id":"https:\/\/www.altercampagne.net\/?p=3643"},"author":{"name":"Mathieu","@id":"https:\/\/www.altercampagne.net\/#\/schema\/person\/0f261460c09e430caa0f9bcffa319109"},"headline":"\u00c9tape du mardi 14 ao\u00fbt : Astarac \u00e0 Montaut","datePublished":"2012-08-14T15:26:32+00:00","dateModified":"2019-09-16T14:06:32+00:00","mainEntityOfPage":{"@id":"https:\/\/www.altercampagne.net\/?p=3643"},"wordCount":740,"image":{"@id":"https:\/\/www.altercampagne.net\/?p=3643#primaryimage"},"thumbnailUrl":"https:\/\/www.altercampagne.net\/wp-content\/uploads\/2012\/08\/2012-08-14_11.13.48_99871.jpg","keywords":["\u00e9co-construction","gaz de schiste","AlterTour 2012","Aquitaine","Montaut","Astarac","Olivier Romegua","ch\u00e8vrerie \u00e0 Durban","terre-chaux-chanvre","2012","Pyr\u00e9n\u00e9es-Atlantiques","Juilles"],"articleSection":["Habitat","Nouvelle-Aquitaine","\u00c9dition 2012"],"inLanguage":"fr-FR"},{"@type":"WebPage","@id":"https:\/\/www.altercampagne.net\/?p=3643","url":"https:\/\/www.altercampagne.net\/?p=3643","name":"\u00c9tape du mardi 14 ao\u00fbt : Astarac \u00e0 Montaut - AlterTour","isPartOf":{"@id":"https:\/\/www.altercampagne.net\/#website"},"primaryImageOfPage":{"@id":"https:\/\/www.altercampagne.net\/?p=3643#primaryimage"},"image":{"@id":"https:\/\/www.altercampagne.net\/?p=3643#primaryimage"},"thumbnailUrl":"https:\/\/www.altercampagne.net\/wp-content\/uploads\/2012\/08\/2012-08-14_11.13.48_99871.jpg","datePublished":"2012-08-14T15:26:32+00:00","dateModified":"2019-09-16T14:06:32+00:00","author":{"@id":"https:\/\/www.altercampagne.net\/#\/schema\/person\/0f261460c09e430caa0f9bcffa319109"},"breadcrumb":{"@id":"https:\/\/www.altercampagne.net\/?p=3643#breadcrumb"},"inLanguage":"fr-FR","potentialAction":[{"@type":"ReadAction","target":["https:\/\/www.altercampagne.net\/?p=3643"]}]},{"@type":"ImageObject","inLanguage":"fr-FR","@id":"https:\/\/www.altercampagne.net\/?p=3643#primaryimage","url":"https:\/\/www.altercampagne.net\/wp-content\/uploads\/2012\/08\/2012-08-14_11.13.48_99871.jpg","contentUrl":"https:\/\/www.altercampagne.net\/wp-content\/uploads\/2012\/08\/2012-08-14_11.13.48_99871.jpg","width":720,"height":483},{"@type":"BreadcrumbList","@id":"https:\/\/www.altercampagne.net\/?p=3643#breadcrumb","itemListElement":[{"@type":"ListItem","position":1,"name":"Accueil","item":"https:\/\/www.altercampagne.net\/"},{"@type":"ListItem","position":2,"name":"\u00c9tape du mardi 14 ao\u00fbt : Astarac \u00e0 Montaut"}]},{"@type":"WebSite","@id":"https:\/\/www.altercampagne.net\/#website","url":"https:\/\/www.altercampagne.net\/","name":"AlterTour","description":"Reliez les Alternatives \u00e0 v\u00e9lo","potentialAction":[{"@type":"SearchAction","target":{"@type":"EntryPoint","urlTemplate":"https:\/\/www.altercampagne.net\/?s={search_term_string}"},"query-input":{"@type":"PropertyValueSpecification","valueRequired":true,"valueName":"search_term_string"}}],"inLanguage":"fr-FR"},{"@type":"Person","@id":"https:\/\/www.altercampagne.net\/#\/schema\/person\/0f261460c09e430caa0f9bcffa319109","name":"Mathieu","image":{"@type":"ImageObject","inLanguage":"fr-FR","@id":"https:\/\/secure.gravatar.com\/avatar\/aa9d3d24c83f2141e5e2709d0f63d09a99f6be6bb7a50abc4915838d9f54501a?s=96&d=mm&r=g","url":"https:\/\/secure.gravatar.com\/avatar\/aa9d3d24c83f2141e5e2709d0f63d09a99f6be6bb7a50abc4915838d9f54501a?s=96&d=mm&r=g","contentUrl":"https:\/\/secure.gravatar.com\/avatar\/aa9d3d24c83f2141e5e2709d0f63d09a99f6be6bb7a50abc4915838d9f54501a?s=96&d=mm&r=g","caption":"Mathieu"},"url":"https:\/\/www.altercampagne.net\/?author=214"}]}},"_links":{"self":[{"href":"https:\/\/www.altercampagne.net\/index.php?rest_route=\/wp\/v2\/posts\/3643","targetHints":{"allow":["GET"]}}],"collection":[{"href":"https:\/\/www.altercampagne.net\/index.php?rest_route=\/wp\/v2\/posts"}],"about":[{"href":"https:\/\/www.altercampagne.net\/index.php?rest_route=\/wp\/v2\/types\/post"}],"author":[{"embeddable":true,"href":"https:\/\/www.altercampagne.net\/index.php?rest_route=\/wp\/v2\/users\/214"}],"replies":[{"embeddable":true,"href":"https:\/\/www.altercampagne.net\/index.php?rest_route=%2Fwp%2Fv2%2Fcomments&post=3643"}],"version-history":[{"count":0,"href":"https:\/\/www.altercampagne.net\/index.php?rest_route=\/wp\/v2\/posts\/3643\/revisions"}],"wp:featuredmedia":[{"embeddable":true,"href":"https:\/\/www.altercampagne.net\/index.php?rest_route=\/wp\/v2\/media\/15770"}],"wp:attachment":[{"href":"https:\/\/www.altercampagne.net\/index.php?rest_route=%2Fwp%2Fv2%2Fmedia&parent=3643"}],"wp:term":[{"taxonomy":"category","embeddable":true,"href":"https:\/\/www.altercampagne.net\/index.php?rest_route=%2Fwp%2Fv2%2Fcategories&post=3643"},{"taxonomy":"post_tag","embeddable":true,"href":"https:\/\/www.altercampagne.net\/index.php?rest_route=%2Fwp%2Fv2%2Ftags&post=3643"}],"curies":[{"name":"wp","href":"https:\/\/api.w.org\/{rel}","templated":true}]}}