{"id":3645,"date":"2012-08-13T00:34:11","date_gmt":"2012-08-12T22:34:11","guid":{"rendered":"http:\/\/www.altercampagne.net\/?p=3645"},"modified":"2019-09-16T16:12:50","modified_gmt":"2019-09-16T14:12:50","slug":"etape-du-13-aout-terres-de-save-a-levignac-et-calterra","status":"publish","type":"post","link":"https:\/\/www.altercampagne.net\/?p=3645","title":{"rendered":"\u00c9tape du 13 ao\u00fbt : Le CREA, Terres de Save et Calterra"},"content":{"rendered":"<p><img loading=\"lazy\" decoding=\"async\" class=\" alignleft\" src=\"https:\/\/lh5.googleusercontent.com\/-PO6GBC0URX8\/UC06ETLes2I\/AAAAAAAAKb0\/3pB4o38iBL4\/s512\/2012-08-13_07.51.34_9822.jpg\" alt=\"\" width=\"200\" height=\"298\" \/><\/p>\n<p>Debout aux aurores pour soutenir les personnes du <a href=\"http:\/\/creatoulouse.squat.net\/\" target=\"_blank\" rel=\"noopener noreferrer\"><strong>CREA Toulouse<\/strong><\/a> menac\u00e9es d\u2019expulsion depuis quelques heures et petit d\u00e9jeuner sous leurs fen\u00eatres, pour ensuite prendre les chemins de bord de l\u2019eau et quitter Toulouse.<\/p>\n<p>Nous partons de la ville rose en direction du sud ouest. Pour d\u00e9jeuner nous sommes accueillis \u00e0 L\u00e9vignac par Alexis Chaptinel et son \u00e9quipe dans les jardins g\u00e9r\u00e9s par l&rsquo;association Terres de Save. Voil\u00e0 \u00e0 nouveau une belle initiative : jardins partag\u00e9s, parcelles communes\u2026 par exemple des personnes ag\u00e9es peuvent participer au jardinage en offrant leurs savoirs \u00e0 des personnes aux revenus modestes qui apprennent \u00e0 jardiner et peuvent ainsi r\u00e9cup\u00e9rer des l\u00e9gumes : partage de savoirs et de bonne humeur, de l\u00e9gumes, de coup de main, de chaleur\u2026<\/p>\n<p class=\"Style138 Style271\" align=\"justify\"><img loading=\"lazy\" decoding=\"async\" class=\" alignright\" src=\"https:\/\/lh5.googleusercontent.com\/-uaUyca466mY\/UC06OgtdCSI\/AAAAAAAAKe4\/W2y0KvKZceg\/s512\/2012-08-14_09.03.10_9944.jpg\" alt=\"\" width=\"200\" height=\"298\" \/><\/p>\n<p class=\"Style138 Style271\" align=\"justify\">Nous reprenons la route sous le soleil qui ne faiblit pas, pendant que d\u2019autres visitent quelques parcelles de ma\u00efs. Des \u00e9v\u00e8nements ponctuent l\u2019apr\u00e8s midi ! la remorque \u00e0 v\u00e9lo se d\u00e9tache, les kilom\u00e8tres sous la chaleur \u00e7a fatigue, on perd 2 altercyclistes\u2026<\/p>\n<p class=\"Style138 Style271\" align=\"justify\">Enfin nous arrivons avec joie chez G\u00e9rard Viv\u00e8s et Martine Moulet dans leur petit paradis calme et paisible. Ils travaillent la terre crue (Entreprise <a href=\"https:\/\/www.calterra-gers.fr\/\" target=\"_blank\" rel=\"noopener noreferrer\"><strong>Calterra<\/strong><\/a>), apr\u00e8s avoir \u00e9t\u00e9 paysans sont devenus des b\u00e2tisseurs, et accueillent aussi des p\u00e9lerins. Jean-Robin prend sa Guitare pour nous chanter quelques airs, le soleil ocre se couche devant nos yeux\u2026<\/p>\n","protected":false},"excerpt":{"rendered":"<p>Debout aux aurores pour soutenir les personnes du CREA Toulouse menac\u00e9es d\u2019expulsion depuis quelques heures et petit d\u00e9jeuner sous leurs fen\u00eatres, pour ensuite prendre les chemins de bord de l\u2019eau et quitter Toulouse. Nous partons de la ville rose en direction du sud ouest. Pour d\u00e9jeuner nous sommes accueillis \u00e0 &#8230; <\/p>\n<div><a href=\"https:\/\/www.altercampagne.net\/?p=3645\" class=\"more-link\">Read More<\/a><\/div>\n","protected":false},"author":214,"featured_media":15773,"comment_status":"closed","ping_status":"closed","sticky":false,"template":"","format":"standard","meta":{"footnotes":""},"categories":[3485,3542,3480,3488,3463],"tags":[85,88,1173,1174,1175,1176,1177,1178,1179,1844,2372,2373],"class_list":["post-3645","post","type-post","status-publish","format-standard","has-post-thumbnail","hentry","category-habitat","category-lutte","category-occitanie","category-social","category-edition-2012","tag-haute-garonne","tag-toulouse","tag-crea","tag-levignac","tag-alexis-chaptinel","tag-terres-de-save","tag-gerard-vives","tag-martine-moulet","tag-calterra","tag-midi-pyrenees","tag-levignac-sur-save","tag-crea-toulouse"],"yoast_head":"<!-- This site is optimized with the Yoast SEO plugin v27.3 - https:\/\/yoast.com\/product\/yoast-seo-wordpress\/ -->\n<title>\u00c9tape du 13 ao\u00fbt : Le CREA, Terres de Save et Calterra - AlterTour<\/title>\n<meta name=\"robots\" content=\"index, follow, max-snippet:-1, max-image-preview:large, max-video-preview:-1\" \/>\n<link rel=\"canonical\" href=\"https:\/\/www.altercampagne.net\/?p=3645\" \/>\n<meta property=\"og:locale\" content=\"fr_FR\" \/>\n<meta property=\"og:type\" content=\"article\" \/>\n<meta property=\"og:title\" content=\"\u00c9tape du 13 ao\u00fbt : Le CREA, Terres de Save et Calterra - AlterTour\" \/>\n<meta property=\"og:description\" content=\"Debout aux aurores pour soutenir les personnes du CREA Toulouse menac\u00e9es d\u2019expulsion depuis quelques heures et petit d\u00e9jeuner sous leurs fen\u00eatres, pour ensuite prendre les chemins de bord de l\u2019eau et quitter Toulouse. Nous partons de la ville rose en direction du sud ouest. Pour d\u00e9jeuner nous sommes accueillis \u00e0 ... Read More\" \/>\n<meta property=\"og:url\" content=\"https:\/\/www.altercampagne.net\/?p=3645\" \/>\n<meta property=\"og:site_name\" content=\"AlterTour\" \/>\n<meta property=\"article:published_time\" content=\"2012-08-12T22:34:11+00:00\" \/>\n<meta property=\"article:modified_time\" content=\"2019-09-16T14:12:50+00:00\" \/>\n<meta property=\"og:image\" content=\"https:\/\/www.altercampagne.net\/wp-content\/uploads\/2012\/08\/2012-08-13_12.17.jpg\" \/>\n\t<meta property=\"og:image:width\" content=\"907\" \/>\n\t<meta property=\"og:image:height\" content=\"474\" \/>\n\t<meta property=\"og:image:type\" content=\"image\/jpeg\" \/>\n<meta name=\"author\" content=\"Mathieu\" \/>\n<meta name=\"twitter:card\" content=\"summary_large_image\" \/>\n<meta name=\"twitter:label1\" content=\"\u00c9crit par\" \/>\n\t<meta name=\"twitter:data1\" content=\"Mathieu\" \/>\n\t<meta name=\"twitter:label2\" content=\"Dur\u00e9e de lecture estim\u00e9e\" \/>\n\t<meta name=\"twitter:data2\" content=\"1 minute\" \/>\n<script type=\"application\/ld+json\" class=\"yoast-schema-graph\">{\"@context\":\"https:\\\/\\\/schema.org\",\"@graph\":[{\"@type\":\"Article\",\"@id\":\"https:\\\/\\\/www.altercampagne.net\\\/?p=3645#article\",\"isPartOf\":{\"@id\":\"https:\\\/\\\/www.altercampagne.net\\\/?p=3645\"},\"author\":{\"name\":\"Mathieu\",\"@id\":\"https:\\\/\\\/www.altercampagne.net\\\/#\\\/schema\\\/person\\\/0f261460c09e430caa0f9bcffa319109\"},\"headline\":\"\u00c9tape du 13 ao\u00fbt : Le CREA, Terres de Save et Calterra\",\"datePublished\":\"2012-08-12T22:34:11+00:00\",\"dateModified\":\"2019-09-16T14:12:50+00:00\",\"mainEntityOfPage\":{\"@id\":\"https:\\\/\\\/www.altercampagne.net\\\/?p=3645\"},\"wordCount\":250,\"image\":{\"@id\":\"https:\\\/\\\/www.altercampagne.net\\\/?p=3645#primaryimage\"},\"thumbnailUrl\":\"https:\\\/\\\/www.altercampagne.net\\\/wp-content\\\/uploads\\\/2012\\\/08\\\/2012-08-13_12.17.jpg\",\"keywords\":[\"Haute-Garonne\",\"Toulouse\",\"CREA\",\"L\u00e9vignac\",\"Alexis Chaptinel\",\"Terres de Save\",\"G\u00e9rard Viv\u00e8s\",\"Martine Moulet\",\"calterra\",\"Midi-Pyr\u00e9n\u00e9es\",\"L\u00e9vignac-sur-Save\",\"Crea toulouse\"],\"articleSection\":[\"Habitat\",\"Lutte\",\"Occitanie\",\"Social\",\"\u00c9dition 2012\"],\"inLanguage\":\"fr-FR\"},{\"@type\":\"WebPage\",\"@id\":\"https:\\\/\\\/www.altercampagne.net\\\/?p=3645\",\"url\":\"https:\\\/\\\/www.altercampagne.net\\\/?p=3645\",\"name\":\"\u00c9tape du 13 ao\u00fbt : Le CREA, Terres de Save et Calterra - AlterTour\",\"isPartOf\":{\"@id\":\"https:\\\/\\\/www.altercampagne.net\\\/#website\"},\"primaryImageOfPage\":{\"@id\":\"https:\\\/\\\/www.altercampagne.net\\\/?p=3645#primaryimage\"},\"image\":{\"@id\":\"https:\\\/\\\/www.altercampagne.net\\\/?p=3645#primaryimage\"},\"thumbnailUrl\":\"https:\\\/\\\/www.altercampagne.net\\\/wp-content\\\/uploads\\\/2012\\\/08\\\/2012-08-13_12.17.jpg\",\"datePublished\":\"2012-08-12T22:34:11+00:00\",\"dateModified\":\"2019-09-16T14:12:50+00:00\",\"author\":{\"@id\":\"https:\\\/\\\/www.altercampagne.net\\\/#\\\/schema\\\/person\\\/0f261460c09e430caa0f9bcffa319109\"},\"breadcrumb\":{\"@id\":\"https:\\\/\\\/www.altercampagne.net\\\/?p=3645#breadcrumb\"},\"inLanguage\":\"fr-FR\",\"potentialAction\":[{\"@type\":\"ReadAction\",\"target\":[\"https:\\\/\\\/www.altercampagne.net\\\/?p=3645\"]}]},{\"@type\":\"ImageObject\",\"inLanguage\":\"fr-FR\",\"@id\":\"https:\\\/\\\/www.altercampagne.net\\\/?p=3645#primaryimage\",\"url\":\"https:\\\/\\\/www.altercampagne.net\\\/wp-content\\\/uploads\\\/2012\\\/08\\\/2012-08-13_12.17.jpg\",\"contentUrl\":\"https:\\\/\\\/www.altercampagne.net\\\/wp-content\\\/uploads\\\/2012\\\/08\\\/2012-08-13_12.17.jpg\",\"width\":907,\"height\":474},{\"@type\":\"BreadcrumbList\",\"@id\":\"https:\\\/\\\/www.altercampagne.net\\\/?p=3645#breadcrumb\",\"itemListElement\":[{\"@type\":\"ListItem\",\"position\":1,\"name\":\"Accueil\",\"item\":\"https:\\\/\\\/www.altercampagne.net\\\/\"},{\"@type\":\"ListItem\",\"position\":2,\"name\":\"\u00c9tape du 13 ao\u00fbt : Le CREA, Terres de Save et Calterra\"}]},{\"@type\":\"WebSite\",\"@id\":\"https:\\\/\\\/www.altercampagne.net\\\/#website\",\"url\":\"https:\\\/\\\/www.altercampagne.net\\\/\",\"name\":\"AlterTour\",\"description\":\"Reliez les Alternatives \u00e0 v\u00e9lo\",\"potentialAction\":[{\"@type\":\"SearchAction\",\"target\":{\"@type\":\"EntryPoint\",\"urlTemplate\":\"https:\\\/\\\/www.altercampagne.net\\\/?s={search_term_string}\"},\"query-input\":{\"@type\":\"PropertyValueSpecification\",\"valueRequired\":true,\"valueName\":\"search_term_string\"}}],\"inLanguage\":\"fr-FR\"},{\"@type\":\"Person\",\"@id\":\"https:\\\/\\\/www.altercampagne.net\\\/#\\\/schema\\\/person\\\/0f261460c09e430caa0f9bcffa319109\",\"name\":\"Mathieu\",\"image\":{\"@type\":\"ImageObject\",\"inLanguage\":\"fr-FR\",\"@id\":\"https:\\\/\\\/secure.gravatar.com\\\/avatar\\\/aa9d3d24c83f2141e5e2709d0f63d09a99f6be6bb7a50abc4915838d9f54501a?s=96&d=mm&r=g\",\"url\":\"https:\\\/\\\/secure.gravatar.com\\\/avatar\\\/aa9d3d24c83f2141e5e2709d0f63d09a99f6be6bb7a50abc4915838d9f54501a?s=96&d=mm&r=g\",\"contentUrl\":\"https:\\\/\\\/secure.gravatar.com\\\/avatar\\\/aa9d3d24c83f2141e5e2709d0f63d09a99f6be6bb7a50abc4915838d9f54501a?s=96&d=mm&r=g\",\"caption\":\"Mathieu\"},\"url\":\"https:\\\/\\\/www.altercampagne.net\\\/?author=214\"}]}<\/script>\n<!-- \/ Yoast SEO plugin. -->","yoast_head_json":{"title":"\u00c9tape du 13 ao\u00fbt : Le CREA, Terres de Save et Calterra - AlterTour","robots":{"index":"index","follow":"follow","max-snippet":"max-snippet:-1","max-image-preview":"max-image-preview:large","max-video-preview":"max-video-preview:-1"},"canonical":"https:\/\/www.altercampagne.net\/?p=3645","og_locale":"fr_FR","og_type":"article","og_title":"\u00c9tape du 13 ao\u00fbt : Le CREA, Terres de Save et Calterra - AlterTour","og_description":"Debout aux aurores pour soutenir les personnes du CREA Toulouse menac\u00e9es d\u2019expulsion depuis quelques heures et petit d\u00e9jeuner sous leurs fen\u00eatres, pour ensuite prendre les chemins de bord de l\u2019eau et quitter Toulouse. Nous partons de la ville rose en direction du sud ouest. Pour d\u00e9jeuner nous sommes accueillis \u00e0 ... Read More","og_url":"https:\/\/www.altercampagne.net\/?p=3645","og_site_name":"AlterTour","article_published_time":"2012-08-12T22:34:11+00:00","article_modified_time":"2019-09-16T14:12:50+00:00","og_image":[{"width":907,"height":474,"url":"https:\/\/www.altercampagne.net\/wp-content\/uploads\/2012\/08\/2012-08-13_12.17.jpg","type":"image\/jpeg"}],"author":"Mathieu","twitter_card":"summary_large_image","twitter_misc":{"\u00c9crit par":"Mathieu","Dur\u00e9e de lecture estim\u00e9e":"1 minute"},"schema":{"@context":"https:\/\/schema.org","@graph":[{"@type":"Article","@id":"https:\/\/www.altercampagne.net\/?p=3645#article","isPartOf":{"@id":"https:\/\/www.altercampagne.net\/?p=3645"},"author":{"name":"Mathieu","@id":"https:\/\/www.altercampagne.net\/#\/schema\/person\/0f261460c09e430caa0f9bcffa319109"},"headline":"\u00c9tape du 13 ao\u00fbt : Le CREA, Terres de Save et Calterra","datePublished":"2012-08-12T22:34:11+00:00","dateModified":"2019-09-16T14:12:50+00:00","mainEntityOfPage":{"@id":"https:\/\/www.altercampagne.net\/?p=3645"},"wordCount":250,"image":{"@id":"https:\/\/www.altercampagne.net\/?p=3645#primaryimage"},"thumbnailUrl":"https:\/\/www.altercampagne.net\/wp-content\/uploads\/2012\/08\/2012-08-13_12.17.jpg","keywords":["Haute-Garonne","Toulouse","CREA","L\u00e9vignac","Alexis Chaptinel","Terres de Save","G\u00e9rard Viv\u00e8s","Martine Moulet","calterra","Midi-Pyr\u00e9n\u00e9es","L\u00e9vignac-sur-Save","Crea toulouse"],"articleSection":["Habitat","Lutte","Occitanie","Social","\u00c9dition 2012"],"inLanguage":"fr-FR"},{"@type":"WebPage","@id":"https:\/\/www.altercampagne.net\/?p=3645","url":"https:\/\/www.altercampagne.net\/?p=3645","name":"\u00c9tape du 13 ao\u00fbt : Le CREA, Terres de Save et Calterra - AlterTour","isPartOf":{"@id":"https:\/\/www.altercampagne.net\/#website"},"primaryImageOfPage":{"@id":"https:\/\/www.altercampagne.net\/?p=3645#primaryimage"},"image":{"@id":"https:\/\/www.altercampagne.net\/?p=3645#primaryimage"},"thumbnailUrl":"https:\/\/www.altercampagne.net\/wp-content\/uploads\/2012\/08\/2012-08-13_12.17.jpg","datePublished":"2012-08-12T22:34:11+00:00","dateModified":"2019-09-16T14:12:50+00:00","author":{"@id":"https:\/\/www.altercampagne.net\/#\/schema\/person\/0f261460c09e430caa0f9bcffa319109"},"breadcrumb":{"@id":"https:\/\/www.altercampagne.net\/?p=3645#breadcrumb"},"inLanguage":"fr-FR","potentialAction":[{"@type":"ReadAction","target":["https:\/\/www.altercampagne.net\/?p=3645"]}]},{"@type":"ImageObject","inLanguage":"fr-FR","@id":"https:\/\/www.altercampagne.net\/?p=3645#primaryimage","url":"https:\/\/www.altercampagne.net\/wp-content\/uploads\/2012\/08\/2012-08-13_12.17.jpg","contentUrl":"https:\/\/www.altercampagne.net\/wp-content\/uploads\/2012\/08\/2012-08-13_12.17.jpg","width":907,"height":474},{"@type":"BreadcrumbList","@id":"https:\/\/www.altercampagne.net\/?p=3645#breadcrumb","itemListElement":[{"@type":"ListItem","position":1,"name":"Accueil","item":"https:\/\/www.altercampagne.net\/"},{"@type":"ListItem","position":2,"name":"\u00c9tape du 13 ao\u00fbt : Le CREA, Terres de Save et Calterra"}]},{"@type":"WebSite","@id":"https:\/\/www.altercampagne.net\/#website","url":"https:\/\/www.altercampagne.net\/","name":"AlterTour","description":"Reliez les Alternatives \u00e0 v\u00e9lo","potentialAction":[{"@type":"SearchAction","target":{"@type":"EntryPoint","urlTemplate":"https:\/\/www.altercampagne.net\/?s={search_term_string}"},"query-input":{"@type":"PropertyValueSpecification","valueRequired":true,"valueName":"search_term_string"}}],"inLanguage":"fr-FR"},{"@type":"Person","@id":"https:\/\/www.altercampagne.net\/#\/schema\/person\/0f261460c09e430caa0f9bcffa319109","name":"Mathieu","image":{"@type":"ImageObject","inLanguage":"fr-FR","@id":"https:\/\/secure.gravatar.com\/avatar\/aa9d3d24c83f2141e5e2709d0f63d09a99f6be6bb7a50abc4915838d9f54501a?s=96&d=mm&r=g","url":"https:\/\/secure.gravatar.com\/avatar\/aa9d3d24c83f2141e5e2709d0f63d09a99f6be6bb7a50abc4915838d9f54501a?s=96&d=mm&r=g","contentUrl":"https:\/\/secure.gravatar.com\/avatar\/aa9d3d24c83f2141e5e2709d0f63d09a99f6be6bb7a50abc4915838d9f54501a?s=96&d=mm&r=g","caption":"Mathieu"},"url":"https:\/\/www.altercampagne.net\/?author=214"}]}},"_links":{"self":[{"href":"https:\/\/www.altercampagne.net\/index.php?rest_route=\/wp\/v2\/posts\/3645","targetHints":{"allow":["GET"]}}],"collection":[{"href":"https:\/\/www.altercampagne.net\/index.php?rest_route=\/wp\/v2\/posts"}],"about":[{"href":"https:\/\/www.altercampagne.net\/index.php?rest_route=\/wp\/v2\/types\/post"}],"author":[{"embeddable":true,"href":"https:\/\/www.altercampagne.net\/index.php?rest_route=\/wp\/v2\/users\/214"}],"replies":[{"embeddable":true,"href":"https:\/\/www.altercampagne.net\/index.php?rest_route=%2Fwp%2Fv2%2Fcomments&post=3645"}],"version-history":[{"count":0,"href":"https:\/\/www.altercampagne.net\/index.php?rest_route=\/wp\/v2\/posts\/3645\/revisions"}],"wp:featuredmedia":[{"embeddable":true,"href":"https:\/\/www.altercampagne.net\/index.php?rest_route=\/wp\/v2\/media\/15773"}],"wp:attachment":[{"href":"https:\/\/www.altercampagne.net\/index.php?rest_route=%2Fwp%2Fv2%2Fmedia&parent=3645"}],"wp:term":[{"taxonomy":"category","embeddable":true,"href":"https:\/\/www.altercampagne.net\/index.php?rest_route=%2Fwp%2Fv2%2Fcategories&post=3645"},{"taxonomy":"post_tag","embeddable":true,"href":"https:\/\/www.altercampagne.net\/index.php?rest_route=%2Fwp%2Fv2%2Ftags&post=3645"}],"curies":[{"name":"wp","href":"https:\/\/api.w.org\/{rel}","templated":true}]}}