{"id":3651,"date":"2012-08-03T20:48:38","date_gmt":"2012-08-03T18:48:38","guid":{"rendered":"http:\/\/www.altercampagne.net\/?p=3651"},"modified":"2019-09-16T16:17:37","modified_gmt":"2019-09-16T14:17:37","slug":"etape-du-3-aout-therese-kohler-bergere-sans-terres-a-servanches","status":"publish","type":"post","link":"https:\/\/www.altercampagne.net\/?p=3651","title":{"rendered":"\u00c9tape du 3 ao\u00fbt : Th\u00e9r\u00e8se Kohler, berg\u00e8re sans terres \u00e0 Servanches"},"content":{"rendered":"<p class=\"Style138 Style271\" align=\"justify\"><strong>Matin : Journal \u00ab intime \u00bb&#8230;<\/strong><\/p>\n<p class=\"Style138 Style271\" align=\"justify\">Tapage nocturne \u00e0 6h du mat\u2019 avec chansons subversives en l\u2019honneur de Pierrot par Sophie, Guillaume\u2026 et pas Juju qui n\u2019a pas r\u00e9ussi \u00e0 se r\u00e9veiller \u00e0 tant !<\/p>\n<p class=\"Style138 Style271\" align=\"justify\">Guillaume est convaincu que Pierrot est son ange gardien&#8230;mais le doute subsiste (avec le temps il se rendra compte qu\u2019il \u00e9tait la cacahu\u00e8te de son homonyme \ud83d\ude09 ).<\/p>\n<p class=\"Style138 Style271\" align=\"justify\">Romain et Mathieu sortent leur t\u00eate endormi de l\u2019ouverture de la tente (oh des marmottes !).<\/p>\n<p class=\"Style138 Style271\" align=\"justify\">Fricotage avec un petit chat mineur avec petits mots d\u2019amour dans l\u2019oreille.<\/p>\n<p class=\"Style138 Style271\" align=\"justify\">Morsure.<\/p>\n<p class=\"Style138 Style271\" align=\"justify\"><span style=\"text-decoration: underline;\"><img loading=\"lazy\" decoding=\"async\" class=\" alignright\" src=\"https:\/\/lh4.googleusercontent.com\/-X1omXzDl9F0\/UB6NBCXN5JI\/AAAAAAAAHGY\/k1lDYXPnEGw\/s512\/2012-08-03_15.02.29_2962.jpg\" alt=\"\" width=\"344\" height=\"512\" \/><\/span><strong>Midi : Rencontre avec <a href=\"http:\/\/maisondespaysansdordogne.wordpress.com\/2012\/01\/25\/un-jour-sans-ferme-therese-bergere-sans-terre\/\">Th\u00e9r\u00e8se Kohler<\/a>, \u00ab berg\u00e8re sans terres \u00bb \u00e0 Servanches<\/strong><\/p>\n<p class=\"Style138 Style271\" align=\"justify\">Depuis 4 ans Th\u00e9r\u00e8se est berg\u00e8re \u00ab sans terre \u00bb \u00e0 Servanches, c&rsquo;est-\u00e0-dire qu\u2019elle suit un circuit avec ses brebis et d\u00e9place ses parcs (filets mobiles) sur des parcelles qu\u2019elle n\u2019a ni achet\u00e9, ni lou\u00e9 mais o\u00f9 les propri\u00e9taires lui demande de venir afin d\u2019entretenir les terrains. Tout \u00e0 commenc\u00e9 lorsque Th\u00e9r\u00e8se a propos\u00e9 de mettre des brebis pour \u00ab tondre \u00bb le verger dans lequel elle travaillait, et c\u2019\u00e9tait parti !<\/p>\n<p class=\"Style138 Style271\" align=\"justify\">Elle choisi ses parcours pour que ses brebis ai toujours de quoi se r\u00e9galer d\u2019herbe fraiche ou de glands. Les parcs sont d\u00e9plac\u00e9s tous les jours pendant la mise bas. Th\u00e9r\u00e8se garde toujours un bon contact avec les autres utilisateurs de ces parcelles mobiles (propri\u00e9taires, chasseurs,..). Le lieu est \u00e9galement choisit pour avoir un acc\u00e8s \u00e0 l\u2019eau et \u00e0 des ombrages.<\/p>\n<p class=\"Style138 Style271\" align=\"justify\">Son troupeaux est compos\u00e9 de 200 brebis m\u00e8res. Les agneaux sont vendus en vente directe entre 9 et 12 mois. Une des races de brebis : la Xaxi Ardia (pure basque, se dit Sasi Ardia en espagnol &gt; <a href=\"http:\/\/fr.wikipedia.org\/wiki\/Xaxi_Ardia\">Wikip\u00e9dia<\/a>). Le troupeau contient aussi d\u2019autres races.<\/p>\n<p class=\"Style138 Style271\" align=\"justify\">La laine de brebis est vendue et parfois difficile \u00e0 valoriser lorsque celle-ci n\u2019est pas belle (d\u00e9pend des p\u00e9riodes). \u00ab\u00a0Le mouton \u00e0 bon dos\u00a0\u00bb (dixit Sophie). Ces parcs sont une partie d\u2019un ensemble d\u2019entretien du territoire.<\/p>\n<p class=\"Style138 Style271\" align=\"justify\">\u00ab La vie attire la vie \u00bb (dixit Th\u00e9r\u00e8se)<\/p>\n<p class=\"Style138 Style271\" align=\"justify\"><span style=\"text-decoration: underline;\">Autres faits remarquables et\/ou remarqu\u00e9s<\/span> :<\/p>\n<p class=\"Style138 Style271\" align=\"justify\">Arriv\u00e9e de Christian Velot (qu\u2019on retrouvera le lendemain au <a href=\"http:\/\/altercampagne.free.fr\/pages\/2008\/AlterTour\/Eta-2012\/etape2012_4-8.html\"><strong>Moulin de Lagnet<\/strong><\/a>) et de Val\u00e9rie.<\/p>\n<p class=\"Style138 Style271\" align=\"justify\">D\u00e9gustation d\u2019une succulente pur\u00e9e fa\u00e7on Monique (laurier, courgettes et aubergines de la r\u00e9gion, curry&#8230; miam !)<\/p>\n<p class=\"Style138 Style271\" style=\"text-align: right;\" align=\"justify\"><strong>Juju et Rom<\/strong><br \/>\n(qui ont oubli\u00e9s de prendre des notes lors de la rencontre du soir les boulets !!)<\/p>\n","protected":false},"excerpt":{"rendered":"<p>Matin : Journal \u00ab intime \u00bb&#8230; Tapage nocturne \u00e0 6h du mat\u2019 avec chansons subversives en l\u2019honneur de Pierrot par Sophie, Guillaume\u2026 et pas Juju qui n\u2019a pas r\u00e9ussi \u00e0 se r\u00e9veiller \u00e0 tant ! Guillaume est convaincu que Pierrot est son ange gardien&#8230;mais le doute subsiste (avec le temps &#8230; <\/p>\n<div><a href=\"https:\/\/www.altercampagne.net\/?p=3651\" class=\"more-link\">Read More<\/a><\/div>\n","protected":false},"author":214,"featured_media":15777,"comment_status":"closed","ping_status":"closed","sticky":false,"template":"","format":"standard","meta":{"footnotes":""},"categories":[3483,3479,3463],"tags":[852,892,1123,1182,1183,1184,1185,1186,1706,1814],"class_list":["post-3651","post","type-post","status-publish","format-standard","has-post-thumbnail","hentry","category-agriculture","category-nouvelle-aquitaine","category-edition-2012","tag-altertour-2012","tag-aquitaine","tag-christian-velot","tag-therese-kohler","tag-bergere-sans-terres","tag-servanches","tag-brebis","tag-moulin-de-lagnet","tag-dordogne","tag-1814"],"yoast_head":"<!-- This site is optimized with the Yoast SEO plugin v27.3 - https:\/\/yoast.com\/product\/yoast-seo-wordpress\/ -->\n<title>\u00c9tape du 3 ao\u00fbt : Th\u00e9r\u00e8se Kohler, berg\u00e8re sans terres \u00e0 Servanches - AlterTour<\/title>\n<meta name=\"robots\" content=\"index, follow, max-snippet:-1, max-image-preview:large, max-video-preview:-1\" \/>\n<link rel=\"canonical\" href=\"https:\/\/www.altercampagne.net\/?p=3651\" \/>\n<meta property=\"og:locale\" content=\"fr_FR\" \/>\n<meta property=\"og:type\" content=\"article\" \/>\n<meta property=\"og:title\" content=\"\u00c9tape du 3 ao\u00fbt : Th\u00e9r\u00e8se Kohler, berg\u00e8re sans terres \u00e0 Servanches - AlterTour\" \/>\n<meta property=\"og:description\" content=\"Matin : Journal \u00ab intime \u00bb&#8230; Tapage nocturne \u00e0 6h du mat\u2019 avec chansons subversives en l\u2019honneur de Pierrot par Sophie, Guillaume\u2026 et pas Juju qui n\u2019a pas r\u00e9ussi \u00e0 se r\u00e9veiller \u00e0 tant ! Guillaume est convaincu que Pierrot est son ange gardien&#8230;mais le doute subsiste (avec le temps ... Read More\" \/>\n<meta property=\"og:url\" content=\"https:\/\/www.altercampagne.net\/?p=3651\" \/>\n<meta property=\"og:site_name\" content=\"AlterTour\" \/>\n<meta property=\"article:published_time\" content=\"2012-08-03T18:48:38+00:00\" \/>\n<meta property=\"article:modified_time\" content=\"2019-09-16T14:17:37+00:00\" \/>\n<meta property=\"og:image\" content=\"https:\/\/www.altercampagne.net\/wp-content\/uploads\/2012\/08\/2012-08-03_15.10.jpg\" \/>\n\t<meta property=\"og:image:width\" content=\"907\" \/>\n\t<meta property=\"og:image:height\" content=\"474\" \/>\n\t<meta property=\"og:image:type\" content=\"image\/jpeg\" \/>\n<meta name=\"author\" content=\"Mathieu\" \/>\n<meta name=\"twitter:card\" content=\"summary_large_image\" \/>\n<meta name=\"twitter:label1\" content=\"\u00c9crit par\" \/>\n\t<meta name=\"twitter:data1\" content=\"Mathieu\" \/>\n\t<meta name=\"twitter:label2\" content=\"Dur\u00e9e de lecture estim\u00e9e\" \/>\n\t<meta name=\"twitter:data2\" content=\"2 minutes\" \/>\n<script type=\"application\/ld+json\" class=\"yoast-schema-graph\">{\"@context\":\"https:\\\/\\\/schema.org\",\"@graph\":[{\"@type\":\"Article\",\"@id\":\"https:\\\/\\\/www.altercampagne.net\\\/?p=3651#article\",\"isPartOf\":{\"@id\":\"https:\\\/\\\/www.altercampagne.net\\\/?p=3651\"},\"author\":{\"name\":\"Mathieu\",\"@id\":\"https:\\\/\\\/www.altercampagne.net\\\/#\\\/schema\\\/person\\\/0f261460c09e430caa0f9bcffa319109\"},\"headline\":\"\u00c9tape du 3 ao\u00fbt : Th\u00e9r\u00e8se Kohler, berg\u00e8re sans terres \u00e0 Servanches\",\"datePublished\":\"2012-08-03T18:48:38+00:00\",\"dateModified\":\"2019-09-16T14:17:37+00:00\",\"mainEntityOfPage\":{\"@id\":\"https:\\\/\\\/www.altercampagne.net\\\/?p=3651\"},\"wordCount\":420,\"image\":{\"@id\":\"https:\\\/\\\/www.altercampagne.net\\\/?p=3651#primaryimage\"},\"thumbnailUrl\":\"https:\\\/\\\/www.altercampagne.net\\\/wp-content\\\/uploads\\\/2012\\\/08\\\/2012-08-03_15.10.jpg\",\"keywords\":[\"AlterTour 2012\",\"Aquitaine\",\"Christian V\u00e9lot\",\"Th\u00e9r\u00e8se Kohler\",\"berg\u00e8re sans terres\",\"Servanches\",\"brebis\",\"Moulin de Lagnet\",\"Dordogne\",\"2012\"],\"articleSection\":[\"Agriculture\",\"Nouvelle-Aquitaine\",\"\u00c9dition 2012\"],\"inLanguage\":\"fr-FR\"},{\"@type\":\"WebPage\",\"@id\":\"https:\\\/\\\/www.altercampagne.net\\\/?p=3651\",\"url\":\"https:\\\/\\\/www.altercampagne.net\\\/?p=3651\",\"name\":\"\u00c9tape du 3 ao\u00fbt : Th\u00e9r\u00e8se Kohler, berg\u00e8re sans terres \u00e0 Servanches - AlterTour\",\"isPartOf\":{\"@id\":\"https:\\\/\\\/www.altercampagne.net\\\/#website\"},\"primaryImageOfPage\":{\"@id\":\"https:\\\/\\\/www.altercampagne.net\\\/?p=3651#primaryimage\"},\"image\":{\"@id\":\"https:\\\/\\\/www.altercampagne.net\\\/?p=3651#primaryimage\"},\"thumbnailUrl\":\"https:\\\/\\\/www.altercampagne.net\\\/wp-content\\\/uploads\\\/2012\\\/08\\\/2012-08-03_15.10.jpg\",\"datePublished\":\"2012-08-03T18:48:38+00:00\",\"dateModified\":\"2019-09-16T14:17:37+00:00\",\"author\":{\"@id\":\"https:\\\/\\\/www.altercampagne.net\\\/#\\\/schema\\\/person\\\/0f261460c09e430caa0f9bcffa319109\"},\"breadcrumb\":{\"@id\":\"https:\\\/\\\/www.altercampagne.net\\\/?p=3651#breadcrumb\"},\"inLanguage\":\"fr-FR\",\"potentialAction\":[{\"@type\":\"ReadAction\",\"target\":[\"https:\\\/\\\/www.altercampagne.net\\\/?p=3651\"]}]},{\"@type\":\"ImageObject\",\"inLanguage\":\"fr-FR\",\"@id\":\"https:\\\/\\\/www.altercampagne.net\\\/?p=3651#primaryimage\",\"url\":\"https:\\\/\\\/www.altercampagne.net\\\/wp-content\\\/uploads\\\/2012\\\/08\\\/2012-08-03_15.10.jpg\",\"contentUrl\":\"https:\\\/\\\/www.altercampagne.net\\\/wp-content\\\/uploads\\\/2012\\\/08\\\/2012-08-03_15.10.jpg\",\"width\":907,\"height\":474},{\"@type\":\"BreadcrumbList\",\"@id\":\"https:\\\/\\\/www.altercampagne.net\\\/?p=3651#breadcrumb\",\"itemListElement\":[{\"@type\":\"ListItem\",\"position\":1,\"name\":\"Accueil\",\"item\":\"https:\\\/\\\/www.altercampagne.net\\\/\"},{\"@type\":\"ListItem\",\"position\":2,\"name\":\"\u00c9tape du 3 ao\u00fbt : Th\u00e9r\u00e8se Kohler, berg\u00e8re sans terres \u00e0 Servanches\"}]},{\"@type\":\"WebSite\",\"@id\":\"https:\\\/\\\/www.altercampagne.net\\\/#website\",\"url\":\"https:\\\/\\\/www.altercampagne.net\\\/\",\"name\":\"AlterTour\",\"description\":\"Reliez les Alternatives \u00e0 v\u00e9lo\",\"potentialAction\":[{\"@type\":\"SearchAction\",\"target\":{\"@type\":\"EntryPoint\",\"urlTemplate\":\"https:\\\/\\\/www.altercampagne.net\\\/?s={search_term_string}\"},\"query-input\":{\"@type\":\"PropertyValueSpecification\",\"valueRequired\":true,\"valueName\":\"search_term_string\"}}],\"inLanguage\":\"fr-FR\"},{\"@type\":\"Person\",\"@id\":\"https:\\\/\\\/www.altercampagne.net\\\/#\\\/schema\\\/person\\\/0f261460c09e430caa0f9bcffa319109\",\"name\":\"Mathieu\",\"image\":{\"@type\":\"ImageObject\",\"inLanguage\":\"fr-FR\",\"@id\":\"https:\\\/\\\/secure.gravatar.com\\\/avatar\\\/aa9d3d24c83f2141e5e2709d0f63d09a99f6be6bb7a50abc4915838d9f54501a?s=96&d=mm&r=g\",\"url\":\"https:\\\/\\\/secure.gravatar.com\\\/avatar\\\/aa9d3d24c83f2141e5e2709d0f63d09a99f6be6bb7a50abc4915838d9f54501a?s=96&d=mm&r=g\",\"contentUrl\":\"https:\\\/\\\/secure.gravatar.com\\\/avatar\\\/aa9d3d24c83f2141e5e2709d0f63d09a99f6be6bb7a50abc4915838d9f54501a?s=96&d=mm&r=g\",\"caption\":\"Mathieu\"},\"url\":\"https:\\\/\\\/www.altercampagne.net\\\/?author=214\"}]}<\/script>\n<!-- \/ Yoast SEO plugin. -->","yoast_head_json":{"title":"\u00c9tape du 3 ao\u00fbt : Th\u00e9r\u00e8se Kohler, berg\u00e8re sans terres \u00e0 Servanches - AlterTour","robots":{"index":"index","follow":"follow","max-snippet":"max-snippet:-1","max-image-preview":"max-image-preview:large","max-video-preview":"max-video-preview:-1"},"canonical":"https:\/\/www.altercampagne.net\/?p=3651","og_locale":"fr_FR","og_type":"article","og_title":"\u00c9tape du 3 ao\u00fbt : Th\u00e9r\u00e8se Kohler, berg\u00e8re sans terres \u00e0 Servanches - AlterTour","og_description":"Matin : Journal \u00ab intime \u00bb&#8230; Tapage nocturne \u00e0 6h du mat\u2019 avec chansons subversives en l\u2019honneur de Pierrot par Sophie, Guillaume\u2026 et pas Juju qui n\u2019a pas r\u00e9ussi \u00e0 se r\u00e9veiller \u00e0 tant ! Guillaume est convaincu que Pierrot est son ange gardien&#8230;mais le doute subsiste (avec le temps ... Read More","og_url":"https:\/\/www.altercampagne.net\/?p=3651","og_site_name":"AlterTour","article_published_time":"2012-08-03T18:48:38+00:00","article_modified_time":"2019-09-16T14:17:37+00:00","og_image":[{"width":907,"height":474,"url":"https:\/\/www.altercampagne.net\/wp-content\/uploads\/2012\/08\/2012-08-03_15.10.jpg","type":"image\/jpeg"}],"author":"Mathieu","twitter_card":"summary_large_image","twitter_misc":{"\u00c9crit par":"Mathieu","Dur\u00e9e de lecture estim\u00e9e":"2 minutes"},"schema":{"@context":"https:\/\/schema.org","@graph":[{"@type":"Article","@id":"https:\/\/www.altercampagne.net\/?p=3651#article","isPartOf":{"@id":"https:\/\/www.altercampagne.net\/?p=3651"},"author":{"name":"Mathieu","@id":"https:\/\/www.altercampagne.net\/#\/schema\/person\/0f261460c09e430caa0f9bcffa319109"},"headline":"\u00c9tape du 3 ao\u00fbt : Th\u00e9r\u00e8se Kohler, berg\u00e8re sans terres \u00e0 Servanches","datePublished":"2012-08-03T18:48:38+00:00","dateModified":"2019-09-16T14:17:37+00:00","mainEntityOfPage":{"@id":"https:\/\/www.altercampagne.net\/?p=3651"},"wordCount":420,"image":{"@id":"https:\/\/www.altercampagne.net\/?p=3651#primaryimage"},"thumbnailUrl":"https:\/\/www.altercampagne.net\/wp-content\/uploads\/2012\/08\/2012-08-03_15.10.jpg","keywords":["AlterTour 2012","Aquitaine","Christian V\u00e9lot","Th\u00e9r\u00e8se Kohler","berg\u00e8re sans terres","Servanches","brebis","Moulin de Lagnet","Dordogne","2012"],"articleSection":["Agriculture","Nouvelle-Aquitaine","\u00c9dition 2012"],"inLanguage":"fr-FR"},{"@type":"WebPage","@id":"https:\/\/www.altercampagne.net\/?p=3651","url":"https:\/\/www.altercampagne.net\/?p=3651","name":"\u00c9tape du 3 ao\u00fbt : Th\u00e9r\u00e8se Kohler, berg\u00e8re sans terres \u00e0 Servanches - AlterTour","isPartOf":{"@id":"https:\/\/www.altercampagne.net\/#website"},"primaryImageOfPage":{"@id":"https:\/\/www.altercampagne.net\/?p=3651#primaryimage"},"image":{"@id":"https:\/\/www.altercampagne.net\/?p=3651#primaryimage"},"thumbnailUrl":"https:\/\/www.altercampagne.net\/wp-content\/uploads\/2012\/08\/2012-08-03_15.10.jpg","datePublished":"2012-08-03T18:48:38+00:00","dateModified":"2019-09-16T14:17:37+00:00","author":{"@id":"https:\/\/www.altercampagne.net\/#\/schema\/person\/0f261460c09e430caa0f9bcffa319109"},"breadcrumb":{"@id":"https:\/\/www.altercampagne.net\/?p=3651#breadcrumb"},"inLanguage":"fr-FR","potentialAction":[{"@type":"ReadAction","target":["https:\/\/www.altercampagne.net\/?p=3651"]}]},{"@type":"ImageObject","inLanguage":"fr-FR","@id":"https:\/\/www.altercampagne.net\/?p=3651#primaryimage","url":"https:\/\/www.altercampagne.net\/wp-content\/uploads\/2012\/08\/2012-08-03_15.10.jpg","contentUrl":"https:\/\/www.altercampagne.net\/wp-content\/uploads\/2012\/08\/2012-08-03_15.10.jpg","width":907,"height":474},{"@type":"BreadcrumbList","@id":"https:\/\/www.altercampagne.net\/?p=3651#breadcrumb","itemListElement":[{"@type":"ListItem","position":1,"name":"Accueil","item":"https:\/\/www.altercampagne.net\/"},{"@type":"ListItem","position":2,"name":"\u00c9tape du 3 ao\u00fbt : Th\u00e9r\u00e8se Kohler, berg\u00e8re sans terres \u00e0 Servanches"}]},{"@type":"WebSite","@id":"https:\/\/www.altercampagne.net\/#website","url":"https:\/\/www.altercampagne.net\/","name":"AlterTour","description":"Reliez les Alternatives \u00e0 v\u00e9lo","potentialAction":[{"@type":"SearchAction","target":{"@type":"EntryPoint","urlTemplate":"https:\/\/www.altercampagne.net\/?s={search_term_string}"},"query-input":{"@type":"PropertyValueSpecification","valueRequired":true,"valueName":"search_term_string"}}],"inLanguage":"fr-FR"},{"@type":"Person","@id":"https:\/\/www.altercampagne.net\/#\/schema\/person\/0f261460c09e430caa0f9bcffa319109","name":"Mathieu","image":{"@type":"ImageObject","inLanguage":"fr-FR","@id":"https:\/\/secure.gravatar.com\/avatar\/aa9d3d24c83f2141e5e2709d0f63d09a99f6be6bb7a50abc4915838d9f54501a?s=96&d=mm&r=g","url":"https:\/\/secure.gravatar.com\/avatar\/aa9d3d24c83f2141e5e2709d0f63d09a99f6be6bb7a50abc4915838d9f54501a?s=96&d=mm&r=g","contentUrl":"https:\/\/secure.gravatar.com\/avatar\/aa9d3d24c83f2141e5e2709d0f63d09a99f6be6bb7a50abc4915838d9f54501a?s=96&d=mm&r=g","caption":"Mathieu"},"url":"https:\/\/www.altercampagne.net\/?author=214"}]}},"_links":{"self":[{"href":"https:\/\/www.altercampagne.net\/index.php?rest_route=\/wp\/v2\/posts\/3651","targetHints":{"allow":["GET"]}}],"collection":[{"href":"https:\/\/www.altercampagne.net\/index.php?rest_route=\/wp\/v2\/posts"}],"about":[{"href":"https:\/\/www.altercampagne.net\/index.php?rest_route=\/wp\/v2\/types\/post"}],"author":[{"embeddable":true,"href":"https:\/\/www.altercampagne.net\/index.php?rest_route=\/wp\/v2\/users\/214"}],"replies":[{"embeddable":true,"href":"https:\/\/www.altercampagne.net\/index.php?rest_route=%2Fwp%2Fv2%2Fcomments&post=3651"}],"version-history":[{"count":0,"href":"https:\/\/www.altercampagne.net\/index.php?rest_route=\/wp\/v2\/posts\/3651\/revisions"}],"wp:featuredmedia":[{"embeddable":true,"href":"https:\/\/www.altercampagne.net\/index.php?rest_route=\/wp\/v2\/media\/15777"}],"wp:attachment":[{"href":"https:\/\/www.altercampagne.net\/index.php?rest_route=%2Fwp%2Fv2%2Fmedia&parent=3651"}],"wp:term":[{"taxonomy":"category","embeddable":true,"href":"https:\/\/www.altercampagne.net\/index.php?rest_route=%2Fwp%2Fv2%2Fcategories&post=3651"},{"taxonomy":"post_tag","embeddable":true,"href":"https:\/\/www.altercampagne.net\/index.php?rest_route=%2Fwp%2Fv2%2Ftags&post=3651"}],"curies":[{"name":"wp","href":"https:\/\/api.w.org\/{rel}","templated":true}]}}