{"id":3653,"date":"2012-07-31T21:53:51","date_gmt":"2012-07-31T19:53:51","guid":{"rendered":"http:\/\/www.altercampagne.net\/?p=3653"},"modified":"2019-09-16T16:24:34","modified_gmt":"2019-09-16T14:24:34","slug":"etape-du-31-juillet-la-galerie-sauvage-a-grun-bordas","status":"publish","type":"post","link":"https:\/\/www.altercampagne.net\/?p=3653","title":{"rendered":"\u00c9tape du 31 juillet : la Galerie sauvage \u00e0 Grun-Bordas"},"content":{"rendered":"<p class=\"Style138 Style271\" align=\"justify\">\n<p class=\"Style138 Style271\" align=\"justify\">Alter-Retour<\/p>\n<p class=\"Style138 Style271\" align=\"justify\">Journ\u00e9e fondamentale pour la coh\u00e9sion du groupe altertouresque, qui a pu \u00e9prouver dans un m\u00eame \u00e9lan ses qualit\u00e9s d\u2019endurance et de pardon.<\/p>\n<p class=\"Style138 Style271\" align=\"justify\">Apr\u00e8s un lever matinal \u00e0 6 heures et un d\u00e9part vers 8 heures de l\u2019\u00e9co-hameau en devenir d\u2019Andrals, les altercyclistes ont revisit\u00e9 deux grands classiques du cin\u00e9ma : \u00ab A la recherche de la piste verte perdue \u00bb et \u00ab Les guides se trompent toujours deux fois \u00bb.<\/p>\n<p class=\"Style138 Style271\" align=\"justify\">Peu importait \u00e0 ses grands sages de la bicyclette, qui ont ainsi pu v\u00e9rifier que les mont\u00e9es d\u2019il y a dix minutes sont les descentes de tout de suite (et vice et versa). Pour midi, les altercyclistes se sont rendus dans le jardin de Colette Bourcier-Joulain, \u00e0 Marquay. Depuis 2008, Colette pr\u00e9pare de d\u00e9licieux g\u00e2teaux du P\u00e9rigord et d\u2019ailleurs qu\u2019elle vend sur les march\u00e9s, les foires et les magasins de producteurs.<\/p>\n<p class=\"Style138 Style271\" align=\"justify\">C\u2019est au pied lev\u00e9 qu\u2019elle a accueilli le petit groupe bien fatigu\u00e9 des 40 cyclistes. Merci Colette, et merci pour les d\u00e9licieux g\u00e2teaux : on s\u2019est r\u00e9gal\u00e9s d\u2019un cake au pavot et aux amandes et de fondants chocolat-noisette et noix. Miam miammiam. L\u2019apr\u00e8s-midi, apr\u00e8s une petite baignade dans la V\u00e9z\u00e8re, une petite partie du groupe est all\u00e9e au centre bouddhiste pr\u00e8s de Plazat et a pu participer \u00e0 une session de m\u00e9ditation.<\/p>\n<p class=\"Style138 Style271\"><img loading=\"lazy\" decoding=\"async\" class=\" alignright\" src=\"http:\/\/altercampagne.free.fr\/pages\/2008\/AlterTour\/pic\/AT2012---Echappee-bucolique-sur-la-mauvaise-route.jpg\" alt=\"\" width=\"400\" height=\"300\" \/>Pour le d\u00eener, on a eu le plaisir de rencontrer Claudine Lachaud de l\u2019association \u00ab La Galerie sauvage \u00bb. Cette association de Grun-Bordas, qui existe depuis 2006, cherche \u00e0 cr\u00e9er, d\u00e9velopper et promouvoir des activit\u00e9s \u00e0 caract\u00e8re social et culturel. Elle organise, entre autres, des concerts, des cin\u00e9s d\u00e9bats, qui ont souvent lieu \u00e0 la Guinguette du Lac de Neufont (ouverte de fin mars \u00e0 septembre).<\/p>\n<p class=\"Style138 Style271\">Claudine venait nous proposer de participer au \u00ab Grand inventaire des possibles \u00bb, un festival qui se tiendra du 19 au 21 octobre 2012 et qui pr\u00e9sente les diff\u00e9rentes fa\u00e7ons de se loger, se nourrir, se soigner, \u00e9changer, \u00e9duquer, voyager autrement.<\/p>\n<p class=\"Style138 Style271\">Stands, conf\u00e9rences, d\u00e9bats seront l\u00e0 pour pr\u00e9senter les alternatives (associations locales \u00e0 nationales). Dans la th\u00e9matique \u00ab se d\u00e9placer et voyager autrement \u00bb, on pourra voir une pi\u00e8ce de th\u00e9\u00e2tre forum sur le th\u00e8me de l\u2019\u00e9thique du voyages, diff\u00e9rents stands et intervenants (par exemple, l\u2019association \u00ab Caravane th\u00e9\u00e2tre \u00bb qui propose des stages de clown et de th\u00e9\u00e2tre forum \u00e0 l\u2019\u00e9tranger), mais aussi une possibilit\u00e9 de cr\u00e9ation de r\u00e9seau de covoiturage sur la r\u00e9gion.<\/p>\n<p class=\"Style138 Style271\">Et on l\u2019esp\u00e8re un stand de l\u2019Alter Tour anim\u00e9 par de sympathiques Alter-Terriens .<\/p>\n<p class=\"Style138 Style271\" style=\"text-align: right;\"><strong>Sophie<\/strong><\/p>\n","protected":false},"excerpt":{"rendered":"<p>Alter-Retour Journ\u00e9e fondamentale pour la coh\u00e9sion du groupe altertouresque, qui a pu \u00e9prouver dans un m\u00eame \u00e9lan ses qualit\u00e9s d\u2019endurance et de pardon. Apr\u00e8s un lever matinal \u00e0 6 heures et un d\u00e9part vers 8 heures de l\u2019\u00e9co-hameau en devenir d\u2019Andrals, les altercyclistes ont revisit\u00e9 deux grands classiques du cin\u00e9ma &#8230; <\/p>\n<div><a href=\"https:\/\/www.altercampagne.net\/?p=3653\" class=\"more-link\">Read More<\/a><\/div>\n","protected":false},"author":214,"featured_media":15781,"comment_status":"closed","ping_status":"closed","sticky":false,"template":"","format":"standard","meta":{"footnotes":""},"categories":[3480,3463],"tags":[852,1187,1188,1189,1190,1191,1192,1193,1194,1195,1196,1197,1198,1706,1814,1974],"class_list":["post-3653","post","type-post","status-publish","format-standard","has-post-thumbnail","hentry","category-occitanie","category-edition-2012","tag-altertour-2012","tag-eco-hameau-dandrals","tag-colette-bourcier-joulain","tag-marquay","tag-vezere","tag-claudine-lachaud","tag-la-galerie-sauvage","tag-grun-bordas","tag-lac-de-neufont","tag-grand-inventaire-des-possibles","tag-caravane-theatre","tag-clown","tag-theatre-forum","tag-dordogne","tag-1814","tag-acquitaine"],"yoast_head":"<!-- This site is optimized with the Yoast SEO plugin v27.3 - https:\/\/yoast.com\/product\/yoast-seo-wordpress\/ -->\n<title>\u00c9tape du 31 juillet : la Galerie sauvage \u00e0 Grun-Bordas - AlterTour<\/title>\n<meta name=\"robots\" content=\"index, follow, max-snippet:-1, max-image-preview:large, max-video-preview:-1\" \/>\n<link rel=\"canonical\" href=\"https:\/\/www.altercampagne.net\/?p=3653\" \/>\n<meta property=\"og:locale\" content=\"fr_FR\" \/>\n<meta property=\"og:type\" content=\"article\" \/>\n<meta property=\"og:title\" content=\"\u00c9tape du 31 juillet : la Galerie sauvage \u00e0 Grun-Bordas - AlterTour\" \/>\n<meta property=\"og:description\" content=\"Alter-Retour Journ\u00e9e fondamentale pour la coh\u00e9sion du groupe altertouresque, qui a pu \u00e9prouver dans un m\u00eame \u00e9lan ses qualit\u00e9s d\u2019endurance et de pardon. Apr\u00e8s un lever matinal \u00e0 6 heures et un d\u00e9part vers 8 heures de l\u2019\u00e9co-hameau en devenir d\u2019Andrals, les altercyclistes ont revisit\u00e9 deux grands classiques du cin\u00e9ma ... Read More\" \/>\n<meta property=\"og:url\" content=\"https:\/\/www.altercampagne.net\/?p=3653\" \/>\n<meta property=\"og:site_name\" content=\"AlterTour\" \/>\n<meta property=\"article:published_time\" content=\"2012-07-31T19:53:51+00:00\" \/>\n<meta property=\"article:modified_time\" content=\"2019-09-16T14:24:34+00:00\" \/>\n<meta property=\"og:image\" content=\"https:\/\/www.altercampagne.net\/wp-content\/uploads\/2012\/07\/2012-07-31_11.09.jpg\" \/>\n\t<meta property=\"og:image:width\" content=\"907\" \/>\n\t<meta property=\"og:image:height\" content=\"474\" \/>\n\t<meta property=\"og:image:type\" content=\"image\/jpeg\" \/>\n<meta name=\"author\" content=\"Mathieu\" \/>\n<meta name=\"twitter:card\" content=\"summary_large_image\" \/>\n<meta name=\"twitter:label1\" content=\"\u00c9crit par\" \/>\n\t<meta name=\"twitter:data1\" content=\"Mathieu\" \/>\n\t<meta name=\"twitter:label2\" content=\"Dur\u00e9e de lecture estim\u00e9e\" \/>\n\t<meta name=\"twitter:data2\" content=\"2 minutes\" \/>\n<script type=\"application\/ld+json\" class=\"yoast-schema-graph\">{\"@context\":\"https:\\\/\\\/schema.org\",\"@graph\":[{\"@type\":\"Article\",\"@id\":\"https:\\\/\\\/www.altercampagne.net\\\/?p=3653#article\",\"isPartOf\":{\"@id\":\"https:\\\/\\\/www.altercampagne.net\\\/?p=3653\"},\"author\":{\"name\":\"Mathieu\",\"@id\":\"https:\\\/\\\/www.altercampagne.net\\\/#\\\/schema\\\/person\\\/0f261460c09e430caa0f9bcffa319109\"},\"headline\":\"\u00c9tape du 31 juillet : la Galerie sauvage \u00e0 Grun-Bordas\",\"datePublished\":\"2012-07-31T19:53:51+00:00\",\"dateModified\":\"2019-09-16T14:24:34+00:00\",\"mainEntityOfPage\":{\"@id\":\"https:\\\/\\\/www.altercampagne.net\\\/?p=3653\"},\"wordCount\":451,\"image\":{\"@id\":\"https:\\\/\\\/www.altercampagne.net\\\/?p=3653#primaryimage\"},\"thumbnailUrl\":\"https:\\\/\\\/www.altercampagne.net\\\/wp-content\\\/uploads\\\/2012\\\/07\\\/2012-07-31_11.09.jpg\",\"keywords\":[\"AlterTour 2012\",\"\u00e9co-hameau d\u2019Andrals\",\"Colette Bourcier-Joulain\",\"Marquay\",\"V\u00e9z\u00e8re\",\"Claudine Lachaud\",\"La Galerie sauvage\",\"Grun-Bordas\",\"Lac de Neufont\",\"Grand inventaire des possibles\",\"Caravane th\u00e9\u00e2tre\",\"clown\",\"th\u00e9\u00e2tre forum\",\"Dordogne\",\"2012\",\"Acquitaine\"],\"articleSection\":[\"Occitanie\",\"\u00c9dition 2012\"],\"inLanguage\":\"fr-FR\"},{\"@type\":\"WebPage\",\"@id\":\"https:\\\/\\\/www.altercampagne.net\\\/?p=3653\",\"url\":\"https:\\\/\\\/www.altercampagne.net\\\/?p=3653\",\"name\":\"\u00c9tape du 31 juillet : la Galerie sauvage \u00e0 Grun-Bordas - AlterTour\",\"isPartOf\":{\"@id\":\"https:\\\/\\\/www.altercampagne.net\\\/#website\"},\"primaryImageOfPage\":{\"@id\":\"https:\\\/\\\/www.altercampagne.net\\\/?p=3653#primaryimage\"},\"image\":{\"@id\":\"https:\\\/\\\/www.altercampagne.net\\\/?p=3653#primaryimage\"},\"thumbnailUrl\":\"https:\\\/\\\/www.altercampagne.net\\\/wp-content\\\/uploads\\\/2012\\\/07\\\/2012-07-31_11.09.jpg\",\"datePublished\":\"2012-07-31T19:53:51+00:00\",\"dateModified\":\"2019-09-16T14:24:34+00:00\",\"author\":{\"@id\":\"https:\\\/\\\/www.altercampagne.net\\\/#\\\/schema\\\/person\\\/0f261460c09e430caa0f9bcffa319109\"},\"breadcrumb\":{\"@id\":\"https:\\\/\\\/www.altercampagne.net\\\/?p=3653#breadcrumb\"},\"inLanguage\":\"fr-FR\",\"potentialAction\":[{\"@type\":\"ReadAction\",\"target\":[\"https:\\\/\\\/www.altercampagne.net\\\/?p=3653\"]}]},{\"@type\":\"ImageObject\",\"inLanguage\":\"fr-FR\",\"@id\":\"https:\\\/\\\/www.altercampagne.net\\\/?p=3653#primaryimage\",\"url\":\"https:\\\/\\\/www.altercampagne.net\\\/wp-content\\\/uploads\\\/2012\\\/07\\\/2012-07-31_11.09.jpg\",\"contentUrl\":\"https:\\\/\\\/www.altercampagne.net\\\/wp-content\\\/uploads\\\/2012\\\/07\\\/2012-07-31_11.09.jpg\",\"width\":907,\"height\":474},{\"@type\":\"BreadcrumbList\",\"@id\":\"https:\\\/\\\/www.altercampagne.net\\\/?p=3653#breadcrumb\",\"itemListElement\":[{\"@type\":\"ListItem\",\"position\":1,\"name\":\"Accueil\",\"item\":\"https:\\\/\\\/www.altercampagne.net\\\/\"},{\"@type\":\"ListItem\",\"position\":2,\"name\":\"\u00c9tape du 31 juillet : la Galerie sauvage \u00e0 Grun-Bordas\"}]},{\"@type\":\"WebSite\",\"@id\":\"https:\\\/\\\/www.altercampagne.net\\\/#website\",\"url\":\"https:\\\/\\\/www.altercampagne.net\\\/\",\"name\":\"AlterTour\",\"description\":\"Reliez les Alternatives \u00e0 v\u00e9lo\",\"potentialAction\":[{\"@type\":\"SearchAction\",\"target\":{\"@type\":\"EntryPoint\",\"urlTemplate\":\"https:\\\/\\\/www.altercampagne.net\\\/?s={search_term_string}\"},\"query-input\":{\"@type\":\"PropertyValueSpecification\",\"valueRequired\":true,\"valueName\":\"search_term_string\"}}],\"inLanguage\":\"fr-FR\"},{\"@type\":\"Person\",\"@id\":\"https:\\\/\\\/www.altercampagne.net\\\/#\\\/schema\\\/person\\\/0f261460c09e430caa0f9bcffa319109\",\"name\":\"Mathieu\",\"image\":{\"@type\":\"ImageObject\",\"inLanguage\":\"fr-FR\",\"@id\":\"https:\\\/\\\/secure.gravatar.com\\\/avatar\\\/aa9d3d24c83f2141e5e2709d0f63d09a99f6be6bb7a50abc4915838d9f54501a?s=96&d=mm&r=g\",\"url\":\"https:\\\/\\\/secure.gravatar.com\\\/avatar\\\/aa9d3d24c83f2141e5e2709d0f63d09a99f6be6bb7a50abc4915838d9f54501a?s=96&d=mm&r=g\",\"contentUrl\":\"https:\\\/\\\/secure.gravatar.com\\\/avatar\\\/aa9d3d24c83f2141e5e2709d0f63d09a99f6be6bb7a50abc4915838d9f54501a?s=96&d=mm&r=g\",\"caption\":\"Mathieu\"},\"url\":\"https:\\\/\\\/www.altercampagne.net\\\/?author=214\"}]}<\/script>\n<!-- \/ Yoast SEO plugin. -->","yoast_head_json":{"title":"\u00c9tape du 31 juillet : la Galerie sauvage \u00e0 Grun-Bordas - AlterTour","robots":{"index":"index","follow":"follow","max-snippet":"max-snippet:-1","max-image-preview":"max-image-preview:large","max-video-preview":"max-video-preview:-1"},"canonical":"https:\/\/www.altercampagne.net\/?p=3653","og_locale":"fr_FR","og_type":"article","og_title":"\u00c9tape du 31 juillet : la Galerie sauvage \u00e0 Grun-Bordas - AlterTour","og_description":"Alter-Retour Journ\u00e9e fondamentale pour la coh\u00e9sion du groupe altertouresque, qui a pu \u00e9prouver dans un m\u00eame \u00e9lan ses qualit\u00e9s d\u2019endurance et de pardon. Apr\u00e8s un lever matinal \u00e0 6 heures et un d\u00e9part vers 8 heures de l\u2019\u00e9co-hameau en devenir d\u2019Andrals, les altercyclistes ont revisit\u00e9 deux grands classiques du cin\u00e9ma ... Read More","og_url":"https:\/\/www.altercampagne.net\/?p=3653","og_site_name":"AlterTour","article_published_time":"2012-07-31T19:53:51+00:00","article_modified_time":"2019-09-16T14:24:34+00:00","og_image":[{"width":907,"height":474,"url":"https:\/\/www.altercampagne.net\/wp-content\/uploads\/2012\/07\/2012-07-31_11.09.jpg","type":"image\/jpeg"}],"author":"Mathieu","twitter_card":"summary_large_image","twitter_misc":{"\u00c9crit par":"Mathieu","Dur\u00e9e de lecture estim\u00e9e":"2 minutes"},"schema":{"@context":"https:\/\/schema.org","@graph":[{"@type":"Article","@id":"https:\/\/www.altercampagne.net\/?p=3653#article","isPartOf":{"@id":"https:\/\/www.altercampagne.net\/?p=3653"},"author":{"name":"Mathieu","@id":"https:\/\/www.altercampagne.net\/#\/schema\/person\/0f261460c09e430caa0f9bcffa319109"},"headline":"\u00c9tape du 31 juillet : la Galerie sauvage \u00e0 Grun-Bordas","datePublished":"2012-07-31T19:53:51+00:00","dateModified":"2019-09-16T14:24:34+00:00","mainEntityOfPage":{"@id":"https:\/\/www.altercampagne.net\/?p=3653"},"wordCount":451,"image":{"@id":"https:\/\/www.altercampagne.net\/?p=3653#primaryimage"},"thumbnailUrl":"https:\/\/www.altercampagne.net\/wp-content\/uploads\/2012\/07\/2012-07-31_11.09.jpg","keywords":["AlterTour 2012","\u00e9co-hameau d\u2019Andrals","Colette Bourcier-Joulain","Marquay","V\u00e9z\u00e8re","Claudine Lachaud","La Galerie sauvage","Grun-Bordas","Lac de Neufont","Grand inventaire des possibles","Caravane th\u00e9\u00e2tre","clown","th\u00e9\u00e2tre forum","Dordogne","2012","Acquitaine"],"articleSection":["Occitanie","\u00c9dition 2012"],"inLanguage":"fr-FR"},{"@type":"WebPage","@id":"https:\/\/www.altercampagne.net\/?p=3653","url":"https:\/\/www.altercampagne.net\/?p=3653","name":"\u00c9tape du 31 juillet : la Galerie sauvage \u00e0 Grun-Bordas - AlterTour","isPartOf":{"@id":"https:\/\/www.altercampagne.net\/#website"},"primaryImageOfPage":{"@id":"https:\/\/www.altercampagne.net\/?p=3653#primaryimage"},"image":{"@id":"https:\/\/www.altercampagne.net\/?p=3653#primaryimage"},"thumbnailUrl":"https:\/\/www.altercampagne.net\/wp-content\/uploads\/2012\/07\/2012-07-31_11.09.jpg","datePublished":"2012-07-31T19:53:51+00:00","dateModified":"2019-09-16T14:24:34+00:00","author":{"@id":"https:\/\/www.altercampagne.net\/#\/schema\/person\/0f261460c09e430caa0f9bcffa319109"},"breadcrumb":{"@id":"https:\/\/www.altercampagne.net\/?p=3653#breadcrumb"},"inLanguage":"fr-FR","potentialAction":[{"@type":"ReadAction","target":["https:\/\/www.altercampagne.net\/?p=3653"]}]},{"@type":"ImageObject","inLanguage":"fr-FR","@id":"https:\/\/www.altercampagne.net\/?p=3653#primaryimage","url":"https:\/\/www.altercampagne.net\/wp-content\/uploads\/2012\/07\/2012-07-31_11.09.jpg","contentUrl":"https:\/\/www.altercampagne.net\/wp-content\/uploads\/2012\/07\/2012-07-31_11.09.jpg","width":907,"height":474},{"@type":"BreadcrumbList","@id":"https:\/\/www.altercampagne.net\/?p=3653#breadcrumb","itemListElement":[{"@type":"ListItem","position":1,"name":"Accueil","item":"https:\/\/www.altercampagne.net\/"},{"@type":"ListItem","position":2,"name":"\u00c9tape du 31 juillet : la Galerie sauvage \u00e0 Grun-Bordas"}]},{"@type":"WebSite","@id":"https:\/\/www.altercampagne.net\/#website","url":"https:\/\/www.altercampagne.net\/","name":"AlterTour","description":"Reliez les Alternatives \u00e0 v\u00e9lo","potentialAction":[{"@type":"SearchAction","target":{"@type":"EntryPoint","urlTemplate":"https:\/\/www.altercampagne.net\/?s={search_term_string}"},"query-input":{"@type":"PropertyValueSpecification","valueRequired":true,"valueName":"search_term_string"}}],"inLanguage":"fr-FR"},{"@type":"Person","@id":"https:\/\/www.altercampagne.net\/#\/schema\/person\/0f261460c09e430caa0f9bcffa319109","name":"Mathieu","image":{"@type":"ImageObject","inLanguage":"fr-FR","@id":"https:\/\/secure.gravatar.com\/avatar\/aa9d3d24c83f2141e5e2709d0f63d09a99f6be6bb7a50abc4915838d9f54501a?s=96&d=mm&r=g","url":"https:\/\/secure.gravatar.com\/avatar\/aa9d3d24c83f2141e5e2709d0f63d09a99f6be6bb7a50abc4915838d9f54501a?s=96&d=mm&r=g","contentUrl":"https:\/\/secure.gravatar.com\/avatar\/aa9d3d24c83f2141e5e2709d0f63d09a99f6be6bb7a50abc4915838d9f54501a?s=96&d=mm&r=g","caption":"Mathieu"},"url":"https:\/\/www.altercampagne.net\/?author=214"}]}},"_links":{"self":[{"href":"https:\/\/www.altercampagne.net\/index.php?rest_route=\/wp\/v2\/posts\/3653","targetHints":{"allow":["GET"]}}],"collection":[{"href":"https:\/\/www.altercampagne.net\/index.php?rest_route=\/wp\/v2\/posts"}],"about":[{"href":"https:\/\/www.altercampagne.net\/index.php?rest_route=\/wp\/v2\/types\/post"}],"author":[{"embeddable":true,"href":"https:\/\/www.altercampagne.net\/index.php?rest_route=\/wp\/v2\/users\/214"}],"replies":[{"embeddable":true,"href":"https:\/\/www.altercampagne.net\/index.php?rest_route=%2Fwp%2Fv2%2Fcomments&post=3653"}],"version-history":[{"count":0,"href":"https:\/\/www.altercampagne.net\/index.php?rest_route=\/wp\/v2\/posts\/3653\/revisions"}],"wp:featuredmedia":[{"embeddable":true,"href":"https:\/\/www.altercampagne.net\/index.php?rest_route=\/wp\/v2\/media\/15781"}],"wp:attachment":[{"href":"https:\/\/www.altercampagne.net\/index.php?rest_route=%2Fwp%2Fv2%2Fmedia&parent=3653"}],"wp:term":[{"taxonomy":"category","embeddable":true,"href":"https:\/\/www.altercampagne.net\/index.php?rest_route=%2Fwp%2Fv2%2Fcategories&post=3653"},{"taxonomy":"post_tag","embeddable":true,"href":"https:\/\/www.altercampagne.net\/index.php?rest_route=%2Fwp%2Fv2%2Ftags&post=3653"}],"curies":[{"name":"wp","href":"https:\/\/api.w.org\/{rel}","templated":true}]}}