{"id":3655,"date":"2012-07-30T20:01:23","date_gmt":"2012-07-30T18:01:23","guid":{"rendered":"http:\/\/www.altercampagne.net\/?p=3655"},"modified":"2016-04-07T01:04:31","modified_gmt":"2016-04-06T23:04:31","slug":"lundi-30-juillet-cree-du-vigan","status":"publish","type":"post","link":"https:\/\/www.altercampagne.net\/?p=3655","title":{"rendered":"Lundi 30 juillet : Cr\u00e9e du Vigan"},"content":{"rendered":"<p class=\"Style138 Style271\" align=\"justify\">Cher nouveau,<\/p>\n<p class=\"Style138 Style271\" align=\"justify\">En te voyant arriver avec ton beau chapeau, mon c\u0153ur s\u2019est emball\u00e9, mes pignons vibr\u00e9, d\u00e9j\u00e0 l\u2019id\u00e9e d\u2019une belle journ\u00e9e avec toi m\u2019a \u00e9moustill\u00e9. Que la joie habille tes yeux et que tes p\u2019tits mollets restent doux.<\/p>\n<p class=\"Style138 Style271\" align=\"justify\">Bonne soir\u00e9e cher nouveau<\/p>\n<p class=\"Style138 Style271\" align=\"justify\">&#8230; Sign\u00e9 ton v\u00e9lo<\/p>\n<p class=\"Style138 Style271\" align=\"justify\">\u00a0&#8212;<\/p>\n<p class=\"Style138 Style271\" align=\"justify\">L\u2019AlterTour : le tour de France sans anti-dopage\u2026 Mon \u0153il !<\/p>\n<p class=\"Style138 Style271\" align=\"justify\">Ils sont tous dop\u00e9s :<\/p>\n<p class=\"Style138 Style271\" align=\"justify\">Aux flocons d\u2019avoine<br \/>\nAu Rocamadour<br \/>\nA la chlorophylle<br \/>\nA l\u2019aligot<br \/>\nA l\u2019eau chaude<br \/>\nA l\u2019endomorphine<br \/>\nA l\u2019Occitanie<br \/>\nA la bonne humeur<br \/>\nA la rencontre<br \/>\nA l\u2019oxyg\u00e8ne bio<br \/>\nAux fruits secs<br \/>\nA l\u2019entraide<br \/>\nLa preuve : ils endurent les \u00e9preuves inhumaines et se pr\u00e9parent \u00e0 d\u00e9placer des montagnes !<\/p>\n<p class=\"Style138 Style271\" align=\"justify\">\u00a0&#8212;<\/p>\n<p class=\"Style138 Style271\" align=\"justify\">Les descentes d\u2019aujourd\u2019hui sont les mont\u00e9s de demain<\/p>\n<p class=\"Style138 Style271\" align=\"justify\">&#8212;<\/p>\n<p class=\"Style138 Style271\" align=\"justify\">Quand j\u2019ai laiss\u00e9 ma maison, je me m\u00e9fiais un peu de toi. Je t\u2019ai pourtant rejoint \u00e0 Foix. Depuis le temps s\u2019est contract\u00e9, deux semaines se sont \u00e9coul\u00e9es. D\u2019apr\u00e8s le compteur du monde. Avec tes \u00e9changes, tes rires, tes bonnes ondes. Je quitterai tant\u00f4t la troupe le corps un peu fatigu\u00e9 mais le c\u0153ur l\u00e9ger. Sans r\u00e9ponse, avec davantage de questions \u00e0 poser. En \u00e9tant pourtant sur que l\u2019on peut compte sur le groupe.<\/p>\n<p class=\"Style138 Style271\" align=\"justify\">AlterTour : \u00e0 bient\u00f4t<\/p>\n<p class=\"Style138 Style271\" align=\"justify\">Amandine B<\/p>\n<p class=\"Style138 Style271\" align=\"justify\">&#8212;<\/p>\n<p class=\"Style138 Style271\" align=\"justify\">Lundi 30<\/p>\n<p class=\"Style138 Style271\" align=\"justify\">Bug \u00e0 l\u2019AlterTour<\/p>\n<p class=\"Style138 Style271\" align=\"justify\">Les AlterGeeks ne sont pas remont\u00e9s \u00e0 temps pour dire au revoir aux partantEs.<\/p>\n<p class=\"Style138 Style271\" align=\"justify\">System Failed<\/p>\n<p class=\"Style138 Style271\" align=\"justify\">&#8212;<\/p>\n<p class=\"Style138 Style271\" align=\"justify\">La perfection, ce n\u2019est pas quand on peut plus rien ajouter, c\u2019est quand on ne peut plus rien enlever<\/p>\n<p class=\"Style138 Style271\" align=\"justify\">&#8212;<\/p>\n<p class=\"Style138 Style271\" align=\"justify\">\u00c7a y est !<br \/>\nJe suis arrivu<br \/>\nJe suis heureux d\u2019\u00eatre viendu<br \/>\nEt jusqu\u2019au bout,<br \/>\nJe ne vous l\u00e2che plus<\/p>\n<p class=\"Style138 Style271\" align=\"justify\">Yome?<\/p>\n<p class=\"Style138 Style271\" align=\"justify\">&#8212;<\/p>\n<p class=\"Style138 Style271\" align=\"justify\">L\u2019AlterTour, c\u2019est \u00ab relier les alternatives \u00e0 v\u00e9lo \u00bb<br \/>\nQuelqu\u2019un peut-il m\u2019expliquer pourquoi on s\u2019est arr\u00eat\u00e9 au Mas d\u2019Andrals et que Borie Haute ? Alors qu\u2019il n\u2019y a bar-tabac ni baignade ?<\/p>\n<p class=\"Style138 Style271\" align=\"justify\">&#8212;<\/p>\n<p class=\"Style138 Style271\" align=\"justify\">A corps tendu dans les c\u00f4tes,<br \/>\nA cris tous dans les descentes,<br \/>\nQuelques coups de p\u00e9dales de cot\u00e9<br \/>\nqui comme l\u2019an pass\u00e9 m\u2019enchantent.<br \/>\n\u00c9nergieprise de l\u2019AlterTour<br \/>\no\u00f9 rien ne se perd, beaucoup<br \/>\nse cr\u00e9e et tous se transforment.<br \/>\nMerci et bravo pour le cadeau<br \/>\nque l\u2019on se fait chaque \u00e9t\u00e9,<br \/>\npetite troupe tendue vers les autres,<br \/>\nla terre et l\u2019humanit\u00e9,<br \/>\nqui se cultive et s\u00e8me les graines<br \/>\nd\u2019un avenir en rouge et vert.<br \/>\nFermez les yeux, ouvrez vos chakras,<br \/>\nSuivez la fl\u00e8che, elle sait o\u00f9 elle va\u2026<br \/>\nVers la v\u00e9lorution permanente !<\/p>\n<p class=\"Style138 Style271\" align=\"justify\">Je vous embrasse bien fort<\/p>\n<p class=\"Style138 Style271\" align=\"justify\">Marianne 30\/07\/12<\/p>\n<p class=\"Style138 Style271\" align=\"justify\">&#8212;<\/p>\n<p class=\"Style138 Style271\" align=\"justify\">Sagesse africaine :<br \/>\nSi tu veux aller vite, marche seul.<br \/>\nSi tu veux aller loin, marche avec les autres<\/p>\n<p class=\"Style138 Style271\" align=\"justify\">&#8212;<\/p>\n<p class=\"Style138 Style271\" align=\"justify\">Un touareg raconte que les plus beaux voyages sont ceux qui nous font aller de soi en soi, en passant par les autres. Nous sommes convaincus que l\u2019AlterTour est bien de ces voyages qui nous ouvrent le c\u0153ur : nous nous relions les uns aux autres \u00e0 travers toutes ces exp\u00e9rimentations qui lib\u00e8rent l\u2019\u00e0-venir. La FIN de ce monde est certainement le d\u00e9but d\u2019une v\u00e9ritable humanit\u00e9 qui a FAIM d\u2019elle-m\u00eame.<\/p>\n<p class=\"Style138 Style271\" align=\"justify\">Marie-Aude* &amp; R\u00e9gis, Alter-Egaux<\/p>\n<p class=\"Style138 Style271\" align=\"justify\">Dite NOGM \u00e9 NONUK (FAUCHEUR involontaire)<\/p>\n<p class=\"Style138 Style271\" align=\"justify\">* mais surtout R\u00e9gis<\/p>\n","protected":false},"excerpt":{"rendered":"<p>Cher nouveau, En te voyant arriver avec ton beau chapeau, mon c\u0153ur s\u2019est emball\u00e9, mes pignons vibr\u00e9, d\u00e9j\u00e0 l\u2019id\u00e9e d\u2019une belle journ\u00e9e avec toi m\u2019a \u00e9moustill\u00e9. Que la joie habille tes yeux et que tes p\u2019tits mollets restent doux. Bonne soir\u00e9e cher nouveau &#8230; Sign\u00e9 ton v\u00e9lo \u00a0&#8212; L\u2019AlterTour : &#8230; <\/p>\n<div><a href=\"https:\/\/www.altercampagne.net\/?p=3655\" class=\"more-link\">Read More<\/a><\/div>\n","protected":false},"author":214,"featured_media":0,"comment_status":"closed","ping_status":"closed","sticky":false,"template":"","format":"standard","meta":{"footnotes":""},"categories":[1],"tags":[852,908,1199],"class_list":["post-3655","post","type-post","status-publish","format-standard","hentry","category-non-classe","tag-altertour-2012","tag-le-vigan","tag-cree","no-post-thumbnail"],"yoast_head":"<!-- This site is optimized with the Yoast SEO plugin v27.3 - https:\/\/yoast.com\/product\/yoast-seo-wordpress\/ -->\n<title>Lundi 30 juillet : Cr\u00e9e du Vigan - AlterTour<\/title>\n<meta name=\"robots\" content=\"index, follow, max-snippet:-1, max-image-preview:large, max-video-preview:-1\" \/>\n<link rel=\"canonical\" href=\"https:\/\/www.altercampagne.net\/?p=3655\" \/>\n<meta property=\"og:locale\" content=\"fr_FR\" \/>\n<meta property=\"og:type\" content=\"article\" \/>\n<meta property=\"og:title\" content=\"Lundi 30 juillet : Cr\u00e9e du Vigan - AlterTour\" \/>\n<meta property=\"og:description\" content=\"Cher nouveau, En te voyant arriver avec ton beau chapeau, mon c\u0153ur s\u2019est emball\u00e9, mes pignons vibr\u00e9, d\u00e9j\u00e0 l\u2019id\u00e9e d\u2019une belle journ\u00e9e avec toi m\u2019a \u00e9moustill\u00e9. Que la joie habille tes yeux et que tes p\u2019tits mollets restent doux. Bonne soir\u00e9e cher nouveau &#8230; Sign\u00e9 ton v\u00e9lo \u00a0&#8212; L\u2019AlterTour : ... Read More\" \/>\n<meta property=\"og:url\" content=\"https:\/\/www.altercampagne.net\/?p=3655\" \/>\n<meta property=\"og:site_name\" content=\"AlterTour\" \/>\n<meta property=\"article:published_time\" content=\"2012-07-30T18:01:23+00:00\" \/>\n<meta property=\"article:modified_time\" content=\"2016-04-06T23:04:31+00:00\" \/>\n<meta name=\"author\" content=\"Mathieu\" \/>\n<meta name=\"twitter:card\" content=\"summary_large_image\" \/>\n<meta name=\"twitter:label1\" content=\"\u00c9crit par\" \/>\n\t<meta name=\"twitter:data1\" content=\"Mathieu\" \/>\n\t<meta name=\"twitter:label2\" content=\"Dur\u00e9e de lecture estim\u00e9e\" \/>\n\t<meta name=\"twitter:data2\" content=\"3 minutes\" \/>\n<script type=\"application\/ld+json\" class=\"yoast-schema-graph\">{\"@context\":\"https:\\\/\\\/schema.org\",\"@graph\":[{\"@type\":\"Article\",\"@id\":\"https:\\\/\\\/www.altercampagne.net\\\/?p=3655#article\",\"isPartOf\":{\"@id\":\"https:\\\/\\\/www.altercampagne.net\\\/?p=3655\"},\"author\":{\"name\":\"Mathieu\",\"@id\":\"https:\\\/\\\/www.altercampagne.net\\\/#\\\/schema\\\/person\\\/0f261460c09e430caa0f9bcffa319109\"},\"headline\":\"Lundi 30 juillet : Cr\u00e9e du Vigan\",\"datePublished\":\"2012-07-30T18:01:23+00:00\",\"dateModified\":\"2016-04-06T23:04:31+00:00\",\"mainEntityOfPage\":{\"@id\":\"https:\\\/\\\/www.altercampagne.net\\\/?p=3655\"},\"wordCount\":563,\"keywords\":[\"AlterTour 2012\",\"le Vigan\",\"Cr\u00e9e\"],\"inLanguage\":\"fr-FR\"},{\"@type\":\"WebPage\",\"@id\":\"https:\\\/\\\/www.altercampagne.net\\\/?p=3655\",\"url\":\"https:\\\/\\\/www.altercampagne.net\\\/?p=3655\",\"name\":\"Lundi 30 juillet : Cr\u00e9e du Vigan - AlterTour\",\"isPartOf\":{\"@id\":\"https:\\\/\\\/www.altercampagne.net\\\/#website\"},\"datePublished\":\"2012-07-30T18:01:23+00:00\",\"dateModified\":\"2016-04-06T23:04:31+00:00\",\"author\":{\"@id\":\"https:\\\/\\\/www.altercampagne.net\\\/#\\\/schema\\\/person\\\/0f261460c09e430caa0f9bcffa319109\"},\"breadcrumb\":{\"@id\":\"https:\\\/\\\/www.altercampagne.net\\\/?p=3655#breadcrumb\"},\"inLanguage\":\"fr-FR\",\"potentialAction\":[{\"@type\":\"ReadAction\",\"target\":[\"https:\\\/\\\/www.altercampagne.net\\\/?p=3655\"]}]},{\"@type\":\"BreadcrumbList\",\"@id\":\"https:\\\/\\\/www.altercampagne.net\\\/?p=3655#breadcrumb\",\"itemListElement\":[{\"@type\":\"ListItem\",\"position\":1,\"name\":\"Accueil\",\"item\":\"https:\\\/\\\/www.altercampagne.net\\\/\"},{\"@type\":\"ListItem\",\"position\":2,\"name\":\"Lundi 30 juillet : Cr\u00e9e du Vigan\"}]},{\"@type\":\"WebSite\",\"@id\":\"https:\\\/\\\/www.altercampagne.net\\\/#website\",\"url\":\"https:\\\/\\\/www.altercampagne.net\\\/\",\"name\":\"AlterTour\",\"description\":\"Reliez les Alternatives \u00e0 v\u00e9lo\",\"potentialAction\":[{\"@type\":\"SearchAction\",\"target\":{\"@type\":\"EntryPoint\",\"urlTemplate\":\"https:\\\/\\\/www.altercampagne.net\\\/?s={search_term_string}\"},\"query-input\":{\"@type\":\"PropertyValueSpecification\",\"valueRequired\":true,\"valueName\":\"search_term_string\"}}],\"inLanguage\":\"fr-FR\"},{\"@type\":\"Person\",\"@id\":\"https:\\\/\\\/www.altercampagne.net\\\/#\\\/schema\\\/person\\\/0f261460c09e430caa0f9bcffa319109\",\"name\":\"Mathieu\",\"image\":{\"@type\":\"ImageObject\",\"inLanguage\":\"fr-FR\",\"@id\":\"https:\\\/\\\/secure.gravatar.com\\\/avatar\\\/aa9d3d24c83f2141e5e2709d0f63d09a99f6be6bb7a50abc4915838d9f54501a?s=96&d=mm&r=g\",\"url\":\"https:\\\/\\\/secure.gravatar.com\\\/avatar\\\/aa9d3d24c83f2141e5e2709d0f63d09a99f6be6bb7a50abc4915838d9f54501a?s=96&d=mm&r=g\",\"contentUrl\":\"https:\\\/\\\/secure.gravatar.com\\\/avatar\\\/aa9d3d24c83f2141e5e2709d0f63d09a99f6be6bb7a50abc4915838d9f54501a?s=96&d=mm&r=g\",\"caption\":\"Mathieu\"},\"url\":\"https:\\\/\\\/www.altercampagne.net\\\/?author=214\"}]}<\/script>\n<!-- \/ Yoast SEO plugin. -->","yoast_head_json":{"title":"Lundi 30 juillet : Cr\u00e9e du Vigan - AlterTour","robots":{"index":"index","follow":"follow","max-snippet":"max-snippet:-1","max-image-preview":"max-image-preview:large","max-video-preview":"max-video-preview:-1"},"canonical":"https:\/\/www.altercampagne.net\/?p=3655","og_locale":"fr_FR","og_type":"article","og_title":"Lundi 30 juillet : Cr\u00e9e du Vigan - AlterTour","og_description":"Cher nouveau, En te voyant arriver avec ton beau chapeau, mon c\u0153ur s\u2019est emball\u00e9, mes pignons vibr\u00e9, d\u00e9j\u00e0 l\u2019id\u00e9e d\u2019une belle journ\u00e9e avec toi m\u2019a \u00e9moustill\u00e9. Que la joie habille tes yeux et que tes p\u2019tits mollets restent doux. Bonne soir\u00e9e cher nouveau &#8230; Sign\u00e9 ton v\u00e9lo \u00a0&#8212; L\u2019AlterTour : ... Read More","og_url":"https:\/\/www.altercampagne.net\/?p=3655","og_site_name":"AlterTour","article_published_time":"2012-07-30T18:01:23+00:00","article_modified_time":"2016-04-06T23:04:31+00:00","author":"Mathieu","twitter_card":"summary_large_image","twitter_misc":{"\u00c9crit par":"Mathieu","Dur\u00e9e de lecture estim\u00e9e":"3 minutes"},"schema":{"@context":"https:\/\/schema.org","@graph":[{"@type":"Article","@id":"https:\/\/www.altercampagne.net\/?p=3655#article","isPartOf":{"@id":"https:\/\/www.altercampagne.net\/?p=3655"},"author":{"name":"Mathieu","@id":"https:\/\/www.altercampagne.net\/#\/schema\/person\/0f261460c09e430caa0f9bcffa319109"},"headline":"Lundi 30 juillet : Cr\u00e9e du Vigan","datePublished":"2012-07-30T18:01:23+00:00","dateModified":"2016-04-06T23:04:31+00:00","mainEntityOfPage":{"@id":"https:\/\/www.altercampagne.net\/?p=3655"},"wordCount":563,"keywords":["AlterTour 2012","le Vigan","Cr\u00e9e"],"inLanguage":"fr-FR"},{"@type":"WebPage","@id":"https:\/\/www.altercampagne.net\/?p=3655","url":"https:\/\/www.altercampagne.net\/?p=3655","name":"Lundi 30 juillet : Cr\u00e9e du Vigan - AlterTour","isPartOf":{"@id":"https:\/\/www.altercampagne.net\/#website"},"datePublished":"2012-07-30T18:01:23+00:00","dateModified":"2016-04-06T23:04:31+00:00","author":{"@id":"https:\/\/www.altercampagne.net\/#\/schema\/person\/0f261460c09e430caa0f9bcffa319109"},"breadcrumb":{"@id":"https:\/\/www.altercampagne.net\/?p=3655#breadcrumb"},"inLanguage":"fr-FR","potentialAction":[{"@type":"ReadAction","target":["https:\/\/www.altercampagne.net\/?p=3655"]}]},{"@type":"BreadcrumbList","@id":"https:\/\/www.altercampagne.net\/?p=3655#breadcrumb","itemListElement":[{"@type":"ListItem","position":1,"name":"Accueil","item":"https:\/\/www.altercampagne.net\/"},{"@type":"ListItem","position":2,"name":"Lundi 30 juillet : Cr\u00e9e du Vigan"}]},{"@type":"WebSite","@id":"https:\/\/www.altercampagne.net\/#website","url":"https:\/\/www.altercampagne.net\/","name":"AlterTour","description":"Reliez les Alternatives \u00e0 v\u00e9lo","potentialAction":[{"@type":"SearchAction","target":{"@type":"EntryPoint","urlTemplate":"https:\/\/www.altercampagne.net\/?s={search_term_string}"},"query-input":{"@type":"PropertyValueSpecification","valueRequired":true,"valueName":"search_term_string"}}],"inLanguage":"fr-FR"},{"@type":"Person","@id":"https:\/\/www.altercampagne.net\/#\/schema\/person\/0f261460c09e430caa0f9bcffa319109","name":"Mathieu","image":{"@type":"ImageObject","inLanguage":"fr-FR","@id":"https:\/\/secure.gravatar.com\/avatar\/aa9d3d24c83f2141e5e2709d0f63d09a99f6be6bb7a50abc4915838d9f54501a?s=96&d=mm&r=g","url":"https:\/\/secure.gravatar.com\/avatar\/aa9d3d24c83f2141e5e2709d0f63d09a99f6be6bb7a50abc4915838d9f54501a?s=96&d=mm&r=g","contentUrl":"https:\/\/secure.gravatar.com\/avatar\/aa9d3d24c83f2141e5e2709d0f63d09a99f6be6bb7a50abc4915838d9f54501a?s=96&d=mm&r=g","caption":"Mathieu"},"url":"https:\/\/www.altercampagne.net\/?author=214"}]}},"_links":{"self":[{"href":"https:\/\/www.altercampagne.net\/index.php?rest_route=\/wp\/v2\/posts\/3655","targetHints":{"allow":["GET"]}}],"collection":[{"href":"https:\/\/www.altercampagne.net\/index.php?rest_route=\/wp\/v2\/posts"}],"about":[{"href":"https:\/\/www.altercampagne.net\/index.php?rest_route=\/wp\/v2\/types\/post"}],"author":[{"embeddable":true,"href":"https:\/\/www.altercampagne.net\/index.php?rest_route=\/wp\/v2\/users\/214"}],"replies":[{"embeddable":true,"href":"https:\/\/www.altercampagne.net\/index.php?rest_route=%2Fwp%2Fv2%2Fcomments&post=3655"}],"version-history":[{"count":0,"href":"https:\/\/www.altercampagne.net\/index.php?rest_route=\/wp\/v2\/posts\/3655\/revisions"}],"wp:attachment":[{"href":"https:\/\/www.altercampagne.net\/index.php?rest_route=%2Fwp%2Fv2%2Fmedia&parent=3655"}],"wp:term":[{"taxonomy":"category","embeddable":true,"href":"https:\/\/www.altercampagne.net\/index.php?rest_route=%2Fwp%2Fv2%2Fcategories&post=3655"},{"taxonomy":"post_tag","embeddable":true,"href":"https:\/\/www.altercampagne.net\/index.php?rest_route=%2Fwp%2Fv2%2Ftags&post=3655"}],"curies":[{"name":"wp","href":"https:\/\/api.w.org\/{rel}","templated":true}]}}