{"id":3657,"date":"2012-07-29T22:04:39","date_gmt":"2012-07-29T20:04:39","guid":{"rendered":"http:\/\/www.altercampagne.net\/?p=3657"},"modified":"2019-09-16T16:29:36","modified_gmt":"2019-09-16T14:29:36","slug":"etape-du-29-juillet-senaillac-en-transition-et-leco-hameau-dandral-au-vigan","status":"publish","type":"post","link":"https:\/\/www.altercampagne.net\/?p=3657","title":{"rendered":"\u00c9tape du 29 juillet : S\u00e9naillac en transition et l&rsquo;\u00e9co-hameau d&rsquo;Andral au Vigan"},"content":{"rendered":"<p class=\"Style138 Style271\" align=\"justify\">Temps splendide, ciel limpide. Pause figues\/crevaison\/fontaine. A midi, rencontre de \u00ab\u00a0<a href=\"http:\/\/transitionaupays.eu\/category\/senaillacentransition\/\" target=\"_blank\" rel=\"noopener noreferrer\"><strong>S\u00e9naillac-en-transition<\/strong><\/a>\u00a0\u00bb. Super accueil, convivial et sympa, l\u00e9gumes, f\u00e9culents, repas sublime pr\u00e9par\u00e9 d\u00e8s la veille par nos charmant.e.s accueillant.e.s et d\u00e9vor\u00e9 par les altercyclistes affam\u00e9.e.s et combl\u00e9.e.s. Encore mille merci au maire, aux accueillant.e.s, aux cuisini\u00e8r.e.s, et \u00e0 \u00ab\u00a0S\u00e9naillac-en-transition\u00a0\u00bb\u00a0!<\/p>\n<p class=\"Style138 Style271\" align=\"justify\">\u00ab\u00a0S\u00e9naillac-en-transition\u00a0\u00bb est une association qui s\u2019inscrit dans la perspective de la n\u00e9cessaire transition \u00e9nerg\u00e9tique, et qui vise \u00e0 d\u00e9velopper \u00e0 S\u00e9naillac des activit\u00e9s collectives susceptibles de cr\u00e9er du lien social et de la solidarit\u00e9 entre les habitant.e.s. \u00ab\u00a0S\u00e9naillac-en-transition\u00a0\u00bb organise des ateliers d\u2019\u00e9changes de savoirs (en anglais, informatique, cuisine traditionnelle, \u00e9change de livres, filage de laine), des ateliers d\u2019entretien et r\u00e9ouverture de chemins. Une visite du jardin communal a \u00e9t\u00e9 organis\u00e9e et une r\u00e9flexion est men\u00e9e sur les envies des uns et des autres concernant le devenir de ce jardin. Des actions de rep\u00e9rage de points d\u2019eau ont \u00e9t\u00e9 effectu\u00e9es. Des conf\u00e9rences-d\u00e9bats et projections (sur la monnaie ou sur l\u2019apr\u00e8s-p\u00e9trole) ont \u00e9galement \u00e9t\u00e9 organis\u00e9es par \u00ab\u00a0S\u00e9naillac-en-transition\u00a0\u00bb. Des formations, l\u2019une sur la transition et l\u2019autre sur la permaculture, sont envisag\u00e9es. Enfin, \u00ab\u00a0S\u00e9naillac-en-transition\u00a0\u00bb suit de pr\u00e8s l\u2019initiative d\u2019un jeune de S\u00e9naillac, \u00e9tudiant en cin\u00e9ma, qui tourne actuellement un film sur les initiatives de transition dans le Lot.<\/p>\n<p class=\"Style138 Style271\" align=\"justify\"><img loading=\"lazy\" decoding=\"async\" class=\" alignleft\" src=\"https:\/\/lh3.googleusercontent.com\/-JWWQgX4jafY\/UBao8lLNCcI\/AAAAAAAAGT4\/n2r9OxQTBc83LyhfH6n1rU40aFDnq4I7gCCo\/s912\/IMG_0879.JPG\" alt=\"\" width=\"400\" height=\"268\" \/>Une petite place sera peut-\u00eatre faite \u00e0 l\u2019AlterTour dans ce film\u00a0: nous avons \u00e9t\u00e9 invit\u00e9s \u00e0 nous exprimer, devant la cam\u00e9ra, sur ce qu\u2019est l\u2019AlterTour.<\/p>\n<p class=\"Style138 Style271\" align=\"justify\">L\u2019apr\u00e8s-midi, encore tr\u00e8s beau temps, pour ne pas dire sacr\u00e9 cagnard. Et le soir, arriv\u00e9e au <a href=\"http:\/\/ecohameaudandral.over-blog.org\/pages\/Ou_Qui_-863682.html\" target=\"_blank\" rel=\"noopener noreferrer\"><strong>\u00e9co-hameau du Vigan<\/strong><\/a>, o\u00f9 B\u00e9n\u00e9dicte, Jean-Luc, Karine et beaucoup d\u2019autres nous accueillent chaleureusement. Ils nous pr\u00e9sentent leur projet d\u2019\u00e9co-hameau. Il y aura 25 maisons mitoyennes et un grand b\u00e2timent collectif. Les personnes qui s\u2019inscrivent dans le projet viennent d\u2019un peu partout, la population est assez vari\u00e9e, familles avec enfants, c\u00e9libataires, retrait\u00e9s, etc. Ils nous racontent les moments d\u2019excitation et de difficult\u00e9s dans leur projet, et le plaisir qu\u2019ils auront eu et ont encore \u00e0 la faire avancer. Bonne chance, bon courage \u00e0 eux, bonne suite\u00a0!<\/p>\n<p class=\"Style138 Style271\" align=\"justify\">Le soir, festin sublime, et soir\u00e9e guitare sous la lune. Demain, journ\u00e9e de repos, vivement la grasse matin\u00e9e\u00a0!<\/p>\n<p style=\"text-align: right;\" align=\"justify\"><strong>Pascale<\/strong><\/p>\n","protected":false},"excerpt":{"rendered":"<p>Temps splendide, ciel limpide. Pause figues\/crevaison\/fontaine. A midi, rencontre de \u00ab\u00a0S\u00e9naillac-en-transition\u00a0\u00bb. Super accueil, convivial et sympa, l\u00e9gumes, f\u00e9culents, repas sublime pr\u00e9par\u00e9 d\u00e8s la veille par nos charmant.e.s accueillant.e.s et d\u00e9vor\u00e9 par les altercyclistes affam\u00e9.e.s et combl\u00e9.e.s. Encore mille merci au maire, aux accueillant.e.s, aux cuisini\u00e8r.e.s, et \u00e0 \u00ab\u00a0S\u00e9naillac-en-transition\u00a0\u00bb\u00a0! \u00ab\u00a0S\u00e9naillac-en-transition\u00a0\u00bb est &#8230; <\/p>\n<div><a href=\"https:\/\/www.altercampagne.net\/?p=3657\" class=\"more-link\">Read More<\/a><\/div>\n","protected":false},"author":214,"featured_media":15784,"comment_status":"closed","ping_status":"closed","sticky":false,"template":"","format":"standard","meta":{"footnotes":""},"categories":[3485,3480,3463],"tags":[303,852,907,908,1200,1201,1202,1203,1814,1844,1915],"class_list":["post-3657","post","type-post","status-publish","format-standard","has-post-thumbnail","hentry","category-habitat","category-occitanie","category-edition-2012","tag-apres-petrole","tag-altertour-2012","tag-eco-hameau-dandral","tag-le-vigan","tag-senaillac-en-transition","tag-transition-energetique","tag-monnaie","tag-eco-hameau","tag-1814","tag-midi-pyrenees","tag-lot"],"yoast_head":"<!-- This site is optimized with the Yoast SEO plugin v27.3 - https:\/\/yoast.com\/product\/yoast-seo-wordpress\/ -->\n<title>\u00c9tape du 29 juillet : S\u00e9naillac en transition et l&#039;\u00e9co-hameau d&#039;Andral au Vigan - AlterTour<\/title>\n<meta name=\"robots\" content=\"index, follow, max-snippet:-1, max-image-preview:large, max-video-preview:-1\" \/>\n<link rel=\"canonical\" href=\"https:\/\/www.altercampagne.net\/?p=3657\" \/>\n<meta property=\"og:locale\" content=\"fr_FR\" \/>\n<meta property=\"og:type\" content=\"article\" \/>\n<meta property=\"og:title\" content=\"\u00c9tape du 29 juillet : S\u00e9naillac en transition et l&#039;\u00e9co-hameau d&#039;Andral au Vigan - AlterTour\" \/>\n<meta property=\"og:description\" content=\"Temps splendide, ciel limpide. Pause figues\/crevaison\/fontaine. A midi, rencontre de \u00ab\u00a0S\u00e9naillac-en-transition\u00a0\u00bb. Super accueil, convivial et sympa, l\u00e9gumes, f\u00e9culents, repas sublime pr\u00e9par\u00e9 d\u00e8s la veille par nos charmant.e.s accueillant.e.s et d\u00e9vor\u00e9 par les altercyclistes affam\u00e9.e.s et combl\u00e9.e.s. Encore mille merci au maire, aux accueillant.e.s, aux cuisini\u00e8r.e.s, et \u00e0 \u00ab\u00a0S\u00e9naillac-en-transition\u00a0\u00bb\u00a0! \u00ab\u00a0S\u00e9naillac-en-transition\u00a0\u00bb est ... Read More\" \/>\n<meta property=\"og:url\" content=\"https:\/\/www.altercampagne.net\/?p=3657\" \/>\n<meta property=\"og:site_name\" content=\"AlterTour\" \/>\n<meta property=\"article:published_time\" content=\"2012-07-29T20:04:39+00:00\" \/>\n<meta property=\"article:modified_time\" content=\"2019-09-16T14:29:36+00:00\" \/>\n<meta property=\"og:image\" content=\"https:\/\/www.altercampagne.net\/wp-content\/uploads\/2012\/07\/2012-07-29_13.24.jpg\" \/>\n\t<meta property=\"og:image:width\" content=\"900\" \/>\n\t<meta property=\"og:image:height\" content=\"470\" \/>\n\t<meta property=\"og:image:type\" content=\"image\/jpeg\" \/>\n<meta name=\"author\" content=\"Mathieu\" \/>\n<meta name=\"twitter:card\" content=\"summary_large_image\" \/>\n<meta name=\"twitter:label1\" content=\"\u00c9crit par\" \/>\n\t<meta name=\"twitter:data1\" content=\"Mathieu\" \/>\n\t<meta name=\"twitter:label2\" content=\"Dur\u00e9e de lecture estim\u00e9e\" \/>\n\t<meta name=\"twitter:data2\" content=\"2 minutes\" \/>\n<script type=\"application\/ld+json\" class=\"yoast-schema-graph\">{\"@context\":\"https:\\\/\\\/schema.org\",\"@graph\":[{\"@type\":\"Article\",\"@id\":\"https:\\\/\\\/www.altercampagne.net\\\/?p=3657#article\",\"isPartOf\":{\"@id\":\"https:\\\/\\\/www.altercampagne.net\\\/?p=3657\"},\"author\":{\"name\":\"Mathieu\",\"@id\":\"https:\\\/\\\/www.altercampagne.net\\\/#\\\/schema\\\/person\\\/0f261460c09e430caa0f9bcffa319109\"},\"headline\":\"\u00c9tape du 29 juillet : S\u00e9naillac en transition et l&rsquo;\u00e9co-hameau d&rsquo;Andral au Vigan\",\"datePublished\":\"2012-07-29T20:04:39+00:00\",\"dateModified\":\"2019-09-16T14:29:36+00:00\",\"mainEntityOfPage\":{\"@id\":\"https:\\\/\\\/www.altercampagne.net\\\/?p=3657\"},\"wordCount\":438,\"image\":{\"@id\":\"https:\\\/\\\/www.altercampagne.net\\\/?p=3657#primaryimage\"},\"thumbnailUrl\":\"https:\\\/\\\/www.altercampagne.net\\\/wp-content\\\/uploads\\\/2012\\\/07\\\/2012-07-29_13.24.jpg\",\"keywords\":[\"apr\u00e8s-p\u00e9trole\",\"AlterTour 2012\",\"Eco-hameau d'Andral\",\"le Vigan\",\"S\u00e9naillac en transition\",\"transition \u00e9nerg\u00e9tique\",\"monnaie\",\"\u00e9co-hameau\",\"2012\",\"Midi-Pyr\u00e9n\u00e9es\",\"Lot\"],\"articleSection\":[\"Habitat\",\"Occitanie\",\"\u00c9dition 2012\"],\"inLanguage\":\"fr-FR\"},{\"@type\":\"WebPage\",\"@id\":\"https:\\\/\\\/www.altercampagne.net\\\/?p=3657\",\"url\":\"https:\\\/\\\/www.altercampagne.net\\\/?p=3657\",\"name\":\"\u00c9tape du 29 juillet : S\u00e9naillac en transition et l'\u00e9co-hameau d'Andral au Vigan - AlterTour\",\"isPartOf\":{\"@id\":\"https:\\\/\\\/www.altercampagne.net\\\/#website\"},\"primaryImageOfPage\":{\"@id\":\"https:\\\/\\\/www.altercampagne.net\\\/?p=3657#primaryimage\"},\"image\":{\"@id\":\"https:\\\/\\\/www.altercampagne.net\\\/?p=3657#primaryimage\"},\"thumbnailUrl\":\"https:\\\/\\\/www.altercampagne.net\\\/wp-content\\\/uploads\\\/2012\\\/07\\\/2012-07-29_13.24.jpg\",\"datePublished\":\"2012-07-29T20:04:39+00:00\",\"dateModified\":\"2019-09-16T14:29:36+00:00\",\"author\":{\"@id\":\"https:\\\/\\\/www.altercampagne.net\\\/#\\\/schema\\\/person\\\/0f261460c09e430caa0f9bcffa319109\"},\"breadcrumb\":{\"@id\":\"https:\\\/\\\/www.altercampagne.net\\\/?p=3657#breadcrumb\"},\"inLanguage\":\"fr-FR\",\"potentialAction\":[{\"@type\":\"ReadAction\",\"target\":[\"https:\\\/\\\/www.altercampagne.net\\\/?p=3657\"]}]},{\"@type\":\"ImageObject\",\"inLanguage\":\"fr-FR\",\"@id\":\"https:\\\/\\\/www.altercampagne.net\\\/?p=3657#primaryimage\",\"url\":\"https:\\\/\\\/www.altercampagne.net\\\/wp-content\\\/uploads\\\/2012\\\/07\\\/2012-07-29_13.24.jpg\",\"contentUrl\":\"https:\\\/\\\/www.altercampagne.net\\\/wp-content\\\/uploads\\\/2012\\\/07\\\/2012-07-29_13.24.jpg\",\"width\":900,\"height\":470},{\"@type\":\"BreadcrumbList\",\"@id\":\"https:\\\/\\\/www.altercampagne.net\\\/?p=3657#breadcrumb\",\"itemListElement\":[{\"@type\":\"ListItem\",\"position\":1,\"name\":\"Accueil\",\"item\":\"https:\\\/\\\/www.altercampagne.net\\\/\"},{\"@type\":\"ListItem\",\"position\":2,\"name\":\"\u00c9tape du 29 juillet : S\u00e9naillac en transition et l&#8217;\u00e9co-hameau d&#8217;Andral au Vigan\"}]},{\"@type\":\"WebSite\",\"@id\":\"https:\\\/\\\/www.altercampagne.net\\\/#website\",\"url\":\"https:\\\/\\\/www.altercampagne.net\\\/\",\"name\":\"AlterTour\",\"description\":\"Reliez les Alternatives \u00e0 v\u00e9lo\",\"potentialAction\":[{\"@type\":\"SearchAction\",\"target\":{\"@type\":\"EntryPoint\",\"urlTemplate\":\"https:\\\/\\\/www.altercampagne.net\\\/?s={search_term_string}\"},\"query-input\":{\"@type\":\"PropertyValueSpecification\",\"valueRequired\":true,\"valueName\":\"search_term_string\"}}],\"inLanguage\":\"fr-FR\"},{\"@type\":\"Person\",\"@id\":\"https:\\\/\\\/www.altercampagne.net\\\/#\\\/schema\\\/person\\\/0f261460c09e430caa0f9bcffa319109\",\"name\":\"Mathieu\",\"image\":{\"@type\":\"ImageObject\",\"inLanguage\":\"fr-FR\",\"@id\":\"https:\\\/\\\/secure.gravatar.com\\\/avatar\\\/aa9d3d24c83f2141e5e2709d0f63d09a99f6be6bb7a50abc4915838d9f54501a?s=96&d=mm&r=g\",\"url\":\"https:\\\/\\\/secure.gravatar.com\\\/avatar\\\/aa9d3d24c83f2141e5e2709d0f63d09a99f6be6bb7a50abc4915838d9f54501a?s=96&d=mm&r=g\",\"contentUrl\":\"https:\\\/\\\/secure.gravatar.com\\\/avatar\\\/aa9d3d24c83f2141e5e2709d0f63d09a99f6be6bb7a50abc4915838d9f54501a?s=96&d=mm&r=g\",\"caption\":\"Mathieu\"},\"url\":\"https:\\\/\\\/www.altercampagne.net\\\/?author=214\"}]}<\/script>\n<!-- \/ Yoast SEO plugin. -->","yoast_head_json":{"title":"\u00c9tape du 29 juillet : S\u00e9naillac en transition et l'\u00e9co-hameau d'Andral au Vigan - AlterTour","robots":{"index":"index","follow":"follow","max-snippet":"max-snippet:-1","max-image-preview":"max-image-preview:large","max-video-preview":"max-video-preview:-1"},"canonical":"https:\/\/www.altercampagne.net\/?p=3657","og_locale":"fr_FR","og_type":"article","og_title":"\u00c9tape du 29 juillet : S\u00e9naillac en transition et l'\u00e9co-hameau d'Andral au Vigan - AlterTour","og_description":"Temps splendide, ciel limpide. Pause figues\/crevaison\/fontaine. A midi, rencontre de \u00ab\u00a0S\u00e9naillac-en-transition\u00a0\u00bb. Super accueil, convivial et sympa, l\u00e9gumes, f\u00e9culents, repas sublime pr\u00e9par\u00e9 d\u00e8s la veille par nos charmant.e.s accueillant.e.s et d\u00e9vor\u00e9 par les altercyclistes affam\u00e9.e.s et combl\u00e9.e.s. Encore mille merci au maire, aux accueillant.e.s, aux cuisini\u00e8r.e.s, et \u00e0 \u00ab\u00a0S\u00e9naillac-en-transition\u00a0\u00bb\u00a0! \u00ab\u00a0S\u00e9naillac-en-transition\u00a0\u00bb est ... Read More","og_url":"https:\/\/www.altercampagne.net\/?p=3657","og_site_name":"AlterTour","article_published_time":"2012-07-29T20:04:39+00:00","article_modified_time":"2019-09-16T14:29:36+00:00","og_image":[{"width":900,"height":470,"url":"https:\/\/www.altercampagne.net\/wp-content\/uploads\/2012\/07\/2012-07-29_13.24.jpg","type":"image\/jpeg"}],"author":"Mathieu","twitter_card":"summary_large_image","twitter_misc":{"\u00c9crit par":"Mathieu","Dur\u00e9e de lecture estim\u00e9e":"2 minutes"},"schema":{"@context":"https:\/\/schema.org","@graph":[{"@type":"Article","@id":"https:\/\/www.altercampagne.net\/?p=3657#article","isPartOf":{"@id":"https:\/\/www.altercampagne.net\/?p=3657"},"author":{"name":"Mathieu","@id":"https:\/\/www.altercampagne.net\/#\/schema\/person\/0f261460c09e430caa0f9bcffa319109"},"headline":"\u00c9tape du 29 juillet : S\u00e9naillac en transition et l&rsquo;\u00e9co-hameau d&rsquo;Andral au Vigan","datePublished":"2012-07-29T20:04:39+00:00","dateModified":"2019-09-16T14:29:36+00:00","mainEntityOfPage":{"@id":"https:\/\/www.altercampagne.net\/?p=3657"},"wordCount":438,"image":{"@id":"https:\/\/www.altercampagne.net\/?p=3657#primaryimage"},"thumbnailUrl":"https:\/\/www.altercampagne.net\/wp-content\/uploads\/2012\/07\/2012-07-29_13.24.jpg","keywords":["apr\u00e8s-p\u00e9trole","AlterTour 2012","Eco-hameau d'Andral","le Vigan","S\u00e9naillac en transition","transition \u00e9nerg\u00e9tique","monnaie","\u00e9co-hameau","2012","Midi-Pyr\u00e9n\u00e9es","Lot"],"articleSection":["Habitat","Occitanie","\u00c9dition 2012"],"inLanguage":"fr-FR"},{"@type":"WebPage","@id":"https:\/\/www.altercampagne.net\/?p=3657","url":"https:\/\/www.altercampagne.net\/?p=3657","name":"\u00c9tape du 29 juillet : S\u00e9naillac en transition et l'\u00e9co-hameau d'Andral au Vigan - AlterTour","isPartOf":{"@id":"https:\/\/www.altercampagne.net\/#website"},"primaryImageOfPage":{"@id":"https:\/\/www.altercampagne.net\/?p=3657#primaryimage"},"image":{"@id":"https:\/\/www.altercampagne.net\/?p=3657#primaryimage"},"thumbnailUrl":"https:\/\/www.altercampagne.net\/wp-content\/uploads\/2012\/07\/2012-07-29_13.24.jpg","datePublished":"2012-07-29T20:04:39+00:00","dateModified":"2019-09-16T14:29:36+00:00","author":{"@id":"https:\/\/www.altercampagne.net\/#\/schema\/person\/0f261460c09e430caa0f9bcffa319109"},"breadcrumb":{"@id":"https:\/\/www.altercampagne.net\/?p=3657#breadcrumb"},"inLanguage":"fr-FR","potentialAction":[{"@type":"ReadAction","target":["https:\/\/www.altercampagne.net\/?p=3657"]}]},{"@type":"ImageObject","inLanguage":"fr-FR","@id":"https:\/\/www.altercampagne.net\/?p=3657#primaryimage","url":"https:\/\/www.altercampagne.net\/wp-content\/uploads\/2012\/07\/2012-07-29_13.24.jpg","contentUrl":"https:\/\/www.altercampagne.net\/wp-content\/uploads\/2012\/07\/2012-07-29_13.24.jpg","width":900,"height":470},{"@type":"BreadcrumbList","@id":"https:\/\/www.altercampagne.net\/?p=3657#breadcrumb","itemListElement":[{"@type":"ListItem","position":1,"name":"Accueil","item":"https:\/\/www.altercampagne.net\/"},{"@type":"ListItem","position":2,"name":"\u00c9tape du 29 juillet : S\u00e9naillac en transition et l&#8217;\u00e9co-hameau d&#8217;Andral au Vigan"}]},{"@type":"WebSite","@id":"https:\/\/www.altercampagne.net\/#website","url":"https:\/\/www.altercampagne.net\/","name":"AlterTour","description":"Reliez les Alternatives \u00e0 v\u00e9lo","potentialAction":[{"@type":"SearchAction","target":{"@type":"EntryPoint","urlTemplate":"https:\/\/www.altercampagne.net\/?s={search_term_string}"},"query-input":{"@type":"PropertyValueSpecification","valueRequired":true,"valueName":"search_term_string"}}],"inLanguage":"fr-FR"},{"@type":"Person","@id":"https:\/\/www.altercampagne.net\/#\/schema\/person\/0f261460c09e430caa0f9bcffa319109","name":"Mathieu","image":{"@type":"ImageObject","inLanguage":"fr-FR","@id":"https:\/\/secure.gravatar.com\/avatar\/aa9d3d24c83f2141e5e2709d0f63d09a99f6be6bb7a50abc4915838d9f54501a?s=96&d=mm&r=g","url":"https:\/\/secure.gravatar.com\/avatar\/aa9d3d24c83f2141e5e2709d0f63d09a99f6be6bb7a50abc4915838d9f54501a?s=96&d=mm&r=g","contentUrl":"https:\/\/secure.gravatar.com\/avatar\/aa9d3d24c83f2141e5e2709d0f63d09a99f6be6bb7a50abc4915838d9f54501a?s=96&d=mm&r=g","caption":"Mathieu"},"url":"https:\/\/www.altercampagne.net\/?author=214"}]}},"_links":{"self":[{"href":"https:\/\/www.altercampagne.net\/index.php?rest_route=\/wp\/v2\/posts\/3657","targetHints":{"allow":["GET"]}}],"collection":[{"href":"https:\/\/www.altercampagne.net\/index.php?rest_route=\/wp\/v2\/posts"}],"about":[{"href":"https:\/\/www.altercampagne.net\/index.php?rest_route=\/wp\/v2\/types\/post"}],"author":[{"embeddable":true,"href":"https:\/\/www.altercampagne.net\/index.php?rest_route=\/wp\/v2\/users\/214"}],"replies":[{"embeddable":true,"href":"https:\/\/www.altercampagne.net\/index.php?rest_route=%2Fwp%2Fv2%2Fcomments&post=3657"}],"version-history":[{"count":0,"href":"https:\/\/www.altercampagne.net\/index.php?rest_route=\/wp\/v2\/posts\/3657\/revisions"}],"wp:featuredmedia":[{"embeddable":true,"href":"https:\/\/www.altercampagne.net\/index.php?rest_route=\/wp\/v2\/media\/15784"}],"wp:attachment":[{"href":"https:\/\/www.altercampagne.net\/index.php?rest_route=%2Fwp%2Fv2%2Fmedia&parent=3657"}],"wp:term":[{"taxonomy":"category","embeddable":true,"href":"https:\/\/www.altercampagne.net\/index.php?rest_route=%2Fwp%2Fv2%2Fcategories&post=3657"},{"taxonomy":"post_tag","embeddable":true,"href":"https:\/\/www.altercampagne.net\/index.php?rest_route=%2Fwp%2Fv2%2Ftags&post=3657"}],"curies":[{"name":"wp","href":"https:\/\/api.w.org\/{rel}","templated":true}]}}