{"id":3659,"date":"2012-07-28T20:09:29","date_gmt":"2012-07-28T18:09:29","guid":{"rendered":"http:\/\/www.altercampagne.net\/?p=3659"},"modified":"2019-09-16T16:36:03","modified_gmt":"2019-09-16T14:36:03","slug":"samedi-28-juillet-limogne-en-quercy-vallee-du-lot-vallee-de-la-cele-le-causse-du-grammat-teminette","status":"publish","type":"post","link":"https:\/\/www.altercampagne.net\/?p=3659","title":{"rendered":"Samedi 28 juillet : Limogne en Quercy , vall\u00e9e du Lot , vall\u00e9e de la C\u00e9l\u00e9 , le causse du Grammat, T\u00e9minette."},"content":{"rendered":"<p class=\"Style138 Style271\">D\u00e9part de Limogne \u00e0 9h guid\u00e9 par Pierre Jaques et \u00c9ric les cheminots de la gare d&rsquo;Assier (gare en r\u00e9sistance) parmi les murettes de pierres s\u00e8ches bordant la route et entourant les plantations de ch\u00eanes , ce n&rsquo;est pas la saison de la truffe, dommage cela aurait mis de la joie dans notre cuisine v\u00e9g\u00e9tarienne.<\/p>\n<p class=\"Style138 Style271\">Nous rejoignons la vall\u00e9e du Lot \u00e0 Cenevieres et descendons le long du Lot au pied des falaises. Nous laissons Saint Cirque la Popie sur son piton \u00e0 notre gauche, apr\u00e8s le passage de la rivi\u00e8re sur un v\u00e9n\u00e9rable pont m\u00e9tallique dont la largeur du tablier limite le passage \u00e0 une seul file. Nous le franchissons en mode v\u00e9lorution , cela nous \u00e9vite des n\u00e9gociations avec les automobilistes.<\/p>\n<p class=\"Style138 Style271\">Sur cette rive droite du Lot \u00e0 la sortie d&rsquo;un tunnel sous une corniche de la falaise, des rayons de cire d\u00e9bordent d&rsquo;une cavit\u00e9. Un essaim d&rsquo;abeilles y a install\u00e9 son nid,bonne pioche, \u00e0 environ 15 m\u00e8tres de haut personne ne pourra les d\u00e9loger.<\/p>\n<p class=\"Style138 Style271\">Nous remontons la vall\u00e9e de la C\u00e9l\u00e9, un petit coucou au mus\u00e9e de l&rsquo;Insolite qui semble surgir de la falaise en compagnie d&rsquo;une foule d&rsquo;objets h\u00e9t\u00e9roclites : \u00ab\u00a0Belle illustration de l&rsquo;art brut ,art qui se doit de surgir l\u00e0 o\u00f9 on ne l&rsquo;attend pas\u00a0\u00bb (mus\u00e9e de l&rsquo;Insolite 46330 Cabreret 0565302101).<\/p>\n<p class=\"Style138 Style271\">Accueil \u00e0 midi \u00e0 Marcihac sur C\u00e9l\u00e9 par la Conf\u00e9d\u00e9ration Paysanne du Lot, repas copieux et bien agr\u00e9able pour les alter-cyclistes certes toujours affam\u00e9s de nourriture mais aussi d&rsquo;humanit\u00e9 et nos copains de la conf n&rsquo;en manquent pas.<\/p>\n<p class=\"Style138 Style271\">Apr\u00e8s quelques belles mont\u00e9es nous sortons de la vall\u00e9e de la C\u00e9l\u00e9 et grimpons sur le causse du Gramat direction Assier village en r\u00e9sistance contre la fermeture de sa gare. Depuis 17ans les actions se succ\u00e8dent : p\u00e9titions, manifestations, occupation de gares et arr\u00eats de trains \u00e0 Assier et du TGV en gare de Toulouse. La dynamique association de d\u00e9fense de la gare d&rsquo;Assier et de la promotion du rail, ADGAPR, propose maintenant la r\u00e9ouverture de la ligne Cahors Capdenac ligne qui n&rsquo;a pas \u00e9t\u00e9 d\u00e9mantel\u00e9e ce qui bouclerait la ligne Brive la Gaillarde-Cahors par Figeac.<\/p>\n<p class=\"Style138 Style271\">Dans cette commune vivent aussi de nombreuses associations, un caf\u00e9 associatif ouvert de septembre \u00e0 juin et qui ferme en \u00e9t\u00e9 pour permettre aux autres caf\u00e9s restaurants de profiter des touristes. Les restes d&rsquo;un ch\u00e2teau renaissance tr\u00f4nent au milieu du village et une fresque entoure l&rsquo;\u00e9glise, racontant les exploits de Henri IV et du ch\u00e2telain du pays qui fut son ma\u00eetre d&rsquo;arme et qui a particip\u00e9 \u00e0 toutes ses aventures.<\/p>\n<p><img loading=\"lazy\" decoding=\"async\" class=\" alignleft\" src=\"https:\/\/lh4.googleusercontent.com\/-zmVV_mzksBA\/UCeQoCTYTYI\/AAAAAAAAHts\/DuA6K_-nq90\/s720\/DSC_6124.JPG\" alt=\"\" width=\"400\" height=\"265\" \/><\/p>\n<p class=\"Style138 Style271\">Enfin apr\u00e9s quelques kilom\u00e8tres, arriv\u00e9s \u00e0 T\u00e9minette au centre culturel, Paul et Agn\u00e8s jeunes producteurs de fromage de Rocamadour nous accueillent en compagnie de Marie et Paul Cuyrel, leurs pr\u00e9d\u00e9cesseurs dans l&rsquo;exploitation agricole. Une foule d&rsquo;associations sont aussi pr\u00e9sentes : r\u00e9seau impact, les foyer ruraux , ADARE Lot, Quercy \u00e9nergie et nos amis de l&rsquo;ADGAPR. Un cuisinier anglais Christian Woodward , \u00e0 la folie assum\u00e9e, nous a concoct\u00e9 un repas v\u00e9g\u00e9tarien g\u00e9nial, digne des pr\u00e9tendus grands chefs fran\u00e7ais.<\/p>\n<p class=\"Style138 Style271\">Paul cuyrel qui assume aussi la gestion de la commune de T\u00e9minette en tant que maire a anim\u00e9 la soir\u00e9e au banjo en compagnie de deux groupes musicaux Melty Pote, musique irlandaise, et Limstone Blues. Les alter-cyclistes ont dans\u00e9 sur les airs irlandais jusqu&rsquo;au c\u0153ur de la nuit<\/p>\n","protected":false},"excerpt":{"rendered":"<p>D\u00e9part de Limogne \u00e0 9h guid\u00e9 par Pierre Jaques et \u00c9ric les cheminots de la gare d&rsquo;Assier (gare en r\u00e9sistance) parmi les murettes de pierres s\u00e8ches bordant la route et entourant les plantations de ch\u00eanes , ce n&rsquo;est pas la saison de la truffe, dommage cela aurait mis de la &#8230; <\/p>\n<div><a href=\"https:\/\/www.altercampagne.net\/?p=3659\" class=\"more-link\">Read More<\/a><\/div>\n","protected":false},"author":214,"featured_media":15786,"comment_status":"closed","ping_status":"closed","sticky":false,"template":"","format":"standard","meta":{"footnotes":""},"categories":[3480,3463],"tags":[852,1204,1205,1206,1207,1208,1209,1210,1211,1212,1213,1214,1814,1844,1915,1935],"class_list":["post-3659","post","type-post","status-publish","format-standard","has-post-thumbnail","hentry","category-occitanie","category-edition-2012","tag-altertour-2012","tag-limogne","tag-cheminots-de-la-gare-dassier","tag-gare-en-resistance","tag-confederation-paysanne-du-lot","tag-marcihac-sur-cele","tag-reseau-impact","tag-adare-lot","tag-quercy-energie","tag-adgapr","tag-teminette","tag-paul-cuyrel","tag-1814","tag-midi-pyrenees","tag-lot","tag-assier"],"yoast_head":"<!-- This site is optimized with the Yoast SEO plugin v27.3 - https:\/\/yoast.com\/product\/yoast-seo-wordpress\/ -->\n<title>Samedi 28 juillet : Limogne en Quercy , vall\u00e9e du Lot , vall\u00e9e de la C\u00e9l\u00e9 , le causse du Grammat, T\u00e9minette. - AlterTour<\/title>\n<meta name=\"robots\" content=\"index, follow, max-snippet:-1, max-image-preview:large, max-video-preview:-1\" \/>\n<link rel=\"canonical\" href=\"https:\/\/www.altercampagne.net\/?p=3659\" \/>\n<meta property=\"og:locale\" content=\"fr_FR\" \/>\n<meta property=\"og:type\" content=\"article\" \/>\n<meta property=\"og:title\" content=\"Samedi 28 juillet : Limogne en Quercy , vall\u00e9e du Lot , vall\u00e9e de la C\u00e9l\u00e9 , le causse du Grammat, T\u00e9minette. - AlterTour\" \/>\n<meta property=\"og:description\" content=\"D\u00e9part de Limogne \u00e0 9h guid\u00e9 par Pierre Jaques et \u00c9ric les cheminots de la gare d&rsquo;Assier (gare en r\u00e9sistance) parmi les murettes de pierres s\u00e8ches bordant la route et entourant les plantations de ch\u00eanes , ce n&rsquo;est pas la saison de la truffe, dommage cela aurait mis de la ... Read More\" \/>\n<meta property=\"og:url\" content=\"https:\/\/www.altercampagne.net\/?p=3659\" \/>\n<meta property=\"og:site_name\" content=\"AlterTour\" \/>\n<meta property=\"article:published_time\" content=\"2012-07-28T18:09:29+00:00\" \/>\n<meta property=\"article:modified_time\" content=\"2019-09-16T14:36:03+00:00\" \/>\n<meta property=\"og:image\" content=\"https:\/\/www.altercampagne.net\/wp-content\/uploads\/2012\/07\/2012-07-28_20.04.03_0807_Pierre-MARTY_pierre.marty05@orange.jpg\" \/>\n\t<meta property=\"og:image:width\" content=\"900\" \/>\n\t<meta property=\"og:image:height\" content=\"470\" \/>\n\t<meta property=\"og:image:type\" content=\"image\/jpeg\" \/>\n<meta name=\"author\" content=\"Mathieu\" \/>\n<meta name=\"twitter:card\" content=\"summary_large_image\" \/>\n<meta name=\"twitter:label1\" content=\"\u00c9crit par\" \/>\n\t<meta name=\"twitter:data1\" content=\"Mathieu\" \/>\n\t<meta name=\"twitter:label2\" content=\"Dur\u00e9e de lecture estim\u00e9e\" \/>\n\t<meta name=\"twitter:data2\" content=\"3 minutes\" \/>\n<script type=\"application\/ld+json\" class=\"yoast-schema-graph\">{\"@context\":\"https:\\\/\\\/schema.org\",\"@graph\":[{\"@type\":\"Article\",\"@id\":\"https:\\\/\\\/www.altercampagne.net\\\/?p=3659#article\",\"isPartOf\":{\"@id\":\"https:\\\/\\\/www.altercampagne.net\\\/?p=3659\"},\"author\":{\"name\":\"Mathieu\",\"@id\":\"https:\\\/\\\/www.altercampagne.net\\\/#\\\/schema\\\/person\\\/0f261460c09e430caa0f9bcffa319109\"},\"headline\":\"Samedi 28 juillet : Limogne en Quercy , vall\u00e9e du Lot , vall\u00e9e de la C\u00e9l\u00e9 , le causse du Grammat, T\u00e9minette.\",\"datePublished\":\"2012-07-28T18:09:29+00:00\",\"dateModified\":\"2019-09-16T14:36:03+00:00\",\"mainEntityOfPage\":{\"@id\":\"https:\\\/\\\/www.altercampagne.net\\\/?p=3659\"},\"wordCount\":631,\"image\":{\"@id\":\"https:\\\/\\\/www.altercampagne.net\\\/?p=3659#primaryimage\"},\"thumbnailUrl\":\"https:\\\/\\\/www.altercampagne.net\\\/wp-content\\\/uploads\\\/2012\\\/07\\\/2012-07-28_20.04.03_0807_Pierre-MARTY_pierre.marty05@orange.jpg\",\"keywords\":[\"AlterTour 2012\",\"Limogne\",\"cheminots de la gare d'Assier\",\"gare en r\u00e9sistance\",\"Conf\u00e9d\u00e9ration Paysanne du Lot\",\"Marcihac sur C\u00e9l\u00e9\",\"r\u00e9seau impact\",\"ADARE Lot\",\"Quercy \u00e9nergie\",\"ADGAPR\",\"T\u00e9minette\",\"Paul cuyrel\",\"2012\",\"Midi-Pyr\u00e9n\u00e9es\",\"Lot\",\"Assier\"],\"articleSection\":[\"Occitanie\",\"\u00c9dition 2012\"],\"inLanguage\":\"fr-FR\"},{\"@type\":\"WebPage\",\"@id\":\"https:\\\/\\\/www.altercampagne.net\\\/?p=3659\",\"url\":\"https:\\\/\\\/www.altercampagne.net\\\/?p=3659\",\"name\":\"Samedi 28 juillet : Limogne en Quercy , vall\u00e9e du Lot , vall\u00e9e de la C\u00e9l\u00e9 , le causse du Grammat, T\u00e9minette. - AlterTour\",\"isPartOf\":{\"@id\":\"https:\\\/\\\/www.altercampagne.net\\\/#website\"},\"primaryImageOfPage\":{\"@id\":\"https:\\\/\\\/www.altercampagne.net\\\/?p=3659#primaryimage\"},\"image\":{\"@id\":\"https:\\\/\\\/www.altercampagne.net\\\/?p=3659#primaryimage\"},\"thumbnailUrl\":\"https:\\\/\\\/www.altercampagne.net\\\/wp-content\\\/uploads\\\/2012\\\/07\\\/2012-07-28_20.04.03_0807_Pierre-MARTY_pierre.marty05@orange.jpg\",\"datePublished\":\"2012-07-28T18:09:29+00:00\",\"dateModified\":\"2019-09-16T14:36:03+00:00\",\"author\":{\"@id\":\"https:\\\/\\\/www.altercampagne.net\\\/#\\\/schema\\\/person\\\/0f261460c09e430caa0f9bcffa319109\"},\"breadcrumb\":{\"@id\":\"https:\\\/\\\/www.altercampagne.net\\\/?p=3659#breadcrumb\"},\"inLanguage\":\"fr-FR\",\"potentialAction\":[{\"@type\":\"ReadAction\",\"target\":[\"https:\\\/\\\/www.altercampagne.net\\\/?p=3659\"]}]},{\"@type\":\"ImageObject\",\"inLanguage\":\"fr-FR\",\"@id\":\"https:\\\/\\\/www.altercampagne.net\\\/?p=3659#primaryimage\",\"url\":\"https:\\\/\\\/www.altercampagne.net\\\/wp-content\\\/uploads\\\/2012\\\/07\\\/2012-07-28_20.04.03_0807_Pierre-MARTY_pierre.marty05@orange.jpg\",\"contentUrl\":\"https:\\\/\\\/www.altercampagne.net\\\/wp-content\\\/uploads\\\/2012\\\/07\\\/2012-07-28_20.04.03_0807_Pierre-MARTY_pierre.marty05@orange.jpg\",\"width\":900,\"height\":470},{\"@type\":\"BreadcrumbList\",\"@id\":\"https:\\\/\\\/www.altercampagne.net\\\/?p=3659#breadcrumb\",\"itemListElement\":[{\"@type\":\"ListItem\",\"position\":1,\"name\":\"Accueil\",\"item\":\"https:\\\/\\\/www.altercampagne.net\\\/\"},{\"@type\":\"ListItem\",\"position\":2,\"name\":\"Samedi 28 juillet : Limogne en Quercy , vall\u00e9e du Lot , vall\u00e9e de la C\u00e9l\u00e9 , le causse du Grammat, T\u00e9minette.\"}]},{\"@type\":\"WebSite\",\"@id\":\"https:\\\/\\\/www.altercampagne.net\\\/#website\",\"url\":\"https:\\\/\\\/www.altercampagne.net\\\/\",\"name\":\"AlterTour\",\"description\":\"Reliez les Alternatives \u00e0 v\u00e9lo\",\"potentialAction\":[{\"@type\":\"SearchAction\",\"target\":{\"@type\":\"EntryPoint\",\"urlTemplate\":\"https:\\\/\\\/www.altercampagne.net\\\/?s={search_term_string}\"},\"query-input\":{\"@type\":\"PropertyValueSpecification\",\"valueRequired\":true,\"valueName\":\"search_term_string\"}}],\"inLanguage\":\"fr-FR\"},{\"@type\":\"Person\",\"@id\":\"https:\\\/\\\/www.altercampagne.net\\\/#\\\/schema\\\/person\\\/0f261460c09e430caa0f9bcffa319109\",\"name\":\"Mathieu\",\"image\":{\"@type\":\"ImageObject\",\"inLanguage\":\"fr-FR\",\"@id\":\"https:\\\/\\\/secure.gravatar.com\\\/avatar\\\/aa9d3d24c83f2141e5e2709d0f63d09a99f6be6bb7a50abc4915838d9f54501a?s=96&d=mm&r=g\",\"url\":\"https:\\\/\\\/secure.gravatar.com\\\/avatar\\\/aa9d3d24c83f2141e5e2709d0f63d09a99f6be6bb7a50abc4915838d9f54501a?s=96&d=mm&r=g\",\"contentUrl\":\"https:\\\/\\\/secure.gravatar.com\\\/avatar\\\/aa9d3d24c83f2141e5e2709d0f63d09a99f6be6bb7a50abc4915838d9f54501a?s=96&d=mm&r=g\",\"caption\":\"Mathieu\"},\"url\":\"https:\\\/\\\/www.altercampagne.net\\\/?author=214\"}]}<\/script>\n<!-- \/ Yoast SEO plugin. -->","yoast_head_json":{"title":"Samedi 28 juillet : Limogne en Quercy , vall\u00e9e du Lot , vall\u00e9e de la C\u00e9l\u00e9 , le causse du Grammat, T\u00e9minette. - AlterTour","robots":{"index":"index","follow":"follow","max-snippet":"max-snippet:-1","max-image-preview":"max-image-preview:large","max-video-preview":"max-video-preview:-1"},"canonical":"https:\/\/www.altercampagne.net\/?p=3659","og_locale":"fr_FR","og_type":"article","og_title":"Samedi 28 juillet : Limogne en Quercy , vall\u00e9e du Lot , vall\u00e9e de la C\u00e9l\u00e9 , le causse du Grammat, T\u00e9minette. - AlterTour","og_description":"D\u00e9part de Limogne \u00e0 9h guid\u00e9 par Pierre Jaques et \u00c9ric les cheminots de la gare d&rsquo;Assier (gare en r\u00e9sistance) parmi les murettes de pierres s\u00e8ches bordant la route et entourant les plantations de ch\u00eanes , ce n&rsquo;est pas la saison de la truffe, dommage cela aurait mis de la ... Read More","og_url":"https:\/\/www.altercampagne.net\/?p=3659","og_site_name":"AlterTour","article_published_time":"2012-07-28T18:09:29+00:00","article_modified_time":"2019-09-16T14:36:03+00:00","og_image":[{"width":900,"height":470,"url":"https:\/\/www.altercampagne.net\/wp-content\/uploads\/2012\/07\/2012-07-28_20.04.03_0807_Pierre-MARTY_pierre.marty05@orange.jpg","type":"image\/jpeg"}],"author":"Mathieu","twitter_card":"summary_large_image","twitter_misc":{"\u00c9crit par":"Mathieu","Dur\u00e9e de lecture estim\u00e9e":"3 minutes"},"schema":{"@context":"https:\/\/schema.org","@graph":[{"@type":"Article","@id":"https:\/\/www.altercampagne.net\/?p=3659#article","isPartOf":{"@id":"https:\/\/www.altercampagne.net\/?p=3659"},"author":{"name":"Mathieu","@id":"https:\/\/www.altercampagne.net\/#\/schema\/person\/0f261460c09e430caa0f9bcffa319109"},"headline":"Samedi 28 juillet : Limogne en Quercy , vall\u00e9e du Lot , vall\u00e9e de la C\u00e9l\u00e9 , le causse du Grammat, T\u00e9minette.","datePublished":"2012-07-28T18:09:29+00:00","dateModified":"2019-09-16T14:36:03+00:00","mainEntityOfPage":{"@id":"https:\/\/www.altercampagne.net\/?p=3659"},"wordCount":631,"image":{"@id":"https:\/\/www.altercampagne.net\/?p=3659#primaryimage"},"thumbnailUrl":"https:\/\/www.altercampagne.net\/wp-content\/uploads\/2012\/07\/2012-07-28_20.04.03_0807_Pierre-MARTY_pierre.marty05@orange.jpg","keywords":["AlterTour 2012","Limogne","cheminots de la gare d'Assier","gare en r\u00e9sistance","Conf\u00e9d\u00e9ration Paysanne du Lot","Marcihac sur C\u00e9l\u00e9","r\u00e9seau impact","ADARE Lot","Quercy \u00e9nergie","ADGAPR","T\u00e9minette","Paul cuyrel","2012","Midi-Pyr\u00e9n\u00e9es","Lot","Assier"],"articleSection":["Occitanie","\u00c9dition 2012"],"inLanguage":"fr-FR"},{"@type":"WebPage","@id":"https:\/\/www.altercampagne.net\/?p=3659","url":"https:\/\/www.altercampagne.net\/?p=3659","name":"Samedi 28 juillet : Limogne en Quercy , vall\u00e9e du Lot , vall\u00e9e de la C\u00e9l\u00e9 , le causse du Grammat, T\u00e9minette. - AlterTour","isPartOf":{"@id":"https:\/\/www.altercampagne.net\/#website"},"primaryImageOfPage":{"@id":"https:\/\/www.altercampagne.net\/?p=3659#primaryimage"},"image":{"@id":"https:\/\/www.altercampagne.net\/?p=3659#primaryimage"},"thumbnailUrl":"https:\/\/www.altercampagne.net\/wp-content\/uploads\/2012\/07\/2012-07-28_20.04.03_0807_Pierre-MARTY_pierre.marty05@orange.jpg","datePublished":"2012-07-28T18:09:29+00:00","dateModified":"2019-09-16T14:36:03+00:00","author":{"@id":"https:\/\/www.altercampagne.net\/#\/schema\/person\/0f261460c09e430caa0f9bcffa319109"},"breadcrumb":{"@id":"https:\/\/www.altercampagne.net\/?p=3659#breadcrumb"},"inLanguage":"fr-FR","potentialAction":[{"@type":"ReadAction","target":["https:\/\/www.altercampagne.net\/?p=3659"]}]},{"@type":"ImageObject","inLanguage":"fr-FR","@id":"https:\/\/www.altercampagne.net\/?p=3659#primaryimage","url":"https:\/\/www.altercampagne.net\/wp-content\/uploads\/2012\/07\/2012-07-28_20.04.03_0807_Pierre-MARTY_pierre.marty05@orange.jpg","contentUrl":"https:\/\/www.altercampagne.net\/wp-content\/uploads\/2012\/07\/2012-07-28_20.04.03_0807_Pierre-MARTY_pierre.marty05@orange.jpg","width":900,"height":470},{"@type":"BreadcrumbList","@id":"https:\/\/www.altercampagne.net\/?p=3659#breadcrumb","itemListElement":[{"@type":"ListItem","position":1,"name":"Accueil","item":"https:\/\/www.altercampagne.net\/"},{"@type":"ListItem","position":2,"name":"Samedi 28 juillet : Limogne en Quercy , vall\u00e9e du Lot , vall\u00e9e de la C\u00e9l\u00e9 , le causse du Grammat, T\u00e9minette."}]},{"@type":"WebSite","@id":"https:\/\/www.altercampagne.net\/#website","url":"https:\/\/www.altercampagne.net\/","name":"AlterTour","description":"Reliez les Alternatives \u00e0 v\u00e9lo","potentialAction":[{"@type":"SearchAction","target":{"@type":"EntryPoint","urlTemplate":"https:\/\/www.altercampagne.net\/?s={search_term_string}"},"query-input":{"@type":"PropertyValueSpecification","valueRequired":true,"valueName":"search_term_string"}}],"inLanguage":"fr-FR"},{"@type":"Person","@id":"https:\/\/www.altercampagne.net\/#\/schema\/person\/0f261460c09e430caa0f9bcffa319109","name":"Mathieu","image":{"@type":"ImageObject","inLanguage":"fr-FR","@id":"https:\/\/secure.gravatar.com\/avatar\/aa9d3d24c83f2141e5e2709d0f63d09a99f6be6bb7a50abc4915838d9f54501a?s=96&d=mm&r=g","url":"https:\/\/secure.gravatar.com\/avatar\/aa9d3d24c83f2141e5e2709d0f63d09a99f6be6bb7a50abc4915838d9f54501a?s=96&d=mm&r=g","contentUrl":"https:\/\/secure.gravatar.com\/avatar\/aa9d3d24c83f2141e5e2709d0f63d09a99f6be6bb7a50abc4915838d9f54501a?s=96&d=mm&r=g","caption":"Mathieu"},"url":"https:\/\/www.altercampagne.net\/?author=214"}]}},"_links":{"self":[{"href":"https:\/\/www.altercampagne.net\/index.php?rest_route=\/wp\/v2\/posts\/3659","targetHints":{"allow":["GET"]}}],"collection":[{"href":"https:\/\/www.altercampagne.net\/index.php?rest_route=\/wp\/v2\/posts"}],"about":[{"href":"https:\/\/www.altercampagne.net\/index.php?rest_route=\/wp\/v2\/types\/post"}],"author":[{"embeddable":true,"href":"https:\/\/www.altercampagne.net\/index.php?rest_route=\/wp\/v2\/users\/214"}],"replies":[{"embeddable":true,"href":"https:\/\/www.altercampagne.net\/index.php?rest_route=%2Fwp%2Fv2%2Fcomments&post=3659"}],"version-history":[{"count":0,"href":"https:\/\/www.altercampagne.net\/index.php?rest_route=\/wp\/v2\/posts\/3659\/revisions"}],"wp:featuredmedia":[{"embeddable":true,"href":"https:\/\/www.altercampagne.net\/index.php?rest_route=\/wp\/v2\/media\/15786"}],"wp:attachment":[{"href":"https:\/\/www.altercampagne.net\/index.php?rest_route=%2Fwp%2Fv2%2Fmedia&parent=3659"}],"wp:term":[{"taxonomy":"category","embeddable":true,"href":"https:\/\/www.altercampagne.net\/index.php?rest_route=%2Fwp%2Fv2%2Fcategories&post=3659"},{"taxonomy":"post_tag","embeddable":true,"href":"https:\/\/www.altercampagne.net\/index.php?rest_route=%2Fwp%2Fv2%2Ftags&post=3659"}],"curies":[{"name":"wp","href":"https:\/\/api.w.org\/{rel}","templated":true}]}}