{"id":3665,"date":"2012-07-23T20:19:08","date_gmt":"2012-07-23T18:19:08","guid":{"rendered":"http:\/\/www.altercampagne.net\/?p=3665"},"modified":"2019-09-16T16:43:13","modified_gmt":"2019-09-16T14:43:13","slug":"lundi-23-juillet-de-milhars-a-castanet-et-sa-reunion-tupperware-sur-la-methanisation-a-la-ferme","status":"publish","type":"post","link":"https:\/\/www.altercampagne.net\/?p=3665","title":{"rendered":"Lundi 23 juillet : association ARIA Energie"},"content":{"rendered":"<p class=\"Style138 Style271\" align=\"justify\">A Milhars nos h\u00f4tes ont tenu a nous pr\u00e9parer le petit d\u00e9jeuner, pour les remercier, nous entonnons tous en ch\u0153ur \u00ab OGM c\u2019est la loi des lobbies \u00bb mais c\u2019est sur l\u2019air de la Mackshiche que l\u2019orgue de barbarie donnera le signal des adieux. Apr\u00e8s une ballade ombrag\u00e9e on se retrouve au bord du Viaur pour une fra\u00eeche baignade suivie d\u2019un pique-nique.<\/p>\n<p class=\"Style138 Style271\" align=\"justify\">Philippe en haut du chemin a rencontr\u00e9 un habitant \u00e0 l\u2019ann\u00e9e qui lui a racont\u00e9 la r\u00e9sistance, victorieuse de la population \u00e0 l\u2019implantation d\u2019un barrage sur leur rivi\u00e8re. La retenue d\u2019eau devait servir \u00e0 irriguer les cultures de la vall\u00e9e mais \u00e9galement alimenter la centrale de Golfech. Le le site a depuis \u00e9t\u00e9 class\u00e9 Natura 2000, pour en savoir plus aller sur le site de leur association Viaur vivant.<\/p>\n<p class=\"Style138 Style271\" align=\"justify\">Apr\u00e8s cette halte rafra\u00eechissante, l\u00e9g\u00e8re r\u00e9sistance au ma\u00eetre du temps pour la remont\u00e9e escarp\u00e9e sous le soleil br\u00fblant. Pause \u00e0 Pradinas sur la place ombrag\u00e9e du village, trois petits hommes verts bourr\u00e9s de testost\u00e9rone s\u2019affrontent sur la route \u00e0 suivre, fortes pentes et nationale sont dans la balance l\u2019un d\u2019eux tente une m\u00e9diation co -cr\u00e9ative inspir\u00e9e de notre visite au chais du cailloutis et finalement notre petite troupe s\u2019\u00e9lance par monts et par v(e)aux. Notre arriv\u00e9e \u00e0 Sever petit hameau est applaudi par une petite foule enthousiaste, apr\u00e8s les rafrra\u00eechissements une petite troupe local entonnent des chants de r\u00e9volte. Le maire prononce un discours de bienvenue m\u00ealant notre \u00e9quip\u00e9e et son village \u00ab Sever \u00bb dans l\u2019anagramme de celui-ci \u00ab R\u00eaves \u00bb. Les Altercyclistes raffra\u00eechis par leurs douches chez l\u2019habitant sont pr\u00eats pour le cercle de parole o\u00f9 vont pleuvoir les mauvaises nouvelles mais aussi leurs solutions, on a perdu le support de fixation de la roue jockey et le Traffic immobilis\u00e9 depuis plusieurs jours ne pourra reprendre du service qu\u2019apr\u00e8s le changement du bloc moteur, on d\u00e9cide de la r\u00e9paration en attendant le Transporteur d\u2019Alain prendra le relais.<\/p>\n<p class=\"Style138 Style271\" align=\"justify\"><img loading=\"lazy\" decoding=\"async\" class=\" alignleft\" src=\"https:\/\/lh3.googleusercontent.com\/-TPwmDxtu_PE\/UDdTvVvSSdI\/AAAAAAAAMz8\/GtAx5tDa2lwKviGDyo2VNBPuXStnQ_5JwCCo\/s640\/Sever%25252520Castanet%25252520Methanisation%25252520%252525289%25252529.JPG\" alt=\"\" width=\"200\" height=\"267\" \/>Les habitants nous ont pr\u00e9par\u00e9 un repas roboratif suivi de la r\u00e9union Tupperware organis\u00e9e par l\u2019association <strong><a href=\"http:\/\/aria-enr.fr\/\" target=\"_blank\" rel=\"noopener noreferrer\">ARIA Energie<\/a><\/strong> autour de la production de biogaz en milieu agricole. Les agriculteurs pourraient renforcer localement leur \u00e9conomie en transformant les d\u00e9chets issus de l\u2019\u00e9levage (fumier) et de l\u2019agriculture (d\u00e9chets verts) en biogaz par m\u00e9thanisation. Le processus de m\u00e9thanisation consiste \u00e0 stocker la mati\u00e8re organique en milieu humide et chaud et priv\u00e9 d\u2019air, dans ces conditions elle se d\u00e9grade klaissant \u00e9chapper du biogaz gaz similaire au gaz de Lacq (m\u00e9thane +CO2). Alors que le compostage produit du CO2 qui part dans l\u2019atmosph\u00e8re. Au cours de la visite guid\u00e9e on verra qu\u2019\u00e0 partir de trois remorques de fumier mouill\u00e9 puis ensach\u00e9s herm\u00e9tiquement pendant 2 semaines notre orateur (ancien agriculteur et scientifique) r\u00e9ussira \u00e0 allumer le gaz d\u00e9gag\u00e9 \u00e0 la sortie du tuyau et m\u00eame \u00e0 faire d\u00e9marrer un motoculteur, le tout sous les applaudissements du public.<\/p>\n<p class=\"Style138 Style271\" align=\"justify\">M Barri\u00e8re notre orateur nous invitera \u00e0 r\u00e9fl\u00e9chir \u00e0 l\u2019autonomie \u00e9nerg\u00e9tique que pourrait procurer aux agriculteurs la production de biogaz, car celui-ci avec un \u00e9quipement ad\u00e9quat permettent d\u2019alimenter les moteurs, la cuisine et m\u00eame de fournir de l\u2019\u00e9lectricit\u00e9. La course aux mati\u00e8res premi\u00e8res pour l\u2019\u00e9nergie est source de conflits, la production de m\u00e9thane localement contribue \u00e9galement \u00e0 la paix, elle est possible quasiment partout, en Inde les familles produisent leur \u00e9nergie gr\u00e2ce \u00e0 des digesteurs domestiques.<\/p>\n<p class=\"Style138 Style271\" align=\"justify\">Un diaporama des r\u00e9alisations d\u00e9j\u00e0 effectu\u00e9es invitera les agriculteurs pour garder leur autonomie \u00e0 ne d\u00e9pendre que de leurs ressources \u00e0 ne pas chercher \u00e0 avoir des installations de taille importante dont ils seraient d\u00e9pendants par la suite, par ailleurs g\u00e9n\u00e9rant des d\u00e9placements de camions pour le transport et l\u2019\u00e9mission de gaz \u00e0 effet de serre.<\/p>\n<p class=\"Style138 Style271\" align=\"justify\">Pendant que les locaux regagnent leurs domiciles, nuit \u00e9toil\u00e9e et entoil\u00e9e pour nous apr\u00e8s r\u00eaverie panoramique et plongeante sur l\u2019Aveyron .<\/p>\n<p class=\"Style138 Style271\" style=\"text-align: right;\" align=\"justify\"><strong>Claire B<\/strong><\/p>\n","protected":false},"excerpt":{"rendered":"<p>A Milhars nos h\u00f4tes ont tenu a nous pr\u00e9parer le petit d\u00e9jeuner, pour les remercier, nous entonnons tous en ch\u0153ur \u00ab OGM c\u2019est la loi des lobbies \u00bb mais c\u2019est sur l\u2019air de la Mackshiche que l\u2019orgue de barbarie donnera le signal des adieux. Apr\u00e8s une ballade ombrag\u00e9e on se &#8230; <\/p>\n<div><a href=\"https:\/\/www.altercampagne.net\/?p=3665\" class=\"more-link\">Read More<\/a><\/div>\n","protected":false},"author":214,"featured_media":15793,"comment_status":"closed","ping_status":"closed","sticky":false,"template":"","format":"standard","meta":{"footnotes":""},"categories":[3487,3480,3463],"tags":[85,143,852,1215,1216,1217,1218,1219,1220,1221,1814,1844,2374],"class_list":["post-3665","post","type-post","status-publish","format-standard","has-post-thumbnail","hentry","category-energie","category-occitanie","category-edition-2012","tag-haute-garonne","tag-ogm","tag-altertour-2012","tag-milhars","tag-centrale-de-golfech","tag-natura-2000","tag-sever","tag-association-aria","tag-biogaz","tag-autonomie-energetique","tag-1814","tag-midi-pyrenees","tag-aria-energie"],"yoast_head":"<!-- This site is optimized with the Yoast SEO plugin v27.3 - https:\/\/yoast.com\/product\/yoast-seo-wordpress\/ -->\n<title>Lundi 23 juillet : association ARIA Energie - AlterTour<\/title>\n<meta name=\"robots\" content=\"index, follow, max-snippet:-1, max-image-preview:large, max-video-preview:-1\" \/>\n<link rel=\"canonical\" href=\"https:\/\/www.altercampagne.net\/?p=3665\" \/>\n<meta property=\"og:locale\" content=\"fr_FR\" \/>\n<meta property=\"og:type\" content=\"article\" \/>\n<meta property=\"og:title\" content=\"Lundi 23 juillet : association ARIA Energie - AlterTour\" \/>\n<meta property=\"og:description\" content=\"A Milhars nos h\u00f4tes ont tenu a nous pr\u00e9parer le petit d\u00e9jeuner, pour les remercier, nous entonnons tous en ch\u0153ur \u00ab OGM c\u2019est la loi des lobbies \u00bb mais c\u2019est sur l\u2019air de la Mackshiche que l\u2019orgue de barbarie donnera le signal des adieux. Apr\u00e8s une ballade ombrag\u00e9e on se ... Read More\" \/>\n<meta property=\"og:url\" content=\"https:\/\/www.altercampagne.net\/?p=3665\" \/>\n<meta property=\"og:site_name\" content=\"AlterTour\" \/>\n<meta property=\"article:published_time\" content=\"2012-07-23T18:19:08+00:00\" \/>\n<meta property=\"article:modified_time\" content=\"2019-09-16T14:43:13+00:00\" \/>\n<meta property=\"og:image\" content=\"https:\/\/www.altercampagne.net\/wp-content\/uploads\/2012\/07\/2012-07-23_18.32.jpg\" \/>\n\t<meta property=\"og:image:width\" content=\"900\" \/>\n\t<meta property=\"og:image:height\" content=\"470\" \/>\n\t<meta property=\"og:image:type\" content=\"image\/jpeg\" \/>\n<meta name=\"author\" content=\"Mathieu\" \/>\n<meta name=\"twitter:card\" content=\"summary_large_image\" \/>\n<meta name=\"twitter:label1\" content=\"\u00c9crit par\" \/>\n\t<meta name=\"twitter:data1\" content=\"Mathieu\" \/>\n\t<meta name=\"twitter:label2\" content=\"Dur\u00e9e de lecture estim\u00e9e\" \/>\n\t<meta name=\"twitter:data2\" content=\"4 minutes\" \/>\n<script type=\"application\/ld+json\" class=\"yoast-schema-graph\">{\"@context\":\"https:\\\/\\\/schema.org\",\"@graph\":[{\"@type\":\"Article\",\"@id\":\"https:\\\/\\\/www.altercampagne.net\\\/?p=3665#article\",\"isPartOf\":{\"@id\":\"https:\\\/\\\/www.altercampagne.net\\\/?p=3665\"},\"author\":{\"name\":\"Mathieu\",\"@id\":\"https:\\\/\\\/www.altercampagne.net\\\/#\\\/schema\\\/person\\\/0f261460c09e430caa0f9bcffa319109\"},\"headline\":\"Lundi 23 juillet : association ARIA Energie\",\"datePublished\":\"2012-07-23T18:19:08+00:00\",\"dateModified\":\"2019-09-16T14:43:13+00:00\",\"mainEntityOfPage\":{\"@id\":\"https:\\\/\\\/www.altercampagne.net\\\/?p=3665\"},\"wordCount\":712,\"image\":{\"@id\":\"https:\\\/\\\/www.altercampagne.net\\\/?p=3665#primaryimage\"},\"thumbnailUrl\":\"https:\\\/\\\/www.altercampagne.net\\\/wp-content\\\/uploads\\\/2012\\\/07\\\/2012-07-23_18.32.jpg\",\"keywords\":[\"Haute-Garonne\",\"ogm\",\"AlterTour 2012\",\"Milhars\",\"centrale de Golfech\",\"Natura 2000\",\"Sever\",\"association ARIA\",\"biogaz\",\"autonomie \u00e9nerg\u00e9tique\",\"2012\",\"Midi-Pyr\u00e9n\u00e9es\",\"Aria energie\"],\"articleSection\":[\"\u00c9nergie\",\"Occitanie\",\"\u00c9dition 2012\"],\"inLanguage\":\"fr-FR\"},{\"@type\":\"WebPage\",\"@id\":\"https:\\\/\\\/www.altercampagne.net\\\/?p=3665\",\"url\":\"https:\\\/\\\/www.altercampagne.net\\\/?p=3665\",\"name\":\"Lundi 23 juillet : association ARIA Energie - AlterTour\",\"isPartOf\":{\"@id\":\"https:\\\/\\\/www.altercampagne.net\\\/#website\"},\"primaryImageOfPage\":{\"@id\":\"https:\\\/\\\/www.altercampagne.net\\\/?p=3665#primaryimage\"},\"image\":{\"@id\":\"https:\\\/\\\/www.altercampagne.net\\\/?p=3665#primaryimage\"},\"thumbnailUrl\":\"https:\\\/\\\/www.altercampagne.net\\\/wp-content\\\/uploads\\\/2012\\\/07\\\/2012-07-23_18.32.jpg\",\"datePublished\":\"2012-07-23T18:19:08+00:00\",\"dateModified\":\"2019-09-16T14:43:13+00:00\",\"author\":{\"@id\":\"https:\\\/\\\/www.altercampagne.net\\\/#\\\/schema\\\/person\\\/0f261460c09e430caa0f9bcffa319109\"},\"breadcrumb\":{\"@id\":\"https:\\\/\\\/www.altercampagne.net\\\/?p=3665#breadcrumb\"},\"inLanguage\":\"fr-FR\",\"potentialAction\":[{\"@type\":\"ReadAction\",\"target\":[\"https:\\\/\\\/www.altercampagne.net\\\/?p=3665\"]}]},{\"@type\":\"ImageObject\",\"inLanguage\":\"fr-FR\",\"@id\":\"https:\\\/\\\/www.altercampagne.net\\\/?p=3665#primaryimage\",\"url\":\"https:\\\/\\\/www.altercampagne.net\\\/wp-content\\\/uploads\\\/2012\\\/07\\\/2012-07-23_18.32.jpg\",\"contentUrl\":\"https:\\\/\\\/www.altercampagne.net\\\/wp-content\\\/uploads\\\/2012\\\/07\\\/2012-07-23_18.32.jpg\",\"width\":900,\"height\":470},{\"@type\":\"BreadcrumbList\",\"@id\":\"https:\\\/\\\/www.altercampagne.net\\\/?p=3665#breadcrumb\",\"itemListElement\":[{\"@type\":\"ListItem\",\"position\":1,\"name\":\"Accueil\",\"item\":\"https:\\\/\\\/www.altercampagne.net\\\/\"},{\"@type\":\"ListItem\",\"position\":2,\"name\":\"Lundi 23 juillet : association ARIA Energie\"}]},{\"@type\":\"WebSite\",\"@id\":\"https:\\\/\\\/www.altercampagne.net\\\/#website\",\"url\":\"https:\\\/\\\/www.altercampagne.net\\\/\",\"name\":\"AlterTour\",\"description\":\"Reliez les Alternatives \u00e0 v\u00e9lo\",\"potentialAction\":[{\"@type\":\"SearchAction\",\"target\":{\"@type\":\"EntryPoint\",\"urlTemplate\":\"https:\\\/\\\/www.altercampagne.net\\\/?s={search_term_string}\"},\"query-input\":{\"@type\":\"PropertyValueSpecification\",\"valueRequired\":true,\"valueName\":\"search_term_string\"}}],\"inLanguage\":\"fr-FR\"},{\"@type\":\"Person\",\"@id\":\"https:\\\/\\\/www.altercampagne.net\\\/#\\\/schema\\\/person\\\/0f261460c09e430caa0f9bcffa319109\",\"name\":\"Mathieu\",\"image\":{\"@type\":\"ImageObject\",\"inLanguage\":\"fr-FR\",\"@id\":\"https:\\\/\\\/secure.gravatar.com\\\/avatar\\\/aa9d3d24c83f2141e5e2709d0f63d09a99f6be6bb7a50abc4915838d9f54501a?s=96&d=mm&r=g\",\"url\":\"https:\\\/\\\/secure.gravatar.com\\\/avatar\\\/aa9d3d24c83f2141e5e2709d0f63d09a99f6be6bb7a50abc4915838d9f54501a?s=96&d=mm&r=g\",\"contentUrl\":\"https:\\\/\\\/secure.gravatar.com\\\/avatar\\\/aa9d3d24c83f2141e5e2709d0f63d09a99f6be6bb7a50abc4915838d9f54501a?s=96&d=mm&r=g\",\"caption\":\"Mathieu\"},\"url\":\"https:\\\/\\\/www.altercampagne.net\\\/?author=214\"}]}<\/script>\n<!-- \/ Yoast SEO plugin. -->","yoast_head_json":{"title":"Lundi 23 juillet : association ARIA Energie - AlterTour","robots":{"index":"index","follow":"follow","max-snippet":"max-snippet:-1","max-image-preview":"max-image-preview:large","max-video-preview":"max-video-preview:-1"},"canonical":"https:\/\/www.altercampagne.net\/?p=3665","og_locale":"fr_FR","og_type":"article","og_title":"Lundi 23 juillet : association ARIA Energie - AlterTour","og_description":"A Milhars nos h\u00f4tes ont tenu a nous pr\u00e9parer le petit d\u00e9jeuner, pour les remercier, nous entonnons tous en ch\u0153ur \u00ab OGM c\u2019est la loi des lobbies \u00bb mais c\u2019est sur l\u2019air de la Mackshiche que l\u2019orgue de barbarie donnera le signal des adieux. Apr\u00e8s une ballade ombrag\u00e9e on se ... Read More","og_url":"https:\/\/www.altercampagne.net\/?p=3665","og_site_name":"AlterTour","article_published_time":"2012-07-23T18:19:08+00:00","article_modified_time":"2019-09-16T14:43:13+00:00","og_image":[{"width":900,"height":470,"url":"https:\/\/www.altercampagne.net\/wp-content\/uploads\/2012\/07\/2012-07-23_18.32.jpg","type":"image\/jpeg"}],"author":"Mathieu","twitter_card":"summary_large_image","twitter_misc":{"\u00c9crit par":"Mathieu","Dur\u00e9e de lecture estim\u00e9e":"4 minutes"},"schema":{"@context":"https:\/\/schema.org","@graph":[{"@type":"Article","@id":"https:\/\/www.altercampagne.net\/?p=3665#article","isPartOf":{"@id":"https:\/\/www.altercampagne.net\/?p=3665"},"author":{"name":"Mathieu","@id":"https:\/\/www.altercampagne.net\/#\/schema\/person\/0f261460c09e430caa0f9bcffa319109"},"headline":"Lundi 23 juillet : association ARIA Energie","datePublished":"2012-07-23T18:19:08+00:00","dateModified":"2019-09-16T14:43:13+00:00","mainEntityOfPage":{"@id":"https:\/\/www.altercampagne.net\/?p=3665"},"wordCount":712,"image":{"@id":"https:\/\/www.altercampagne.net\/?p=3665#primaryimage"},"thumbnailUrl":"https:\/\/www.altercampagne.net\/wp-content\/uploads\/2012\/07\/2012-07-23_18.32.jpg","keywords":["Haute-Garonne","ogm","AlterTour 2012","Milhars","centrale de Golfech","Natura 2000","Sever","association ARIA","biogaz","autonomie \u00e9nerg\u00e9tique","2012","Midi-Pyr\u00e9n\u00e9es","Aria energie"],"articleSection":["\u00c9nergie","Occitanie","\u00c9dition 2012"],"inLanguage":"fr-FR"},{"@type":"WebPage","@id":"https:\/\/www.altercampagne.net\/?p=3665","url":"https:\/\/www.altercampagne.net\/?p=3665","name":"Lundi 23 juillet : association ARIA Energie - AlterTour","isPartOf":{"@id":"https:\/\/www.altercampagne.net\/#website"},"primaryImageOfPage":{"@id":"https:\/\/www.altercampagne.net\/?p=3665#primaryimage"},"image":{"@id":"https:\/\/www.altercampagne.net\/?p=3665#primaryimage"},"thumbnailUrl":"https:\/\/www.altercampagne.net\/wp-content\/uploads\/2012\/07\/2012-07-23_18.32.jpg","datePublished":"2012-07-23T18:19:08+00:00","dateModified":"2019-09-16T14:43:13+00:00","author":{"@id":"https:\/\/www.altercampagne.net\/#\/schema\/person\/0f261460c09e430caa0f9bcffa319109"},"breadcrumb":{"@id":"https:\/\/www.altercampagne.net\/?p=3665#breadcrumb"},"inLanguage":"fr-FR","potentialAction":[{"@type":"ReadAction","target":["https:\/\/www.altercampagne.net\/?p=3665"]}]},{"@type":"ImageObject","inLanguage":"fr-FR","@id":"https:\/\/www.altercampagne.net\/?p=3665#primaryimage","url":"https:\/\/www.altercampagne.net\/wp-content\/uploads\/2012\/07\/2012-07-23_18.32.jpg","contentUrl":"https:\/\/www.altercampagne.net\/wp-content\/uploads\/2012\/07\/2012-07-23_18.32.jpg","width":900,"height":470},{"@type":"BreadcrumbList","@id":"https:\/\/www.altercampagne.net\/?p=3665#breadcrumb","itemListElement":[{"@type":"ListItem","position":1,"name":"Accueil","item":"https:\/\/www.altercampagne.net\/"},{"@type":"ListItem","position":2,"name":"Lundi 23 juillet : association ARIA Energie"}]},{"@type":"WebSite","@id":"https:\/\/www.altercampagne.net\/#website","url":"https:\/\/www.altercampagne.net\/","name":"AlterTour","description":"Reliez les Alternatives \u00e0 v\u00e9lo","potentialAction":[{"@type":"SearchAction","target":{"@type":"EntryPoint","urlTemplate":"https:\/\/www.altercampagne.net\/?s={search_term_string}"},"query-input":{"@type":"PropertyValueSpecification","valueRequired":true,"valueName":"search_term_string"}}],"inLanguage":"fr-FR"},{"@type":"Person","@id":"https:\/\/www.altercampagne.net\/#\/schema\/person\/0f261460c09e430caa0f9bcffa319109","name":"Mathieu","image":{"@type":"ImageObject","inLanguage":"fr-FR","@id":"https:\/\/secure.gravatar.com\/avatar\/aa9d3d24c83f2141e5e2709d0f63d09a99f6be6bb7a50abc4915838d9f54501a?s=96&d=mm&r=g","url":"https:\/\/secure.gravatar.com\/avatar\/aa9d3d24c83f2141e5e2709d0f63d09a99f6be6bb7a50abc4915838d9f54501a?s=96&d=mm&r=g","contentUrl":"https:\/\/secure.gravatar.com\/avatar\/aa9d3d24c83f2141e5e2709d0f63d09a99f6be6bb7a50abc4915838d9f54501a?s=96&d=mm&r=g","caption":"Mathieu"},"url":"https:\/\/www.altercampagne.net\/?author=214"}]}},"_links":{"self":[{"href":"https:\/\/www.altercampagne.net\/index.php?rest_route=\/wp\/v2\/posts\/3665","targetHints":{"allow":["GET"]}}],"collection":[{"href":"https:\/\/www.altercampagne.net\/index.php?rest_route=\/wp\/v2\/posts"}],"about":[{"href":"https:\/\/www.altercampagne.net\/index.php?rest_route=\/wp\/v2\/types\/post"}],"author":[{"embeddable":true,"href":"https:\/\/www.altercampagne.net\/index.php?rest_route=\/wp\/v2\/users\/214"}],"replies":[{"embeddable":true,"href":"https:\/\/www.altercampagne.net\/index.php?rest_route=%2Fwp%2Fv2%2Fcomments&post=3665"}],"version-history":[{"count":0,"href":"https:\/\/www.altercampagne.net\/index.php?rest_route=\/wp\/v2\/posts\/3665\/revisions"}],"wp:featuredmedia":[{"embeddable":true,"href":"https:\/\/www.altercampagne.net\/index.php?rest_route=\/wp\/v2\/media\/15793"}],"wp:attachment":[{"href":"https:\/\/www.altercampagne.net\/index.php?rest_route=%2Fwp%2Fv2%2Fmedia&parent=3665"}],"wp:term":[{"taxonomy":"category","embeddable":true,"href":"https:\/\/www.altercampagne.net\/index.php?rest_route=%2Fwp%2Fv2%2Fcategories&post=3665"},{"taxonomy":"post_tag","embeddable":true,"href":"https:\/\/www.altercampagne.net\/index.php?rest_route=%2Fwp%2Fv2%2Ftags&post=3665"}],"curies":[{"name":"wp","href":"https:\/\/api.w.org\/{rel}","templated":true}]}}