{"id":3671,"date":"2012-07-19T20:36:11","date_gmt":"2012-07-19T18:36:11","guid":{"rendered":"http:\/\/www.altercampagne.net\/?p=3671"},"modified":"2019-09-16T17:09:59","modified_gmt":"2019-09-16T15:09:59","slug":"etape-du-19-juillet-le-pot-ethique-a-mazamet","status":"publish","type":"post","link":"https:\/\/www.altercampagne.net\/?p=3671","title":{"rendered":"\u00c9tape du 19 juillet : Le Pot \u00c9thique \u00e0 Mazamet"},"content":{"rendered":"<p class=\"Style138 Style271\" align=\"justify\"><img loading=\"lazy\" decoding=\"async\" class=\" aligncenter\" src=\"https:\/\/lh5.googleusercontent.com\/-TLuMX3ruaLs\/UBaap9LPRlI\/AAAAAAAAF8U\/jya4Fe6hz20\/s512\/P1030837.JPG\" alt=\"\" width=\"384\" height=\"512\">Apr\u00e8s une matin\u00e9e m\u00e9morable \u00e0 l\u2019assaut du col de sainte colombe, nous avons eu la joie de d\u00e9couvrir le caf\u00e9 associatif LE POT ETHIQUE, \u00e0 Mazamet !<\/p>\n<p class=\"Style138 Style271\" align=\"justify\">Le projet a \u00e9merg\u00e9 en juin 2006 et \u00e9tait plut\u00f4t au d\u00e9part une envie de cr\u00e9er un lieu d\u2019\u00e9changes autour du voyage, via une boutique.<\/p>\n<p class=\"Style138 Style271\" align=\"justify\">De fil en aiguille, le projet s\u2019est orient\u00e9 vers un caf\u00e9 associatif, avec l\u2019envie de proposer de l\u2019\u00e9ducation \u00e0 l\u2019environnement, et plus largement de l\u2019\u00e9ducation populaire. Le caf\u00e9 a ainsi ouvert en juin 2007, dans une ancienne usine de fabrication de b\u00e9rets, qui h\u00e9berge aussi un menuisier-\u00e9b\u00e9niste, une association de consommateurs et autres initiatives locales\u2026<\/p>\n<p class=\"Style138 Style271\" align=\"justify\">Le lieu, fort accueillant (surtout en \u00e9t\u00e9 !) a \u00e9t\u00e9 r\u00e9nov\u00e9 avec des mat\u00e9riaux \u00e9cologiques.<\/p>\n<p class=\"Style138 Style271\" align=\"justify\">Le caf\u00e9 propose des spectacles, concerts, conf\u00e9rences, projections, rencontres&#8230;<\/p>\n<p class=\"Style138 Style271\" align=\"justify\">Une partie boutique permet de faire de la sensibilisation \u00e0 l\u2019alimentation locale, biologique, \u00e9quitable.<\/p>\n<p class=\"Style138 Style271\" align=\"justify\">L\u2019association a \u00e9galement organis\u00e9 pendant 2 ans un march\u00e9 de producteurs hebdomadaire devant le caf\u00e9. L\u2019association salarie aujourd\u2019hui 3 personnes \u00e0 temps partiel, et accueille une personne en service civique.<\/p>\n","protected":false},"excerpt":{"rendered":"<p>Apr\u00e8s une matin\u00e9e m\u00e9morable \u00e0 l\u2019assaut du col de sainte colombe, nous avons eu la joie de d\u00e9couvrir le caf\u00e9 associatif LE POT ETHIQUE, \u00e0 Mazamet ! Le projet a \u00e9merg\u00e9 en juin 2006 et \u00e9tait plut\u00f4t au d\u00e9part une envie de cr\u00e9er un lieu d\u2019\u00e9changes autour du voyage, via &#8230; <\/p>\n<div><a href=\"https:\/\/www.altercampagne.net\/?p=3671\" class=\"more-link\">Read More<\/a><\/div>\n","protected":false},"author":214,"featured_media":15804,"comment_status":"closed","ping_status":"closed","sticky":false,"template":"","format":"standard","meta":{"footnotes":""},"categories":[3489,3480,3488,3463],"tags":[852,1226,1227,1228,1229,1230,1231,1232],"class_list":["post-3671","post","type-post","status-publish","format-standard","has-post-thumbnail","hentry","category-alimentation","category-occitanie","category-social","category-edition-2012","tag-altertour-2012","tag-pot-ethique","tag-mazamet","tag-cafe-associatif","tag-materiaux-ecologiques","tag-alimentation-locale","tag-biologique","tag-equitable"],"yoast_head":"<!-- This site is optimized with the Yoast SEO plugin v27.3 - https:\/\/yoast.com\/product\/yoast-seo-wordpress\/ -->\n<title>\u00c9tape du 19 juillet : Le Pot \u00c9thique \u00e0 Mazamet - AlterTour<\/title>\n<meta name=\"robots\" content=\"index, follow, max-snippet:-1, max-image-preview:large, max-video-preview:-1\" \/>\n<link rel=\"canonical\" href=\"https:\/\/www.altercampagne.net\/?p=3671\" \/>\n<meta property=\"og:locale\" content=\"fr_FR\" \/>\n<meta property=\"og:type\" content=\"article\" \/>\n<meta property=\"og:title\" content=\"\u00c9tape du 19 juillet : Le Pot \u00c9thique \u00e0 Mazamet - AlterTour\" \/>\n<meta property=\"og:description\" content=\"Apr\u00e8s une matin\u00e9e m\u00e9morable \u00e0 l\u2019assaut du col de sainte colombe, nous avons eu la joie de d\u00e9couvrir le caf\u00e9 associatif LE POT ETHIQUE, \u00e0 Mazamet ! Le projet a \u00e9merg\u00e9 en juin 2006 et \u00e9tait plut\u00f4t au d\u00e9part une envie de cr\u00e9er un lieu d\u2019\u00e9changes autour du voyage, via ... Read More\" \/>\n<meta property=\"og:url\" content=\"https:\/\/www.altercampagne.net\/?p=3671\" \/>\n<meta property=\"og:site_name\" content=\"AlterTour\" \/>\n<meta property=\"article:published_time\" content=\"2012-07-19T18:36:11+00:00\" \/>\n<meta property=\"article:modified_time\" content=\"2019-09-16T15:09:59+00:00\" \/>\n<meta property=\"og:image\" content=\"https:\/\/www.altercampagne.net\/wp-content\/uploads\/2012\/07\/2012-07-19_15.35.33_0078_Fabien-GOBLET_f.goblet@free.jpg\" \/>\n\t<meta property=\"og:image:width\" content=\"900\" \/>\n\t<meta property=\"og:image:height\" content=\"470\" \/>\n\t<meta property=\"og:image:type\" content=\"image\/jpeg\" \/>\n<meta name=\"author\" content=\"Mathieu\" \/>\n<meta name=\"twitter:card\" content=\"summary_large_image\" \/>\n<meta name=\"twitter:label1\" content=\"\u00c9crit par\" \/>\n\t<meta name=\"twitter:data1\" content=\"Mathieu\" \/>\n\t<meta name=\"twitter:label2\" content=\"Dur\u00e9e de lecture estim\u00e9e\" \/>\n\t<meta name=\"twitter:data2\" content=\"1 minute\" \/>\n<script type=\"application\/ld+json\" class=\"yoast-schema-graph\">{\"@context\":\"https:\\\/\\\/schema.org\",\"@graph\":[{\"@type\":\"Article\",\"@id\":\"https:\\\/\\\/www.altercampagne.net\\\/?p=3671#article\",\"isPartOf\":{\"@id\":\"https:\\\/\\\/www.altercampagne.net\\\/?p=3671\"},\"author\":{\"name\":\"Mathieu\",\"@id\":\"https:\\\/\\\/www.altercampagne.net\\\/#\\\/schema\\\/person\\\/0f261460c09e430caa0f9bcffa319109\"},\"headline\":\"\u00c9tape du 19 juillet : Le Pot \u00c9thique \u00e0 Mazamet\",\"datePublished\":\"2012-07-19T18:36:11+00:00\",\"dateModified\":\"2019-09-16T15:09:59+00:00\",\"mainEntityOfPage\":{\"@id\":\"https:\\\/\\\/www.altercampagne.net\\\/?p=3671\"},\"wordCount\":196,\"image\":{\"@id\":\"https:\\\/\\\/www.altercampagne.net\\\/?p=3671#primaryimage\"},\"thumbnailUrl\":\"https:\\\/\\\/www.altercampagne.net\\\/wp-content\\\/uploads\\\/2012\\\/07\\\/2012-07-19_15.35.33_0078_Fabien-GOBLET_f.goblet@free.jpg\",\"keywords\":[\"AlterTour 2012\",\"Pot Ethique\",\"Mazamet\",\"caf\u00e9 associatif\",\"mat\u00e9riaux \u00e9cologiques\",\"alimentation locale\",\"biologique\",\"\u00e9quitable\"],\"articleSection\":[\"Alimentation\",\"Occitanie\",\"Social\",\"\u00c9dition 2012\"],\"inLanguage\":\"fr-FR\"},{\"@type\":\"WebPage\",\"@id\":\"https:\\\/\\\/www.altercampagne.net\\\/?p=3671\",\"url\":\"https:\\\/\\\/www.altercampagne.net\\\/?p=3671\",\"name\":\"\u00c9tape du 19 juillet : Le Pot \u00c9thique \u00e0 Mazamet - AlterTour\",\"isPartOf\":{\"@id\":\"https:\\\/\\\/www.altercampagne.net\\\/#website\"},\"primaryImageOfPage\":{\"@id\":\"https:\\\/\\\/www.altercampagne.net\\\/?p=3671#primaryimage\"},\"image\":{\"@id\":\"https:\\\/\\\/www.altercampagne.net\\\/?p=3671#primaryimage\"},\"thumbnailUrl\":\"https:\\\/\\\/www.altercampagne.net\\\/wp-content\\\/uploads\\\/2012\\\/07\\\/2012-07-19_15.35.33_0078_Fabien-GOBLET_f.goblet@free.jpg\",\"datePublished\":\"2012-07-19T18:36:11+00:00\",\"dateModified\":\"2019-09-16T15:09:59+00:00\",\"author\":{\"@id\":\"https:\\\/\\\/www.altercampagne.net\\\/#\\\/schema\\\/person\\\/0f261460c09e430caa0f9bcffa319109\"},\"breadcrumb\":{\"@id\":\"https:\\\/\\\/www.altercampagne.net\\\/?p=3671#breadcrumb\"},\"inLanguage\":\"fr-FR\",\"potentialAction\":[{\"@type\":\"ReadAction\",\"target\":[\"https:\\\/\\\/www.altercampagne.net\\\/?p=3671\"]}]},{\"@type\":\"ImageObject\",\"inLanguage\":\"fr-FR\",\"@id\":\"https:\\\/\\\/www.altercampagne.net\\\/?p=3671#primaryimage\",\"url\":\"https:\\\/\\\/www.altercampagne.net\\\/wp-content\\\/uploads\\\/2012\\\/07\\\/2012-07-19_15.35.33_0078_Fabien-GOBLET_f.goblet@free.jpg\",\"contentUrl\":\"https:\\\/\\\/www.altercampagne.net\\\/wp-content\\\/uploads\\\/2012\\\/07\\\/2012-07-19_15.35.33_0078_Fabien-GOBLET_f.goblet@free.jpg\",\"width\":900,\"height\":470},{\"@type\":\"BreadcrumbList\",\"@id\":\"https:\\\/\\\/www.altercampagne.net\\\/?p=3671#breadcrumb\",\"itemListElement\":[{\"@type\":\"ListItem\",\"position\":1,\"name\":\"Accueil\",\"item\":\"https:\\\/\\\/www.altercampagne.net\\\/\"},{\"@type\":\"ListItem\",\"position\":2,\"name\":\"\u00c9tape du 19 juillet : Le Pot \u00c9thique \u00e0 Mazamet\"}]},{\"@type\":\"WebSite\",\"@id\":\"https:\\\/\\\/www.altercampagne.net\\\/#website\",\"url\":\"https:\\\/\\\/www.altercampagne.net\\\/\",\"name\":\"AlterTour\",\"description\":\"Reliez les Alternatives \u00e0 v\u00e9lo\",\"potentialAction\":[{\"@type\":\"SearchAction\",\"target\":{\"@type\":\"EntryPoint\",\"urlTemplate\":\"https:\\\/\\\/www.altercampagne.net\\\/?s={search_term_string}\"},\"query-input\":{\"@type\":\"PropertyValueSpecification\",\"valueRequired\":true,\"valueName\":\"search_term_string\"}}],\"inLanguage\":\"fr-FR\"},{\"@type\":\"Person\",\"@id\":\"https:\\\/\\\/www.altercampagne.net\\\/#\\\/schema\\\/person\\\/0f261460c09e430caa0f9bcffa319109\",\"name\":\"Mathieu\",\"image\":{\"@type\":\"ImageObject\",\"inLanguage\":\"fr-FR\",\"@id\":\"https:\\\/\\\/secure.gravatar.com\\\/avatar\\\/aa9d3d24c83f2141e5e2709d0f63d09a99f6be6bb7a50abc4915838d9f54501a?s=96&d=mm&r=g\",\"url\":\"https:\\\/\\\/secure.gravatar.com\\\/avatar\\\/aa9d3d24c83f2141e5e2709d0f63d09a99f6be6bb7a50abc4915838d9f54501a?s=96&d=mm&r=g\",\"contentUrl\":\"https:\\\/\\\/secure.gravatar.com\\\/avatar\\\/aa9d3d24c83f2141e5e2709d0f63d09a99f6be6bb7a50abc4915838d9f54501a?s=96&d=mm&r=g\",\"caption\":\"Mathieu\"},\"url\":\"https:\\\/\\\/www.altercampagne.net\\\/?author=214\"}]}<\/script>\n<!-- \/ Yoast SEO plugin. -->","yoast_head_json":{"title":"\u00c9tape du 19 juillet : Le Pot \u00c9thique \u00e0 Mazamet - AlterTour","robots":{"index":"index","follow":"follow","max-snippet":"max-snippet:-1","max-image-preview":"max-image-preview:large","max-video-preview":"max-video-preview:-1"},"canonical":"https:\/\/www.altercampagne.net\/?p=3671","og_locale":"fr_FR","og_type":"article","og_title":"\u00c9tape du 19 juillet : Le Pot \u00c9thique \u00e0 Mazamet - AlterTour","og_description":"Apr\u00e8s une matin\u00e9e m\u00e9morable \u00e0 l\u2019assaut du col de sainte colombe, nous avons eu la joie de d\u00e9couvrir le caf\u00e9 associatif LE POT ETHIQUE, \u00e0 Mazamet ! Le projet a \u00e9merg\u00e9 en juin 2006 et \u00e9tait plut\u00f4t au d\u00e9part une envie de cr\u00e9er un lieu d\u2019\u00e9changes autour du voyage, via ... Read More","og_url":"https:\/\/www.altercampagne.net\/?p=3671","og_site_name":"AlterTour","article_published_time":"2012-07-19T18:36:11+00:00","article_modified_time":"2019-09-16T15:09:59+00:00","og_image":[{"width":900,"height":470,"url":"https:\/\/www.altercampagne.net\/wp-content\/uploads\/2012\/07\/2012-07-19_15.35.33_0078_Fabien-GOBLET_f.goblet@free.jpg","type":"image\/jpeg"}],"author":"Mathieu","twitter_card":"summary_large_image","twitter_misc":{"\u00c9crit par":"Mathieu","Dur\u00e9e de lecture estim\u00e9e":"1 minute"},"schema":{"@context":"https:\/\/schema.org","@graph":[{"@type":"Article","@id":"https:\/\/www.altercampagne.net\/?p=3671#article","isPartOf":{"@id":"https:\/\/www.altercampagne.net\/?p=3671"},"author":{"name":"Mathieu","@id":"https:\/\/www.altercampagne.net\/#\/schema\/person\/0f261460c09e430caa0f9bcffa319109"},"headline":"\u00c9tape du 19 juillet : Le Pot \u00c9thique \u00e0 Mazamet","datePublished":"2012-07-19T18:36:11+00:00","dateModified":"2019-09-16T15:09:59+00:00","mainEntityOfPage":{"@id":"https:\/\/www.altercampagne.net\/?p=3671"},"wordCount":196,"image":{"@id":"https:\/\/www.altercampagne.net\/?p=3671#primaryimage"},"thumbnailUrl":"https:\/\/www.altercampagne.net\/wp-content\/uploads\/2012\/07\/2012-07-19_15.35.33_0078_Fabien-GOBLET_f.goblet@free.jpg","keywords":["AlterTour 2012","Pot Ethique","Mazamet","caf\u00e9 associatif","mat\u00e9riaux \u00e9cologiques","alimentation locale","biologique","\u00e9quitable"],"articleSection":["Alimentation","Occitanie","Social","\u00c9dition 2012"],"inLanguage":"fr-FR"},{"@type":"WebPage","@id":"https:\/\/www.altercampagne.net\/?p=3671","url":"https:\/\/www.altercampagne.net\/?p=3671","name":"\u00c9tape du 19 juillet : Le Pot \u00c9thique \u00e0 Mazamet - AlterTour","isPartOf":{"@id":"https:\/\/www.altercampagne.net\/#website"},"primaryImageOfPage":{"@id":"https:\/\/www.altercampagne.net\/?p=3671#primaryimage"},"image":{"@id":"https:\/\/www.altercampagne.net\/?p=3671#primaryimage"},"thumbnailUrl":"https:\/\/www.altercampagne.net\/wp-content\/uploads\/2012\/07\/2012-07-19_15.35.33_0078_Fabien-GOBLET_f.goblet@free.jpg","datePublished":"2012-07-19T18:36:11+00:00","dateModified":"2019-09-16T15:09:59+00:00","author":{"@id":"https:\/\/www.altercampagne.net\/#\/schema\/person\/0f261460c09e430caa0f9bcffa319109"},"breadcrumb":{"@id":"https:\/\/www.altercampagne.net\/?p=3671#breadcrumb"},"inLanguage":"fr-FR","potentialAction":[{"@type":"ReadAction","target":["https:\/\/www.altercampagne.net\/?p=3671"]}]},{"@type":"ImageObject","inLanguage":"fr-FR","@id":"https:\/\/www.altercampagne.net\/?p=3671#primaryimage","url":"https:\/\/www.altercampagne.net\/wp-content\/uploads\/2012\/07\/2012-07-19_15.35.33_0078_Fabien-GOBLET_f.goblet@free.jpg","contentUrl":"https:\/\/www.altercampagne.net\/wp-content\/uploads\/2012\/07\/2012-07-19_15.35.33_0078_Fabien-GOBLET_f.goblet@free.jpg","width":900,"height":470},{"@type":"BreadcrumbList","@id":"https:\/\/www.altercampagne.net\/?p=3671#breadcrumb","itemListElement":[{"@type":"ListItem","position":1,"name":"Accueil","item":"https:\/\/www.altercampagne.net\/"},{"@type":"ListItem","position":2,"name":"\u00c9tape du 19 juillet : Le Pot \u00c9thique \u00e0 Mazamet"}]},{"@type":"WebSite","@id":"https:\/\/www.altercampagne.net\/#website","url":"https:\/\/www.altercampagne.net\/","name":"AlterTour","description":"Reliez les Alternatives \u00e0 v\u00e9lo","potentialAction":[{"@type":"SearchAction","target":{"@type":"EntryPoint","urlTemplate":"https:\/\/www.altercampagne.net\/?s={search_term_string}"},"query-input":{"@type":"PropertyValueSpecification","valueRequired":true,"valueName":"search_term_string"}}],"inLanguage":"fr-FR"},{"@type":"Person","@id":"https:\/\/www.altercampagne.net\/#\/schema\/person\/0f261460c09e430caa0f9bcffa319109","name":"Mathieu","image":{"@type":"ImageObject","inLanguage":"fr-FR","@id":"https:\/\/secure.gravatar.com\/avatar\/aa9d3d24c83f2141e5e2709d0f63d09a99f6be6bb7a50abc4915838d9f54501a?s=96&d=mm&r=g","url":"https:\/\/secure.gravatar.com\/avatar\/aa9d3d24c83f2141e5e2709d0f63d09a99f6be6bb7a50abc4915838d9f54501a?s=96&d=mm&r=g","contentUrl":"https:\/\/secure.gravatar.com\/avatar\/aa9d3d24c83f2141e5e2709d0f63d09a99f6be6bb7a50abc4915838d9f54501a?s=96&d=mm&r=g","caption":"Mathieu"},"url":"https:\/\/www.altercampagne.net\/?author=214"}]}},"_links":{"self":[{"href":"https:\/\/www.altercampagne.net\/index.php?rest_route=\/wp\/v2\/posts\/3671","targetHints":{"allow":["GET"]}}],"collection":[{"href":"https:\/\/www.altercampagne.net\/index.php?rest_route=\/wp\/v2\/posts"}],"about":[{"href":"https:\/\/www.altercampagne.net\/index.php?rest_route=\/wp\/v2\/types\/post"}],"author":[{"embeddable":true,"href":"https:\/\/www.altercampagne.net\/index.php?rest_route=\/wp\/v2\/users\/214"}],"replies":[{"embeddable":true,"href":"https:\/\/www.altercampagne.net\/index.php?rest_route=%2Fwp%2Fv2%2Fcomments&post=3671"}],"version-history":[{"count":0,"href":"https:\/\/www.altercampagne.net\/index.php?rest_route=\/wp\/v2\/posts\/3671\/revisions"}],"wp:featuredmedia":[{"embeddable":true,"href":"https:\/\/www.altercampagne.net\/index.php?rest_route=\/wp\/v2\/media\/15804"}],"wp:attachment":[{"href":"https:\/\/www.altercampagne.net\/index.php?rest_route=%2Fwp%2Fv2%2Fmedia&parent=3671"}],"wp:term":[{"taxonomy":"category","embeddable":true,"href":"https:\/\/www.altercampagne.net\/index.php?rest_route=%2Fwp%2Fv2%2Fcategories&post=3671"},{"taxonomy":"post_tag","embeddable":true,"href":"https:\/\/www.altercampagne.net\/index.php?rest_route=%2Fwp%2Fv2%2Ftags&post=3671"}],"curies":[{"name":"wp","href":"https:\/\/api.w.org\/{rel}","templated":true}]}}