{"id":3673,"date":"2012-07-19T19:39:28","date_gmt":"2012-07-19T17:39:28","guid":{"rendered":"http:\/\/www.altercampagne.net\/?p=3673"},"modified":"2019-09-16T17:11:18","modified_gmt":"2019-09-16T15:11:18","slug":"jeudi-19-juillet-laltertour-cest","status":"publish","type":"post","link":"https:\/\/www.altercampagne.net\/?p=3673","title":{"rendered":"Jeudi 19 juillet : L&rsquo;AlterTour c&rsquo;est&#8230;"},"content":{"rendered":"<p class=\"Style138 Style271\" align=\"justify\">&#8211; Se faire doubler par un lapin dans une mont\u00e9e et savoir rester humble !<br \/>\n&#8211; d\u00e9couvrir qu&rsquo;un v\u00e9lo avec des vitesses ; c&rsquo;est bien<br \/>\n&#8211; arriver avec des cuisses comme des saucisses blanches et repartir avec des jambonneaux ros\u00e9s (pardon aux v\u00e9g\u00e9tariens pour la m\u00e9taphore carnivore !)<br \/>\n&#8211; accepter que m\u00eame si t&rsquo;essayes de te perdre, et bien on te retrouvera !<br \/>\n&#8211; partager une tranche de vie avec des gens au d\u00e9tour d&rsquo;une p\u00e9dale, d&rsquo;une bi\u00e8re, des \u00e9toiles, d&rsquo;une vaisselle, d&rsquo;un J9, d&rsquo;une fourmi, &#8230; et go\u00fbter combien c&rsquo;est bon !<br \/>\nMERCI A TOUS ET A CHACUN<br \/>\n\u00ab\u00a0Je vous souhaite des r\u00eaves \u00e0 n&rsquo;en plus finir et le petit grain de folie pour en r\u00e9aliser quelques-uns !\u00a0\u00bb (Jacques Brel)<\/p>\n<p class=\"Style138 Style271\" align=\"justify\">Bises \u00e0 vous !<\/p>\n<p class=\"Style138 Style271\" align=\"justify\">Claire (celle qui a la jupe d\u00e9chir\u00e9e !!)<\/p>\n","protected":false},"excerpt":{"rendered":"<p>&#8211; Se faire doubler par un lapin dans une mont\u00e9e et savoir rester humble ! &#8211; d\u00e9couvrir qu&rsquo;un v\u00e9lo avec des vitesses ; c&rsquo;est bien &#8211; arriver avec des cuisses comme des saucisses blanches et repartir avec des jambonneaux ros\u00e9s (pardon aux v\u00e9g\u00e9tariens pour la m\u00e9taphore carnivore !) &#8211; accepter &#8230; <\/p>\n<div><a href=\"https:\/\/www.altercampagne.net\/?p=3673\" class=\"more-link\">Read More<\/a><\/div>\n","protected":false},"author":214,"featured_media":15806,"comment_status":"closed","ping_status":"closed","sticky":false,"template":"","format":"standard","meta":{"footnotes":""},"categories":[3480,3463],"tags":[852],"class_list":["post-3673","post","type-post","status-publish","format-standard","has-post-thumbnail","hentry","category-occitanie","category-edition-2012","tag-altertour-2012"],"yoast_head":"<!-- This site is optimized with the Yoast SEO plugin v27.3 - https:\/\/yoast.com\/product\/yoast-seo-wordpress\/ -->\n<title>Jeudi 19 juillet : L&#039;AlterTour c&#039;est... - AlterTour<\/title>\n<meta name=\"robots\" content=\"index, follow, max-snippet:-1, max-image-preview:large, max-video-preview:-1\" \/>\n<link rel=\"canonical\" href=\"https:\/\/www.altercampagne.net\/?p=3673\" \/>\n<meta property=\"og:locale\" content=\"fr_FR\" \/>\n<meta property=\"og:type\" content=\"article\" \/>\n<meta property=\"og:title\" content=\"Jeudi 19 juillet : L&#039;AlterTour c&#039;est... - AlterTour\" \/>\n<meta property=\"og:description\" content=\"&#8211; Se faire doubler par un lapin dans une mont\u00e9e et savoir rester humble ! &#8211; d\u00e9couvrir qu&rsquo;un v\u00e9lo avec des vitesses ; c&rsquo;est bien &#8211; arriver avec des cuisses comme des saucisses blanches et repartir avec des jambonneaux ros\u00e9s (pardon aux v\u00e9g\u00e9tariens pour la m\u00e9taphore carnivore !) &#8211; accepter ... Read More\" \/>\n<meta property=\"og:url\" content=\"https:\/\/www.altercampagne.net\/?p=3673\" \/>\n<meta property=\"og:site_name\" content=\"AlterTour\" \/>\n<meta property=\"article:published_time\" content=\"2012-07-19T17:39:28+00:00\" \/>\n<meta property=\"article:modified_time\" content=\"2019-09-16T15:11:18+00:00\" \/>\n<meta property=\"og:image\" content=\"https:\/\/www.altercampagne.net\/wp-content\/uploads\/2012\/07\/P10308381.jpg\" \/>\n\t<meta property=\"og:image:width\" content=\"640\" \/>\n\t<meta property=\"og:image:height\" content=\"480\" \/>\n\t<meta property=\"og:image:type\" content=\"image\/jpeg\" \/>\n<meta name=\"author\" content=\"Mathieu\" \/>\n<meta name=\"twitter:card\" content=\"summary_large_image\" \/>\n<meta name=\"twitter:label1\" content=\"\u00c9crit par\" \/>\n\t<meta name=\"twitter:data1\" content=\"Mathieu\" \/>\n\t<meta name=\"twitter:label2\" content=\"Dur\u00e9e de lecture estim\u00e9e\" \/>\n\t<meta name=\"twitter:data2\" content=\"1 minute\" \/>\n<script type=\"application\/ld+json\" class=\"yoast-schema-graph\">{\"@context\":\"https:\\\/\\\/schema.org\",\"@graph\":[{\"@type\":\"Article\",\"@id\":\"https:\\\/\\\/www.altercampagne.net\\\/?p=3673#article\",\"isPartOf\":{\"@id\":\"https:\\\/\\\/www.altercampagne.net\\\/?p=3673\"},\"author\":{\"name\":\"Mathieu\",\"@id\":\"https:\\\/\\\/www.altercampagne.net\\\/#\\\/schema\\\/person\\\/0f261460c09e430caa0f9bcffa319109\"},\"headline\":\"Jeudi 19 juillet : L&rsquo;AlterTour c&rsquo;est&#8230;\",\"datePublished\":\"2012-07-19T17:39:28+00:00\",\"dateModified\":\"2019-09-16T15:11:18+00:00\",\"mainEntityOfPage\":{\"@id\":\"https:\\\/\\\/www.altercampagne.net\\\/?p=3673\"},\"wordCount\":154,\"image\":{\"@id\":\"https:\\\/\\\/www.altercampagne.net\\\/?p=3673#primaryimage\"},\"thumbnailUrl\":\"https:\\\/\\\/www.altercampagne.net\\\/wp-content\\\/uploads\\\/2012\\\/07\\\/P10308381.jpg\",\"keywords\":[\"AlterTour 2012\"],\"articleSection\":[\"Occitanie\",\"\u00c9dition 2012\"],\"inLanguage\":\"fr-FR\"},{\"@type\":\"WebPage\",\"@id\":\"https:\\\/\\\/www.altercampagne.net\\\/?p=3673\",\"url\":\"https:\\\/\\\/www.altercampagne.net\\\/?p=3673\",\"name\":\"Jeudi 19 juillet : L'AlterTour c'est... - AlterTour\",\"isPartOf\":{\"@id\":\"https:\\\/\\\/www.altercampagne.net\\\/#website\"},\"primaryImageOfPage\":{\"@id\":\"https:\\\/\\\/www.altercampagne.net\\\/?p=3673#primaryimage\"},\"image\":{\"@id\":\"https:\\\/\\\/www.altercampagne.net\\\/?p=3673#primaryimage\"},\"thumbnailUrl\":\"https:\\\/\\\/www.altercampagne.net\\\/wp-content\\\/uploads\\\/2012\\\/07\\\/P10308381.jpg\",\"datePublished\":\"2012-07-19T17:39:28+00:00\",\"dateModified\":\"2019-09-16T15:11:18+00:00\",\"author\":{\"@id\":\"https:\\\/\\\/www.altercampagne.net\\\/#\\\/schema\\\/person\\\/0f261460c09e430caa0f9bcffa319109\"},\"breadcrumb\":{\"@id\":\"https:\\\/\\\/www.altercampagne.net\\\/?p=3673#breadcrumb\"},\"inLanguage\":\"fr-FR\",\"potentialAction\":[{\"@type\":\"ReadAction\",\"target\":[\"https:\\\/\\\/www.altercampagne.net\\\/?p=3673\"]}]},{\"@type\":\"ImageObject\",\"inLanguage\":\"fr-FR\",\"@id\":\"https:\\\/\\\/www.altercampagne.net\\\/?p=3673#primaryimage\",\"url\":\"https:\\\/\\\/www.altercampagne.net\\\/wp-content\\\/uploads\\\/2012\\\/07\\\/P10308381.jpg\",\"contentUrl\":\"https:\\\/\\\/www.altercampagne.net\\\/wp-content\\\/uploads\\\/2012\\\/07\\\/P10308381.jpg\",\"width\":640,\"height\":480},{\"@type\":\"BreadcrumbList\",\"@id\":\"https:\\\/\\\/www.altercampagne.net\\\/?p=3673#breadcrumb\",\"itemListElement\":[{\"@type\":\"ListItem\",\"position\":1,\"name\":\"Accueil\",\"item\":\"https:\\\/\\\/www.altercampagne.net\\\/\"},{\"@type\":\"ListItem\",\"position\":2,\"name\":\"Jeudi 19 juillet : L&rsquo;AlterTour c&rsquo;est&#8230;\"}]},{\"@type\":\"WebSite\",\"@id\":\"https:\\\/\\\/www.altercampagne.net\\\/#website\",\"url\":\"https:\\\/\\\/www.altercampagne.net\\\/\",\"name\":\"AlterTour\",\"description\":\"Reliez les Alternatives \u00e0 v\u00e9lo\",\"potentialAction\":[{\"@type\":\"SearchAction\",\"target\":{\"@type\":\"EntryPoint\",\"urlTemplate\":\"https:\\\/\\\/www.altercampagne.net\\\/?s={search_term_string}\"},\"query-input\":{\"@type\":\"PropertyValueSpecification\",\"valueRequired\":true,\"valueName\":\"search_term_string\"}}],\"inLanguage\":\"fr-FR\"},{\"@type\":\"Person\",\"@id\":\"https:\\\/\\\/www.altercampagne.net\\\/#\\\/schema\\\/person\\\/0f261460c09e430caa0f9bcffa319109\",\"name\":\"Mathieu\",\"image\":{\"@type\":\"ImageObject\",\"inLanguage\":\"fr-FR\",\"@id\":\"https:\\\/\\\/secure.gravatar.com\\\/avatar\\\/aa9d3d24c83f2141e5e2709d0f63d09a99f6be6bb7a50abc4915838d9f54501a?s=96&d=mm&r=g\",\"url\":\"https:\\\/\\\/secure.gravatar.com\\\/avatar\\\/aa9d3d24c83f2141e5e2709d0f63d09a99f6be6bb7a50abc4915838d9f54501a?s=96&d=mm&r=g\",\"contentUrl\":\"https:\\\/\\\/secure.gravatar.com\\\/avatar\\\/aa9d3d24c83f2141e5e2709d0f63d09a99f6be6bb7a50abc4915838d9f54501a?s=96&d=mm&r=g\",\"caption\":\"Mathieu\"},\"url\":\"https:\\\/\\\/www.altercampagne.net\\\/?author=214\"}]}<\/script>\n<!-- \/ Yoast SEO plugin. -->","yoast_head_json":{"title":"Jeudi 19 juillet : L'AlterTour c'est... - AlterTour","robots":{"index":"index","follow":"follow","max-snippet":"max-snippet:-1","max-image-preview":"max-image-preview:large","max-video-preview":"max-video-preview:-1"},"canonical":"https:\/\/www.altercampagne.net\/?p=3673","og_locale":"fr_FR","og_type":"article","og_title":"Jeudi 19 juillet : L'AlterTour c'est... - AlterTour","og_description":"&#8211; Se faire doubler par un lapin dans une mont\u00e9e et savoir rester humble ! &#8211; d\u00e9couvrir qu&rsquo;un v\u00e9lo avec des vitesses ; c&rsquo;est bien &#8211; arriver avec des cuisses comme des saucisses blanches et repartir avec des jambonneaux ros\u00e9s (pardon aux v\u00e9g\u00e9tariens pour la m\u00e9taphore carnivore !) &#8211; accepter ... Read More","og_url":"https:\/\/www.altercampagne.net\/?p=3673","og_site_name":"AlterTour","article_published_time":"2012-07-19T17:39:28+00:00","article_modified_time":"2019-09-16T15:11:18+00:00","og_image":[{"width":640,"height":480,"url":"https:\/\/www.altercampagne.net\/wp-content\/uploads\/2012\/07\/P10308381.jpg","type":"image\/jpeg"}],"author":"Mathieu","twitter_card":"summary_large_image","twitter_misc":{"\u00c9crit par":"Mathieu","Dur\u00e9e de lecture estim\u00e9e":"1 minute"},"schema":{"@context":"https:\/\/schema.org","@graph":[{"@type":"Article","@id":"https:\/\/www.altercampagne.net\/?p=3673#article","isPartOf":{"@id":"https:\/\/www.altercampagne.net\/?p=3673"},"author":{"name":"Mathieu","@id":"https:\/\/www.altercampagne.net\/#\/schema\/person\/0f261460c09e430caa0f9bcffa319109"},"headline":"Jeudi 19 juillet : L&rsquo;AlterTour c&rsquo;est&#8230;","datePublished":"2012-07-19T17:39:28+00:00","dateModified":"2019-09-16T15:11:18+00:00","mainEntityOfPage":{"@id":"https:\/\/www.altercampagne.net\/?p=3673"},"wordCount":154,"image":{"@id":"https:\/\/www.altercampagne.net\/?p=3673#primaryimage"},"thumbnailUrl":"https:\/\/www.altercampagne.net\/wp-content\/uploads\/2012\/07\/P10308381.jpg","keywords":["AlterTour 2012"],"articleSection":["Occitanie","\u00c9dition 2012"],"inLanguage":"fr-FR"},{"@type":"WebPage","@id":"https:\/\/www.altercampagne.net\/?p=3673","url":"https:\/\/www.altercampagne.net\/?p=3673","name":"Jeudi 19 juillet : L'AlterTour c'est... - AlterTour","isPartOf":{"@id":"https:\/\/www.altercampagne.net\/#website"},"primaryImageOfPage":{"@id":"https:\/\/www.altercampagne.net\/?p=3673#primaryimage"},"image":{"@id":"https:\/\/www.altercampagne.net\/?p=3673#primaryimage"},"thumbnailUrl":"https:\/\/www.altercampagne.net\/wp-content\/uploads\/2012\/07\/P10308381.jpg","datePublished":"2012-07-19T17:39:28+00:00","dateModified":"2019-09-16T15:11:18+00:00","author":{"@id":"https:\/\/www.altercampagne.net\/#\/schema\/person\/0f261460c09e430caa0f9bcffa319109"},"breadcrumb":{"@id":"https:\/\/www.altercampagne.net\/?p=3673#breadcrumb"},"inLanguage":"fr-FR","potentialAction":[{"@type":"ReadAction","target":["https:\/\/www.altercampagne.net\/?p=3673"]}]},{"@type":"ImageObject","inLanguage":"fr-FR","@id":"https:\/\/www.altercampagne.net\/?p=3673#primaryimage","url":"https:\/\/www.altercampagne.net\/wp-content\/uploads\/2012\/07\/P10308381.jpg","contentUrl":"https:\/\/www.altercampagne.net\/wp-content\/uploads\/2012\/07\/P10308381.jpg","width":640,"height":480},{"@type":"BreadcrumbList","@id":"https:\/\/www.altercampagne.net\/?p=3673#breadcrumb","itemListElement":[{"@type":"ListItem","position":1,"name":"Accueil","item":"https:\/\/www.altercampagne.net\/"},{"@type":"ListItem","position":2,"name":"Jeudi 19 juillet : L&rsquo;AlterTour c&rsquo;est&#8230;"}]},{"@type":"WebSite","@id":"https:\/\/www.altercampagne.net\/#website","url":"https:\/\/www.altercampagne.net\/","name":"AlterTour","description":"Reliez les Alternatives \u00e0 v\u00e9lo","potentialAction":[{"@type":"SearchAction","target":{"@type":"EntryPoint","urlTemplate":"https:\/\/www.altercampagne.net\/?s={search_term_string}"},"query-input":{"@type":"PropertyValueSpecification","valueRequired":true,"valueName":"search_term_string"}}],"inLanguage":"fr-FR"},{"@type":"Person","@id":"https:\/\/www.altercampagne.net\/#\/schema\/person\/0f261460c09e430caa0f9bcffa319109","name":"Mathieu","image":{"@type":"ImageObject","inLanguage":"fr-FR","@id":"https:\/\/secure.gravatar.com\/avatar\/aa9d3d24c83f2141e5e2709d0f63d09a99f6be6bb7a50abc4915838d9f54501a?s=96&d=mm&r=g","url":"https:\/\/secure.gravatar.com\/avatar\/aa9d3d24c83f2141e5e2709d0f63d09a99f6be6bb7a50abc4915838d9f54501a?s=96&d=mm&r=g","contentUrl":"https:\/\/secure.gravatar.com\/avatar\/aa9d3d24c83f2141e5e2709d0f63d09a99f6be6bb7a50abc4915838d9f54501a?s=96&d=mm&r=g","caption":"Mathieu"},"url":"https:\/\/www.altercampagne.net\/?author=214"}]}},"_links":{"self":[{"href":"https:\/\/www.altercampagne.net\/index.php?rest_route=\/wp\/v2\/posts\/3673","targetHints":{"allow":["GET"]}}],"collection":[{"href":"https:\/\/www.altercampagne.net\/index.php?rest_route=\/wp\/v2\/posts"}],"about":[{"href":"https:\/\/www.altercampagne.net\/index.php?rest_route=\/wp\/v2\/types\/post"}],"author":[{"embeddable":true,"href":"https:\/\/www.altercampagne.net\/index.php?rest_route=\/wp\/v2\/users\/214"}],"replies":[{"embeddable":true,"href":"https:\/\/www.altercampagne.net\/index.php?rest_route=%2Fwp%2Fv2%2Fcomments&post=3673"}],"version-history":[{"count":0,"href":"https:\/\/www.altercampagne.net\/index.php?rest_route=\/wp\/v2\/posts\/3673\/revisions"}],"wp:featuredmedia":[{"embeddable":true,"href":"https:\/\/www.altercampagne.net\/index.php?rest_route=\/wp\/v2\/media\/15806"}],"wp:attachment":[{"href":"https:\/\/www.altercampagne.net\/index.php?rest_route=%2Fwp%2Fv2%2Fmedia&parent=3673"}],"wp:term":[{"taxonomy":"category","embeddable":true,"href":"https:\/\/www.altercampagne.net\/index.php?rest_route=%2Fwp%2Fv2%2Fcategories&post=3673"},{"taxonomy":"post_tag","embeddable":true,"href":"https:\/\/www.altercampagne.net\/index.php?rest_route=%2Fwp%2Fv2%2Ftags&post=3673"}],"curies":[{"name":"wp","href":"https:\/\/api.w.org\/{rel}","templated":true}]}}