{"id":3679,"date":"2012-07-16T19:47:57","date_gmt":"2012-07-16T17:47:57","guid":{"rendered":"http:\/\/www.altercampagne.net\/?p=3679"},"modified":"2019-09-16T17:12:37","modified_gmt":"2019-09-16T15:12:37","slug":"samedi-14-et-lundi-16-juillet","status":"publish","type":"post","link":"https:\/\/www.altercampagne.net\/?p=3679","title":{"rendered":"Samedi 14 et lundi 16 juillet"},"content":{"rendered":"<p class=\"Style138 Style271\" align=\"justify\">\u00ab\u00a0Une autre faim du monde est possible\u00a0\u00bb.<\/p>\n<p class=\"Style138 Style271\" align=\"justify\">S\u00e9duit par ce titre racoleur et par la <a href=\"http:\/\/www.youtube.com\/watch?v=rK_Si77ARR8&amp;feature=autoplay&amp;list=UL4xm_pRIn1B8&amp;playnext=1\" target=\"_blank\" rel=\"noopener noreferrer\">bande annonce<\/a> , nous avions d\u00e9cid\u00e9 d&#8217;embarquer en gare d&rsquo;Auterive pour tenter l&rsquo;aventure.<\/p>\n<p class=\"Style138 Style271\" align=\"justify\">14 juillet 2012 : Arriv\u00e9e par le train de 15 h en gare de Saint Jean de Verges .Nous enfourchons nos v\u00e9los pour nous rendre \u00e0 Loubi\u00e8res (Ari\u00e8ge) o\u00f9 nous sommes accueillis par les ami(e)s de la revue Silence.<\/p>\n<p class=\"Style138 Style271\" align=\"justify\">Le temps de planter la tente dans la for\u00eat (un d\u00e9tail qui facilitera notre int\u00e9gration dans le groupe des altercyclistes le lendemain matin ) et nous repartons pour Foix o\u00f9 l&rsquo;AlterTour fait \u00e9tape dans le cadre du festival R\u00e9sistances.<\/p>\n<p class=\"Style138 Style271\" align=\"justify\"><img loading=\"lazy\" decoding=\"async\" class=\" alignleft\" src=\"http:\/\/altercampagne.free.fr\/pages\/2008\/AlterTour\/pic\/2012-P1040548.jpg\" alt=\"\" width=\"400\" height=\"267\">Apr\u00e8s la projection de \u00ab\u00a0l&rsquo;Age de tous les dopages \u00a0\u00bb tourn\u00e9 lors de l&rsquo;Alter Tour 2009 , c&rsquo;est la rencontre avec le groupe \u00e0 l&rsquo;occasion de l&rsquo;Assembl\u00e9e du soir.<\/p>\n<p class=\"Style138 Style271\" align=\"justify\">Le cercle de parole s&rsquo;installe et j&rsquo;assiste \u00e0 une alter prise de bec entre les anciens et les modernes sur le th\u00e8me du respect des horaires mais gr\u00e2ce \u00e0 l&rsquo;\u00e9coute et au consensus qui font partie des r\u00e8gles, la page est tourn\u00e9e apr\u00e8s quelques atermoiements. Puis c&rsquo;est le retour de nuit \u00e0 Loubi\u00e8res.<\/p>\n<p class=\"Style138 Style271\" align=\"justify\">Au matin , lever 7 h pour un petit d\u00e9jeuner qui pr\u00e9c\u00e8de la distribution des t\u00e2ches sur un mod\u00e8le d&rsquo;organisation horizontale qui fleure bon la craie et le tableau noir \u00e0 l&rsquo;heure du Power Point \u00e0 vocation pyramidal.<\/p>\n<div align=\"justify\">\n<p class=\"Style138 Style271\" align=\"justify\"><img loading=\"lazy\" decoding=\"async\" class=\" alignright\" src=\"http:\/\/altercampagne.free.fr\/pages\/2008\/AlterTour\/pic\/2012-P1040544.jpg\" alt=\"\" width=\"301\" height=\"450\">Nous prenons cong\u00e9s de nos h\u00f4tes pour prendre la direction de Vira pour l&rsquo;une des \u00e9tapes les plus courtes de cet AlterTour. Nous sommes accueillis par Philippe Babin viticulteur bio du domaine des coteaux d&rsquo;Engravies avec lequel je prends date pour un cin\u00e9 Citoyen \u00e0 l&rsquo;automne autour du film \u00ab\u00a0L&rsquo;esprit du vin , le r\u00e9veil des terroirs\u00a0\u00bb. Habit\u00e9 par la passion de son m\u00e9tier et un sens du partage , nul doute qu&rsquo;il sera l&rsquo;homme de la situation.<\/p>\n<p class=\"Style138 Style271\" align=\"justify\">Apr\u00e8s une visite chez un jeune mara\u00eecher install\u00e9 dans la commune voisine de Dun qui nous fournira la mati\u00e8re du repas du soir c&rsquo;est le retour au bord du Douctouyre o\u00f9 nous installons le campement. L&rsquo;\u00e9tape du lendemain nous conduira \u00e0 Limoux et je pose ma candidature pour \u00eatre l&rsquo;Alter journaliste du jour.<\/p>\n<p class=\"Style138 Style271\" align=\"justify\">16 Juillet, 6h30 : Le chant des oiseaux m&rsquo;invite \u00e0 m&rsquo;extirper du duvet. Dans un \u00e9tat semi l\u00e9thargique, je me dirige vers le lit de la rivi\u00e8re o\u00f9 une famille de barbeaux me c\u00e8de la place contrainte et forc\u00e9e. Quel bonheur !<\/p>\n<p class=\"Style138 Style271\" align=\"justify\">Instant de plaisir solitaire avant le <a href=\"http:\/\/www.youtube.com\/watch?v=Wy7RuTL7DmQ&amp;feature=plcp\" target=\"_blank\" rel=\"noopener noreferrer\">r\u00e9veil musical<\/a>. Apr\u00e8s le petit dej. il faut songer \u00e0 plier bagage. L&rsquo;esprit de coop\u00e9ration qui r\u00e8gne chez la cinquantaine de participants est exemplaire. En moins d&rsquo;une heure le mat\u00e9riel de cuisine, les tentes, tout, y compris les toilettes s\u00e8ches a retrouv\u00e9 sa place dans le fourgon ou la remorque. A cette occasion je d\u00e9couvre l&rsquo;un des principes essentiels de l&rsquo;alter touriste : \u00a0\u00bb je cycle et je recycle\u00a0\u00bb. Illustration : \u00ab\u00a0Le D\u00e9fec\u00e9tron\u00a0\u00bb rencontre improbable entre une cabine de plage fabriqu\u00e9e en Asie par une chaine de grande distribution \u00e0 vocation sportive et des toilettes s\u00e8ches , il fallait y penser&#8230;<\/p>\n<p class=\"Style138 Style271\" align=\"justify\">St\u00e9phane, fid\u00e8le \u00e0 ses choix politiques, s&rsquo;\u00e9lance en t\u00eate \u00e0 la vitesse de l&rsquo;escargot. Direction Rivel pr\u00e8s du lac de Montbel o\u00f9 nous avons rendez vous avec Jean Marc Pirlot producteur de truites bio des Viviers Cathares qui nous fournira la mati\u00e8re premi\u00e8re de notre d\u00e9jeuner. Une halte relais est pr\u00e9vue \u00e0 Laroque d&rsquo;Olm\u00e8s o\u00f9 nous prenons des nouvelles de l&rsquo;autre tour celui de la comp\u00e9titivit\u00e9 mondialis\u00e9e qui a travers\u00e9 la ville en trombe sans s&rsquo;attarder sur l&rsquo;\u00e9tat de sant\u00e9 de l&rsquo;industrie textile locale sous perfusion de capitaux \u00e9trangers, ni sans saluer \u00ab\u00a0fabulous fab\u00a0\u00bb Barthez, l&rsquo;enfant du pays. Aussi d\u00e9cidons nous de rattraper ce manque de reconnaissance pour nous prosterner \u00e0 l&rsquo;autel de la performance et de la baguette fraiche r\u00e9unies.<\/p>\n<p class=\"Style138 Style271\" align=\"justify\"><img loading=\"lazy\" decoding=\"async\" class=\" aligncenter\" src=\"http:\/\/altercampagne.free.fr\/pages\/2008\/AlterTour\/pic\/2012-P1040590.jpg\" alt=\"\" width=\"640\" height=\"427\"><\/p>\n<p class=\"Style138 Style271\" align=\"justify\">Fid\u00e8les \u00e0 notre cr\u00e9do anti-dopage de l&rsquo;\u00e9conomie, de l&rsquo;agriculture, du sport, nous reprenons le route en empruntant la voie verte. Voie verte qui nous conduit jusqu&rsquo;\u00e0 Chalabre o\u00f9 nous sommes attendus par les autorit\u00e9s locales , par des repr\u00e9sentants de la conf\u00e9d\u00e9ration paysanne et un producteur de p\u00e2tes fraiches labellis\u00e9es Nature et progr\u00e8s sens\u00e9es accompagner les truites cathares.<\/p>\n<p class=\"Style138 Style271\" align=\"justify\">J&rsquo;en profite pour me rapprocher en p\u00e9dalant de Bruno, l&rsquo;ari\u00e9geois, organisateur local de cette premi\u00e8re semaine d&rsquo;AlterTour. Bruno Sans, c&rsquo;est du concentr\u00e9 de p\u00eache et de banane. Impossible de le rater celui qui se d\u00e9finit comme un handicap\u00e9 de luxe parce qu&rsquo;il dispose de ses deux bras et qu&rsquo;il se d\u00e9place en Hand Bike en totale autonomie. Nous \u00e9voquons l&rsquo;\u00e9tat du rev\u00eatement de cette voie verte qui n&rsquo;est pas comparable au tron\u00e7on qui relie Saint Girons \u00e0 La Bastide de S\u00e9rou et tout en actionnant les manivelles, l&rsquo;id\u00e9e de projets communs entre voisins fait son chemin&#8230;<\/p>\n<p class=\"Style138 Style271\" align=\"justify\">Arriv\u00e9e \u00e0 Chalabre o\u00f9 la population boude l&rsquo;\u00e9v\u00e9nement pour incompatibilit\u00e9 d&rsquo;humeur entre M. le maire qui fait une courte apparition et l&rsquo;association Lien et lnitiatives Citoyennes en Terre Privil\u00e9gi\u00e9e (d\u00e9nomination originelle de la r\u00e9gion du Quercorb). Bref c&rsquo;est Palabres \u00e0 Chalabre.<\/p>\n<p class=\"Style138 Style271\" align=\"justify\">Je d\u00e9cide de profiter du temps de cuisson des p\u00e2tes pour organiser un atelier baignade dans le lit du Grand Hers qui traverse la commune. Toute proportions gard\u00e9es , cet atelier est \u00e0 Paris Plages, ce que notre p\u00e9riple v\u00e9lorutionnaire est \u00e0 la grande boucle. Nos amis parisiens retrouvent le temps de prendre le temps de la simplicit\u00e9 volontaire et du Buen Vivir. L&rsquo;heure est venue de passer \u00e0 table pour ce qui restera le moment gastronomique de cette semaine.<\/p>\n<p class=\"Style138 Style271\" align=\"justify\">Suit un \u00e9change avec les repr\u00e9sentants locaux de la Conf\u00e9d\u00e9ration Paysanne et les membres de la L.I.C.T.P. dont les projets semblent perturber les autorit\u00e9s locales mais pas les boulistes qui partagent notre salle de r\u00e9union ombrag\u00e9e.<\/p>\n<p class=\"Style138 Style271\" align=\"justify\">Il est temps de reprendre la route. A peine entr\u00e9s sur le territoire de l&rsquo;A.O.C. de la blanquette de Limoux la pente s&rsquo;accentue. Les <a href=\"http:\/\/www.youtube.com\/watch?v=oa7CARA3ymY\" target=\"_blank\" rel=\"noopener noreferrer\">mulets<\/a> se relaient pour donner un coup de mollet \u00e0 l&rsquo;ami Bruno qui terminera ce tron\u00e7on accompagn\u00e9 d&rsquo;un c\u0153ur <a href=\"http:\/\/www.youtube.com\/watch?v=OpwakpugCXs&amp;feature=plcpaltercarioca\" target=\"_blank\" rel=\"noopener noreferrer\">altercarioca<\/a>. Mais l&rsquo;actualit\u00e9 n&rsquo;attend pas, un \u00e9v\u00e9nement chasse l&rsquo;autre apr\u00e8s l&rsquo;\u00e9pisode \u00a0\u00bb V\u00e9lorame \u00a0\u00bb je suis appel\u00e9 en t\u00eate de peloton pour une interview exclusive d&rsquo;un repr\u00e9sentant de la soci\u00e9t\u00e9 Valorem. J&rsquo;apprends que cette soci\u00e9t\u00e9 implant\u00e9e dans la r\u00e9gion bordelaise sp\u00e9cialis\u00e9e dans la transition \u00e9nerg\u00e9tique emploie 80 personnes et que 60 membres de cette structure se rendent sur leur lieu de travail en v\u00e9lo et sont membres d&rsquo;une AMAP. Mon informateur qui pr\u00e9f\u00e8re conserver l&rsquo;anonymat m&rsquo;informe en outre qu&rsquo;il est sp\u00e9cialiste en extinction des feux en milieu urbain. Information que j&rsquo;aurai l&rsquo;occasion de v\u00e9rifier lors de la travers\u00e9e de Mazamet. (pour en savoir plus c&rsquo;est <a href=\"http:\/\/zerowatt.c.la\/\" target=\"_blank\" rel=\"noopener noreferrer\">ici<\/a>)<\/p>\n<p class=\"Style138 Style271\" align=\"justify\">A l&rsquo;approche de Limoux , le r\u00f4le des fl\u00e8ches humaines qui sont pr\u00e9sentes \u00e0 chaque carrefour ou changement de direction susceptibles de semer le doute sur le cap \u00e0 suivre, devient vital. Le serre file portant le maillot jaune de l&rsquo;AlterTour les rassemble tel un berger sur l&rsquo;estive avant l&rsquo;arriv\u00e9e \u00e0 notre \u00e9tape du soir au lieu dit Echausses le Chalet. Une douche solaire et r\u00e9paratrice plus tard il est temps de songer au repas auto g\u00e9r\u00e9. L&rsquo;alter journaliste se transforme alors en essoreur de salade. A l&rsquo;issue du repas nos h\u00f4tes nous pr\u00e9sentent leur projet qui a re\u00e7u l&rsquo;appui de Terres de liens. L&rsquo;impression d&rsquo; harmonie ressentie en arrivant sur le site jusque dans le sourire des enfants se v\u00e9rifie. Un projet de vie bas\u00e9 sur des valeurs telles que la solidarit\u00e9, l&rsquo;\u00e9cologie, l&rsquo;autonomie et o\u00f9 la culture n&rsquo;est pas en reste. Une diversit\u00e9 de savoirs et d&rsquo;exp\u00e9riences r\u00e9unissant en un m\u00eame lieu un producteur de fruits et l\u00e9gumes bios adepte de la traction animale un cabinet de sage femme, un consultant en gestion foresti\u00e8re et un luthier. Donner la vie, nourrir le corps et l&rsquo;esprit, respecter la plan\u00e8te : Je venais de d\u00e9couvrir le secret de cet Alter Tour qui se dope \u00e0 l&rsquo;humain &#8230;<\/p>\n<\/div>\n","protected":false},"excerpt":{"rendered":"<p>\u00ab\u00a0Une autre faim du monde est possible\u00a0\u00bb. S\u00e9duit par ce titre racoleur et par la bande annonce , nous avions d\u00e9cid\u00e9 d&#8217;embarquer en gare d&rsquo;Auterive pour tenter l&rsquo;aventure. 14 juillet 2012 : Arriv\u00e9e par le train de 15 h en gare de Saint Jean de Verges .Nous enfourchons nos v\u00e9los &#8230; <\/p>\n<div><a href=\"https:\/\/www.altercampagne.net\/?p=3679\" class=\"more-link\">Read More<\/a><\/div>\n","protected":false},"author":214,"featured_media":15808,"comment_status":"closed","ping_status":"closed","sticky":false,"template":"","format":"standard","meta":{"footnotes":""},"categories":[3480,3463],"tags":[1242,1254,1253,1252,1251,1250,1249,1248,1247,1246,1245,1244,1243,254,1241,1240,1201,1113,1023,1022,852,672,455,449,271],"class_list":["post-3679","post","type-post","status-publish","format-standard","has-post-thumbnail","hentry","category-occitanie","category-edition-2012","tag-philippe-babin","tag-terres-de-liens","tag-societe-valorem","tag-l-i-c-t-p","tag-velorutionnaire","tag-association-lien-et-lnitiatives-citoyennes-en-terre-privilegiee","tag-hand-bike","tag-viviers-cathares","tag-truites-bio","tag-jean-marc-pirlot","tag-lac-de-montbel","tag-domaine-des-coteaux-dengravies","tag-viticulteur-bio","tag-amap","tag-loubieres","tag-une-autre-faim-du-monde-est-possible","tag-transition-energetique","tag-bruno-sans","tag-festival-resistances","tag-foix","tag-altertour-2012","tag-solidarite","tag-ecologie","tag-confederation-paysanne","tag-autonomie"],"yoast_head":"<!-- This site is optimized with the Yoast SEO plugin v27.3 - https:\/\/yoast.com\/product\/yoast-seo-wordpress\/ -->\n<title>Samedi 14 et lundi 16 juillet - AlterTour<\/title>\n<meta name=\"robots\" content=\"index, follow, max-snippet:-1, max-image-preview:large, max-video-preview:-1\" \/>\n<link rel=\"canonical\" href=\"https:\/\/www.altercampagne.net\/?p=3679\" \/>\n<meta property=\"og:locale\" content=\"fr_FR\" \/>\n<meta property=\"og:type\" content=\"article\" \/>\n<meta property=\"og:title\" content=\"Samedi 14 et lundi 16 juillet - AlterTour\" \/>\n<meta property=\"og:description\" content=\"\u00ab\u00a0Une autre faim du monde est possible\u00a0\u00bb. S\u00e9duit par ce titre racoleur et par la bande annonce , nous avions d\u00e9cid\u00e9 d&#8217;embarquer en gare d&rsquo;Auterive pour tenter l&rsquo;aventure. 14 juillet 2012 : Arriv\u00e9e par le train de 15 h en gare de Saint Jean de Verges .Nous enfourchons nos v\u00e9los ... Read More\" \/>\n<meta property=\"og:url\" content=\"https:\/\/www.altercampagne.net\/?p=3679\" \/>\n<meta property=\"og:site_name\" content=\"AlterTour\" \/>\n<meta property=\"article:published_time\" content=\"2012-07-16T17:47:57+00:00\" \/>\n<meta property=\"article:modified_time\" content=\"2019-09-16T15:12:37+00:00\" \/>\n<meta property=\"og:image\" content=\"https:\/\/www.altercampagne.net\/wp-content\/uploads\/2012\/07\/2012-P10405901.jpg\" \/>\n\t<meta property=\"og:image:width\" content=\"640\" \/>\n\t<meta property=\"og:image:height\" content=\"427\" \/>\n\t<meta property=\"og:image:type\" content=\"image\/jpeg\" \/>\n<meta name=\"author\" content=\"Mathieu\" \/>\n<meta name=\"twitter:card\" content=\"summary_large_image\" \/>\n<meta name=\"twitter:label1\" content=\"\u00c9crit par\" \/>\n\t<meta name=\"twitter:data1\" content=\"Mathieu\" \/>\n\t<meta name=\"twitter:label2\" content=\"Dur\u00e9e de lecture estim\u00e9e\" \/>\n\t<meta name=\"twitter:data2\" content=\"7 minutes\" \/>\n<script type=\"application\/ld+json\" class=\"yoast-schema-graph\">{\"@context\":\"https:\\\/\\\/schema.org\",\"@graph\":[{\"@type\":\"Article\",\"@id\":\"https:\\\/\\\/www.altercampagne.net\\\/?p=3679#article\",\"isPartOf\":{\"@id\":\"https:\\\/\\\/www.altercampagne.net\\\/?p=3679\"},\"author\":{\"name\":\"Mathieu\",\"@id\":\"https:\\\/\\\/www.altercampagne.net\\\/#\\\/schema\\\/person\\\/0f261460c09e430caa0f9bcffa319109\"},\"headline\":\"Samedi 14 et lundi 16 juillet\",\"datePublished\":\"2012-07-16T17:47:57+00:00\",\"dateModified\":\"2019-09-16T15:12:37+00:00\",\"mainEntityOfPage\":{\"@id\":\"https:\\\/\\\/www.altercampagne.net\\\/?p=3679\"},\"wordCount\":1468,\"image\":{\"@id\":\"https:\\\/\\\/www.altercampagne.net\\\/?p=3679#primaryimage\"},\"thumbnailUrl\":\"https:\\\/\\\/www.altercampagne.net\\\/wp-content\\\/uploads\\\/2012\\\/07\\\/2012-P10405901.jpg\",\"keywords\":[\"Philippe Babin\",\"Terres de liens\",\"soci\u00e9t\u00e9 Valorem\",\"L.I.C.T.P\",\"v\u00e9lorutionnaire\",\"association Lien et lnitiatives Citoyennes en Terre Privil\u00e9gi\u00e9e\",\"Hand Bike\",\"Viviers Cathares\",\"truites bio\",\"Jean Marc Pirlot\",\"lac de Montbel\",\"domaine des coteaux d'Engravies\",\"viticulteur bio\",\"AMAP\",\"Loubi\u00e8res\",\"Une autre faim du monde est possible\",\"transition \u00e9nerg\u00e9tique\",\"Bruno sans\",\"Festival R\u00e9sistances\",\"Foix\",\"AlterTour 2012\",\"solidarit\u00e9\",\"\u00e9cologie\",\"conf\u00e9d\u00e9ration paysanne\",\"autonomie\"],\"articleSection\":[\"Occitanie\",\"\u00c9dition 2012\"],\"inLanguage\":\"fr-FR\"},{\"@type\":\"WebPage\",\"@id\":\"https:\\\/\\\/www.altercampagne.net\\\/?p=3679\",\"url\":\"https:\\\/\\\/www.altercampagne.net\\\/?p=3679\",\"name\":\"Samedi 14 et lundi 16 juillet - AlterTour\",\"isPartOf\":{\"@id\":\"https:\\\/\\\/www.altercampagne.net\\\/#website\"},\"primaryImageOfPage\":{\"@id\":\"https:\\\/\\\/www.altercampagne.net\\\/?p=3679#primaryimage\"},\"image\":{\"@id\":\"https:\\\/\\\/www.altercampagne.net\\\/?p=3679#primaryimage\"},\"thumbnailUrl\":\"https:\\\/\\\/www.altercampagne.net\\\/wp-content\\\/uploads\\\/2012\\\/07\\\/2012-P10405901.jpg\",\"datePublished\":\"2012-07-16T17:47:57+00:00\",\"dateModified\":\"2019-09-16T15:12:37+00:00\",\"author\":{\"@id\":\"https:\\\/\\\/www.altercampagne.net\\\/#\\\/schema\\\/person\\\/0f261460c09e430caa0f9bcffa319109\"},\"breadcrumb\":{\"@id\":\"https:\\\/\\\/www.altercampagne.net\\\/?p=3679#breadcrumb\"},\"inLanguage\":\"fr-FR\",\"potentialAction\":[{\"@type\":\"ReadAction\",\"target\":[\"https:\\\/\\\/www.altercampagne.net\\\/?p=3679\"]}]},{\"@type\":\"ImageObject\",\"inLanguage\":\"fr-FR\",\"@id\":\"https:\\\/\\\/www.altercampagne.net\\\/?p=3679#primaryimage\",\"url\":\"https:\\\/\\\/www.altercampagne.net\\\/wp-content\\\/uploads\\\/2012\\\/07\\\/2012-P10405901.jpg\",\"contentUrl\":\"https:\\\/\\\/www.altercampagne.net\\\/wp-content\\\/uploads\\\/2012\\\/07\\\/2012-P10405901.jpg\",\"width\":640,\"height\":427},{\"@type\":\"BreadcrumbList\",\"@id\":\"https:\\\/\\\/www.altercampagne.net\\\/?p=3679#breadcrumb\",\"itemListElement\":[{\"@type\":\"ListItem\",\"position\":1,\"name\":\"Accueil\",\"item\":\"https:\\\/\\\/www.altercampagne.net\\\/\"},{\"@type\":\"ListItem\",\"position\":2,\"name\":\"Samedi 14 et lundi 16 juillet\"}]},{\"@type\":\"WebSite\",\"@id\":\"https:\\\/\\\/www.altercampagne.net\\\/#website\",\"url\":\"https:\\\/\\\/www.altercampagne.net\\\/\",\"name\":\"AlterTour\",\"description\":\"Reliez les Alternatives \u00e0 v\u00e9lo\",\"potentialAction\":[{\"@type\":\"SearchAction\",\"target\":{\"@type\":\"EntryPoint\",\"urlTemplate\":\"https:\\\/\\\/www.altercampagne.net\\\/?s={search_term_string}\"},\"query-input\":{\"@type\":\"PropertyValueSpecification\",\"valueRequired\":true,\"valueName\":\"search_term_string\"}}],\"inLanguage\":\"fr-FR\"},{\"@type\":\"Person\",\"@id\":\"https:\\\/\\\/www.altercampagne.net\\\/#\\\/schema\\\/person\\\/0f261460c09e430caa0f9bcffa319109\",\"name\":\"Mathieu\",\"image\":{\"@type\":\"ImageObject\",\"inLanguage\":\"fr-FR\",\"@id\":\"https:\\\/\\\/secure.gravatar.com\\\/avatar\\\/aa9d3d24c83f2141e5e2709d0f63d09a99f6be6bb7a50abc4915838d9f54501a?s=96&d=mm&r=g\",\"url\":\"https:\\\/\\\/secure.gravatar.com\\\/avatar\\\/aa9d3d24c83f2141e5e2709d0f63d09a99f6be6bb7a50abc4915838d9f54501a?s=96&d=mm&r=g\",\"contentUrl\":\"https:\\\/\\\/secure.gravatar.com\\\/avatar\\\/aa9d3d24c83f2141e5e2709d0f63d09a99f6be6bb7a50abc4915838d9f54501a?s=96&d=mm&r=g\",\"caption\":\"Mathieu\"},\"url\":\"https:\\\/\\\/www.altercampagne.net\\\/?author=214\"}]}<\/script>\n<!-- \/ Yoast SEO plugin. -->","yoast_head_json":{"title":"Samedi 14 et lundi 16 juillet - AlterTour","robots":{"index":"index","follow":"follow","max-snippet":"max-snippet:-1","max-image-preview":"max-image-preview:large","max-video-preview":"max-video-preview:-1"},"canonical":"https:\/\/www.altercampagne.net\/?p=3679","og_locale":"fr_FR","og_type":"article","og_title":"Samedi 14 et lundi 16 juillet - AlterTour","og_description":"\u00ab\u00a0Une autre faim du monde est possible\u00a0\u00bb. S\u00e9duit par ce titre racoleur et par la bande annonce , nous avions d\u00e9cid\u00e9 d&#8217;embarquer en gare d&rsquo;Auterive pour tenter l&rsquo;aventure. 14 juillet 2012 : Arriv\u00e9e par le train de 15 h en gare de Saint Jean de Verges .Nous enfourchons nos v\u00e9los ... Read More","og_url":"https:\/\/www.altercampagne.net\/?p=3679","og_site_name":"AlterTour","article_published_time":"2012-07-16T17:47:57+00:00","article_modified_time":"2019-09-16T15:12:37+00:00","og_image":[{"width":640,"height":427,"url":"https:\/\/www.altercampagne.net\/wp-content\/uploads\/2012\/07\/2012-P10405901.jpg","type":"image\/jpeg"}],"author":"Mathieu","twitter_card":"summary_large_image","twitter_misc":{"\u00c9crit par":"Mathieu","Dur\u00e9e de lecture estim\u00e9e":"7 minutes"},"schema":{"@context":"https:\/\/schema.org","@graph":[{"@type":"Article","@id":"https:\/\/www.altercampagne.net\/?p=3679#article","isPartOf":{"@id":"https:\/\/www.altercampagne.net\/?p=3679"},"author":{"name":"Mathieu","@id":"https:\/\/www.altercampagne.net\/#\/schema\/person\/0f261460c09e430caa0f9bcffa319109"},"headline":"Samedi 14 et lundi 16 juillet","datePublished":"2012-07-16T17:47:57+00:00","dateModified":"2019-09-16T15:12:37+00:00","mainEntityOfPage":{"@id":"https:\/\/www.altercampagne.net\/?p=3679"},"wordCount":1468,"image":{"@id":"https:\/\/www.altercampagne.net\/?p=3679#primaryimage"},"thumbnailUrl":"https:\/\/www.altercampagne.net\/wp-content\/uploads\/2012\/07\/2012-P10405901.jpg","keywords":["Philippe Babin","Terres de liens","soci\u00e9t\u00e9 Valorem","L.I.C.T.P","v\u00e9lorutionnaire","association Lien et lnitiatives Citoyennes en Terre Privil\u00e9gi\u00e9e","Hand Bike","Viviers Cathares","truites bio","Jean Marc Pirlot","lac de Montbel","domaine des coteaux d'Engravies","viticulteur bio","AMAP","Loubi\u00e8res","Une autre faim du monde est possible","transition \u00e9nerg\u00e9tique","Bruno sans","Festival R\u00e9sistances","Foix","AlterTour 2012","solidarit\u00e9","\u00e9cologie","conf\u00e9d\u00e9ration paysanne","autonomie"],"articleSection":["Occitanie","\u00c9dition 2012"],"inLanguage":"fr-FR"},{"@type":"WebPage","@id":"https:\/\/www.altercampagne.net\/?p=3679","url":"https:\/\/www.altercampagne.net\/?p=3679","name":"Samedi 14 et lundi 16 juillet - AlterTour","isPartOf":{"@id":"https:\/\/www.altercampagne.net\/#website"},"primaryImageOfPage":{"@id":"https:\/\/www.altercampagne.net\/?p=3679#primaryimage"},"image":{"@id":"https:\/\/www.altercampagne.net\/?p=3679#primaryimage"},"thumbnailUrl":"https:\/\/www.altercampagne.net\/wp-content\/uploads\/2012\/07\/2012-P10405901.jpg","datePublished":"2012-07-16T17:47:57+00:00","dateModified":"2019-09-16T15:12:37+00:00","author":{"@id":"https:\/\/www.altercampagne.net\/#\/schema\/person\/0f261460c09e430caa0f9bcffa319109"},"breadcrumb":{"@id":"https:\/\/www.altercampagne.net\/?p=3679#breadcrumb"},"inLanguage":"fr-FR","potentialAction":[{"@type":"ReadAction","target":["https:\/\/www.altercampagne.net\/?p=3679"]}]},{"@type":"ImageObject","inLanguage":"fr-FR","@id":"https:\/\/www.altercampagne.net\/?p=3679#primaryimage","url":"https:\/\/www.altercampagne.net\/wp-content\/uploads\/2012\/07\/2012-P10405901.jpg","contentUrl":"https:\/\/www.altercampagne.net\/wp-content\/uploads\/2012\/07\/2012-P10405901.jpg","width":640,"height":427},{"@type":"BreadcrumbList","@id":"https:\/\/www.altercampagne.net\/?p=3679#breadcrumb","itemListElement":[{"@type":"ListItem","position":1,"name":"Accueil","item":"https:\/\/www.altercampagne.net\/"},{"@type":"ListItem","position":2,"name":"Samedi 14 et lundi 16 juillet"}]},{"@type":"WebSite","@id":"https:\/\/www.altercampagne.net\/#website","url":"https:\/\/www.altercampagne.net\/","name":"AlterTour","description":"Reliez les Alternatives \u00e0 v\u00e9lo","potentialAction":[{"@type":"SearchAction","target":{"@type":"EntryPoint","urlTemplate":"https:\/\/www.altercampagne.net\/?s={search_term_string}"},"query-input":{"@type":"PropertyValueSpecification","valueRequired":true,"valueName":"search_term_string"}}],"inLanguage":"fr-FR"},{"@type":"Person","@id":"https:\/\/www.altercampagne.net\/#\/schema\/person\/0f261460c09e430caa0f9bcffa319109","name":"Mathieu","image":{"@type":"ImageObject","inLanguage":"fr-FR","@id":"https:\/\/secure.gravatar.com\/avatar\/aa9d3d24c83f2141e5e2709d0f63d09a99f6be6bb7a50abc4915838d9f54501a?s=96&d=mm&r=g","url":"https:\/\/secure.gravatar.com\/avatar\/aa9d3d24c83f2141e5e2709d0f63d09a99f6be6bb7a50abc4915838d9f54501a?s=96&d=mm&r=g","contentUrl":"https:\/\/secure.gravatar.com\/avatar\/aa9d3d24c83f2141e5e2709d0f63d09a99f6be6bb7a50abc4915838d9f54501a?s=96&d=mm&r=g","caption":"Mathieu"},"url":"https:\/\/www.altercampagne.net\/?author=214"}]}},"_links":{"self":[{"href":"https:\/\/www.altercampagne.net\/index.php?rest_route=\/wp\/v2\/posts\/3679","targetHints":{"allow":["GET"]}}],"collection":[{"href":"https:\/\/www.altercampagne.net\/index.php?rest_route=\/wp\/v2\/posts"}],"about":[{"href":"https:\/\/www.altercampagne.net\/index.php?rest_route=\/wp\/v2\/types\/post"}],"author":[{"embeddable":true,"href":"https:\/\/www.altercampagne.net\/index.php?rest_route=\/wp\/v2\/users\/214"}],"replies":[{"embeddable":true,"href":"https:\/\/www.altercampagne.net\/index.php?rest_route=%2Fwp%2Fv2%2Fcomments&post=3679"}],"version-history":[{"count":0,"href":"https:\/\/www.altercampagne.net\/index.php?rest_route=\/wp\/v2\/posts\/3679\/revisions"}],"wp:featuredmedia":[{"embeddable":true,"href":"https:\/\/www.altercampagne.net\/index.php?rest_route=\/wp\/v2\/media\/15808"}],"wp:attachment":[{"href":"https:\/\/www.altercampagne.net\/index.php?rest_route=%2Fwp%2Fv2%2Fmedia&parent=3679"}],"wp:term":[{"taxonomy":"category","embeddable":true,"href":"https:\/\/www.altercampagne.net\/index.php?rest_route=%2Fwp%2Fv2%2Fcategories&post=3679"},{"taxonomy":"post_tag","embeddable":true,"href":"https:\/\/www.altercampagne.net\/index.php?rest_route=%2Fwp%2Fv2%2Ftags&post=3679"}],"curies":[{"name":"wp","href":"https:\/\/api.w.org\/{rel}","templated":true}]}}