{"id":3681,"date":"2012-03-30T11:03:52","date_gmt":"2012-03-30T09:03:52","guid":{"rendered":"http:\/\/www.altercampagne.net\/?p=3681"},"modified":"2016-04-07T11:08:31","modified_gmt":"2016-04-07T09:08:31","slug":"cafe-repaire-autour-de-laltertour","status":"publish","type":"post","link":"https:\/\/www.altercampagne.net\/?p=3681","title":{"rendered":"Caf\u00e9 repaire autour de l&rsquo;AlterTour"},"content":{"rendered":"<p class=\"Style266\" align=\"justify\">Le prochain RDV du caf\u00e9 repaire de Milhars aura lieu le jeudi 12 avril \u00e0 partir de 18h au caf\u00e9 associatif \u00ab\u00a0La Croix d&rsquo;Alric\u00a0\u00bb \u00e0 Milhars<\/p>\n<p>Jean-Pierre Masson viendra nous pr\u00e9senter l&rsquo;AlterTour qui fera \u00e9tape \u00e0 Milhars autour du Jardin des Funambules les 22 et 23 juillet prochain.<\/p>\n<p class=\"Style266\" align=\"justify\">Cette soir\u00e9e de pr\u00e9paration, abordera les questions d&rsquo;organisation pratique et le contenu des deux journ\u00e9es \u00e0 venir.<\/p>\n<p class=\"Style266\" align=\"justify\">Ce sera l&rsquo;occasion de mettre un coup de projecteur sur les alternatives propos\u00e9es localement et, pourquoi pas, faire un premier pas vers une r\u00e9flexion commune&#8230;<\/p>\n<p>L&rsquo;AlterTour, c&rsquo;est un autre Tour de France, qui d\u00e9nonce le dopage sous toutes ses formes :<\/p>\n<p class=\"Style266\" align=\"justify\">dans le sport parce qu&rsquo;il y porte atteinte aux sportifs pour le b\u00e9n\u00e9fice de l&rsquo;actuel syst\u00e8me \u00e9conomique et politique, dans l&rsquo;agriculture industrielle, parce qu&rsquo;il y porte atteinte aux paysans et \u00e0 la biodiversit\u00e9 pour le b\u00e9n\u00e9fice des firmes productrices d&rsquo;OGM et d&rsquo;agrotoxiques, dans l&rsquo;\u00e9conomie de march\u00e9, o\u00f9 il est source d&rsquo;in\u00e9galit\u00e9s et de mises sous d\u00e9pendance.<\/p>\n<p>Tarif : Gratuit<br \/>\nContact : lacroixdalric@gmail.com &#8211; 09 80 50 42 69<br \/>\nSite internet : <a href=\"http:\/\/www.lacroixdalric.over-blog.com\/\">www.lacroixdalric.over-blog.com<\/a> et <a href=\"http:\/\/www.lienenpaysdoc.com\/index.php?option=com_content&amp;view=article&amp;id=237:12-avril-reunion-pour-preparer-laccueil-dalter-tour-&amp;catid=13:agenda&amp;Itemid=59\">http:\/\/www.lienenpaysdoc.com\/index.php?option=com_content&amp;view=article&amp;id=237:12-avril-reunion-pour-preparer-laccueil-dalter-tour-&amp;catid=13:agenda&amp;Itemid=59<\/a><\/p>\n","protected":false},"excerpt":{"rendered":"<p>Le prochain RDV du caf\u00e9 repaire de Milhars aura lieu le jeudi 12 avril \u00e0 partir de 18h au caf\u00e9 associatif \u00ab\u00a0La Croix d&rsquo;Alric\u00a0\u00bb \u00e0 Milhars Jean-Pierre Masson viendra nous pr\u00e9senter l&rsquo;AlterTour qui fera \u00e9tape \u00e0 Milhars autour du Jardin des Funambules les 22 et 23 juillet prochain. Cette soir\u00e9e &#8230; <\/p>\n<div><a href=\"https:\/\/www.altercampagne.net\/?p=3681\" class=\"more-link\">Read More<\/a><\/div>\n","protected":false},"author":214,"featured_media":0,"comment_status":"closed","ping_status":"closed","sticky":false,"template":"","format":"standard","meta":{"footnotes":""},"categories":[1],"tags":[53,660,753,852,1215,1255,1256,1257],"class_list":["post-3681","post","type-post","status-publish","format-standard","hentry","category-non-classe","tag-alternatives","tag-tour-de-france","tag-jean-pierre-masson","tag-altertour-2012","tag-milhars","tag-cafe-repaire","tag-la-croix-dalric","tag-jardin-des-funambules","no-post-thumbnail"],"yoast_head":"<!-- This site is optimized with the Yoast SEO plugin v27.3 - https:\/\/yoast.com\/product\/yoast-seo-wordpress\/ -->\n<title>Caf\u00e9 repaire autour de l&#039;AlterTour - AlterTour<\/title>\n<meta name=\"robots\" content=\"index, follow, max-snippet:-1, max-image-preview:large, max-video-preview:-1\" \/>\n<link rel=\"canonical\" href=\"https:\/\/www.altercampagne.net\/?p=3681\" \/>\n<meta property=\"og:locale\" content=\"fr_FR\" \/>\n<meta property=\"og:type\" content=\"article\" \/>\n<meta property=\"og:title\" content=\"Caf\u00e9 repaire autour de l&#039;AlterTour - AlterTour\" \/>\n<meta property=\"og:description\" content=\"Le prochain RDV du caf\u00e9 repaire de Milhars aura lieu le jeudi 12 avril \u00e0 partir de 18h au caf\u00e9 associatif \u00ab\u00a0La Croix d&rsquo;Alric\u00a0\u00bb \u00e0 Milhars Jean-Pierre Masson viendra nous pr\u00e9senter l&rsquo;AlterTour qui fera \u00e9tape \u00e0 Milhars autour du Jardin des Funambules les 22 et 23 juillet prochain. Cette soir\u00e9e ... Read More\" \/>\n<meta property=\"og:url\" content=\"https:\/\/www.altercampagne.net\/?p=3681\" \/>\n<meta property=\"og:site_name\" content=\"AlterTour\" \/>\n<meta property=\"article:published_time\" content=\"2012-03-30T09:03:52+00:00\" \/>\n<meta property=\"article:modified_time\" content=\"2016-04-07T09:08:31+00:00\" \/>\n<meta name=\"author\" content=\"Mathieu\" \/>\n<meta name=\"twitter:card\" content=\"summary_large_image\" \/>\n<meta name=\"twitter:label1\" content=\"\u00c9crit par\" \/>\n\t<meta name=\"twitter:data1\" content=\"Mathieu\" \/>\n\t<meta name=\"twitter:label2\" content=\"Dur\u00e9e de lecture estim\u00e9e\" \/>\n\t<meta name=\"twitter:data2\" content=\"1 minute\" \/>\n<script type=\"application\/ld+json\" class=\"yoast-schema-graph\">{\"@context\":\"https:\\\/\\\/schema.org\",\"@graph\":[{\"@type\":\"Article\",\"@id\":\"https:\\\/\\\/www.altercampagne.net\\\/?p=3681#article\",\"isPartOf\":{\"@id\":\"https:\\\/\\\/www.altercampagne.net\\\/?p=3681\"},\"author\":{\"name\":\"Mathieu\",\"@id\":\"https:\\\/\\\/www.altercampagne.net\\\/#\\\/schema\\\/person\\\/0f261460c09e430caa0f9bcffa319109\"},\"headline\":\"Caf\u00e9 repaire autour de l&rsquo;AlterTour\",\"datePublished\":\"2012-03-30T09:03:52+00:00\",\"dateModified\":\"2016-04-07T09:08:31+00:00\",\"mainEntityOfPage\":{\"@id\":\"https:\\\/\\\/www.altercampagne.net\\\/?p=3681\"},\"wordCount\":222,\"keywords\":[\"Alternatives\",\"Tour de France\",\"jean-pierre masson\",\"AlterTour 2012\",\"Milhars\",\"Caf\u00e9 repaire\",\"La Croix d'Alric\",\"Jardin des Funambules\"],\"inLanguage\":\"fr-FR\"},{\"@type\":\"WebPage\",\"@id\":\"https:\\\/\\\/www.altercampagne.net\\\/?p=3681\",\"url\":\"https:\\\/\\\/www.altercampagne.net\\\/?p=3681\",\"name\":\"Caf\u00e9 repaire autour de l'AlterTour - AlterTour\",\"isPartOf\":{\"@id\":\"https:\\\/\\\/www.altercampagne.net\\\/#website\"},\"datePublished\":\"2012-03-30T09:03:52+00:00\",\"dateModified\":\"2016-04-07T09:08:31+00:00\",\"author\":{\"@id\":\"https:\\\/\\\/www.altercampagne.net\\\/#\\\/schema\\\/person\\\/0f261460c09e430caa0f9bcffa319109\"},\"breadcrumb\":{\"@id\":\"https:\\\/\\\/www.altercampagne.net\\\/?p=3681#breadcrumb\"},\"inLanguage\":\"fr-FR\",\"potentialAction\":[{\"@type\":\"ReadAction\",\"target\":[\"https:\\\/\\\/www.altercampagne.net\\\/?p=3681\"]}]},{\"@type\":\"BreadcrumbList\",\"@id\":\"https:\\\/\\\/www.altercampagne.net\\\/?p=3681#breadcrumb\",\"itemListElement\":[{\"@type\":\"ListItem\",\"position\":1,\"name\":\"Accueil\",\"item\":\"https:\\\/\\\/www.altercampagne.net\\\/\"},{\"@type\":\"ListItem\",\"position\":2,\"name\":\"Caf\u00e9 repaire autour de l&rsquo;AlterTour\"}]},{\"@type\":\"WebSite\",\"@id\":\"https:\\\/\\\/www.altercampagne.net\\\/#website\",\"url\":\"https:\\\/\\\/www.altercampagne.net\\\/\",\"name\":\"AlterTour\",\"description\":\"Reliez les Alternatives \u00e0 v\u00e9lo\",\"potentialAction\":[{\"@type\":\"SearchAction\",\"target\":{\"@type\":\"EntryPoint\",\"urlTemplate\":\"https:\\\/\\\/www.altercampagne.net\\\/?s={search_term_string}\"},\"query-input\":{\"@type\":\"PropertyValueSpecification\",\"valueRequired\":true,\"valueName\":\"search_term_string\"}}],\"inLanguage\":\"fr-FR\"},{\"@type\":\"Person\",\"@id\":\"https:\\\/\\\/www.altercampagne.net\\\/#\\\/schema\\\/person\\\/0f261460c09e430caa0f9bcffa319109\",\"name\":\"Mathieu\",\"image\":{\"@type\":\"ImageObject\",\"inLanguage\":\"fr-FR\",\"@id\":\"https:\\\/\\\/secure.gravatar.com\\\/avatar\\\/aa9d3d24c83f2141e5e2709d0f63d09a99f6be6bb7a50abc4915838d9f54501a?s=96&d=mm&r=g\",\"url\":\"https:\\\/\\\/secure.gravatar.com\\\/avatar\\\/aa9d3d24c83f2141e5e2709d0f63d09a99f6be6bb7a50abc4915838d9f54501a?s=96&d=mm&r=g\",\"contentUrl\":\"https:\\\/\\\/secure.gravatar.com\\\/avatar\\\/aa9d3d24c83f2141e5e2709d0f63d09a99f6be6bb7a50abc4915838d9f54501a?s=96&d=mm&r=g\",\"caption\":\"Mathieu\"},\"url\":\"https:\\\/\\\/www.altercampagne.net\\\/?author=214\"}]}<\/script>\n<!-- \/ Yoast SEO plugin. -->","yoast_head_json":{"title":"Caf\u00e9 repaire autour de l'AlterTour - AlterTour","robots":{"index":"index","follow":"follow","max-snippet":"max-snippet:-1","max-image-preview":"max-image-preview:large","max-video-preview":"max-video-preview:-1"},"canonical":"https:\/\/www.altercampagne.net\/?p=3681","og_locale":"fr_FR","og_type":"article","og_title":"Caf\u00e9 repaire autour de l'AlterTour - AlterTour","og_description":"Le prochain RDV du caf\u00e9 repaire de Milhars aura lieu le jeudi 12 avril \u00e0 partir de 18h au caf\u00e9 associatif \u00ab\u00a0La Croix d&rsquo;Alric\u00a0\u00bb \u00e0 Milhars Jean-Pierre Masson viendra nous pr\u00e9senter l&rsquo;AlterTour qui fera \u00e9tape \u00e0 Milhars autour du Jardin des Funambules les 22 et 23 juillet prochain. Cette soir\u00e9e ... Read More","og_url":"https:\/\/www.altercampagne.net\/?p=3681","og_site_name":"AlterTour","article_published_time":"2012-03-30T09:03:52+00:00","article_modified_time":"2016-04-07T09:08:31+00:00","author":"Mathieu","twitter_card":"summary_large_image","twitter_misc":{"\u00c9crit par":"Mathieu","Dur\u00e9e de lecture estim\u00e9e":"1 minute"},"schema":{"@context":"https:\/\/schema.org","@graph":[{"@type":"Article","@id":"https:\/\/www.altercampagne.net\/?p=3681#article","isPartOf":{"@id":"https:\/\/www.altercampagne.net\/?p=3681"},"author":{"name":"Mathieu","@id":"https:\/\/www.altercampagne.net\/#\/schema\/person\/0f261460c09e430caa0f9bcffa319109"},"headline":"Caf\u00e9 repaire autour de l&rsquo;AlterTour","datePublished":"2012-03-30T09:03:52+00:00","dateModified":"2016-04-07T09:08:31+00:00","mainEntityOfPage":{"@id":"https:\/\/www.altercampagne.net\/?p=3681"},"wordCount":222,"keywords":["Alternatives","Tour de France","jean-pierre masson","AlterTour 2012","Milhars","Caf\u00e9 repaire","La Croix d'Alric","Jardin des Funambules"],"inLanguage":"fr-FR"},{"@type":"WebPage","@id":"https:\/\/www.altercampagne.net\/?p=3681","url":"https:\/\/www.altercampagne.net\/?p=3681","name":"Caf\u00e9 repaire autour de l'AlterTour - AlterTour","isPartOf":{"@id":"https:\/\/www.altercampagne.net\/#website"},"datePublished":"2012-03-30T09:03:52+00:00","dateModified":"2016-04-07T09:08:31+00:00","author":{"@id":"https:\/\/www.altercampagne.net\/#\/schema\/person\/0f261460c09e430caa0f9bcffa319109"},"breadcrumb":{"@id":"https:\/\/www.altercampagne.net\/?p=3681#breadcrumb"},"inLanguage":"fr-FR","potentialAction":[{"@type":"ReadAction","target":["https:\/\/www.altercampagne.net\/?p=3681"]}]},{"@type":"BreadcrumbList","@id":"https:\/\/www.altercampagne.net\/?p=3681#breadcrumb","itemListElement":[{"@type":"ListItem","position":1,"name":"Accueil","item":"https:\/\/www.altercampagne.net\/"},{"@type":"ListItem","position":2,"name":"Caf\u00e9 repaire autour de l&rsquo;AlterTour"}]},{"@type":"WebSite","@id":"https:\/\/www.altercampagne.net\/#website","url":"https:\/\/www.altercampagne.net\/","name":"AlterTour","description":"Reliez les Alternatives \u00e0 v\u00e9lo","potentialAction":[{"@type":"SearchAction","target":{"@type":"EntryPoint","urlTemplate":"https:\/\/www.altercampagne.net\/?s={search_term_string}"},"query-input":{"@type":"PropertyValueSpecification","valueRequired":true,"valueName":"search_term_string"}}],"inLanguage":"fr-FR"},{"@type":"Person","@id":"https:\/\/www.altercampagne.net\/#\/schema\/person\/0f261460c09e430caa0f9bcffa319109","name":"Mathieu","image":{"@type":"ImageObject","inLanguage":"fr-FR","@id":"https:\/\/secure.gravatar.com\/avatar\/aa9d3d24c83f2141e5e2709d0f63d09a99f6be6bb7a50abc4915838d9f54501a?s=96&d=mm&r=g","url":"https:\/\/secure.gravatar.com\/avatar\/aa9d3d24c83f2141e5e2709d0f63d09a99f6be6bb7a50abc4915838d9f54501a?s=96&d=mm&r=g","contentUrl":"https:\/\/secure.gravatar.com\/avatar\/aa9d3d24c83f2141e5e2709d0f63d09a99f6be6bb7a50abc4915838d9f54501a?s=96&d=mm&r=g","caption":"Mathieu"},"url":"https:\/\/www.altercampagne.net\/?author=214"}]}},"_links":{"self":[{"href":"https:\/\/www.altercampagne.net\/index.php?rest_route=\/wp\/v2\/posts\/3681","targetHints":{"allow":["GET"]}}],"collection":[{"href":"https:\/\/www.altercampagne.net\/index.php?rest_route=\/wp\/v2\/posts"}],"about":[{"href":"https:\/\/www.altercampagne.net\/index.php?rest_route=\/wp\/v2\/types\/post"}],"author":[{"embeddable":true,"href":"https:\/\/www.altercampagne.net\/index.php?rest_route=\/wp\/v2\/users\/214"}],"replies":[{"embeddable":true,"href":"https:\/\/www.altercampagne.net\/index.php?rest_route=%2Fwp%2Fv2%2Fcomments&post=3681"}],"version-history":[{"count":0,"href":"https:\/\/www.altercampagne.net\/index.php?rest_route=\/wp\/v2\/posts\/3681\/revisions"}],"wp:attachment":[{"href":"https:\/\/www.altercampagne.net\/index.php?rest_route=%2Fwp%2Fv2%2Fmedia&parent=3681"}],"wp:term":[{"taxonomy":"category","embeddable":true,"href":"https:\/\/www.altercampagne.net\/index.php?rest_route=%2Fwp%2Fv2%2Fcategories&post=3681"},{"taxonomy":"post_tag","embeddable":true,"href":"https:\/\/www.altercampagne.net\/index.php?rest_route=%2Fwp%2Fv2%2Ftags&post=3681"}],"curies":[{"name":"wp","href":"https:\/\/api.w.org\/{rel}","templated":true}]}}