{"id":3683,"date":"2012-02-26T11:08:40","date_gmt":"2012-02-26T10:08:40","guid":{"rendered":"http:\/\/www.altercampagne.net\/?p=3683"},"modified":"2020-02-24T16:59:42","modified_gmt":"2020-02-24T15:59:42","slug":"parcours-de-laltertour-2012","status":"publish","type":"post","link":"https:\/\/www.altercampagne.net\/?p=3683","title":{"rendered":"Parcours de l&rsquo;AlterTour 2012"},"content":{"rendered":"<p class=\"Style138\" align=\"justify\"><img loading=\"lazy\" decoding=\"async\" class=\" alignright\" src=\"http:\/\/altercampagne.free.fr\/pages\/2008\/AlterTour\/pic\/Parcours-2012-grande-taille.jpg\" alt=\"\" width=\"700\" height=\"630\">Du <span class=\"Style261\">11 juillet \u00e0 Foix<\/span> au <span class=\"Style263\">19 ao\u00fbt \u00e0 Bedous<\/span>, l&rsquo;AlterTour explorera l&rsquo;Ari\u00e8ge, l&rsquo;Aude, l&rsquo;h\u00e9rault, le Tarn, l&rsquo;Aveyron, le Lot, la Dordogne, la Gironde, le Lot-et-Garonne, le Tarn-et-Garonne, la Haute-Garonne, le Gers et les Pyr\u00e9n\u00e9es-Atlantiques.<\/p>\n<p class=\"Style138\" align=\"justify\">La visite d&rsquo;un grand nombre d&rsquo;alternatives est d\u00e9j\u00e0 pr\u00e9vue dont :<\/p>\n<p class=\"Style138\" align=\"justify\">&#8211; Le <a href=\"http:\/\/festival-resistances.fr\/\" target=\"_blank\" rel=\"noopener noreferrer\">Festival R\u00e9sistances<\/a> \u00e0 Foix<br \/>\n&#8211; La rencontre des <a href=\"http:\/\/amies.revuesilence.net\/index-2.html\" target=\"_blank\" rel=\"noopener noreferrer\">Amis de Silence<\/a> \u00e0 Loubi\u00e8res<br \/>\n&#8211; Le <a href=\"http:\/\/www.cravirola.com\/\" target=\"_blank\" rel=\"noopener noreferrer\">Maquis<\/a> \u00e0 Minerve<br \/>\n&#8211; le GAEC du Vialaret \u00e0 S\u00e9gur<br \/>\n&#8211; Le <a href=\"http:\/\/www.tri-cycle.org\/\">Tri-cycle enchant\u00e9<\/a> \u00e0 Bourdeilles<br \/>\n&#8211; <a href=\"http:\/\/www.gironde-en-transition.org\/\" target=\"_blank\" rel=\"noopener noreferrer\">Gironde en Transition<\/a> \u00e0 Bordeaux<br \/>\n&#8211; Les <a href=\"http:\/\/www.festival-phoniesbergeres.fr\/\" target=\"_blank\" rel=\"noopener noreferrer\">Phonies Berg\u00e8res<\/a> \u00e0 Bedous<\/p>\n","protected":false},"excerpt":{"rendered":"<p>Du 11 juillet \u00e0 Foix au 19 ao\u00fbt \u00e0 Bedous, l&rsquo;AlterTour explorera l&rsquo;Ari\u00e8ge, l&rsquo;Aude, l&rsquo;h\u00e9rault, le Tarn, l&rsquo;Aveyron, le Lot, la Dordogne, la Gironde, le Lot-et-Garonne, le Tarn-et-Garonne, la Haute-Garonne, le Gers et les Pyr\u00e9n\u00e9es-Atlantiques. La visite d&rsquo;un grand nombre d&rsquo;alternatives est d\u00e9j\u00e0 pr\u00e9vue dont : &#8211; Le Festival R\u00e9sistances &#8230; <\/p>\n<div><a href=\"https:\/\/www.altercampagne.net\/?p=3683\" class=\"more-link\">Read More<\/a><\/div>\n","protected":false},"author":214,"featured_media":0,"comment_status":"closed","ping_status":"closed","sticky":false,"template":"","format":"standard","meta":{"footnotes":""},"categories":[3469,3463],"tags":[2929,2865,2866,2869,2870,2925,2926,2927,2928,2864,2930,2931,2932,2933,2934,2935,2936,2937,1150,253,547,659,660,852,1022,1023,1148,252,1237,1238,1258,1259,1260,1261,1262,1812],"class_list":["post-3683","post","type-post","status-publish","format-standard","hentry","category-programmes","category-edition-2012","tag-tour-de-france-ecolieux","tag-tour-velo-ecologique","tag-tour-cyclomilitant","tag-tour-a-velo-ecolo","tag-tour-a-velo-ecologique","tag-tour-de-france-ecolo","tag-tour-de-france-ecologique","tag-tour-de-france-agroecologie","tag-tour-de-france-transition","tag-tour-velo-ecolo","tag-tour-de-france-permaculture","tag-tour-de-france-ecologie","tag-tour-de-france-climat","tag-tour-de-france-bio","tag-tour-de-france-alternatives","tag-relier-les-alternatives-a-velo","tag-relions-les-alternatives-a-velo","tag-tour-de-france-micro-brasserie","tag-phonies-bergeres","tag-autre-tour-de-france","tag-tour-cyclo-militant","tag-anti-tour-de-france","tag-tour-de-france","tag-altertour-2012","tag-foix","tag-festival-resistances","tag-bedous","tag-reliez-les-alternatives-a-velo","tag-le-maquis","tag-cravirola","tag-parcours-2012","tag-ami-e-s-de-silence","tag-gaec-du-vialaret","tag-tri-cycle-enchante","tag-gironde-en-transition","tag-tour-de-france-des-alternatives","no-post-thumbnail"],"yoast_head":"<!-- This site is optimized with the Yoast SEO plugin v27.3 - https:\/\/yoast.com\/product\/yoast-seo-wordpress\/ -->\n<title>Parcours de l&#039;AlterTour 2012 - AlterTour<\/title>\n<meta name=\"robots\" content=\"index, follow, max-snippet:-1, max-image-preview:large, max-video-preview:-1\" \/>\n<link rel=\"canonical\" href=\"https:\/\/www.altercampagne.net\/?p=3683\" \/>\n<meta property=\"og:locale\" content=\"fr_FR\" \/>\n<meta property=\"og:type\" content=\"article\" \/>\n<meta property=\"og:title\" content=\"Parcours de l&#039;AlterTour 2012 - AlterTour\" \/>\n<meta property=\"og:description\" content=\"Du 11 juillet \u00e0 Foix au 19 ao\u00fbt \u00e0 Bedous, l&rsquo;AlterTour explorera l&rsquo;Ari\u00e8ge, l&rsquo;Aude, l&rsquo;h\u00e9rault, le Tarn, l&rsquo;Aveyron, le Lot, la Dordogne, la Gironde, le Lot-et-Garonne, le Tarn-et-Garonne, la Haute-Garonne, le Gers et les Pyr\u00e9n\u00e9es-Atlantiques. La visite d&rsquo;un grand nombre d&rsquo;alternatives est d\u00e9j\u00e0 pr\u00e9vue dont : &#8211; Le Festival R\u00e9sistances ... Read More\" \/>\n<meta property=\"og:url\" content=\"https:\/\/www.altercampagne.net\/?p=3683\" \/>\n<meta property=\"og:site_name\" content=\"AlterTour\" \/>\n<meta property=\"article:published_time\" content=\"2012-02-26T10:08:40+00:00\" \/>\n<meta property=\"article:modified_time\" content=\"2020-02-24T15:59:42+00:00\" \/>\n<meta property=\"og:image\" content=\"http:\/\/altercampagne.free.fr\/pages\/2008\/AlterTour\/pic\/Parcours-2012-grande-taille.jpg\" \/>\n<meta name=\"author\" content=\"Mathieu\" \/>\n<meta name=\"twitter:card\" content=\"summary_large_image\" \/>\n<meta name=\"twitter:label1\" content=\"\u00c9crit par\" \/>\n\t<meta name=\"twitter:data1\" content=\"Mathieu\" \/>\n<script type=\"application\/ld+json\" class=\"yoast-schema-graph\">{\"@context\":\"https:\\\/\\\/schema.org\",\"@graph\":[{\"@type\":\"Article\",\"@id\":\"https:\\\/\\\/www.altercampagne.net\\\/?p=3683#article\",\"isPartOf\":{\"@id\":\"https:\\\/\\\/www.altercampagne.net\\\/?p=3683\"},\"author\":{\"name\":\"Mathieu\",\"@id\":\"https:\\\/\\\/www.altercampagne.net\\\/#\\\/schema\\\/person\\\/0f261460c09e430caa0f9bcffa319109\"},\"headline\":\"Parcours de l&rsquo;AlterTour 2012\",\"datePublished\":\"2012-02-26T10:08:40+00:00\",\"dateModified\":\"2020-02-24T15:59:42+00:00\",\"mainEntityOfPage\":{\"@id\":\"https:\\\/\\\/www.altercampagne.net\\\/?p=3683\"},\"wordCount\":101,\"image\":{\"@id\":\"https:\\\/\\\/www.altercampagne.net\\\/?p=3683#primaryimage\"},\"thumbnailUrl\":\"http:\\\/\\\/altercampagne.free.fr\\\/pages\\\/2008\\\/AlterTour\\\/pic\\\/Parcours-2012-grande-taille.jpg\",\"keywords\":[\"tour de france \u00e9colieux\",\"tour v\u00e9lo \u00e9cologique\",\"tour cyclomilitant\",\"tour \u00e0 v\u00e9lo \u00e9colo\",\"tour \u00e0 v\u00e9lo \u00e9cologique\",\"tour de france \u00e9colo\",\"tour de france \u00e9cologique\",\"tour de france agro\u00e9cologie\",\"tour de france transition\",\"tour v\u00e9lo \u00e9colo\",\"tour de france permaculture\",\"tour de france \u00e9cologie\",\"tour de france climat\",\"tour de France bio\",\"tour de France alternatives\",\"relier les alternatives \u00e0 v\u00e9lo\",\"relions les alternatives \u00e0 v\u00e9lo\",\"tour de France micro-brasserie\",\"Phonies Berg\u00e8res\",\"autre tour de France\",\"tour cyclo-militant\",\"anti-Tour de France\",\"Tour de France\",\"AlterTour 2012\",\"Foix\",\"Festival R\u00e9sistances\",\"Bedous\",\"reliez les alternatives \u00e0 v\u00e9lo\",\"Le Maquis\",\"Cravirola\",\"Parcours 2012\",\"ami-e-s de silence\",\"Gaec du vialaret\",\"Tri-cycle enchant\u00e9\",\"gironde en transition\",\"tour de France des Alternatives\"],\"articleSection\":[\"Programmes\",\"\u00c9dition 2012\"],\"inLanguage\":\"fr-FR\"},{\"@type\":\"WebPage\",\"@id\":\"https:\\\/\\\/www.altercampagne.net\\\/?p=3683\",\"url\":\"https:\\\/\\\/www.altercampagne.net\\\/?p=3683\",\"name\":\"Parcours de l'AlterTour 2012 - AlterTour\",\"isPartOf\":{\"@id\":\"https:\\\/\\\/www.altercampagne.net\\\/#website\"},\"primaryImageOfPage\":{\"@id\":\"https:\\\/\\\/www.altercampagne.net\\\/?p=3683#primaryimage\"},\"image\":{\"@id\":\"https:\\\/\\\/www.altercampagne.net\\\/?p=3683#primaryimage\"},\"thumbnailUrl\":\"http:\\\/\\\/altercampagne.free.fr\\\/pages\\\/2008\\\/AlterTour\\\/pic\\\/Parcours-2012-grande-taille.jpg\",\"datePublished\":\"2012-02-26T10:08:40+00:00\",\"dateModified\":\"2020-02-24T15:59:42+00:00\",\"author\":{\"@id\":\"https:\\\/\\\/www.altercampagne.net\\\/#\\\/schema\\\/person\\\/0f261460c09e430caa0f9bcffa319109\"},\"breadcrumb\":{\"@id\":\"https:\\\/\\\/www.altercampagne.net\\\/?p=3683#breadcrumb\"},\"inLanguage\":\"fr-FR\",\"potentialAction\":[{\"@type\":\"ReadAction\",\"target\":[\"https:\\\/\\\/www.altercampagne.net\\\/?p=3683\"]}]},{\"@type\":\"ImageObject\",\"inLanguage\":\"fr-FR\",\"@id\":\"https:\\\/\\\/www.altercampagne.net\\\/?p=3683#primaryimage\",\"url\":\"http:\\\/\\\/altercampagne.free.fr\\\/pages\\\/2008\\\/AlterTour\\\/pic\\\/Parcours-2012-grande-taille.jpg\",\"contentUrl\":\"http:\\\/\\\/altercampagne.free.fr\\\/pages\\\/2008\\\/AlterTour\\\/pic\\\/Parcours-2012-grande-taille.jpg\"},{\"@type\":\"BreadcrumbList\",\"@id\":\"https:\\\/\\\/www.altercampagne.net\\\/?p=3683#breadcrumb\",\"itemListElement\":[{\"@type\":\"ListItem\",\"position\":1,\"name\":\"Accueil\",\"item\":\"https:\\\/\\\/www.altercampagne.net\\\/\"},{\"@type\":\"ListItem\",\"position\":2,\"name\":\"Parcours de l&rsquo;AlterTour 2012\"}]},{\"@type\":\"WebSite\",\"@id\":\"https:\\\/\\\/www.altercampagne.net\\\/#website\",\"url\":\"https:\\\/\\\/www.altercampagne.net\\\/\",\"name\":\"AlterTour\",\"description\":\"Reliez les Alternatives \u00e0 v\u00e9lo\",\"potentialAction\":[{\"@type\":\"SearchAction\",\"target\":{\"@type\":\"EntryPoint\",\"urlTemplate\":\"https:\\\/\\\/www.altercampagne.net\\\/?s={search_term_string}\"},\"query-input\":{\"@type\":\"PropertyValueSpecification\",\"valueRequired\":true,\"valueName\":\"search_term_string\"}}],\"inLanguage\":\"fr-FR\"},{\"@type\":\"Person\",\"@id\":\"https:\\\/\\\/www.altercampagne.net\\\/#\\\/schema\\\/person\\\/0f261460c09e430caa0f9bcffa319109\",\"name\":\"Mathieu\",\"image\":{\"@type\":\"ImageObject\",\"inLanguage\":\"fr-FR\",\"@id\":\"https:\\\/\\\/secure.gravatar.com\\\/avatar\\\/aa9d3d24c83f2141e5e2709d0f63d09a99f6be6bb7a50abc4915838d9f54501a?s=96&d=mm&r=g\",\"url\":\"https:\\\/\\\/secure.gravatar.com\\\/avatar\\\/aa9d3d24c83f2141e5e2709d0f63d09a99f6be6bb7a50abc4915838d9f54501a?s=96&d=mm&r=g\",\"contentUrl\":\"https:\\\/\\\/secure.gravatar.com\\\/avatar\\\/aa9d3d24c83f2141e5e2709d0f63d09a99f6be6bb7a50abc4915838d9f54501a?s=96&d=mm&r=g\",\"caption\":\"Mathieu\"},\"url\":\"https:\\\/\\\/www.altercampagne.net\\\/?author=214\"}]}<\/script>\n<!-- \/ Yoast SEO plugin. -->","yoast_head_json":{"title":"Parcours de l'AlterTour 2012 - AlterTour","robots":{"index":"index","follow":"follow","max-snippet":"max-snippet:-1","max-image-preview":"max-image-preview:large","max-video-preview":"max-video-preview:-1"},"canonical":"https:\/\/www.altercampagne.net\/?p=3683","og_locale":"fr_FR","og_type":"article","og_title":"Parcours de l'AlterTour 2012 - AlterTour","og_description":"Du 11 juillet \u00e0 Foix au 19 ao\u00fbt \u00e0 Bedous, l&rsquo;AlterTour explorera l&rsquo;Ari\u00e8ge, l&rsquo;Aude, l&rsquo;h\u00e9rault, le Tarn, l&rsquo;Aveyron, le Lot, la Dordogne, la Gironde, le Lot-et-Garonne, le Tarn-et-Garonne, la Haute-Garonne, le Gers et les Pyr\u00e9n\u00e9es-Atlantiques. La visite d&rsquo;un grand nombre d&rsquo;alternatives est d\u00e9j\u00e0 pr\u00e9vue dont : &#8211; Le Festival R\u00e9sistances ... Read More","og_url":"https:\/\/www.altercampagne.net\/?p=3683","og_site_name":"AlterTour","article_published_time":"2012-02-26T10:08:40+00:00","article_modified_time":"2020-02-24T15:59:42+00:00","og_image":[{"url":"http:\/\/altercampagne.free.fr\/pages\/2008\/AlterTour\/pic\/Parcours-2012-grande-taille.jpg","type":"","width":"","height":""}],"author":"Mathieu","twitter_card":"summary_large_image","twitter_misc":{"\u00c9crit par":"Mathieu"},"schema":{"@context":"https:\/\/schema.org","@graph":[{"@type":"Article","@id":"https:\/\/www.altercampagne.net\/?p=3683#article","isPartOf":{"@id":"https:\/\/www.altercampagne.net\/?p=3683"},"author":{"name":"Mathieu","@id":"https:\/\/www.altercampagne.net\/#\/schema\/person\/0f261460c09e430caa0f9bcffa319109"},"headline":"Parcours de l&rsquo;AlterTour 2012","datePublished":"2012-02-26T10:08:40+00:00","dateModified":"2020-02-24T15:59:42+00:00","mainEntityOfPage":{"@id":"https:\/\/www.altercampagne.net\/?p=3683"},"wordCount":101,"image":{"@id":"https:\/\/www.altercampagne.net\/?p=3683#primaryimage"},"thumbnailUrl":"http:\/\/altercampagne.free.fr\/pages\/2008\/AlterTour\/pic\/Parcours-2012-grande-taille.jpg","keywords":["tour de france \u00e9colieux","tour v\u00e9lo \u00e9cologique","tour cyclomilitant","tour \u00e0 v\u00e9lo \u00e9colo","tour \u00e0 v\u00e9lo \u00e9cologique","tour de france \u00e9colo","tour de france \u00e9cologique","tour de france agro\u00e9cologie","tour de france transition","tour v\u00e9lo \u00e9colo","tour de france permaculture","tour de france \u00e9cologie","tour de france climat","tour de France bio","tour de France alternatives","relier les alternatives \u00e0 v\u00e9lo","relions les alternatives \u00e0 v\u00e9lo","tour de France micro-brasserie","Phonies Berg\u00e8res","autre tour de France","tour cyclo-militant","anti-Tour de France","Tour de France","AlterTour 2012","Foix","Festival R\u00e9sistances","Bedous","reliez les alternatives \u00e0 v\u00e9lo","Le Maquis","Cravirola","Parcours 2012","ami-e-s de silence","Gaec du vialaret","Tri-cycle enchant\u00e9","gironde en transition","tour de France des Alternatives"],"articleSection":["Programmes","\u00c9dition 2012"],"inLanguage":"fr-FR"},{"@type":"WebPage","@id":"https:\/\/www.altercampagne.net\/?p=3683","url":"https:\/\/www.altercampagne.net\/?p=3683","name":"Parcours de l'AlterTour 2012 - AlterTour","isPartOf":{"@id":"https:\/\/www.altercampagne.net\/#website"},"primaryImageOfPage":{"@id":"https:\/\/www.altercampagne.net\/?p=3683#primaryimage"},"image":{"@id":"https:\/\/www.altercampagne.net\/?p=3683#primaryimage"},"thumbnailUrl":"http:\/\/altercampagne.free.fr\/pages\/2008\/AlterTour\/pic\/Parcours-2012-grande-taille.jpg","datePublished":"2012-02-26T10:08:40+00:00","dateModified":"2020-02-24T15:59:42+00:00","author":{"@id":"https:\/\/www.altercampagne.net\/#\/schema\/person\/0f261460c09e430caa0f9bcffa319109"},"breadcrumb":{"@id":"https:\/\/www.altercampagne.net\/?p=3683#breadcrumb"},"inLanguage":"fr-FR","potentialAction":[{"@type":"ReadAction","target":["https:\/\/www.altercampagne.net\/?p=3683"]}]},{"@type":"ImageObject","inLanguage":"fr-FR","@id":"https:\/\/www.altercampagne.net\/?p=3683#primaryimage","url":"http:\/\/altercampagne.free.fr\/pages\/2008\/AlterTour\/pic\/Parcours-2012-grande-taille.jpg","contentUrl":"http:\/\/altercampagne.free.fr\/pages\/2008\/AlterTour\/pic\/Parcours-2012-grande-taille.jpg"},{"@type":"BreadcrumbList","@id":"https:\/\/www.altercampagne.net\/?p=3683#breadcrumb","itemListElement":[{"@type":"ListItem","position":1,"name":"Accueil","item":"https:\/\/www.altercampagne.net\/"},{"@type":"ListItem","position":2,"name":"Parcours de l&rsquo;AlterTour 2012"}]},{"@type":"WebSite","@id":"https:\/\/www.altercampagne.net\/#website","url":"https:\/\/www.altercampagne.net\/","name":"AlterTour","description":"Reliez les Alternatives \u00e0 v\u00e9lo","potentialAction":[{"@type":"SearchAction","target":{"@type":"EntryPoint","urlTemplate":"https:\/\/www.altercampagne.net\/?s={search_term_string}"},"query-input":{"@type":"PropertyValueSpecification","valueRequired":true,"valueName":"search_term_string"}}],"inLanguage":"fr-FR"},{"@type":"Person","@id":"https:\/\/www.altercampagne.net\/#\/schema\/person\/0f261460c09e430caa0f9bcffa319109","name":"Mathieu","image":{"@type":"ImageObject","inLanguage":"fr-FR","@id":"https:\/\/secure.gravatar.com\/avatar\/aa9d3d24c83f2141e5e2709d0f63d09a99f6be6bb7a50abc4915838d9f54501a?s=96&d=mm&r=g","url":"https:\/\/secure.gravatar.com\/avatar\/aa9d3d24c83f2141e5e2709d0f63d09a99f6be6bb7a50abc4915838d9f54501a?s=96&d=mm&r=g","contentUrl":"https:\/\/secure.gravatar.com\/avatar\/aa9d3d24c83f2141e5e2709d0f63d09a99f6be6bb7a50abc4915838d9f54501a?s=96&d=mm&r=g","caption":"Mathieu"},"url":"https:\/\/www.altercampagne.net\/?author=214"}]}},"_links":{"self":[{"href":"https:\/\/www.altercampagne.net\/index.php?rest_route=\/wp\/v2\/posts\/3683","targetHints":{"allow":["GET"]}}],"collection":[{"href":"https:\/\/www.altercampagne.net\/index.php?rest_route=\/wp\/v2\/posts"}],"about":[{"href":"https:\/\/www.altercampagne.net\/index.php?rest_route=\/wp\/v2\/types\/post"}],"author":[{"embeddable":true,"href":"https:\/\/www.altercampagne.net\/index.php?rest_route=\/wp\/v2\/users\/214"}],"replies":[{"embeddable":true,"href":"https:\/\/www.altercampagne.net\/index.php?rest_route=%2Fwp%2Fv2%2Fcomments&post=3683"}],"version-history":[{"count":1,"href":"https:\/\/www.altercampagne.net\/index.php?rest_route=\/wp\/v2\/posts\/3683\/revisions"}],"predecessor-version":[{"id":17409,"href":"https:\/\/www.altercampagne.net\/index.php?rest_route=\/wp\/v2\/posts\/3683\/revisions\/17409"}],"wp:attachment":[{"href":"https:\/\/www.altercampagne.net\/index.php?rest_route=%2Fwp%2Fv2%2Fmedia&parent=3683"}],"wp:term":[{"taxonomy":"category","embeddable":true,"href":"https:\/\/www.altercampagne.net\/index.php?rest_route=%2Fwp%2Fv2%2Fcategories&post=3683"},{"taxonomy":"post_tag","embeddable":true,"href":"https:\/\/www.altercampagne.net\/index.php?rest_route=%2Fwp%2Fv2%2Ftags&post=3683"}],"curies":[{"name":"wp","href":"https:\/\/api.w.org\/{rel}","templated":true}]}}